{"id":4240,"date":"2010-10-13T10:40:03","date_gmt":"2010-10-13T08:40:03","guid":{"rendered":"http:\/\/blog.zeit.de\/joerglau\/?p=4240"},"modified":"2010-10-13T10:40:03","modified_gmt":"2010-10-13T08:40:03","slug":"zuwanderer-aus-anderen-kulturkreisen","status":"publish","type":"post","link":"https:\/\/blog.zeit.de\/joerglau\/2010\/10\/13\/zuwanderer-aus-anderen-kulturkreisen_4240","title":{"rendered":"Zuwanderer aus anderen Kulturkreisen"},"content":{"rendered":"<p><em>Extended version meines Leitartikels f\u00fcr die kommende Ausgabe:<\/em><\/p>\n<p>Auch dumme Spr\u00fcche k\u00f6nnen eine Debatte weiterbringen. Horst Seehofers Behauptung, wir br\u00e4uchten \u00bbkeine zus\u00e4tzliche Zuwanderung aus anderen Kulturkreisen\u00ab ist so ein Fall.<br \/>\nDas Gegenteil ist n\u00e4mlich wahr, und vielleicht k\u00f6nnte man dar\u00fcber jetzt endlich reden. Deutschland bekommt nicht die Zuwanderer aus \u00bbanderen Kulturkreisen\u00ab, die es dringend braucht. 34000 Ingenieursstellen waren im letzten Jahr offen, und doch konnte das Land im letzten Jahr nur knapp 5000 Hochqualifizierte gewinnen \u2013 die meisten von ihnen aus China und Indien, Tendenz stark r\u00fcckl\u00e4ufig.<br \/>\nAber diese besonders in Bayerns Hightechindustrie begehrten Einwanderer hat Seehofer nat\u00fcrlich nicht gemeint. \u00bbAndere Kulturkreise\u00ab \u2013 das ist ein politisch korrektes Codewort f\u00fcr \u00bbT\u00fcrken, Araber, Muslime\u00ab. Hier sucht jemand offenbar Anschluss an die Debatte um Thilo Sarrazin. Leider hat auch er dessen Buch nicht gelesen. Darin wird trocken festgestellt, wer qualifiziert genug f\u00fcr unseren Arbeitsmarkt sei, \u00bbkann selbstverst\u00e4ndlich auch aus einem muslimischen Land kommen\u00ab. Seehofer ist beim Versuch, Sarrazin einzuholen, weit rechts \u00fcber ihn hinausgeschossen und knapp neben dem niederl\u00e4ndischen Populisten Geert Wilders gelandet. Der will nicht einmal Christen aus dem Irak aufnehmen \u2013 wer aus dem islamischen \u00bbKulturkreis\u00ab kommt, gilt als kontaminiert.<br \/>\nSo weit sind wir zwar noch nicht, dass solche Hetze auch hierzulande mehrheitsf\u00e4hig w\u00e4re. Doch Populismus ist auch in Deutschland eine starke Versuchung in Zeiten schwindender politischer Legitimation. Im Unterschied zum hemmungslosen Original der Rechtspopulisten sind die Erfolgsaussichten der Kopie aber wahrscheinlich begrenzt. Denn dies ist ein Populismus aus Angst vor dem Volk.<br \/>\nMan kann diese Angst sp\u00fcren, wenn Angela Merkel Seehofers xenophobe Spielchen jetzt \u00bbverst\u00e4ndlich\u00ab nennt. Fand sie nicht Wulffs Rede richtig und Sarrazins Buch \u00bb\u00abnicht hilfreich\u00ab? Was denkt sie wirklich \u00fcber Deutschland und den Islam &#8211; zum Beispiel wenn sie den halbnackten \u00d6zil als Matchwinner f\u00fcr Deutschland in der Kabine begl\u00fcckw\u00fcnscht? Man erf\u00e4hrt es nicht. Auch f\u00fcr Sigmar Gabriel ist das schwer zu sagen, wenn er\u00a0 Sarrazin hart attackiert und dann doch wie jener gegen \u00bbIntegrationverweigerer und Hassprediger\u00ab poltert. Die Integrationsbeauftrage Maria B\u00f6hmer ist vor lauter Angst seit Wochen abgetaucht. Sie scheint die wichtigste Debatte \u00fcber ihr Thema im Bunker des Kanzleramts aussitzen zu wollen.<\/p>\n<p><a href=\"https:\/\/blog.zeit.de\/joerglau\/files\/2010\/10\/merkel-\u00f6zil.jpg\"><img loading=\"lazy\" decoding=\"async\" class=\"alignnone size-full wp-image-4246\" src=\"https:\/\/blog.zeit.de\/joerglau\/files\/2010\/10\/merkel-\u00f6zil.jpg\" alt=\"\" width=\"465\" height=\"349\" srcset=\"https:\/\/blog.zeit.de\/joerglau\/files\/2010\/10\/merkel-\u00f6zil.jpg 465w, https:\/\/blog.zeit.de\/joerglau\/files\/2010\/10\/merkel-\u00f6zil-300x225.jpg 300w\" sizes=\"auto, (max-width: 465px) 100vw, 465px\" \/><\/a><\/p>\n<p><em>&#8222;Hallo Herr \u00d6zil, ich wollte nur noch mal klarstellen: Bei uns steht das Grundgesetz \u00fcber der Scharia! Ansonsten: Weitermachen.&#8220;<\/em><\/p>\n<p>Sarrazins Erfolg hat die Politik in Furcht und Schrecken versetzt. Sie f\u00fcrchtet, von der Welle, die er ausgel\u00f6st hat, erfasst zu werden \u2013 und versucht doch zugleich darauf zu surfen. So tritt das Paradox ein, dass heute genau jene Parolen und Denkfiguren in den Mainstream einsickern, f\u00fcr die man ihren Urheber doch ausgeschlossen hat.<br \/>\nDie derzeit so popul\u00e4re Rede von der christlich-j\u00fcdischen Kultur hatte einmal einen guten Sinn. Nie wieder sollten Juden als das unintegrierbare andere schlechthin definiert werden, wie es jahrhundertlang \u00fcblich war. Doch nun geht es vor allem um die Markierung einer Differenz zu den Muslimen. Die Juden rhetorisch zu umarmen, um die Fremdheit des Islams herauszustreichen, grenzt an Geschichtklitterung.<br \/>\nDie kaum versteckte Botschaft an die Muslime kommt gleichwohl an: Ihr geh\u00f6rt hier nicht her, ihr habt nichts beizutragen, ihr werdet fremd bleiben. Fahrl\u00e4ssiges Geschw\u00e4tz von \u00bbKulturkreisen\u00ab unterh\u00f6hlt die Gesch\u00e4ftsgrundlage unseres Einwanderungslandes, das von jedermann einen Beitrag erwarten und fordern muss, unabh\u00e4ngig von seiner Herkunft und Pr\u00e4gung.\u00a0 Darin lag ja die Berechtigung der Kritik am Multikulturalismus: dass er\u00a0 Menschen nicht zuerst als selbstverantwortliche Individuen versteht, sondern als Gefangene starr abgegrenzter Kulturen. Wer jetzt das Einteilen\u00a0 in \u00bbKulturkreise\u00ab forciert, wiederholt disesen Fehler: Multikulti von rechts.<br \/>\nMindestens in einer Hinsicht war Sarrazin doch hilfreich: Erst die Debatte um sein Buch hat gezeigt, wie gro\u00df die Themen Zuwanderung und Integration verhandelt werden m\u00fcssen: Hier liegt eine politische F\u00fchrungsaufgabe, die nicht kleiner ist als seinerzeit bei der Ostpolitik oder der Nachr\u00fcstung.<br \/>\nDen Deutschen ist viel zuzutrauen. Nach allen Umfragen steigt zwar die Skepsis gegen\u00fcber dem Islam. Aber es w\u00e4re falsch, das als Welle der Islamophobie zu deuten: Wie islamfeindlich kann ein Land sein, das in f\u00fcnfzig Jahren die Entstehung von mehr als 2600 Moscheen und Gebetsr\u00e4umen ohne gro\u00dfe Konflikte ertragen hat? Ein Wort der Anerkennung von muslimischer Seite f\u00fcr diesen atemberaubenden Wandel w\u00e4re auch nicht verkehrt.<br \/>\nEs gibt n\u00e4mlich keine Garantie daf\u00fcr, dass dieses Land so weltoffen bleibt. Die Politik mu\u00df die Angst vor dem Volk \u00fcberwindenund der\u00a0 Mehrheit ebenso wie der Minderheit die Wahrheit sagen: Nein, wir werden nicht von muslimischen Horden \u00fcberrannt. Mehr Abwanderer gingen im letzten Jahr in die T\u00fcrkei als Einwanderer von dort zu uns kamen. Aber es sind oft die Besten, die uns verlassen. Wir fallen zur\u00fcck im Wettlauf um die Elite der globalen Migranten. Und wenn wir das stoppen wollen \u2013 etwa durch ein Punktesystem f\u00fcr Migranten nach kanadischem Vorbild \u2013 auch dann m\u00fcssen wir mehr Differenz aushalten. Und wenn das frei von Ressentiment und Kulturd\u00fcnkel geschieht, kann man auch mehr Integration, ja mehr Anpassung von den Einwanderern verlangen. Der t\u00fcrkische Europaminister Egemen Bagis ruft den T\u00fcrken zu:\u00a0 \u00bbLernt Deutsch! Passt euch den Sitten und Gebr\u00e4uchen eures Gastlandes an!\u00ab Deutschland ist ein weltoffenes Land. Noch. Die Zukunftsfrage ist nicht blo\u00df, wieviel Islam Deutschland vertr\u00e4gt, sondern: wieviel Engherzigkeit.<\/p>\n","protected":false},"excerpt":{"rendered":"<p>Extended version meines Leitartikels f\u00fcr die kommende Ausgabe: Auch dumme Spr\u00fcche k\u00f6nnen eine Debatte weiterbringen. Horst Seehofers Behauptung, wir br\u00e4uchten \u00bbkeine zus\u00e4tzliche Zuwanderung aus anderen Kulturkreisen\u00ab ist so ein Fall. Das Gegenteil ist n\u00e4mlich wahr, und vielleicht k\u00f6nnte man dar\u00fcber jetzt endlich reden. Deutschland bekommt nicht die Zuwanderer aus \u00bbanderen Kulturkreisen\u00ab, die es dringend braucht. [&hellip;]<\/p>\n","protected":false},"author":54,"featured_media":0,"comment_status":"open","ping_status":"closed","sticky":false,"template":"","format":"standard","meta":{"jetpack_post_was_ever_published":false,"footnotes":""},"categories":[157],"tags":[],"class_list":["post-4240","post","type-post","status-publish","format-standard","hentry","category-die-freunde-und-die-feinde-des-islams"],"yoast_head":"<!-- This site is optimized with the Yoast SEO plugin v21.0 - https:\/\/yoast.com\/wordpress\/plugins\/seo\/ -->\n<title>Zuwanderer aus anderen Kulturkreisen - J\u00f6rg Lau<\/title>\n<meta name=\"robots\" content=\"index, follow, max-snippet:-1, max-image-preview:large, max-video-preview:-1\" \/>\n<link rel=\"canonical\" href=\"https:\/\/blog.zeit.de\/joerglau\/2010\/10\/13\/zuwanderer-aus-anderen-kulturkreisen_4240\" \/>\n<meta property=\"og:locale\" content=\"de_DE\" \/>\n<meta property=\"og:type\" content=\"article\" \/>\n<meta property=\"og:title\" content=\"Zuwanderer aus anderen Kulturkreisen - J\u00f6rg Lau\" \/>\n<meta property=\"og:description\" content=\"Extended version meines Leitartikels f\u00fcr die kommende Ausgabe: Auch dumme Spr\u00fcche k\u00f6nnen eine Debatte weiterbringen. Horst Seehofers Behauptung, wir br\u00e4uchten \u00bbkeine zus\u00e4tzliche Zuwanderung aus anderen Kulturkreisen\u00ab ist so ein Fall. Das Gegenteil ist n\u00e4mlich wahr, und vielleicht k\u00f6nnte man dar\u00fcber jetzt endlich reden. Deutschland bekommt nicht die Zuwanderer aus \u00bbanderen Kulturkreisen\u00ab, die es dringend braucht. [&hellip;]\" \/>\n<meta property=\"og:url\" content=\"https:\/\/blog.zeit.de\/joerglau\/2010\/10\/13\/zuwanderer-aus-anderen-kulturkreisen_4240\" \/>\n<meta property=\"og:site_name\" content=\"J\u00f6rg Lau\" \/>\n<meta property=\"article:published_time\" content=\"2010-10-13T08:40:03+00:00\" \/>\n<meta name=\"author\" content=\"J\u00f6rg Lau\" \/>\n<meta name=\"twitter:card\" content=\"summary_large_image\" \/>\n<meta name=\"twitter:label1\" content=\"Geschrieben von\" \/>\n\t<meta name=\"twitter:data1\" content=\"J\u00f6rg Lau\" \/>\n\t<meta name=\"twitter:label2\" content=\"Gesch\u00e4tzte Lesezeit\" \/>\n\t<meta name=\"twitter:data2\" content=\"4\u00a0Minuten\" \/>\n<script type=\"application\/ld+json\" class=\"yoast-schema-graph\">{\"@context\":\"https:\/\/schema.org\",\"@graph\":[{\"@type\":\"WebPage\",\"@id\":\"https:\/\/blog.zeit.de\/joerglau\/2010\/10\/13\/zuwanderer-aus-anderen-kulturkreisen_4240\",\"url\":\"https:\/\/blog.zeit.de\/joerglau\/2010\/10\/13\/zuwanderer-aus-anderen-kulturkreisen_4240\",\"name\":\"Zuwanderer aus anderen Kulturkreisen - J\u00f6rg Lau\",\"isPartOf\":{\"@id\":\"https:\/\/blog.zeit.de\/joerglau\/#website\"},\"datePublished\":\"2010-10-13T08:40:03+00:00\",\"dateModified\":\"2010-10-13T08:40:03+00:00\",\"author\":{\"@id\":\"https:\/\/blog.zeit.de\/joerglau\/#\/schema\/person\/55f0be9bfac24815791fbc852b042f57\"},\"breadcrumb\":{\"@id\":\"https:\/\/blog.zeit.de\/joerglau\/2010\/10\/13\/zuwanderer-aus-anderen-kulturkreisen_4240#breadcrumb\"},\"inLanguage\":\"de\",\"potentialAction\":[{\"@type\":\"ReadAction\",\"target\":[\"https:\/\/blog.zeit.de\/joerglau\/2010\/10\/13\/zuwanderer-aus-anderen-kulturkreisen_4240\"]}]},{\"@type\":\"BreadcrumbList\",\"@id\":\"https:\/\/blog.zeit.de\/joerglau\/2010\/10\/13\/zuwanderer-aus-anderen-kulturkreisen_4240#breadcrumb\",\"itemListElement\":[{\"@type\":\"ListItem\",\"position\":1,\"name\":\"Startseite\",\"item\":\"https:\/\/blog.zeit.de\/joerglau\"},{\"@type\":\"ListItem\",\"position\":2,\"name\":\"Zuwanderer aus anderen Kulturkreisen\"}]},{\"@type\":\"WebSite\",\"@id\":\"https:\/\/blog.zeit.de\/joerglau\/#website\",\"url\":\"https:\/\/blog.zeit.de\/joerglau\/\",\"name\":\"J\u00f6rg Lau\",\"description\":\"Ein Blog \u00fcber Religion und Politik\",\"potentialAction\":[{\"@type\":\"SearchAction\",\"target\":{\"@type\":\"EntryPoint\",\"urlTemplate\":\"https:\/\/blog.zeit.de\/joerglau\/?s={search_term_string}\"},\"query-input\":\"required name=search_term_string\"}],\"inLanguage\":\"de\"},{\"@type\":\"Person\",\"@id\":\"https:\/\/blog.zeit.de\/joerglau\/#\/schema\/person\/55f0be9bfac24815791fbc852b042f57\",\"name\":\"J\u00f6rg Lau\",\"image\":{\"@type\":\"ImageObject\",\"inLanguage\":\"de\",\"@id\":\"https:\/\/blog.zeit.de\/joerglau\/#\/schema\/person\/image\/\",\"url\":\"https:\/\/secure.gravatar.com\/avatar\/a5fe39bf4f5335b8bac36eefa0b41467221b1598bfea5f05159a0199e391eed0?s=96&d=mm&r=g\",\"contentUrl\":\"https:\/\/secure.gravatar.com\/avatar\/a5fe39bf4f5335b8bac36eefa0b41467221b1598bfea5f05159a0199e391eed0?s=96&d=mm&r=g\",\"caption\":\"J\u00f6rg Lau\"},\"url\":\"https:\/\/blog.zeit.de\/joerglau\/author\/joerg-lau\"}]}<\/script>\n<!-- \/ Yoast SEO plugin. -->","yoast_head_json":{"title":"Zuwanderer aus anderen Kulturkreisen - J\u00f6rg Lau","robots":{"index":"index","follow":"follow","max-snippet":"max-snippet:-1","max-image-preview":"max-image-preview:large","max-video-preview":"max-video-preview:-1"},"canonical":"https:\/\/blog.zeit.de\/joerglau\/2010\/10\/13\/zuwanderer-aus-anderen-kulturkreisen_4240","og_locale":"de_DE","og_type":"article","og_title":"Zuwanderer aus anderen Kulturkreisen - J\u00f6rg Lau","og_description":"Extended version meines Leitartikels f\u00fcr die kommende Ausgabe: Auch dumme Spr\u00fcche k\u00f6nnen eine Debatte weiterbringen. Horst Seehofers Behauptung, wir br\u00e4uchten \u00bbkeine zus\u00e4tzliche Zuwanderung aus anderen Kulturkreisen\u00ab ist so ein Fall. Das Gegenteil ist n\u00e4mlich wahr, und vielleicht k\u00f6nnte man dar\u00fcber jetzt endlich reden. Deutschland bekommt nicht die Zuwanderer aus \u00bbanderen Kulturkreisen\u00ab, die es dringend braucht. [&hellip;]","og_url":"https:\/\/blog.zeit.de\/joerglau\/2010\/10\/13\/zuwanderer-aus-anderen-kulturkreisen_4240","og_site_name":"J\u00f6rg Lau","article_published_time":"2010-10-13T08:40:03+00:00","author":"J\u00f6rg Lau","twitter_card":"summary_large_image","twitter_misc":{"Geschrieben von":"J\u00f6rg Lau","Gesch\u00e4tzte Lesezeit":"4\u00a0Minuten"},"schema":{"@context":"https:\/\/schema.org","@graph":[{"@type":"WebPage","@id":"https:\/\/blog.zeit.de\/joerglau\/2010\/10\/13\/zuwanderer-aus-anderen-kulturkreisen_4240","url":"https:\/\/blog.zeit.de\/joerglau\/2010\/10\/13\/zuwanderer-aus-anderen-kulturkreisen_4240","name":"Zuwanderer aus anderen Kulturkreisen - J\u00f6rg Lau","isPartOf":{"@id":"https:\/\/blog.zeit.de\/joerglau\/#website"},"datePublished":"2010-10-13T08:40:03+00:00","dateModified":"2010-10-13T08:40:03+00:00","author":{"@id":"https:\/\/blog.zeit.de\/joerglau\/#\/schema\/person\/55f0be9bfac24815791fbc852b042f57"},"breadcrumb":{"@id":"https:\/\/blog.zeit.de\/joerglau\/2010\/10\/13\/zuwanderer-aus-anderen-kulturkreisen_4240#breadcrumb"},"inLanguage":"de","potentialAction":[{"@type":"ReadAction","target":["https:\/\/blog.zeit.de\/joerglau\/2010\/10\/13\/zuwanderer-aus-anderen-kulturkreisen_4240"]}]},{"@type":"BreadcrumbList","@id":"https:\/\/blog.zeit.de\/joerglau\/2010\/10\/13\/zuwanderer-aus-anderen-kulturkreisen_4240#breadcrumb","itemListElement":[{"@type":"ListItem","position":1,"name":"Startseite","item":"https:\/\/blog.zeit.de\/joerglau"},{"@type":"ListItem","position":2,"name":"Zuwanderer aus anderen Kulturkreisen"}]},{"@type":"WebSite","@id":"https:\/\/blog.zeit.de\/joerglau\/#website","url":"https:\/\/blog.zeit.de\/joerglau\/","name":"J\u00f6rg Lau","description":"Ein Blog \u00fcber Religion und Politik","potentialAction":[{"@type":"SearchAction","target":{"@type":"EntryPoint","urlTemplate":"https:\/\/blog.zeit.de\/joerglau\/?s={search_term_string}"},"query-input":"required name=search_term_string"}],"inLanguage":"de"},{"@type":"Person","@id":"https:\/\/blog.zeit.de\/joerglau\/#\/schema\/person\/55f0be9bfac24815791fbc852b042f57","name":"J\u00f6rg Lau","image":{"@type":"ImageObject","inLanguage":"de","@id":"https:\/\/blog.zeit.de\/joerglau\/#\/schema\/person\/image\/","url":"https:\/\/secure.gravatar.com\/avatar\/a5fe39bf4f5335b8bac36eefa0b41467221b1598bfea5f05159a0199e391eed0?s=96&d=mm&r=g","contentUrl":"https:\/\/secure.gravatar.com\/avatar\/a5fe39bf4f5335b8bac36eefa0b41467221b1598bfea5f05159a0199e391eed0?s=96&d=mm&r=g","caption":"J\u00f6rg Lau"},"url":"https:\/\/blog.zeit.de\/joerglau\/author\/joerg-lau"}]}},"jetpack_featured_media_url":"","jetpack_sharing_enabled":true,"jetpack_shortlink":"https:\/\/wp.me\/pG02W-16o","_links":{"self":[{"href":"https:\/\/blog.zeit.de\/joerglau\/wp-json\/wp\/v2\/posts\/4240","targetHints":{"allow":["GET"]}}],"collection":[{"href":"https:\/\/blog.zeit.de\/joerglau\/wp-json\/wp\/v2\/posts"}],"about":[{"href":"https:\/\/blog.zeit.de\/joerglau\/wp-json\/wp\/v2\/types\/post"}],"author":[{"embeddable":true,"href":"https:\/\/blog.zeit.de\/joerglau\/wp-json\/wp\/v2\/users\/54"}],"replies":[{"embeddable":true,"href":"https:\/\/blog.zeit.de\/joerglau\/wp-json\/wp\/v2\/comments?post=4240"}],"version-history":[{"count":2,"href":"https:\/\/blog.zeit.de\/joerglau\/wp-json\/wp\/v2\/posts\/4240\/revisions"}],"predecessor-version":[{"id":4247,"href":"https:\/\/blog.zeit.de\/joerglau\/wp-json\/wp\/v2\/posts\/4240\/revisions\/4247"}],"wp:attachment":[{"href":"https:\/\/blog.zeit.de\/joerglau\/wp-json\/wp\/v2\/media?parent=4240"}],"wp:term":[{"taxonomy":"category","embeddable":true,"href":"https:\/\/blog.zeit.de\/joerglau\/wp-json\/wp\/v2\/categories?post=4240"},{"taxonomy":"post_tag","embeddable":true,"href":"https:\/\/blog.zeit.de\/joerglau\/wp-json\/wp\/v2\/tags?post=4240"}],"curies":[{"name":"wp","href":"https:\/\/api.w.org\/{rel}","templated":true}]}}