{"id":4288,"date":"2010-10-26T11:25:02","date_gmt":"2010-10-26T09:25:02","guid":{"rendered":"http:\/\/blog.zeit.de\/joerglau\/?p=4288"},"modified":"2010-10-26T11:25:27","modified_gmt":"2010-10-26T09:25:27","slug":"csu-dumm-quatschen-und-doch-das-richtige-tun","status":"publish","type":"post","link":"https:\/\/blog.zeit.de\/joerglau\/2010\/10\/26\/csu-dumm-quatschen-und-doch-das-richtige-tun_4288","title":{"rendered":"CSU: Dumm quatschen und doch das Richtige tun"},"content":{"rendered":"<p>Eine <a href=\"http:\/\/www.bayern.de\/Pressemitteilungen-.1255.10329700\/index.htm\">Pressemitteilung<\/a> des bayerischen Inneministeriums zeigt, dass die CSU\u00a0 &#8211; obschon sie an der Spitze derzeit sehr verwirrt ist, vornehmlich wohl weil der Karl-Theodor dem Horst ein wenig arg im Nacken sitzt &#8211; immer noch der alten Devise ihres Urvaters Strau\u00df folgt: Dumm quatschen und doch das Richtige tun. Im \u00f6ffentlichen Dienst des Freistaats werden seit Jahren massiv Menschen mit Migrationshintergund angeworben. Ohne Quote, aber wirkungsvoll. Das sollte man bei dem d\u00e4mlichen Get\u00f6se um &#8222;Kulturkreise&#8220; nicht vergessen.<\/p>\n<p><em>&#8222;Eignung, Leistung und Bef\u00e4higung \u2013 das sind nach den Worten des Bayerischen Innenministers Joachim Herrmann die Kriterien f\u00fcr eine Einstellung im \u00f6ffentlichen Dienst des Freistaates. Selbstverst\u00e4ndlich ist dabei f\u00fcr Herrmann auch, qualifizierte Migrantinnen und Migranten f\u00fcr den \u00f6ffentlichen Dienst zu gewinnen. &#8222;Unser erkl\u00e4rtes Ziel ist es, im Interesse des Freistaates die besten f\u00fcr den Dienst in unseren \u00f6ffentlichen Institutionen zu gewinnen. Und wenn ich mir den exzellenten Ruf vor Augen f\u00fchre, den die bayerische Landesverwaltung bundesweit und auch im Ausland genie\u00dft, dann darf ich nicht ohne Stolz feststellen: Wir sind hier sehr erfolgreich. Und dazu tragen auch unsere Besch\u00e4ftigten im \u00f6ffentlichen Dienst mit Migrationshintergrund bei.&#8220; Herrmann lehnt deshalb eine feste Migrantenquote im Staatsdienst \u2013 wie sie in der aktuellen Integrationsdebatte immer wieder gefordert wird \u2013 klar ab. Herrmann stellte im Beisein des Integrationsbeauftragten der Bayerischen Staatsregierung, Martin Neumeyer, vier Besch\u00e4ftigte des Freistaates vor, die besonders gelungene Beispiele f\u00fcr eine erfolgreiche Integration und Karriere im \u00f6ffentlichen Dienst seien: Ein in Oberbayern geborener Jurist mit afrikanischen Wurzeln, dessen \u00e4thiopische Eltern in Bayern bleiben mussten, weil in \u00c4thiopien der B\u00fcrgerkrieg ausbrach. Ein geb\u00fcrtiger Libanese, der zun\u00e4chst acht Jahre mit seinen Eltern in einer deutschen Asylbewerberunterkunft lebte, jetzt im Integrationsrat des Landtags sitzt und \u2013 ebenfalls als Jurist \u2013 im Landratsamt f\u00fcr Ausl\u00e4nderrecht zust\u00e4ndig ist. Ein geb\u00fcrtiger Grieche, der erst 24-j\u00e4hrig nach Deutschland kam und inzwischen als Elektro-Abteilungsleiter im Hochbauamt arbeitet. Und eine t\u00fcrkischst\u00e4mmige Polizistin, die in einer M\u00fcnchner Polizeiinspektion t\u00e4tig ist und sich als Dolmetscherin im Dienst schon Leistungspr\u00e4mien verdient hat.<\/em><\/p>\n<p><em>Gerade der Polizeivollzugsdienst ist ein gutes Beispiel: Dort werden bereits seit 1993 \u2013 also seit 17 Jahren \u2013 auch ausl\u00e4ndische Staatsangeh\u00f6rige eingestellt. Herrmann: &#8222;Durch Anpassungen im Bayerischen Beamtengesetz haben wir seinerzeit ausl\u00e4ndischen Mitb\u00fcrgerinnen und Mitb\u00fcrgern den Weg in den Polizeivollzugsdienst geebnet. Ein Schritt, der sich wirklich gelohnt hat. In den vergangenen Jahren ist es gelungen, 119 ausl\u00e4ndische Staatsangeh\u00f6rige f\u00fcr den bayerischen Polizeivollzugsdienst zu gewinnen.&#8220; Auch heute w\u00fcrden noch ganz gezielt ausl\u00e4ndische Nachwuchsbeamte gesucht, die f\u00fcr die Polizeidienst geeignet sind.&#8220;<\/em><\/p>\n","protected":false},"excerpt":{"rendered":"<p>Eine Pressemitteilung des bayerischen Inneministeriums zeigt, dass die CSU\u00a0 &#8211; obschon sie an der Spitze derzeit sehr verwirrt ist, vornehmlich wohl weil der Karl-Theodor dem Horst ein wenig arg im Nacken sitzt &#8211; immer noch der alten Devise ihres Urvaters Strau\u00df folgt: Dumm quatschen und doch das Richtige tun. Im \u00f6ffentlichen Dienst des Freistaats werden [&hellip;]<\/p>\n","protected":false},"author":54,"featured_media":0,"comment_status":"open","ping_status":"closed","sticky":false,"template":"","format":"standard","meta":{"jetpack_post_was_ever_published":false,"footnotes":""},"categories":[154,157],"tags":[],"class_list":["post-4288","post","type-post","status-publish","format-standard","hentry","category-curiosa","category-die-freunde-und-die-feinde-des-islams"],"yoast_head":"<!-- This site is optimized with the Yoast SEO plugin v21.0 - https:\/\/yoast.com\/wordpress\/plugins\/seo\/ -->\n<title>CSU: Dumm quatschen und doch das Richtige tun - J\u00f6rg Lau<\/title>\n<meta name=\"robots\" content=\"index, follow, max-snippet:-1, max-image-preview:large, max-video-preview:-1\" \/>\n<link rel=\"canonical\" href=\"https:\/\/blog.zeit.de\/joerglau\/2010\/10\/26\/csu-dumm-quatschen-und-doch-das-richtige-tun_4288\" \/>\n<meta property=\"og:locale\" content=\"de_DE\" \/>\n<meta property=\"og:type\" content=\"article\" \/>\n<meta property=\"og:title\" content=\"CSU: Dumm quatschen und doch das Richtige tun - J\u00f6rg Lau\" \/>\n<meta property=\"og:description\" content=\"Eine Pressemitteilung des bayerischen Inneministeriums zeigt, dass die CSU\u00a0 &#8211; obschon sie an der Spitze derzeit sehr verwirrt ist, vornehmlich wohl weil der Karl-Theodor dem Horst ein wenig arg im Nacken sitzt &#8211; immer noch der alten Devise ihres Urvaters Strau\u00df folgt: Dumm quatschen und doch das Richtige tun. Im \u00f6ffentlichen Dienst des Freistaats werden [&hellip;]\" \/>\n<meta property=\"og:url\" content=\"https:\/\/blog.zeit.de\/joerglau\/2010\/10\/26\/csu-dumm-quatschen-und-doch-das-richtige-tun_4288\" \/>\n<meta property=\"og:site_name\" content=\"J\u00f6rg Lau\" \/>\n<meta property=\"article:published_time\" content=\"2010-10-26T09:25:02+00:00\" \/>\n<meta property=\"article:modified_time\" content=\"2010-10-26T09:25:27+00:00\" \/>\n<meta name=\"author\" content=\"J\u00f6rg Lau\" \/>\n<meta name=\"twitter:card\" content=\"summary_large_image\" \/>\n<meta name=\"twitter:label1\" content=\"Geschrieben von\" \/>\n\t<meta name=\"twitter:data1\" content=\"J\u00f6rg Lau\" \/>\n\t<meta name=\"twitter:label2\" content=\"Gesch\u00e4tzte Lesezeit\" \/>\n\t<meta name=\"twitter:data2\" content=\"2\u00a0Minuten\" \/>\n<script type=\"application\/ld+json\" class=\"yoast-schema-graph\">{\"@context\":\"https:\/\/schema.org\",\"@graph\":[{\"@type\":\"WebPage\",\"@id\":\"https:\/\/blog.zeit.de\/joerglau\/2010\/10\/26\/csu-dumm-quatschen-und-doch-das-richtige-tun_4288\",\"url\":\"https:\/\/blog.zeit.de\/joerglau\/2010\/10\/26\/csu-dumm-quatschen-und-doch-das-richtige-tun_4288\",\"name\":\"CSU: Dumm quatschen und doch das Richtige tun - J\u00f6rg Lau\",\"isPartOf\":{\"@id\":\"https:\/\/blog.zeit.de\/joerglau\/#website\"},\"datePublished\":\"2010-10-26T09:25:02+00:00\",\"dateModified\":\"2010-10-26T09:25:27+00:00\",\"author\":{\"@id\":\"https:\/\/blog.zeit.de\/joerglau\/#\/schema\/person\/55f0be9bfac24815791fbc852b042f57\"},\"breadcrumb\":{\"@id\":\"https:\/\/blog.zeit.de\/joerglau\/2010\/10\/26\/csu-dumm-quatschen-und-doch-das-richtige-tun_4288#breadcrumb\"},\"inLanguage\":\"de\",\"potentialAction\":[{\"@type\":\"ReadAction\",\"target\":[\"https:\/\/blog.zeit.de\/joerglau\/2010\/10\/26\/csu-dumm-quatschen-und-doch-das-richtige-tun_4288\"]}]},{\"@type\":\"BreadcrumbList\",\"@id\":\"https:\/\/blog.zeit.de\/joerglau\/2010\/10\/26\/csu-dumm-quatschen-und-doch-das-richtige-tun_4288#breadcrumb\",\"itemListElement\":[{\"@type\":\"ListItem\",\"position\":1,\"name\":\"Startseite\",\"item\":\"https:\/\/blog.zeit.de\/joerglau\"},{\"@type\":\"ListItem\",\"position\":2,\"name\":\"CSU: Dumm quatschen und doch das Richtige tun\"}]},{\"@type\":\"WebSite\",\"@id\":\"https:\/\/blog.zeit.de\/joerglau\/#website\",\"url\":\"https:\/\/blog.zeit.de\/joerglau\/\",\"name\":\"J\u00f6rg Lau\",\"description\":\"Ein Blog \u00fcber Religion und Politik\",\"potentialAction\":[{\"@type\":\"SearchAction\",\"target\":{\"@type\":\"EntryPoint\",\"urlTemplate\":\"https:\/\/blog.zeit.de\/joerglau\/?s={search_term_string}\"},\"query-input\":\"required name=search_term_string\"}],\"inLanguage\":\"de\"},{\"@type\":\"Person\",\"@id\":\"https:\/\/blog.zeit.de\/joerglau\/#\/schema\/person\/55f0be9bfac24815791fbc852b042f57\",\"name\":\"J\u00f6rg Lau\",\"image\":{\"@type\":\"ImageObject\",\"inLanguage\":\"de\",\"@id\":\"https:\/\/blog.zeit.de\/joerglau\/#\/schema\/person\/image\/\",\"url\":\"https:\/\/secure.gravatar.com\/avatar\/a5fe39bf4f5335b8bac36eefa0b41467221b1598bfea5f05159a0199e391eed0?s=96&d=mm&r=g\",\"contentUrl\":\"https:\/\/secure.gravatar.com\/avatar\/a5fe39bf4f5335b8bac36eefa0b41467221b1598bfea5f05159a0199e391eed0?s=96&d=mm&r=g\",\"caption\":\"J\u00f6rg Lau\"},\"url\":\"https:\/\/blog.zeit.de\/joerglau\/author\/joerg-lau\"}]}<\/script>\n<!-- \/ Yoast SEO plugin. -->","yoast_head_json":{"title":"CSU: Dumm quatschen und doch das Richtige tun - J\u00f6rg Lau","robots":{"index":"index","follow":"follow","max-snippet":"max-snippet:-1","max-image-preview":"max-image-preview:large","max-video-preview":"max-video-preview:-1"},"canonical":"https:\/\/blog.zeit.de\/joerglau\/2010\/10\/26\/csu-dumm-quatschen-und-doch-das-richtige-tun_4288","og_locale":"de_DE","og_type":"article","og_title":"CSU: Dumm quatschen und doch das Richtige tun - J\u00f6rg Lau","og_description":"Eine Pressemitteilung des bayerischen Inneministeriums zeigt, dass die CSU\u00a0 &#8211; obschon sie an der Spitze derzeit sehr verwirrt ist, vornehmlich wohl weil der Karl-Theodor dem Horst ein wenig arg im Nacken sitzt &#8211; immer noch der alten Devise ihres Urvaters Strau\u00df folgt: Dumm quatschen und doch das Richtige tun. Im \u00f6ffentlichen Dienst des Freistaats werden [&hellip;]","og_url":"https:\/\/blog.zeit.de\/joerglau\/2010\/10\/26\/csu-dumm-quatschen-und-doch-das-richtige-tun_4288","og_site_name":"J\u00f6rg Lau","article_published_time":"2010-10-26T09:25:02+00:00","article_modified_time":"2010-10-26T09:25:27+00:00","author":"J\u00f6rg Lau","twitter_card":"summary_large_image","twitter_misc":{"Geschrieben von":"J\u00f6rg Lau","Gesch\u00e4tzte Lesezeit":"2\u00a0Minuten"},"schema":{"@context":"https:\/\/schema.org","@graph":[{"@type":"WebPage","@id":"https:\/\/blog.zeit.de\/joerglau\/2010\/10\/26\/csu-dumm-quatschen-und-doch-das-richtige-tun_4288","url":"https:\/\/blog.zeit.de\/joerglau\/2010\/10\/26\/csu-dumm-quatschen-und-doch-das-richtige-tun_4288","name":"CSU: Dumm quatschen und doch das Richtige tun - J\u00f6rg Lau","isPartOf":{"@id":"https:\/\/blog.zeit.de\/joerglau\/#website"},"datePublished":"2010-10-26T09:25:02+00:00","dateModified":"2010-10-26T09:25:27+00:00","author":{"@id":"https:\/\/blog.zeit.de\/joerglau\/#\/schema\/person\/55f0be9bfac24815791fbc852b042f57"},"breadcrumb":{"@id":"https:\/\/blog.zeit.de\/joerglau\/2010\/10\/26\/csu-dumm-quatschen-und-doch-das-richtige-tun_4288#breadcrumb"},"inLanguage":"de","potentialAction":[{"@type":"ReadAction","target":["https:\/\/blog.zeit.de\/joerglau\/2010\/10\/26\/csu-dumm-quatschen-und-doch-das-richtige-tun_4288"]}]},{"@type":"BreadcrumbList","@id":"https:\/\/blog.zeit.de\/joerglau\/2010\/10\/26\/csu-dumm-quatschen-und-doch-das-richtige-tun_4288#breadcrumb","itemListElement":[{"@type":"ListItem","position":1,"name":"Startseite","item":"https:\/\/blog.zeit.de\/joerglau"},{"@type":"ListItem","position":2,"name":"CSU: Dumm quatschen und doch das Richtige tun"}]},{"@type":"WebSite","@id":"https:\/\/blog.zeit.de\/joerglau\/#website","url":"https:\/\/blog.zeit.de\/joerglau\/","name":"J\u00f6rg Lau","description":"Ein Blog \u00fcber Religion und Politik","potentialAction":[{"@type":"SearchAction","target":{"@type":"EntryPoint","urlTemplate":"https:\/\/blog.zeit.de\/joerglau\/?s={search_term_string}"},"query-input":"required name=search_term_string"}],"inLanguage":"de"},{"@type":"Person","@id":"https:\/\/blog.zeit.de\/joerglau\/#\/schema\/person\/55f0be9bfac24815791fbc852b042f57","name":"J\u00f6rg Lau","image":{"@type":"ImageObject","inLanguage":"de","@id":"https:\/\/blog.zeit.de\/joerglau\/#\/schema\/person\/image\/","url":"https:\/\/secure.gravatar.com\/avatar\/a5fe39bf4f5335b8bac36eefa0b41467221b1598bfea5f05159a0199e391eed0?s=96&d=mm&r=g","contentUrl":"https:\/\/secure.gravatar.com\/avatar\/a5fe39bf4f5335b8bac36eefa0b41467221b1598bfea5f05159a0199e391eed0?s=96&d=mm&r=g","caption":"J\u00f6rg Lau"},"url":"https:\/\/blog.zeit.de\/joerglau\/author\/joerg-lau"}]}},"jetpack_featured_media_url":"","jetpack_sharing_enabled":true,"jetpack_shortlink":"https:\/\/wp.me\/pG02W-17a","_links":{"self":[{"href":"https:\/\/blog.zeit.de\/joerglau\/wp-json\/wp\/v2\/posts\/4288","targetHints":{"allow":["GET"]}}],"collection":[{"href":"https:\/\/blog.zeit.de\/joerglau\/wp-json\/wp\/v2\/posts"}],"about":[{"href":"https:\/\/blog.zeit.de\/joerglau\/wp-json\/wp\/v2\/types\/post"}],"author":[{"embeddable":true,"href":"https:\/\/blog.zeit.de\/joerglau\/wp-json\/wp\/v2\/users\/54"}],"replies":[{"embeddable":true,"href":"https:\/\/blog.zeit.de\/joerglau\/wp-json\/wp\/v2\/comments?post=4288"}],"version-history":[{"count":2,"href":"https:\/\/blog.zeit.de\/joerglau\/wp-json\/wp\/v2\/posts\/4288\/revisions"}],"predecessor-version":[{"id":4290,"href":"https:\/\/blog.zeit.de\/joerglau\/wp-json\/wp\/v2\/posts\/4288\/revisions\/4290"}],"wp:attachment":[{"href":"https:\/\/blog.zeit.de\/joerglau\/wp-json\/wp\/v2\/media?parent=4288"}],"wp:term":[{"taxonomy":"category","embeddable":true,"href":"https:\/\/blog.zeit.de\/joerglau\/wp-json\/wp\/v2\/categories?post=4288"},{"taxonomy":"post_tag","embeddable":true,"href":"https:\/\/blog.zeit.de\/joerglau\/wp-json\/wp\/v2\/tags?post=4288"}],"curies":[{"name":"wp","href":"https:\/\/api.w.org\/{rel}","templated":true}]}}