{"id":430,"date":"2007-04-23T12:41:03","date_gmt":"2007-04-23T10:41:03","guid":{"rendered":"http:\/\/blog.zeit.de\/joerglau\/2007\/04\/23\/erdogan-in-meinem-land-leben-nicht-nur-muslime_430"},"modified":"2007-04-23T12:41:03","modified_gmt":"2007-04-23T10:41:03","slug":"erdogan-in-meinem-land-leben-nicht-nur-muslime","status":"publish","type":"post","link":"https:\/\/blog.zeit.de\/joerglau\/2007\/04\/23\/erdogan-in-meinem-land-leben-nicht-nur-muslime_430","title":{"rendered":"Ministerpr\u00e4sident Erdogan: &#8222;In meinem Land leben nicht nur Muslime&#8220;"},"content":{"rendered":"<p>In einer \u201eMalatya-Botschaft\u201c, wie es die H\u00dcRRIYET nennt, hat Ministerpr\u00e4sident Erdogan die Morde in der s\u00fcdostanatolischen Stadt Malatya erneut scharf kritisiert und die B\u00fcrger dazu aufgerufen, Verantwortung f\u00fcr die Sicherheit der religi\u00f6sen Minderheiten zu \u00fcbernehmen: <\/p>\n<p>\u201eWir dulden keinen radikalen Nationalismus. In unserem Land leben 36 verschiedene Ethnien. Als Regierung begegnen wir all diesen mit der gleichen Distanz und es ist unsere Pflicht, f\u00fcr die Sicherheit aller zu sorgen\u201c, so Erdogan. <\/p>\n<p>Wer seiner eigenen Religion vertraue, brauche keine Angst vor der Glaubensfreiheit zu haben. \u201eIn Europa haben wir an die 6000 Moscheen, die gleiche Sicherheit m\u00fcssen wir in unserem Land allen Synagogen und Kirchen gew\u00e4hren\u201c, so Erdogan: \u201eIn meinem Land leben nicht nur Muslime\u201c. <\/p>\n<p><img decoding=\"async\" id=\"image431\" src=\"https:\/\/blog.zeit.de\/joerglau\/files\/2007\/04\/Receep-Tayyip-Erdogan-2.jpg\" alt=\"Receep-Tayyip-Erdogan-2.jpg\" \/><br \/>\n<em>Erdogan<\/em><\/p>\n<p>Das ist ein bedeutender Schritt. Allerdings ist der &#8222;radikale Nationalismus&#8220; nur die eine Seite des Grauens von Malatya. Die T\u00e4ter beanspruchen, es f\u00fcr die Heimat <em>und <\/em>den Islam getan zu haben. Erdogan muss auch die Fusion aus Islamismus und Nationalismus angreifen, die sich in den Morden und in der ihnen zugrunde liegenden Missionars-Paranoia ausdr\u00fcckt.<\/p>\n","protected":false},"excerpt":{"rendered":"<p>In einer \u201eMalatya-Botschaft\u201c, wie es die H\u00dcRRIYET nennt, hat Ministerpr\u00e4sident Erdogan die Morde in der s\u00fcdostanatolischen Stadt Malatya erneut scharf kritisiert und die B\u00fcrger dazu aufgerufen, Verantwortung f\u00fcr die Sicherheit der religi\u00f6sen Minderheiten zu \u00fcbernehmen: \u201eWir dulden keinen radikalen Nationalismus. In unserem Land leben 36 verschiedene Ethnien. Als Regierung begegnen wir all diesen mit der [&hellip;]<\/p>\n","protected":false},"author":54,"featured_media":0,"comment_status":"open","ping_status":"closed","sticky":false,"template":"","format":"standard","meta":{"jetpack_post_was_ever_published":false,"footnotes":""},"categories":[157,167],"tags":[],"class_list":["post-430","post","type-post","status-publish","format-standard","hentry","category-die-freunde-und-die-feinde-des-islams","category-islamismus-und-terror"],"yoast_head":"<!-- This site is optimized with the Yoast SEO plugin v21.0 - https:\/\/yoast.com\/wordpress\/plugins\/seo\/ -->\n<title>Ministerpr\u00e4sident Erdogan: &quot;In meinem Land leben nicht nur Muslime&quot; - J\u00f6rg Lau<\/title>\n<meta name=\"robots\" content=\"index, follow, max-snippet:-1, max-image-preview:large, max-video-preview:-1\" \/>\n<link rel=\"canonical\" href=\"https:\/\/blog.zeit.de\/joerglau\/2007\/04\/23\/erdogan-in-meinem-land-leben-nicht-nur-muslime_430\" \/>\n<meta property=\"og:locale\" content=\"de_DE\" \/>\n<meta property=\"og:type\" content=\"article\" \/>\n<meta property=\"og:title\" content=\"Ministerpr\u00e4sident Erdogan: &quot;In meinem Land leben nicht nur Muslime&quot; - J\u00f6rg Lau\" \/>\n<meta property=\"og:description\" content=\"In einer \u201eMalatya-Botschaft\u201c, wie es die H\u00dcRRIYET nennt, hat Ministerpr\u00e4sident Erdogan die Morde in der s\u00fcdostanatolischen Stadt Malatya erneut scharf kritisiert und die B\u00fcrger dazu aufgerufen, Verantwortung f\u00fcr die Sicherheit der religi\u00f6sen Minderheiten zu \u00fcbernehmen: \u201eWir dulden keinen radikalen Nationalismus. In unserem Land leben 36 verschiedene Ethnien. Als Regierung begegnen wir all diesen mit der [&hellip;]\" \/>\n<meta property=\"og:url\" content=\"https:\/\/blog.zeit.de\/joerglau\/2007\/04\/23\/erdogan-in-meinem-land-leben-nicht-nur-muslime_430\" \/>\n<meta property=\"og:site_name\" content=\"J\u00f6rg Lau\" \/>\n<meta property=\"article:published_time\" content=\"2007-04-23T10:41:03+00:00\" \/>\n<meta property=\"og:image\" content=\"https:\/\/blog.zeit.de\/joerglau\/files\/2007\/04\/Receep-Tayyip-Erdogan-2.jpg\" \/>\n<meta name=\"author\" content=\"J\u00f6rg Lau\" \/>\n<meta name=\"twitter:card\" content=\"summary_large_image\" \/>\n<meta name=\"twitter:label1\" content=\"Geschrieben von\" \/>\n\t<meta name=\"twitter:data1\" content=\"J\u00f6rg Lau\" \/>\n\t<meta name=\"twitter:label2\" content=\"Gesch\u00e4tzte Lesezeit\" \/>\n\t<meta name=\"twitter:data2\" content=\"1\u00a0Minute\" \/>\n<script type=\"application\/ld+json\" class=\"yoast-schema-graph\">{\"@context\":\"https:\/\/schema.org\",\"@graph\":[{\"@type\":\"WebPage\",\"@id\":\"https:\/\/blog.zeit.de\/joerglau\/2007\/04\/23\/erdogan-in-meinem-land-leben-nicht-nur-muslime_430\",\"url\":\"https:\/\/blog.zeit.de\/joerglau\/2007\/04\/23\/erdogan-in-meinem-land-leben-nicht-nur-muslime_430\",\"name\":\"Ministerpr\u00e4sident Erdogan: \\\"In meinem Land leben nicht nur Muslime\\\" - J\u00f6rg Lau\",\"isPartOf\":{\"@id\":\"https:\/\/blog.zeit.de\/joerglau\/#website\"},\"datePublished\":\"2007-04-23T10:41:03+00:00\",\"dateModified\":\"2007-04-23T10:41:03+00:00\",\"author\":{\"@id\":\"https:\/\/blog.zeit.de\/joerglau\/#\/schema\/person\/55f0be9bfac24815791fbc852b042f57\"},\"breadcrumb\":{\"@id\":\"https:\/\/blog.zeit.de\/joerglau\/2007\/04\/23\/erdogan-in-meinem-land-leben-nicht-nur-muslime_430#breadcrumb\"},\"inLanguage\":\"de\",\"potentialAction\":[{\"@type\":\"ReadAction\",\"target\":[\"https:\/\/blog.zeit.de\/joerglau\/2007\/04\/23\/erdogan-in-meinem-land-leben-nicht-nur-muslime_430\"]}]},{\"@type\":\"BreadcrumbList\",\"@id\":\"https:\/\/blog.zeit.de\/joerglau\/2007\/04\/23\/erdogan-in-meinem-land-leben-nicht-nur-muslime_430#breadcrumb\",\"itemListElement\":[{\"@type\":\"ListItem\",\"position\":1,\"name\":\"Startseite\",\"item\":\"https:\/\/blog.zeit.de\/joerglau\"},{\"@type\":\"ListItem\",\"position\":2,\"name\":\"Ministerpr\u00e4sident Erdogan: &#8222;In meinem Land leben nicht nur Muslime&#8220;\"}]},{\"@type\":\"WebSite\",\"@id\":\"https:\/\/blog.zeit.de\/joerglau\/#website\",\"url\":\"https:\/\/blog.zeit.de\/joerglau\/\",\"name\":\"J\u00f6rg Lau\",\"description\":\"Ein Blog \u00fcber Religion und Politik\",\"potentialAction\":[{\"@type\":\"SearchAction\",\"target\":{\"@type\":\"EntryPoint\",\"urlTemplate\":\"https:\/\/blog.zeit.de\/joerglau\/?s={search_term_string}\"},\"query-input\":\"required name=search_term_string\"}],\"inLanguage\":\"de\"},{\"@type\":\"Person\",\"@id\":\"https:\/\/blog.zeit.de\/joerglau\/#\/schema\/person\/55f0be9bfac24815791fbc852b042f57\",\"name\":\"J\u00f6rg Lau\",\"image\":{\"@type\":\"ImageObject\",\"inLanguage\":\"de\",\"@id\":\"https:\/\/blog.zeit.de\/joerglau\/#\/schema\/person\/image\/\",\"url\":\"https:\/\/secure.gravatar.com\/avatar\/a5fe39bf4f5335b8bac36eefa0b41467221b1598bfea5f05159a0199e391eed0?s=96&d=mm&r=g\",\"contentUrl\":\"https:\/\/secure.gravatar.com\/avatar\/a5fe39bf4f5335b8bac36eefa0b41467221b1598bfea5f05159a0199e391eed0?s=96&d=mm&r=g\",\"caption\":\"J\u00f6rg Lau\"},\"url\":\"https:\/\/blog.zeit.de\/joerglau\/author\/joerg-lau\"}]}<\/script>\n<!-- \/ Yoast SEO plugin. -->","yoast_head_json":{"title":"Ministerpr\u00e4sident Erdogan: \"In meinem Land leben nicht nur Muslime\" - J\u00f6rg Lau","robots":{"index":"index","follow":"follow","max-snippet":"max-snippet:-1","max-image-preview":"max-image-preview:large","max-video-preview":"max-video-preview:-1"},"canonical":"https:\/\/blog.zeit.de\/joerglau\/2007\/04\/23\/erdogan-in-meinem-land-leben-nicht-nur-muslime_430","og_locale":"de_DE","og_type":"article","og_title":"Ministerpr\u00e4sident Erdogan: \"In meinem Land leben nicht nur Muslime\" - J\u00f6rg Lau","og_description":"In einer \u201eMalatya-Botschaft\u201c, wie es die H\u00dcRRIYET nennt, hat Ministerpr\u00e4sident Erdogan die Morde in der s\u00fcdostanatolischen Stadt Malatya erneut scharf kritisiert und die B\u00fcrger dazu aufgerufen, Verantwortung f\u00fcr die Sicherheit der religi\u00f6sen Minderheiten zu \u00fcbernehmen: \u201eWir dulden keinen radikalen Nationalismus. In unserem Land leben 36 verschiedene Ethnien. Als Regierung begegnen wir all diesen mit der [&hellip;]","og_url":"https:\/\/blog.zeit.de\/joerglau\/2007\/04\/23\/erdogan-in-meinem-land-leben-nicht-nur-muslime_430","og_site_name":"J\u00f6rg Lau","article_published_time":"2007-04-23T10:41:03+00:00","og_image":[{"url":"https:\/\/blog.zeit.de\/joerglau\/files\/2007\/04\/Receep-Tayyip-Erdogan-2.jpg"}],"author":"J\u00f6rg Lau","twitter_card":"summary_large_image","twitter_misc":{"Geschrieben von":"J\u00f6rg Lau","Gesch\u00e4tzte Lesezeit":"1\u00a0Minute"},"schema":{"@context":"https:\/\/schema.org","@graph":[{"@type":"WebPage","@id":"https:\/\/blog.zeit.de\/joerglau\/2007\/04\/23\/erdogan-in-meinem-land-leben-nicht-nur-muslime_430","url":"https:\/\/blog.zeit.de\/joerglau\/2007\/04\/23\/erdogan-in-meinem-land-leben-nicht-nur-muslime_430","name":"Ministerpr\u00e4sident Erdogan: \"In meinem Land leben nicht nur Muslime\" - J\u00f6rg Lau","isPartOf":{"@id":"https:\/\/blog.zeit.de\/joerglau\/#website"},"datePublished":"2007-04-23T10:41:03+00:00","dateModified":"2007-04-23T10:41:03+00:00","author":{"@id":"https:\/\/blog.zeit.de\/joerglau\/#\/schema\/person\/55f0be9bfac24815791fbc852b042f57"},"breadcrumb":{"@id":"https:\/\/blog.zeit.de\/joerglau\/2007\/04\/23\/erdogan-in-meinem-land-leben-nicht-nur-muslime_430#breadcrumb"},"inLanguage":"de","potentialAction":[{"@type":"ReadAction","target":["https:\/\/blog.zeit.de\/joerglau\/2007\/04\/23\/erdogan-in-meinem-land-leben-nicht-nur-muslime_430"]}]},{"@type":"BreadcrumbList","@id":"https:\/\/blog.zeit.de\/joerglau\/2007\/04\/23\/erdogan-in-meinem-land-leben-nicht-nur-muslime_430#breadcrumb","itemListElement":[{"@type":"ListItem","position":1,"name":"Startseite","item":"https:\/\/blog.zeit.de\/joerglau"},{"@type":"ListItem","position":2,"name":"Ministerpr\u00e4sident Erdogan: &#8222;In meinem Land leben nicht nur Muslime&#8220;"}]},{"@type":"WebSite","@id":"https:\/\/blog.zeit.de\/joerglau\/#website","url":"https:\/\/blog.zeit.de\/joerglau\/","name":"J\u00f6rg Lau","description":"Ein Blog \u00fcber Religion und Politik","potentialAction":[{"@type":"SearchAction","target":{"@type":"EntryPoint","urlTemplate":"https:\/\/blog.zeit.de\/joerglau\/?s={search_term_string}"},"query-input":"required name=search_term_string"}],"inLanguage":"de"},{"@type":"Person","@id":"https:\/\/blog.zeit.de\/joerglau\/#\/schema\/person\/55f0be9bfac24815791fbc852b042f57","name":"J\u00f6rg Lau","image":{"@type":"ImageObject","inLanguage":"de","@id":"https:\/\/blog.zeit.de\/joerglau\/#\/schema\/person\/image\/","url":"https:\/\/secure.gravatar.com\/avatar\/a5fe39bf4f5335b8bac36eefa0b41467221b1598bfea5f05159a0199e391eed0?s=96&d=mm&r=g","contentUrl":"https:\/\/secure.gravatar.com\/avatar\/a5fe39bf4f5335b8bac36eefa0b41467221b1598bfea5f05159a0199e391eed0?s=96&d=mm&r=g","caption":"J\u00f6rg Lau"},"url":"https:\/\/blog.zeit.de\/joerglau\/author\/joerg-lau"}]}},"jetpack_featured_media_url":"","jetpack_sharing_enabled":true,"jetpack_shortlink":"https:\/\/wp.me\/pG02W-6W","_links":{"self":[{"href":"https:\/\/blog.zeit.de\/joerglau\/wp-json\/wp\/v2\/posts\/430","targetHints":{"allow":["GET"]}}],"collection":[{"href":"https:\/\/blog.zeit.de\/joerglau\/wp-json\/wp\/v2\/posts"}],"about":[{"href":"https:\/\/blog.zeit.de\/joerglau\/wp-json\/wp\/v2\/types\/post"}],"author":[{"embeddable":true,"href":"https:\/\/blog.zeit.de\/joerglau\/wp-json\/wp\/v2\/users\/54"}],"replies":[{"embeddable":true,"href":"https:\/\/blog.zeit.de\/joerglau\/wp-json\/wp\/v2\/comments?post=430"}],"version-history":[{"count":0,"href":"https:\/\/blog.zeit.de\/joerglau\/wp-json\/wp\/v2\/posts\/430\/revisions"}],"wp:attachment":[{"href":"https:\/\/blog.zeit.de\/joerglau\/wp-json\/wp\/v2\/media?parent=430"}],"wp:term":[{"taxonomy":"category","embeddable":true,"href":"https:\/\/blog.zeit.de\/joerglau\/wp-json\/wp\/v2\/categories?post=430"},{"taxonomy":"post_tag","embeddable":true,"href":"https:\/\/blog.zeit.de\/joerglau\/wp-json\/wp\/v2\/tags?post=430"}],"curies":[{"name":"wp","href":"https:\/\/api.w.org\/{rel}","templated":true}]}}