{"id":433,"date":"2007-04-24T09:59:01","date_gmt":"2007-04-24T07:59:01","guid":{"rendered":"http:\/\/blog.zeit.de\/joerglau\/2007\/04\/24\/ein-freier-kopf_433"},"modified":"2007-04-24T09:59:01","modified_gmt":"2007-04-24T07:59:01","slug":"ein-freier-kopf","status":"publish","type":"post","link":"https:\/\/blog.zeit.de\/joerglau\/2007\/04\/24\/ein-freier-kopf_433","title":{"rendered":"Ein freier Kopf"},"content":{"rendered":"<p>Neidvoll blicken wir heute auf die Kollegen der WELT, die einen sehr bewegenden und erhellenden <a href=\"http:\/\/debatte.welt.de\/kommentare\/19856\/ich+wollte+mich+selbst+erkennen\">Text von Emel Abidin-Algan<\/a>, der Tochter des Gr\u00fcnders von Milli-G\u00f6r\u00fcs Deutschland, dokumentieren. Frau Abidin Algan schildert ihre Erfahrungen mit dem Ablegen des Kopftuchs und mit der Entwicklung eines neuen, innerlich freien Gottesbezugs. <\/p>\n<p><img decoding=\"async\" id=\"image432\" src=\"https:\/\/blog.zeit.de\/joerglau\/files\/2007\/04\/algan.jpg\" alt=\"algan.jpg\" \/><br \/>\n<em>Emel Abidin-Algan<\/em><\/p>\n<blockquote>\n<p>Das Ablegen des zur Selbstverst\u00e4ndlichkeit gewordenen Kopftuchs war nicht einfach, weil ich damit ein Selbstbild entwickelt hatte, das mit moralischen Werten verkn\u00fcpft war. Es hat mich zwei Jahre des Forschens und Experimentierens gekostet, bevor ich mich davon trennen konnte, weil ich jemand bin, der keine halben Sachen macht. Mein Leben ohne das Kopftuch ist jetzt nicht etwa besser geworden, weil es schon immer gut war, es ist vielmehr ganz anders geworden, aufregender und vielseitiger. Die Freiheiten, die ich jetzt habe, denen bin ich auch jetzt erst gewachsen. Vor allem hat sich meine Wahrnehmung meinen Mitmenschen gegen\u00fcber ver\u00e4ndert. Kein Kopftuch mehr zu tragen bedeutet in der Praxis f\u00fcr mich zun\u00e4chst: nicht mehr aufzufallen und keinem Verhaltensdruck mehr ausgesetzt zu sein, mehr Bewegungsfreiheit im Kennenlernen der Welt von M\u00e4nnern zu haben und keinen m\u00f6glichen Einschr\u00e4nkungen mehr auf dem Arbeitsmarkt ausgeliefert zu sein.<\/p>\n<\/blockquote>\n<p>Sie beharrt aber darauf, dass dies ein freiwilliger Prozess ohne Druck sein muss. Ihre Tochter, sagt sie, f\u00fchle sich derzeit mit der Verh\u00fcllung wohl.<\/p>\n<p>Zugleich bestreitet sie, dass die religi\u00f6se Begr\u00fcndung des Kopftuchs heute noch Bestand habe:<\/p>\n<blockquote>\n<p>Eine wichtige Erfahrung war festzustellen, dass der Koran im historischen Kontext verstanden werden kann. Heute zum Beispiel, im Gegensatz zur damaligen Zeit des Propheten, braucht kein Mann mehr ein Unterscheidungsmerkmal wie eine Verh\u00fcllung, um Frauen nicht zu bel\u00e4stigen. Interessanterweise war gerade das einer der Gr\u00fcnde f\u00fcr die Bedeckungsverse im Koran. Das Problem mit der Verh\u00fcllung heute w\u00e4re auch einfach gel\u00f6st, wenn M\u00e4nner \u00fcber ihre Wahrnehmungen reden w\u00fcrden. Denn um die M\u00e4nner geht es ja, wenn sich eine Frau verh\u00fcllt.\n<\/p>\n<\/blockquote>\n","protected":false},"excerpt":{"rendered":"<p>Neidvoll blicken wir heute auf die Kollegen der WELT, die einen sehr bewegenden und erhellenden Text von Emel Abidin-Algan, der Tochter des Gr\u00fcnders von Milli-G\u00f6r\u00fcs Deutschland, dokumentieren. Frau Abidin Algan schildert ihre Erfahrungen mit dem Ablegen des Kopftuchs und mit der Entwicklung eines neuen, innerlich freien Gottesbezugs. Emel Abidin-Algan Das Ablegen des zur Selbstverst\u00e4ndlichkeit gewordenen [&hellip;]<\/p>\n","protected":false},"author":54,"featured_media":0,"comment_status":"open","ping_status":"closed","sticky":false,"template":"","format":"standard","meta":{"jetpack_post_was_ever_published":false,"footnotes":""},"categories":[157,164],"tags":[],"class_list":["post-433","post","type-post","status-publish","format-standard","hentry","category-die-freunde-und-die-feinde-des-islams","category-integration-und-frauenrechte"],"yoast_head":"<!-- This site is optimized with the Yoast SEO plugin v21.0 - https:\/\/yoast.com\/wordpress\/plugins\/seo\/ -->\n<title>Ein freier Kopf - J\u00f6rg Lau<\/title>\n<meta name=\"robots\" content=\"index, follow, max-snippet:-1, max-image-preview:large, max-video-preview:-1\" \/>\n<link rel=\"canonical\" href=\"https:\/\/blog.zeit.de\/joerglau\/2007\/04\/24\/ein-freier-kopf_433\" \/>\n<meta property=\"og:locale\" content=\"de_DE\" \/>\n<meta property=\"og:type\" content=\"article\" \/>\n<meta property=\"og:title\" content=\"Ein freier Kopf - J\u00f6rg Lau\" \/>\n<meta property=\"og:description\" content=\"Neidvoll blicken wir heute auf die Kollegen der WELT, die einen sehr bewegenden und erhellenden Text von Emel Abidin-Algan, der Tochter des Gr\u00fcnders von Milli-G\u00f6r\u00fcs Deutschland, dokumentieren. Frau Abidin Algan schildert ihre Erfahrungen mit dem Ablegen des Kopftuchs und mit der Entwicklung eines neuen, innerlich freien Gottesbezugs. Emel Abidin-Algan Das Ablegen des zur Selbstverst\u00e4ndlichkeit gewordenen [&hellip;]\" \/>\n<meta property=\"og:url\" content=\"https:\/\/blog.zeit.de\/joerglau\/2007\/04\/24\/ein-freier-kopf_433\" \/>\n<meta property=\"og:site_name\" content=\"J\u00f6rg Lau\" \/>\n<meta property=\"article:published_time\" content=\"2007-04-24T07:59:01+00:00\" \/>\n<meta property=\"og:image\" content=\"https:\/\/blog.zeit.de\/joerglau\/files\/2007\/04\/algan.jpg\" \/>\n<meta name=\"author\" content=\"J\u00f6rg Lau\" \/>\n<meta name=\"twitter:card\" content=\"summary_large_image\" \/>\n<meta name=\"twitter:label1\" content=\"Geschrieben von\" \/>\n\t<meta name=\"twitter:data1\" content=\"J\u00f6rg Lau\" \/>\n\t<meta name=\"twitter:label2\" content=\"Gesch\u00e4tzte Lesezeit\" \/>\n\t<meta name=\"twitter:data2\" content=\"2\u00a0Minuten\" \/>\n<script type=\"application\/ld+json\" class=\"yoast-schema-graph\">{\"@context\":\"https:\/\/schema.org\",\"@graph\":[{\"@type\":\"WebPage\",\"@id\":\"https:\/\/blog.zeit.de\/joerglau\/2007\/04\/24\/ein-freier-kopf_433\",\"url\":\"https:\/\/blog.zeit.de\/joerglau\/2007\/04\/24\/ein-freier-kopf_433\",\"name\":\"Ein freier Kopf - J\u00f6rg Lau\",\"isPartOf\":{\"@id\":\"https:\/\/blog.zeit.de\/joerglau\/#website\"},\"datePublished\":\"2007-04-24T07:59:01+00:00\",\"dateModified\":\"2007-04-24T07:59:01+00:00\",\"author\":{\"@id\":\"https:\/\/blog.zeit.de\/joerglau\/#\/schema\/person\/55f0be9bfac24815791fbc852b042f57\"},\"breadcrumb\":{\"@id\":\"https:\/\/blog.zeit.de\/joerglau\/2007\/04\/24\/ein-freier-kopf_433#breadcrumb\"},\"inLanguage\":\"de\",\"potentialAction\":[{\"@type\":\"ReadAction\",\"target\":[\"https:\/\/blog.zeit.de\/joerglau\/2007\/04\/24\/ein-freier-kopf_433\"]}]},{\"@type\":\"BreadcrumbList\",\"@id\":\"https:\/\/blog.zeit.de\/joerglau\/2007\/04\/24\/ein-freier-kopf_433#breadcrumb\",\"itemListElement\":[{\"@type\":\"ListItem\",\"position\":1,\"name\":\"Startseite\",\"item\":\"https:\/\/blog.zeit.de\/joerglau\"},{\"@type\":\"ListItem\",\"position\":2,\"name\":\"Ein freier Kopf\"}]},{\"@type\":\"WebSite\",\"@id\":\"https:\/\/blog.zeit.de\/joerglau\/#website\",\"url\":\"https:\/\/blog.zeit.de\/joerglau\/\",\"name\":\"J\u00f6rg Lau\",\"description\":\"Ein Blog \u00fcber Religion und Politik\",\"potentialAction\":[{\"@type\":\"SearchAction\",\"target\":{\"@type\":\"EntryPoint\",\"urlTemplate\":\"https:\/\/blog.zeit.de\/joerglau\/?s={search_term_string}\"},\"query-input\":\"required name=search_term_string\"}],\"inLanguage\":\"de\"},{\"@type\":\"Person\",\"@id\":\"https:\/\/blog.zeit.de\/joerglau\/#\/schema\/person\/55f0be9bfac24815791fbc852b042f57\",\"name\":\"J\u00f6rg Lau\",\"image\":{\"@type\":\"ImageObject\",\"inLanguage\":\"de\",\"@id\":\"https:\/\/blog.zeit.de\/joerglau\/#\/schema\/person\/image\/\",\"url\":\"https:\/\/secure.gravatar.com\/avatar\/a5fe39bf4f5335b8bac36eefa0b41467221b1598bfea5f05159a0199e391eed0?s=96&d=mm&r=g\",\"contentUrl\":\"https:\/\/secure.gravatar.com\/avatar\/a5fe39bf4f5335b8bac36eefa0b41467221b1598bfea5f05159a0199e391eed0?s=96&d=mm&r=g\",\"caption\":\"J\u00f6rg Lau\"},\"url\":\"https:\/\/blog.zeit.de\/joerglau\/author\/joerg-lau\"}]}<\/script>\n<!-- \/ Yoast SEO plugin. -->","yoast_head_json":{"title":"Ein freier Kopf - J\u00f6rg Lau","robots":{"index":"index","follow":"follow","max-snippet":"max-snippet:-1","max-image-preview":"max-image-preview:large","max-video-preview":"max-video-preview:-1"},"canonical":"https:\/\/blog.zeit.de\/joerglau\/2007\/04\/24\/ein-freier-kopf_433","og_locale":"de_DE","og_type":"article","og_title":"Ein freier Kopf - J\u00f6rg Lau","og_description":"Neidvoll blicken wir heute auf die Kollegen der WELT, die einen sehr bewegenden und erhellenden Text von Emel Abidin-Algan, der Tochter des Gr\u00fcnders von Milli-G\u00f6r\u00fcs Deutschland, dokumentieren. Frau Abidin Algan schildert ihre Erfahrungen mit dem Ablegen des Kopftuchs und mit der Entwicklung eines neuen, innerlich freien Gottesbezugs. Emel Abidin-Algan Das Ablegen des zur Selbstverst\u00e4ndlichkeit gewordenen [&hellip;]","og_url":"https:\/\/blog.zeit.de\/joerglau\/2007\/04\/24\/ein-freier-kopf_433","og_site_name":"J\u00f6rg Lau","article_published_time":"2007-04-24T07:59:01+00:00","og_image":[{"url":"https:\/\/blog.zeit.de\/joerglau\/files\/2007\/04\/algan.jpg"}],"author":"J\u00f6rg Lau","twitter_card":"summary_large_image","twitter_misc":{"Geschrieben von":"J\u00f6rg Lau","Gesch\u00e4tzte Lesezeit":"2\u00a0Minuten"},"schema":{"@context":"https:\/\/schema.org","@graph":[{"@type":"WebPage","@id":"https:\/\/blog.zeit.de\/joerglau\/2007\/04\/24\/ein-freier-kopf_433","url":"https:\/\/blog.zeit.de\/joerglau\/2007\/04\/24\/ein-freier-kopf_433","name":"Ein freier Kopf - J\u00f6rg Lau","isPartOf":{"@id":"https:\/\/blog.zeit.de\/joerglau\/#website"},"datePublished":"2007-04-24T07:59:01+00:00","dateModified":"2007-04-24T07:59:01+00:00","author":{"@id":"https:\/\/blog.zeit.de\/joerglau\/#\/schema\/person\/55f0be9bfac24815791fbc852b042f57"},"breadcrumb":{"@id":"https:\/\/blog.zeit.de\/joerglau\/2007\/04\/24\/ein-freier-kopf_433#breadcrumb"},"inLanguage":"de","potentialAction":[{"@type":"ReadAction","target":["https:\/\/blog.zeit.de\/joerglau\/2007\/04\/24\/ein-freier-kopf_433"]}]},{"@type":"BreadcrumbList","@id":"https:\/\/blog.zeit.de\/joerglau\/2007\/04\/24\/ein-freier-kopf_433#breadcrumb","itemListElement":[{"@type":"ListItem","position":1,"name":"Startseite","item":"https:\/\/blog.zeit.de\/joerglau"},{"@type":"ListItem","position":2,"name":"Ein freier Kopf"}]},{"@type":"WebSite","@id":"https:\/\/blog.zeit.de\/joerglau\/#website","url":"https:\/\/blog.zeit.de\/joerglau\/","name":"J\u00f6rg Lau","description":"Ein Blog \u00fcber Religion und Politik","potentialAction":[{"@type":"SearchAction","target":{"@type":"EntryPoint","urlTemplate":"https:\/\/blog.zeit.de\/joerglau\/?s={search_term_string}"},"query-input":"required name=search_term_string"}],"inLanguage":"de"},{"@type":"Person","@id":"https:\/\/blog.zeit.de\/joerglau\/#\/schema\/person\/55f0be9bfac24815791fbc852b042f57","name":"J\u00f6rg Lau","image":{"@type":"ImageObject","inLanguage":"de","@id":"https:\/\/blog.zeit.de\/joerglau\/#\/schema\/person\/image\/","url":"https:\/\/secure.gravatar.com\/avatar\/a5fe39bf4f5335b8bac36eefa0b41467221b1598bfea5f05159a0199e391eed0?s=96&d=mm&r=g","contentUrl":"https:\/\/secure.gravatar.com\/avatar\/a5fe39bf4f5335b8bac36eefa0b41467221b1598bfea5f05159a0199e391eed0?s=96&d=mm&r=g","caption":"J\u00f6rg Lau"},"url":"https:\/\/blog.zeit.de\/joerglau\/author\/joerg-lau"}]}},"jetpack_featured_media_url":"","jetpack_sharing_enabled":true,"jetpack_shortlink":"https:\/\/wp.me\/pG02W-6Z","_links":{"self":[{"href":"https:\/\/blog.zeit.de\/joerglau\/wp-json\/wp\/v2\/posts\/433","targetHints":{"allow":["GET"]}}],"collection":[{"href":"https:\/\/blog.zeit.de\/joerglau\/wp-json\/wp\/v2\/posts"}],"about":[{"href":"https:\/\/blog.zeit.de\/joerglau\/wp-json\/wp\/v2\/types\/post"}],"author":[{"embeddable":true,"href":"https:\/\/blog.zeit.de\/joerglau\/wp-json\/wp\/v2\/users\/54"}],"replies":[{"embeddable":true,"href":"https:\/\/blog.zeit.de\/joerglau\/wp-json\/wp\/v2\/comments?post=433"}],"version-history":[{"count":0,"href":"https:\/\/blog.zeit.de\/joerglau\/wp-json\/wp\/v2\/posts\/433\/revisions"}],"wp:attachment":[{"href":"https:\/\/blog.zeit.de\/joerglau\/wp-json\/wp\/v2\/media?parent=433"}],"wp:term":[{"taxonomy":"category","embeddable":true,"href":"https:\/\/blog.zeit.de\/joerglau\/wp-json\/wp\/v2\/categories?post=433"},{"taxonomy":"post_tag","embeddable":true,"href":"https:\/\/blog.zeit.de\/joerglau\/wp-json\/wp\/v2\/tags?post=433"}],"curies":[{"name":"wp","href":"https:\/\/api.w.org\/{rel}","templated":true}]}}