{"id":4356,"date":"2010-11-23T11:33:03","date_gmt":"2010-11-23T10:33:03","guid":{"rendered":"http:\/\/blog.zeit.de\/joerglau\/?p=4356"},"modified":"2010-11-23T11:33:04","modified_gmt":"2010-11-23T10:33:04","slug":"der-taliban-hauptmann-von-kopenick","status":"publish","type":"post","link":"https:\/\/blog.zeit.de\/joerglau\/2010\/11\/23\/der-taliban-hauptmann-von-kopenick_4356","title":{"rendered":"Der Taliban-Hauptmann von K\u00f6penick"},"content":{"rendered":"<p>Es ist wom\u00f6glich ein westliches Vorurteil, dass die Taliban keinen Sinn f\u00fcr Humor haben. Das zeigt sich an folgender Wendung in den Verhandlungen mit ihnen, von denen die <a href=\"http:\/\/www.nytimes.com\/2010\/11\/23\/world\/asia\/23kabul.html?partner=rss&amp;emc=rss\">New York Times heute berichtet<\/a>.<\/p>\n<p>Der Mann, der wochenlang als <a href=\"http:\/\/www.interpol.int\/public\/Data\/NoticesUN\/Notices\/Data\/2007\/49\/2007_47849.asp\">Mullah Akhtar Muhammad Mansour<\/a> posiert hat, einer der rangh\u00f6chsten Talibankommandeure nach Mullah Omar, ist &#8230; na ja, man wei\u00df es nicht, jedenfalls nicht, wer er behauptete zu sein.<\/p>\n<p>Das ist peinlich, denn auf diesem hochrangigen Kontakt basierten die Hoffnungen, in absehbarer Zeit zu einer Art Frieden mit den Aufst\u00e4ndischen zu kommen. Es zeigt, wie wenig die westliche Allianz offenbar von ihrem Feind wei\u00df: Niemand war in der Lage, den beturbanten Herrn als den Betr\u00fcger zu entlarven, der er war.<\/p>\n<p>(Ich mu\u00df sagen, ich verstehe das. Als ich vor zwei Jahren von Dubai nach Pakistan flog, h\u00e4tte ich schw\u00f6ren k\u00f6nnen, jeder in dem Flugzeug war ein Talib. Die sahen einfach alle so aus. Und wer wei\u00df&#8230;)<\/p>\n<p>Wahnsinn:<\/p>\n<p><em>\u201cIt\u2019s not him,\u201d said a Western diplomat in Kabul intimately involved in the discussions. \u201cAnd we gave him a lot of money.\u201d<\/em><\/p>\n<p><em>American officials confirmed Monday that they had given up hope that the Afghan was Mr. Mansour, or even a member of the Taliban leadership.<\/em><\/p>\n<p><em>NATO and Afghan officials said they held three meetings with the man, who traveled from in Pakistan, where Taliban leaders have taken refuge.<\/em><\/p>\n<p><em>The fake Taliban leader even met with President <a title=\"More articles about Hamid Karzai.\" href=\"http:\/\/topics.nytimes.com\/top\/reference\/timestopics\/people\/k\/hamid_karzai\/index.html?inline=nyt-per\">Hamid Karzai<\/a>, having been flown to Kabul on a NATO aircraft and ushered into the presidential palace, officials said.<\/em><\/p>\n<p>Der Typ hat Geld abgezockt und sich mit einem Nato-Hubschrauber zu Karsai fliegen lassen! Und keiner hat&#8217;s gemerkt! Respekt, Mann!<\/p>\n<p>(Nat\u00fcrlich ist die Sache alles andere als lustig. In dem Artikel gibt es verschiedene Thesen \u00fcber das Ereignis: Der Mann war einfach ein Hochstapler. Er war eine Marionette des pakistanischen Geheimdienstes, der die Gespr\u00e4che mit den Taliban sabotieren will. Oder er wurde von Mullah Omar pers\u00f6nlich geschickt, um den Westen vorzuf\u00fchren. Was dann doch wieder lustig w\u00e4re, auf eine Art.)<\/p>\n<p><em><br \/>\n<\/em><\/p>\n","protected":false},"excerpt":{"rendered":"<p>Es ist wom\u00f6glich ein westliches Vorurteil, dass die Taliban keinen Sinn f\u00fcr Humor haben. Das zeigt sich an folgender Wendung in den Verhandlungen mit ihnen, von denen die New York Times heute berichtet. Der Mann, der wochenlang als Mullah Akhtar Muhammad Mansour posiert hat, einer der rangh\u00f6chsten Talibankommandeure nach Mullah Omar, ist &#8230; na ja, [&hellip;]<\/p>\n","protected":false},"author":54,"featured_media":0,"comment_status":"open","ping_status":"closed","sticky":false,"template":"","format":"standard","meta":{"jetpack_post_was_ever_published":false,"footnotes":""},"categories":[151,152],"tags":[],"class_list":["post-4356","post","type-post","status-publish","format-standard","hentry","category-afghanistan","category-aussenpolitik"],"yoast_head":"<!-- This site is optimized with the Yoast SEO plugin v21.0 - https:\/\/yoast.com\/wordpress\/plugins\/seo\/ -->\n<title>Der Taliban-Hauptmann von K\u00f6penick - J\u00f6rg Lau<\/title>\n<meta name=\"robots\" content=\"index, follow, max-snippet:-1, max-image-preview:large, max-video-preview:-1\" \/>\n<link rel=\"canonical\" href=\"https:\/\/blog.zeit.de\/joerglau\/2010\/11\/23\/der-taliban-hauptmann-von-kopenick_4356\" \/>\n<meta property=\"og:locale\" content=\"de_DE\" \/>\n<meta property=\"og:type\" content=\"article\" \/>\n<meta property=\"og:title\" content=\"Der Taliban-Hauptmann von K\u00f6penick - J\u00f6rg Lau\" \/>\n<meta property=\"og:description\" content=\"Es ist wom\u00f6glich ein westliches Vorurteil, dass die Taliban keinen Sinn f\u00fcr Humor haben. Das zeigt sich an folgender Wendung in den Verhandlungen mit ihnen, von denen die New York Times heute berichtet. Der Mann, der wochenlang als Mullah Akhtar Muhammad Mansour posiert hat, einer der rangh\u00f6chsten Talibankommandeure nach Mullah Omar, ist &#8230; na ja, [&hellip;]\" \/>\n<meta property=\"og:url\" content=\"https:\/\/blog.zeit.de\/joerglau\/2010\/11\/23\/der-taliban-hauptmann-von-kopenick_4356\" \/>\n<meta property=\"og:site_name\" content=\"J\u00f6rg Lau\" \/>\n<meta property=\"article:published_time\" content=\"2010-11-23T10:33:03+00:00\" \/>\n<meta property=\"article:modified_time\" content=\"2010-11-23T10:33:04+00:00\" \/>\n<meta name=\"author\" content=\"J\u00f6rg Lau\" \/>\n<meta name=\"twitter:card\" content=\"summary_large_image\" \/>\n<meta name=\"twitter:label1\" content=\"Geschrieben von\" \/>\n\t<meta name=\"twitter:data1\" content=\"J\u00f6rg Lau\" \/>\n\t<meta name=\"twitter:label2\" content=\"Gesch\u00e4tzte Lesezeit\" \/>\n\t<meta name=\"twitter:data2\" content=\"2\u00a0Minuten\" \/>\n<script type=\"application\/ld+json\" class=\"yoast-schema-graph\">{\"@context\":\"https:\/\/schema.org\",\"@graph\":[{\"@type\":\"WebPage\",\"@id\":\"https:\/\/blog.zeit.de\/joerglau\/2010\/11\/23\/der-taliban-hauptmann-von-kopenick_4356\",\"url\":\"https:\/\/blog.zeit.de\/joerglau\/2010\/11\/23\/der-taliban-hauptmann-von-kopenick_4356\",\"name\":\"Der Taliban-Hauptmann von K\u00f6penick - J\u00f6rg Lau\",\"isPartOf\":{\"@id\":\"https:\/\/blog.zeit.de\/joerglau\/#website\"},\"datePublished\":\"2010-11-23T10:33:03+00:00\",\"dateModified\":\"2010-11-23T10:33:04+00:00\",\"author\":{\"@id\":\"https:\/\/blog.zeit.de\/joerglau\/#\/schema\/person\/55f0be9bfac24815791fbc852b042f57\"},\"breadcrumb\":{\"@id\":\"https:\/\/blog.zeit.de\/joerglau\/2010\/11\/23\/der-taliban-hauptmann-von-kopenick_4356#breadcrumb\"},\"inLanguage\":\"de\",\"potentialAction\":[{\"@type\":\"ReadAction\",\"target\":[\"https:\/\/blog.zeit.de\/joerglau\/2010\/11\/23\/der-taliban-hauptmann-von-kopenick_4356\"]}]},{\"@type\":\"BreadcrumbList\",\"@id\":\"https:\/\/blog.zeit.de\/joerglau\/2010\/11\/23\/der-taliban-hauptmann-von-kopenick_4356#breadcrumb\",\"itemListElement\":[{\"@type\":\"ListItem\",\"position\":1,\"name\":\"Startseite\",\"item\":\"https:\/\/blog.zeit.de\/joerglau\"},{\"@type\":\"ListItem\",\"position\":2,\"name\":\"Der Taliban-Hauptmann von K\u00f6penick\"}]},{\"@type\":\"WebSite\",\"@id\":\"https:\/\/blog.zeit.de\/joerglau\/#website\",\"url\":\"https:\/\/blog.zeit.de\/joerglau\/\",\"name\":\"J\u00f6rg Lau\",\"description\":\"Ein Blog \u00fcber Religion und Politik\",\"potentialAction\":[{\"@type\":\"SearchAction\",\"target\":{\"@type\":\"EntryPoint\",\"urlTemplate\":\"https:\/\/blog.zeit.de\/joerglau\/?s={search_term_string}\"},\"query-input\":\"required name=search_term_string\"}],\"inLanguage\":\"de\"},{\"@type\":\"Person\",\"@id\":\"https:\/\/blog.zeit.de\/joerglau\/#\/schema\/person\/55f0be9bfac24815791fbc852b042f57\",\"name\":\"J\u00f6rg Lau\",\"image\":{\"@type\":\"ImageObject\",\"inLanguage\":\"de\",\"@id\":\"https:\/\/blog.zeit.de\/joerglau\/#\/schema\/person\/image\/\",\"url\":\"https:\/\/secure.gravatar.com\/avatar\/a5fe39bf4f5335b8bac36eefa0b41467221b1598bfea5f05159a0199e391eed0?s=96&d=mm&r=g\",\"contentUrl\":\"https:\/\/secure.gravatar.com\/avatar\/a5fe39bf4f5335b8bac36eefa0b41467221b1598bfea5f05159a0199e391eed0?s=96&d=mm&r=g\",\"caption\":\"J\u00f6rg Lau\"},\"url\":\"https:\/\/blog.zeit.de\/joerglau\/author\/joerg-lau\"}]}<\/script>\n<!-- \/ Yoast SEO plugin. -->","yoast_head_json":{"title":"Der Taliban-Hauptmann von K\u00f6penick - J\u00f6rg Lau","robots":{"index":"index","follow":"follow","max-snippet":"max-snippet:-1","max-image-preview":"max-image-preview:large","max-video-preview":"max-video-preview:-1"},"canonical":"https:\/\/blog.zeit.de\/joerglau\/2010\/11\/23\/der-taliban-hauptmann-von-kopenick_4356","og_locale":"de_DE","og_type":"article","og_title":"Der Taliban-Hauptmann von K\u00f6penick - J\u00f6rg Lau","og_description":"Es ist wom\u00f6glich ein westliches Vorurteil, dass die Taliban keinen Sinn f\u00fcr Humor haben. Das zeigt sich an folgender Wendung in den Verhandlungen mit ihnen, von denen die New York Times heute berichtet. Der Mann, der wochenlang als Mullah Akhtar Muhammad Mansour posiert hat, einer der rangh\u00f6chsten Talibankommandeure nach Mullah Omar, ist &#8230; na ja, [&hellip;]","og_url":"https:\/\/blog.zeit.de\/joerglau\/2010\/11\/23\/der-taliban-hauptmann-von-kopenick_4356","og_site_name":"J\u00f6rg Lau","article_published_time":"2010-11-23T10:33:03+00:00","article_modified_time":"2010-11-23T10:33:04+00:00","author":"J\u00f6rg Lau","twitter_card":"summary_large_image","twitter_misc":{"Geschrieben von":"J\u00f6rg Lau","Gesch\u00e4tzte Lesezeit":"2\u00a0Minuten"},"schema":{"@context":"https:\/\/schema.org","@graph":[{"@type":"WebPage","@id":"https:\/\/blog.zeit.de\/joerglau\/2010\/11\/23\/der-taliban-hauptmann-von-kopenick_4356","url":"https:\/\/blog.zeit.de\/joerglau\/2010\/11\/23\/der-taliban-hauptmann-von-kopenick_4356","name":"Der Taliban-Hauptmann von K\u00f6penick - J\u00f6rg Lau","isPartOf":{"@id":"https:\/\/blog.zeit.de\/joerglau\/#website"},"datePublished":"2010-11-23T10:33:03+00:00","dateModified":"2010-11-23T10:33:04+00:00","author":{"@id":"https:\/\/blog.zeit.de\/joerglau\/#\/schema\/person\/55f0be9bfac24815791fbc852b042f57"},"breadcrumb":{"@id":"https:\/\/blog.zeit.de\/joerglau\/2010\/11\/23\/der-taliban-hauptmann-von-kopenick_4356#breadcrumb"},"inLanguage":"de","potentialAction":[{"@type":"ReadAction","target":["https:\/\/blog.zeit.de\/joerglau\/2010\/11\/23\/der-taliban-hauptmann-von-kopenick_4356"]}]},{"@type":"BreadcrumbList","@id":"https:\/\/blog.zeit.de\/joerglau\/2010\/11\/23\/der-taliban-hauptmann-von-kopenick_4356#breadcrumb","itemListElement":[{"@type":"ListItem","position":1,"name":"Startseite","item":"https:\/\/blog.zeit.de\/joerglau"},{"@type":"ListItem","position":2,"name":"Der Taliban-Hauptmann von K\u00f6penick"}]},{"@type":"WebSite","@id":"https:\/\/blog.zeit.de\/joerglau\/#website","url":"https:\/\/blog.zeit.de\/joerglau\/","name":"J\u00f6rg Lau","description":"Ein Blog \u00fcber Religion und Politik","potentialAction":[{"@type":"SearchAction","target":{"@type":"EntryPoint","urlTemplate":"https:\/\/blog.zeit.de\/joerglau\/?s={search_term_string}"},"query-input":"required name=search_term_string"}],"inLanguage":"de"},{"@type":"Person","@id":"https:\/\/blog.zeit.de\/joerglau\/#\/schema\/person\/55f0be9bfac24815791fbc852b042f57","name":"J\u00f6rg Lau","image":{"@type":"ImageObject","inLanguage":"de","@id":"https:\/\/blog.zeit.de\/joerglau\/#\/schema\/person\/image\/","url":"https:\/\/secure.gravatar.com\/avatar\/a5fe39bf4f5335b8bac36eefa0b41467221b1598bfea5f05159a0199e391eed0?s=96&d=mm&r=g","contentUrl":"https:\/\/secure.gravatar.com\/avatar\/a5fe39bf4f5335b8bac36eefa0b41467221b1598bfea5f05159a0199e391eed0?s=96&d=mm&r=g","caption":"J\u00f6rg Lau"},"url":"https:\/\/blog.zeit.de\/joerglau\/author\/joerg-lau"}]}},"jetpack_featured_media_url":"","jetpack_sharing_enabled":true,"jetpack_shortlink":"https:\/\/wp.me\/pG02W-18g","_links":{"self":[{"href":"https:\/\/blog.zeit.de\/joerglau\/wp-json\/wp\/v2\/posts\/4356","targetHints":{"allow":["GET"]}}],"collection":[{"href":"https:\/\/blog.zeit.de\/joerglau\/wp-json\/wp\/v2\/posts"}],"about":[{"href":"https:\/\/blog.zeit.de\/joerglau\/wp-json\/wp\/v2\/types\/post"}],"author":[{"embeddable":true,"href":"https:\/\/blog.zeit.de\/joerglau\/wp-json\/wp\/v2\/users\/54"}],"replies":[{"embeddable":true,"href":"https:\/\/blog.zeit.de\/joerglau\/wp-json\/wp\/v2\/comments?post=4356"}],"version-history":[{"count":1,"href":"https:\/\/blog.zeit.de\/joerglau\/wp-json\/wp\/v2\/posts\/4356\/revisions"}],"predecessor-version":[{"id":4357,"href":"https:\/\/blog.zeit.de\/joerglau\/wp-json\/wp\/v2\/posts\/4356\/revisions\/4357"}],"wp:attachment":[{"href":"https:\/\/blog.zeit.de\/joerglau\/wp-json\/wp\/v2\/media?parent=4356"}],"wp:term":[{"taxonomy":"category","embeddable":true,"href":"https:\/\/blog.zeit.de\/joerglau\/wp-json\/wp\/v2\/categories?post=4356"},{"taxonomy":"post_tag","embeddable":true,"href":"https:\/\/blog.zeit.de\/joerglau\/wp-json\/wp\/v2\/tags?post=4356"}],"curies":[{"name":"wp","href":"https:\/\/api.w.org\/{rel}","templated":true}]}}