{"id":4412,"date":"2010-12-08T17:22:54","date_gmt":"2010-12-08T16:22:54","guid":{"rendered":"http:\/\/blog.zeit.de\/joerglau\/?p=4412"},"modified":"2010-12-08T17:22:54","modified_gmt":"2010-12-08T16:22:54","slug":"kulturelle-grunde-des-islamischen-ruckstands","status":"publish","type":"post","link":"https:\/\/blog.zeit.de\/joerglau\/2010\/12\/08\/kulturelle-grunde-des-islamischen-ruckstands_4412","title":{"rendered":"Kulturelle Gr\u00fcnde des islamischen R\u00fcckstands"},"content":{"rendered":"<p>Der Merkur hat anl\u00e4\u00dflich der Sarrazin-Debatte einen exzellenten Artikel von Siegfried Kohlhammer wiederver\u00f6ffentlicht, in dem alles schon drin steht \u00fcber die kulturellen Gr\u00fcnde des wirtschaftlichen Versagens vieler muslimischer Einwanderer. (F\u00fcr kurze Zeit im Netz, <a href=\"http:\/\/www.online-merkur.de\/\">hier<\/a> unter &#8222;Hintergrund&#8220; klicken.) Unter anderem z\u00e4hlt Kohlhammer zu den Hinderungsgr\u00fcnden den Familiarismus, auf den viele Muslime gerade stolz sind. Hier h\u00e4tte ich mir allerdings gew\u00fcnscht, dass erkl\u00e4rt w\u00fcrde, warum der chinesische oder koreanische Familiarismus nicht die gleichen sch\u00e4dlichen Wirkungen entfaltet. Zitat:<\/p>\n<blockquote><p>Einen entscheidenden negativen Faktor bei der Integration \u2212 und weiterhin im wirtschaftlichen Handeln \u2212 bedeutet der Familiarismus der konservativen muslimischen Einwanderer: Das Wohl der Familie und der Nutzen fu\u0308r die Familie sind die oberstenWerte, denen sich alle anderen gesellschaftlichen Werte, Gesetze und Regeln unterzuordnen haben. Das f\u00f6rdert Nepotismus, Korruption und generell die Mi\u00dfachtung der meritokratischen Prinzipien und der egalit\u00e4ren Gesetze, wie sie dieMehrheitsgesellschaft vertritt.<br \/>\nDie Gesetze und die Polizei des Aufnahmelandes werden nicht als gemeinsamer Schutz aller gesehen, sondern als Eingriffe und\u00dcbergriffe von au\u00dfen. Familiarismus schafft so eine Doppelmoral, isoliert sozial und verhindert das fu\u0308r Integration wie Wirtschaftsaktivit\u00e4ten wichtige Vertrauen.<br \/>\nWenn Vertrauen nicht u\u0308ber den Rand der Familie oder Sippe hinausreicht, wird Kooperation mit anderen erschwert. Mi\u00dftrauen und Verschw\u00f6rungsdenken dominieren imVerh\u00e4ltnis nach au\u00dfen.\u00d6konomischesHandeln ist zu einem wesentlichen Teil Kooperieren mit familienfremden anderen, und je mehr ich diesen Fremden vertraue und vertrauen kann, desto reibungsloser und erfolgreicher wird mein \u00f6konomisches Handeln sein. Kulturen wie die islamischen oder lateinamerikanischen, in denen, aus welchen Gru\u0308nden auch immer, der Radius des Vertrauens sehr gering ist, sind wirtschaftlich benachteiligt.<br \/>\nZugleich ist der Familiarismus die Prim\u00e4rform des antiindividualistischen Kollektivismus. Individualismus aber ist eines der bestimmenden Prinzipien moderner westlicher Gesellschaften&#8230;.<\/p><\/blockquote>\n","protected":false},"excerpt":{"rendered":"<p>Der Merkur hat anl\u00e4\u00dflich der Sarrazin-Debatte einen exzellenten Artikel von Siegfried Kohlhammer wiederver\u00f6ffentlicht, in dem alles schon drin steht \u00fcber die kulturellen Gr\u00fcnde des wirtschaftlichen Versagens vieler muslimischer Einwanderer. (F\u00fcr kurze Zeit im Netz, hier unter &#8222;Hintergrund&#8220; klicken.) Unter anderem z\u00e4hlt Kohlhammer zu den Hinderungsgr\u00fcnden den Familiarismus, auf den viele Muslime gerade stolz sind. Hier [&hellip;]<\/p>\n","protected":false},"author":54,"featured_media":0,"comment_status":"open","ping_status":"closed","sticky":false,"template":"","format":"standard","meta":{"jetpack_post_was_ever_published":false,"footnotes":""},"categories":[157],"tags":[],"class_list":["post-4412","post","type-post","status-publish","format-standard","hentry","category-die-freunde-und-die-feinde-des-islams"],"yoast_head":"<!-- This site is optimized with the Yoast SEO plugin v21.0 - https:\/\/yoast.com\/wordpress\/plugins\/seo\/ -->\n<title>Kulturelle Gr\u00fcnde des islamischen R\u00fcckstands - J\u00f6rg Lau<\/title>\n<meta name=\"robots\" content=\"index, follow, max-snippet:-1, max-image-preview:large, max-video-preview:-1\" \/>\n<link rel=\"canonical\" href=\"https:\/\/blog.zeit.de\/joerglau\/2010\/12\/08\/kulturelle-grunde-des-islamischen-ruckstands_4412\" \/>\n<meta property=\"og:locale\" content=\"de_DE\" \/>\n<meta property=\"og:type\" content=\"article\" \/>\n<meta property=\"og:title\" content=\"Kulturelle Gr\u00fcnde des islamischen R\u00fcckstands - J\u00f6rg Lau\" \/>\n<meta property=\"og:description\" content=\"Der Merkur hat anl\u00e4\u00dflich der Sarrazin-Debatte einen exzellenten Artikel von Siegfried Kohlhammer wiederver\u00f6ffentlicht, in dem alles schon drin steht \u00fcber die kulturellen Gr\u00fcnde des wirtschaftlichen Versagens vieler muslimischer Einwanderer. (F\u00fcr kurze Zeit im Netz, hier unter &#8222;Hintergrund&#8220; klicken.) Unter anderem z\u00e4hlt Kohlhammer zu den Hinderungsgr\u00fcnden den Familiarismus, auf den viele Muslime gerade stolz sind. Hier [&hellip;]\" \/>\n<meta property=\"og:url\" content=\"https:\/\/blog.zeit.de\/joerglau\/2010\/12\/08\/kulturelle-grunde-des-islamischen-ruckstands_4412\" \/>\n<meta property=\"og:site_name\" content=\"J\u00f6rg Lau\" \/>\n<meta property=\"article:published_time\" content=\"2010-12-08T16:22:54+00:00\" \/>\n<meta name=\"author\" content=\"J\u00f6rg Lau\" \/>\n<meta name=\"twitter:card\" content=\"summary_large_image\" \/>\n<meta name=\"twitter:label1\" content=\"Geschrieben von\" \/>\n\t<meta name=\"twitter:data1\" content=\"J\u00f6rg Lau\" \/>\n\t<meta name=\"twitter:label2\" content=\"Gesch\u00e4tzte Lesezeit\" \/>\n\t<meta name=\"twitter:data2\" content=\"1\u00a0Minute\" \/>\n<script type=\"application\/ld+json\" class=\"yoast-schema-graph\">{\"@context\":\"https:\/\/schema.org\",\"@graph\":[{\"@type\":\"WebPage\",\"@id\":\"https:\/\/blog.zeit.de\/joerglau\/2010\/12\/08\/kulturelle-grunde-des-islamischen-ruckstands_4412\",\"url\":\"https:\/\/blog.zeit.de\/joerglau\/2010\/12\/08\/kulturelle-grunde-des-islamischen-ruckstands_4412\",\"name\":\"Kulturelle Gr\u00fcnde des islamischen R\u00fcckstands - J\u00f6rg Lau\",\"isPartOf\":{\"@id\":\"https:\/\/blog.zeit.de\/joerglau\/#website\"},\"datePublished\":\"2010-12-08T16:22:54+00:00\",\"dateModified\":\"2010-12-08T16:22:54+00:00\",\"author\":{\"@id\":\"https:\/\/blog.zeit.de\/joerglau\/#\/schema\/person\/55f0be9bfac24815791fbc852b042f57\"},\"breadcrumb\":{\"@id\":\"https:\/\/blog.zeit.de\/joerglau\/2010\/12\/08\/kulturelle-grunde-des-islamischen-ruckstands_4412#breadcrumb\"},\"inLanguage\":\"de\",\"potentialAction\":[{\"@type\":\"ReadAction\",\"target\":[\"https:\/\/blog.zeit.de\/joerglau\/2010\/12\/08\/kulturelle-grunde-des-islamischen-ruckstands_4412\"]}]},{\"@type\":\"BreadcrumbList\",\"@id\":\"https:\/\/blog.zeit.de\/joerglau\/2010\/12\/08\/kulturelle-grunde-des-islamischen-ruckstands_4412#breadcrumb\",\"itemListElement\":[{\"@type\":\"ListItem\",\"position\":1,\"name\":\"Startseite\",\"item\":\"https:\/\/blog.zeit.de\/joerglau\"},{\"@type\":\"ListItem\",\"position\":2,\"name\":\"Kulturelle Gr\u00fcnde des islamischen R\u00fcckstands\"}]},{\"@type\":\"WebSite\",\"@id\":\"https:\/\/blog.zeit.de\/joerglau\/#website\",\"url\":\"https:\/\/blog.zeit.de\/joerglau\/\",\"name\":\"J\u00f6rg Lau\",\"description\":\"Ein Blog \u00fcber Religion und Politik\",\"potentialAction\":[{\"@type\":\"SearchAction\",\"target\":{\"@type\":\"EntryPoint\",\"urlTemplate\":\"https:\/\/blog.zeit.de\/joerglau\/?s={search_term_string}\"},\"query-input\":\"required name=search_term_string\"}],\"inLanguage\":\"de\"},{\"@type\":\"Person\",\"@id\":\"https:\/\/blog.zeit.de\/joerglau\/#\/schema\/person\/55f0be9bfac24815791fbc852b042f57\",\"name\":\"J\u00f6rg Lau\",\"image\":{\"@type\":\"ImageObject\",\"inLanguage\":\"de\",\"@id\":\"https:\/\/blog.zeit.de\/joerglau\/#\/schema\/person\/image\/\",\"url\":\"https:\/\/secure.gravatar.com\/avatar\/a5fe39bf4f5335b8bac36eefa0b41467221b1598bfea5f05159a0199e391eed0?s=96&d=mm&r=g\",\"contentUrl\":\"https:\/\/secure.gravatar.com\/avatar\/a5fe39bf4f5335b8bac36eefa0b41467221b1598bfea5f05159a0199e391eed0?s=96&d=mm&r=g\",\"caption\":\"J\u00f6rg Lau\"},\"url\":\"https:\/\/blog.zeit.de\/joerglau\/author\/joerg-lau\"}]}<\/script>\n<!-- \/ Yoast SEO plugin. -->","yoast_head_json":{"title":"Kulturelle Gr\u00fcnde des islamischen R\u00fcckstands - J\u00f6rg Lau","robots":{"index":"index","follow":"follow","max-snippet":"max-snippet:-1","max-image-preview":"max-image-preview:large","max-video-preview":"max-video-preview:-1"},"canonical":"https:\/\/blog.zeit.de\/joerglau\/2010\/12\/08\/kulturelle-grunde-des-islamischen-ruckstands_4412","og_locale":"de_DE","og_type":"article","og_title":"Kulturelle Gr\u00fcnde des islamischen R\u00fcckstands - J\u00f6rg Lau","og_description":"Der Merkur hat anl\u00e4\u00dflich der Sarrazin-Debatte einen exzellenten Artikel von Siegfried Kohlhammer wiederver\u00f6ffentlicht, in dem alles schon drin steht \u00fcber die kulturellen Gr\u00fcnde des wirtschaftlichen Versagens vieler muslimischer Einwanderer. (F\u00fcr kurze Zeit im Netz, hier unter &#8222;Hintergrund&#8220; klicken.) Unter anderem z\u00e4hlt Kohlhammer zu den Hinderungsgr\u00fcnden den Familiarismus, auf den viele Muslime gerade stolz sind. Hier [&hellip;]","og_url":"https:\/\/blog.zeit.de\/joerglau\/2010\/12\/08\/kulturelle-grunde-des-islamischen-ruckstands_4412","og_site_name":"J\u00f6rg Lau","article_published_time":"2010-12-08T16:22:54+00:00","author":"J\u00f6rg Lau","twitter_card":"summary_large_image","twitter_misc":{"Geschrieben von":"J\u00f6rg Lau","Gesch\u00e4tzte Lesezeit":"1\u00a0Minute"},"schema":{"@context":"https:\/\/schema.org","@graph":[{"@type":"WebPage","@id":"https:\/\/blog.zeit.de\/joerglau\/2010\/12\/08\/kulturelle-grunde-des-islamischen-ruckstands_4412","url":"https:\/\/blog.zeit.de\/joerglau\/2010\/12\/08\/kulturelle-grunde-des-islamischen-ruckstands_4412","name":"Kulturelle Gr\u00fcnde des islamischen R\u00fcckstands - J\u00f6rg Lau","isPartOf":{"@id":"https:\/\/blog.zeit.de\/joerglau\/#website"},"datePublished":"2010-12-08T16:22:54+00:00","dateModified":"2010-12-08T16:22:54+00:00","author":{"@id":"https:\/\/blog.zeit.de\/joerglau\/#\/schema\/person\/55f0be9bfac24815791fbc852b042f57"},"breadcrumb":{"@id":"https:\/\/blog.zeit.de\/joerglau\/2010\/12\/08\/kulturelle-grunde-des-islamischen-ruckstands_4412#breadcrumb"},"inLanguage":"de","potentialAction":[{"@type":"ReadAction","target":["https:\/\/blog.zeit.de\/joerglau\/2010\/12\/08\/kulturelle-grunde-des-islamischen-ruckstands_4412"]}]},{"@type":"BreadcrumbList","@id":"https:\/\/blog.zeit.de\/joerglau\/2010\/12\/08\/kulturelle-grunde-des-islamischen-ruckstands_4412#breadcrumb","itemListElement":[{"@type":"ListItem","position":1,"name":"Startseite","item":"https:\/\/blog.zeit.de\/joerglau"},{"@type":"ListItem","position":2,"name":"Kulturelle Gr\u00fcnde des islamischen R\u00fcckstands"}]},{"@type":"WebSite","@id":"https:\/\/blog.zeit.de\/joerglau\/#website","url":"https:\/\/blog.zeit.de\/joerglau\/","name":"J\u00f6rg Lau","description":"Ein Blog \u00fcber Religion und Politik","potentialAction":[{"@type":"SearchAction","target":{"@type":"EntryPoint","urlTemplate":"https:\/\/blog.zeit.de\/joerglau\/?s={search_term_string}"},"query-input":"required name=search_term_string"}],"inLanguage":"de"},{"@type":"Person","@id":"https:\/\/blog.zeit.de\/joerglau\/#\/schema\/person\/55f0be9bfac24815791fbc852b042f57","name":"J\u00f6rg Lau","image":{"@type":"ImageObject","inLanguage":"de","@id":"https:\/\/blog.zeit.de\/joerglau\/#\/schema\/person\/image\/","url":"https:\/\/secure.gravatar.com\/avatar\/a5fe39bf4f5335b8bac36eefa0b41467221b1598bfea5f05159a0199e391eed0?s=96&d=mm&r=g","contentUrl":"https:\/\/secure.gravatar.com\/avatar\/a5fe39bf4f5335b8bac36eefa0b41467221b1598bfea5f05159a0199e391eed0?s=96&d=mm&r=g","caption":"J\u00f6rg Lau"},"url":"https:\/\/blog.zeit.de\/joerglau\/author\/joerg-lau"}]}},"jetpack_featured_media_url":"","jetpack_sharing_enabled":true,"jetpack_shortlink":"https:\/\/wp.me\/pG02W-19a","_links":{"self":[{"href":"https:\/\/blog.zeit.de\/joerglau\/wp-json\/wp\/v2\/posts\/4412","targetHints":{"allow":["GET"]}}],"collection":[{"href":"https:\/\/blog.zeit.de\/joerglau\/wp-json\/wp\/v2\/posts"}],"about":[{"href":"https:\/\/blog.zeit.de\/joerglau\/wp-json\/wp\/v2\/types\/post"}],"author":[{"embeddable":true,"href":"https:\/\/blog.zeit.de\/joerglau\/wp-json\/wp\/v2\/users\/54"}],"replies":[{"embeddable":true,"href":"https:\/\/blog.zeit.de\/joerglau\/wp-json\/wp\/v2\/comments?post=4412"}],"version-history":[{"count":1,"href":"https:\/\/blog.zeit.de\/joerglau\/wp-json\/wp\/v2\/posts\/4412\/revisions"}],"predecessor-version":[{"id":4413,"href":"https:\/\/blog.zeit.de\/joerglau\/wp-json\/wp\/v2\/posts\/4412\/revisions\/4413"}],"wp:attachment":[{"href":"https:\/\/blog.zeit.de\/joerglau\/wp-json\/wp\/v2\/media?parent=4412"}],"wp:term":[{"taxonomy":"category","embeddable":true,"href":"https:\/\/blog.zeit.de\/joerglau\/wp-json\/wp\/v2\/categories?post=4412"},{"taxonomy":"post_tag","embeddable":true,"href":"https:\/\/blog.zeit.de\/joerglau\/wp-json\/wp\/v2\/tags?post=4412"}],"curies":[{"name":"wp","href":"https:\/\/api.w.org\/{rel}","templated":true}]}}