{"id":4446,"date":"2011-01-05T17:36:22","date_gmt":"2011-01-05T16:36:22","guid":{"rendered":"http:\/\/blog.zeit.de\/joerglau\/?p=4446"},"modified":"2011-01-05T17:36:22","modified_gmt":"2011-01-05T16:36:22","slug":"deutsche-muslime-verurteilen-massaker-an-christen","status":"publish","type":"post","link":"https:\/\/blog.zeit.de\/joerglau\/2011\/01\/05\/deutsche-muslime-verurteilen-massaker-an-christen_4446","title":{"rendered":"Deutsche Muslime verurteilen Massaker an Christen"},"content":{"rendered":"<p>Es treffen auch Tage nach dem Anschlag von Alexandria immer noch neue Bekundungen des Abscheus von muslimischer Seite ein.\u00a0 Ein paar Kernaussagen seien hier zusammengestellt (nur deutsche Quellen):<\/p>\n<p>Der Koordinationsrat der Muslime schrieb am Samstag <a href=\"http:\/\/islam.de\/17198.php\">auf seiner Website<\/a>:<\/p>\n<blockquote><p>Der Koordinationsrat der Muslime verurteilt diesen  feigen und schrecklichen Anschlag auf das Sch\u00e4rfste. Der Sprecher des KRM  Erol P\u00fcrl\u00fc \u00e4u\u00dferte sich best\u00fcrzt: \u201eWir <strong>verurteilen diesen schrecklichen  und unmenschlichen Anschlag auf das Sch\u00e4rfste<\/strong>. Wer Menschen so  hinterh\u00e4ltig und grausam Schaden zuf\u00fcgt und ermordet, kann sich auf  keine Religion oder eine andere Weltanschauung berufen. Der Koran  fordert den Schutz des Lebens und den Schutz von Gottesh\u00e4usern.\u201c<br \/>\nSure 22, 40: \u201eUnd wenn Allah nicht die einen Menschen durch die anderen  abgewehrt h\u00e4tte, so w\u00e4ren f\u00fcrwahr M\u00f6nchsklausen, Kirchen, Synagogen und  Moscheen zerst\u00f6rt worden, in denen Allahs Name h\u00e4ufig genannt wird.\u201c<\/p><\/blockquote>\n<p>Der <a href=\"http:\/\/www.lib-ev.de\/\">&#8222;Liberal-Islamische Bund&#8220;<\/a> schreibt:<\/p>\n<blockquote><p>Der Liberal-Islamische Bund verurteilt diesen heimt\u00fcckischen Angriff auf das Sch\u00e4rfste. Dabei sehen wir uns an der Seite vieler Musliminnen und Muslime in Deutschland und in aller Welt. Unsere Gedanken sind bei den Opfern und ihren Angeh\u00f6rigen. M\u00f6ge Gott ihnen allen die Kraft und St\u00e4rke geben, die n\u00f6tig ist, um das Erlebte zu ertragen. Wir trauern in der Hoffnung, dass sich alsbald niemand mehr finden wird, dieses blutige Werk fortzuf\u00fchren.<\/p><\/blockquote>\n<blockquote><p>Im Internet kursieren Bekennerschreiben von al-Qaida nahen Gruppierungen. Sollten die T\u00e4ter ihre m\u00f6rderischen Pl\u00e4ne unter Berufung auf den Islam durchgef\u00fchrt haben, so m\u00f6chten wir hier klarstellen, dass es daf\u00fcr <strong>keine theologische Rechtfertigung<\/strong> gibt. Der schreckliche Anschlag ist die Tat von feigen Fanatikern, die den rechten Weg l\u00e4ngst verlassen haben.<\/p>\n<p><strong>Es liegt an uns allen, unmissverst\u00e4ndlich klarzustellen, dass niemand im Auftrag Gottes handeln kann, wenn er andere Menschen ermordet.<\/strong> Es liegt an uns allen, solche Verbrechen beim Namen zu nennen und die T\u00e4ter aus unserer Gemeinschaft auszuschlie\u00dfen. Es liegt an uns allen, <strong>den T\u00e4tern deutlich zu machen, dass sie keine Sympathie und keine Solidarit\u00e4t<\/strong> f\u00fcr ihr Handeln erfahren werden.<\/p>\n<p>Die Antwort auf den Terror und auf das Sch\u00fcren von religi\u00f6sem Hass kann jetzt nur sein, dass sich Christen und Muslime gemeinsam wehren und sich nicht spalten lassen. Wir appellieren an die \u00e4gyptische Regierung, ernsthafte Schritte zu unternehmen, um die strukturelle Diskriminierung von Kopten und anderen religi\u00f6sen Minderheiten in ihrem Land zu \u00fcberwinden.<\/p><\/blockquote>\n<p>Das &#8222;<a href=\"http:\/\/dialog-berlin.de\/\">Forum f\u00fcr Interkulturellen Dialog e.V.<\/a>&#8222;, das dem t\u00fcrkischen Prediger Fethullah G\u00fclen nahesteht,<\/p>\n<blockquote><p>&#8222;verurteilt den Bombenanschlag von Alexandria auf das sch\u00e4rfste. Es gibt keine im Islam begr\u00fcndete, theologische Rechtfertigung f\u00fcr eine solche Tat. Unsere Gedanken sind bei den Opfern und ihren Angeh\u00f6rigen.<br \/>\nFethullah G\u00fclen zu Terror im Islam:<\/p>\n<p>Muslime sollten sagen: \u201eIm wahren Islam gibt es keinen Terror.\u201c Niemand darf einen Menschen t\u00f6ten. Niemand darf einen Unschuldigen t\u00f6ten, selbst im Krieg ist das verboten. Niemandem steht es zu, zu diesem Thema ein Urteil zu erstellen. Niemand darf sich als Selbstmordattent\u00e4ter bet\u00e4tigen. Niemandem ist es erlaubt, mit Bomben am K\u00f6rper in eine Menschenmenge zu st\u00fcrmen. V\u00f6llig unabh\u00e4ngig von der Religionszugeh\u00f6rigkeit der Menschen in jener Menge verbietet dies die Religion. Selbst im Kriegsfall ist das nicht erlaubt. Der Islam ist eine gerechte Religion, die auch richtig gelebt werden sollte. <strong>Es w\u00e4re definitiv falsch, auf dem Weg zum Islam von sinnlosen Ausreden Gebrauch zu machen. Wenn das Ziel, das man verfolgt, ein gerechtes Ziel ist, dann sollten auch die Mittel zur Erreichung dieses Ziels gerecht sein. Aus dieser Perspektive betrachtet, kann niemand dadurch ins Paradies eingehen, dass er einen anderen t\u00f6tet.<\/strong> Kein Muslim kann sagen: \u201eIch werde einen Menschen t\u00f6ten und dann ins Paradies eingehen.\u201c Die Akzeptanz des Willens Gottes verdient man sich nicht dadurch, dass man andere Menschen t\u00f6tet. Ein wahrer Muslim, der den Islam in all seinen Aspekten versteht, kann kein Terrorist sein. Jemand, der sich an terroristischen Aktivit\u00e4ten beteiligt hat, kann kaum ein Muslim bleiben. Die Religion billigt es nicht, einen Menschen zu t\u00f6ten, um ein Ziel zu erreichen.<\/p><\/blockquote>\n<p style=\"text-align: right;\">\n<p>Der <a href=\"http:\/\/www.islam-penzberg.de\/41581.html\">Penzberger Imam Benjamin Idriz<\/a> schreibt zum gleichen Thema:<\/p>\n<blockquote><p>Als Imam und Vorsitzender des \u201eZentrums fu\u0308r Islam in Europa \u2013 Mu\u0308nchen (ZIE-M)\u201c habe ich immer und immer wieder bekr\u00e4ftigt,<br \/>\n&#8211; dass Terror durch nichts auf der Welt zu rechtfertigen ist,<br \/>\n&#8211; dass diejenigen, die Anschl\u00e4ge veru\u0308ben, Verbrechen gegen Gott und gegen die Menschheit begehen,<br \/>\n&#8211; dass das Ansehen unserer Religion, die den Frieden im Namen fu\u0308hrt, durch die sinnlosen und verbrecherischen Taten verblendeter Gewaltt\u00e4ter gesch\u00e4ndet und entstellt wird.<br \/>\nMit den Mitgliedern des ZIE-M bin ich entsetzt und fassungslos, was unseren christlichen Bru\u0308dern und Schwestern in Alexandria angetan wurde.<br \/>\nWir rufen denjenigen zu, die in Hass und Gewalt involviert sind, oder die dazu neigen, solche Verbrechen zu verharmlosen anstatt sie in aller<br \/>\nSchonungslosigkeit beim Namen zu nennen: H\u00f6rt auf mit Eurem Tun und h\u00f6rt auf, Euch dabei auf Gott und auf unsere Religion zu berufen! Terror ist niemals eine L\u00f6sung, aber immer eine Su\u0308nde. Jeder Angriff auf eine Kirche \u2013 oder eine Synagoge \u2013 ist wie ein Angriff auf eine Moschee: eine Su\u0308nde und ein Verbrechen.<br \/>\nIm Namen Gottes und der Menschen:<br \/>\ndenkt nach, glaubt an die wahre Botschaft des Islam und verbreitet Frieden! Wer sich bei solchem Tun auf Gott und auf unsere Religion beruft, stellt sich<br \/>\nin Wahrheit gegen Gott und gegen den Islam. Deshalb rufen wir auch alle Glaubensbru\u0308der und -schwestern auf, <strong>keinesfalls aus falsch verstandener Solidarit\u00e4t potentielle T\u00e4ter zu schu\u0308tzen oder ihr Tun zu verharmlosen<\/strong>! Der Islam gebietet uns, fu\u0308r die Sicherheit der Menschen in jedem Land, in dem wir leben, einzustehen. Deshalb ist fu\u0308r uns gemeinsame <strong>Wachsamkeit mit allen friedliebenden Menschen ebenso wie mit den zust\u00e4ndigen Beh\u00f6rden eine Selbstverst\u00e4ndlichkeit<\/strong>. Gemeinsam mu\u0308ssen wir gegen  Extremismus, gegen Gewalt wie gegen radikale Gesinnungen eintreten, egal gegen wen sie sich richten.<\/p>\n<p>Der Koptisch-Orthodoxen Gemeinde in Mu\u0308nchen dru\u0308cken wir unsere Solidarit\u00e4t, unsere Betroffenheit und unser tief empfundenes Mitgefu\u0308hl aus.<br \/>\nWir wu\u0308nschen Ihnen und Ihren Bru\u0308dern und Schwestern in \u00c4gypten, dass Sie trotz des Entsetzens und der Trauer eine friedvolle Weihnacht feiern k\u00f6nnen und mit Gottes Segen ein Jahr der Aufrichtigkeit, des Miteinanders und der \u00dcberwindung von Konflikten gelingen wird!<\/p><\/blockquote>\n<p>Und schlie\u00dflich, this just in, schreibt die <a href=\"http:\/\/www.rg-islam.de\/index.htm\">Religionsgemeinschaft des Islam Baden W\u00fcrttemberg:<\/a><\/p>\n<blockquote><p>Als Religionsgemeinschaft des Islam verurteilen wir die Anschl\u00e4ge auf Christen und andere Minderheiten in muslimischen L\u00e4ndern aufs Sch\u00e4rfste. Es ist h\u00f6chst bedauerlich und inakzeptabel, dass Menschen aufgrund ihres Glaubens diskriminiert werden und dass ihnen sogar das Lebensrecht abgesprochen wird.<br \/>\n<strong>Nach islamischem Glauben stehen Menschen, die unschuldigen Menschen nach dem Leben trachten, au\u00dferhalb des Islam. Sie sind durch Gehirnw\u00e4sche manipulierte Menschen, die alle anderen als Feinde sehen, die nicht wie sie denken und glauben.<\/strong><br \/>\nDer Islam verbietet solche intolerante, inhumane Aktionen und Auffassungen. Kein aufrichtiger gl\u00e4ubiger Muslim w\u00fcrde sich jemals zu einer solchen Untat\u00a0 hinrei\u00dfen lassen.<br \/>\nWir kennen solche <strong>Menschen mit verzerrtem Glaubensbild<\/strong> zu gen\u00fcge. Daher ist unser Anliegen die <strong>Aufkl\u00e4rung<\/strong> der Muslime hier wie dort.<\/p><\/blockquote>\n","protected":false},"excerpt":{"rendered":"<p>Es treffen auch Tage nach dem Anschlag von Alexandria immer noch neue Bekundungen des Abscheus von muslimischer Seite ein.\u00a0 Ein paar Kernaussagen seien hier zusammengestellt (nur deutsche Quellen): Der Koordinationsrat der Muslime schrieb am Samstag auf seiner Website: Der Koordinationsrat der Muslime verurteilt diesen feigen und schrecklichen Anschlag auf das Sch\u00e4rfste. Der Sprecher des KRM [&hellip;]<\/p>\n","protected":false},"author":54,"featured_media":0,"comment_status":"open","ping_status":"closed","sticky":false,"template":"","format":"standard","meta":{"jetpack_post_was_ever_published":false,"footnotes":""},"categories":[157,167],"tags":[],"class_list":["post-4446","post","type-post","status-publish","format-standard","hentry","category-die-freunde-und-die-feinde-des-islams","category-islamismus-und-terror"],"yoast_head":"<!-- This site is optimized with the Yoast SEO plugin v21.0 - https:\/\/yoast.com\/wordpress\/plugins\/seo\/ -->\n<title>Deutsche Muslime verurteilen Massaker an Christen - J\u00f6rg Lau<\/title>\n<meta name=\"robots\" content=\"index, follow, max-snippet:-1, max-image-preview:large, max-video-preview:-1\" \/>\n<link rel=\"canonical\" href=\"https:\/\/blog.zeit.de\/joerglau\/2011\/01\/05\/deutsche-muslime-verurteilen-massaker-an-christen_4446\" \/>\n<meta property=\"og:locale\" content=\"de_DE\" \/>\n<meta property=\"og:type\" content=\"article\" \/>\n<meta property=\"og:title\" content=\"Deutsche Muslime verurteilen Massaker an Christen - J\u00f6rg Lau\" \/>\n<meta property=\"og:description\" content=\"Es treffen auch Tage nach dem Anschlag von Alexandria immer noch neue Bekundungen des Abscheus von muslimischer Seite ein.\u00a0 Ein paar Kernaussagen seien hier zusammengestellt (nur deutsche Quellen): Der Koordinationsrat der Muslime schrieb am Samstag auf seiner Website: Der Koordinationsrat der Muslime verurteilt diesen feigen und schrecklichen Anschlag auf das Sch\u00e4rfste. Der Sprecher des KRM [&hellip;]\" \/>\n<meta property=\"og:url\" content=\"https:\/\/blog.zeit.de\/joerglau\/2011\/01\/05\/deutsche-muslime-verurteilen-massaker-an-christen_4446\" \/>\n<meta property=\"og:site_name\" content=\"J\u00f6rg Lau\" \/>\n<meta property=\"article:published_time\" content=\"2011-01-05T16:36:22+00:00\" \/>\n<meta name=\"author\" content=\"J\u00f6rg Lau\" \/>\n<meta name=\"twitter:card\" content=\"summary_large_image\" \/>\n<meta name=\"twitter:label1\" content=\"Geschrieben von\" \/>\n\t<meta name=\"twitter:data1\" content=\"J\u00f6rg Lau\" \/>\n\t<meta name=\"twitter:label2\" content=\"Gesch\u00e4tzte Lesezeit\" \/>\n\t<meta name=\"twitter:data2\" content=\"6\u00a0Minuten\" \/>\n<script type=\"application\/ld+json\" class=\"yoast-schema-graph\">{\"@context\":\"https:\/\/schema.org\",\"@graph\":[{\"@type\":\"WebPage\",\"@id\":\"https:\/\/blog.zeit.de\/joerglau\/2011\/01\/05\/deutsche-muslime-verurteilen-massaker-an-christen_4446\",\"url\":\"https:\/\/blog.zeit.de\/joerglau\/2011\/01\/05\/deutsche-muslime-verurteilen-massaker-an-christen_4446\",\"name\":\"Deutsche Muslime verurteilen Massaker an Christen - J\u00f6rg Lau\",\"isPartOf\":{\"@id\":\"https:\/\/blog.zeit.de\/joerglau\/#website\"},\"datePublished\":\"2011-01-05T16:36:22+00:00\",\"dateModified\":\"2011-01-05T16:36:22+00:00\",\"author\":{\"@id\":\"https:\/\/blog.zeit.de\/joerglau\/#\/schema\/person\/55f0be9bfac24815791fbc852b042f57\"},\"breadcrumb\":{\"@id\":\"https:\/\/blog.zeit.de\/joerglau\/2011\/01\/05\/deutsche-muslime-verurteilen-massaker-an-christen_4446#breadcrumb\"},\"inLanguage\":\"de\",\"potentialAction\":[{\"@type\":\"ReadAction\",\"target\":[\"https:\/\/blog.zeit.de\/joerglau\/2011\/01\/05\/deutsche-muslime-verurteilen-massaker-an-christen_4446\"]}]},{\"@type\":\"BreadcrumbList\",\"@id\":\"https:\/\/blog.zeit.de\/joerglau\/2011\/01\/05\/deutsche-muslime-verurteilen-massaker-an-christen_4446#breadcrumb\",\"itemListElement\":[{\"@type\":\"ListItem\",\"position\":1,\"name\":\"Startseite\",\"item\":\"https:\/\/blog.zeit.de\/joerglau\"},{\"@type\":\"ListItem\",\"position\":2,\"name\":\"Deutsche Muslime verurteilen Massaker an Christen\"}]},{\"@type\":\"WebSite\",\"@id\":\"https:\/\/blog.zeit.de\/joerglau\/#website\",\"url\":\"https:\/\/blog.zeit.de\/joerglau\/\",\"name\":\"J\u00f6rg Lau\",\"description\":\"Ein Blog \u00fcber Religion und Politik\",\"potentialAction\":[{\"@type\":\"SearchAction\",\"target\":{\"@type\":\"EntryPoint\",\"urlTemplate\":\"https:\/\/blog.zeit.de\/joerglau\/?s={search_term_string}\"},\"query-input\":\"required name=search_term_string\"}],\"inLanguage\":\"de\"},{\"@type\":\"Person\",\"@id\":\"https:\/\/blog.zeit.de\/joerglau\/#\/schema\/person\/55f0be9bfac24815791fbc852b042f57\",\"name\":\"J\u00f6rg Lau\",\"image\":{\"@type\":\"ImageObject\",\"inLanguage\":\"de\",\"@id\":\"https:\/\/blog.zeit.de\/joerglau\/#\/schema\/person\/image\/\",\"url\":\"https:\/\/secure.gravatar.com\/avatar\/a5fe39bf4f5335b8bac36eefa0b41467221b1598bfea5f05159a0199e391eed0?s=96&d=mm&r=g\",\"contentUrl\":\"https:\/\/secure.gravatar.com\/avatar\/a5fe39bf4f5335b8bac36eefa0b41467221b1598bfea5f05159a0199e391eed0?s=96&d=mm&r=g\",\"caption\":\"J\u00f6rg Lau\"},\"url\":\"https:\/\/blog.zeit.de\/joerglau\/author\/joerg-lau\"}]}<\/script>\n<!-- \/ Yoast SEO plugin. -->","yoast_head_json":{"title":"Deutsche Muslime verurteilen Massaker an Christen - J\u00f6rg Lau","robots":{"index":"index","follow":"follow","max-snippet":"max-snippet:-1","max-image-preview":"max-image-preview:large","max-video-preview":"max-video-preview:-1"},"canonical":"https:\/\/blog.zeit.de\/joerglau\/2011\/01\/05\/deutsche-muslime-verurteilen-massaker-an-christen_4446","og_locale":"de_DE","og_type":"article","og_title":"Deutsche Muslime verurteilen Massaker an Christen - J\u00f6rg Lau","og_description":"Es treffen auch Tage nach dem Anschlag von Alexandria immer noch neue Bekundungen des Abscheus von muslimischer Seite ein.\u00a0 Ein paar Kernaussagen seien hier zusammengestellt (nur deutsche Quellen): Der Koordinationsrat der Muslime schrieb am Samstag auf seiner Website: Der Koordinationsrat der Muslime verurteilt diesen feigen und schrecklichen Anschlag auf das Sch\u00e4rfste. Der Sprecher des KRM [&hellip;]","og_url":"https:\/\/blog.zeit.de\/joerglau\/2011\/01\/05\/deutsche-muslime-verurteilen-massaker-an-christen_4446","og_site_name":"J\u00f6rg Lau","article_published_time":"2011-01-05T16:36:22+00:00","author":"J\u00f6rg Lau","twitter_card":"summary_large_image","twitter_misc":{"Geschrieben von":"J\u00f6rg Lau","Gesch\u00e4tzte Lesezeit":"6\u00a0Minuten"},"schema":{"@context":"https:\/\/schema.org","@graph":[{"@type":"WebPage","@id":"https:\/\/blog.zeit.de\/joerglau\/2011\/01\/05\/deutsche-muslime-verurteilen-massaker-an-christen_4446","url":"https:\/\/blog.zeit.de\/joerglau\/2011\/01\/05\/deutsche-muslime-verurteilen-massaker-an-christen_4446","name":"Deutsche Muslime verurteilen Massaker an Christen - J\u00f6rg Lau","isPartOf":{"@id":"https:\/\/blog.zeit.de\/joerglau\/#website"},"datePublished":"2011-01-05T16:36:22+00:00","dateModified":"2011-01-05T16:36:22+00:00","author":{"@id":"https:\/\/blog.zeit.de\/joerglau\/#\/schema\/person\/55f0be9bfac24815791fbc852b042f57"},"breadcrumb":{"@id":"https:\/\/blog.zeit.de\/joerglau\/2011\/01\/05\/deutsche-muslime-verurteilen-massaker-an-christen_4446#breadcrumb"},"inLanguage":"de","potentialAction":[{"@type":"ReadAction","target":["https:\/\/blog.zeit.de\/joerglau\/2011\/01\/05\/deutsche-muslime-verurteilen-massaker-an-christen_4446"]}]},{"@type":"BreadcrumbList","@id":"https:\/\/blog.zeit.de\/joerglau\/2011\/01\/05\/deutsche-muslime-verurteilen-massaker-an-christen_4446#breadcrumb","itemListElement":[{"@type":"ListItem","position":1,"name":"Startseite","item":"https:\/\/blog.zeit.de\/joerglau"},{"@type":"ListItem","position":2,"name":"Deutsche Muslime verurteilen Massaker an Christen"}]},{"@type":"WebSite","@id":"https:\/\/blog.zeit.de\/joerglau\/#website","url":"https:\/\/blog.zeit.de\/joerglau\/","name":"J\u00f6rg Lau","description":"Ein Blog \u00fcber Religion und Politik","potentialAction":[{"@type":"SearchAction","target":{"@type":"EntryPoint","urlTemplate":"https:\/\/blog.zeit.de\/joerglau\/?s={search_term_string}"},"query-input":"required name=search_term_string"}],"inLanguage":"de"},{"@type":"Person","@id":"https:\/\/blog.zeit.de\/joerglau\/#\/schema\/person\/55f0be9bfac24815791fbc852b042f57","name":"J\u00f6rg Lau","image":{"@type":"ImageObject","inLanguage":"de","@id":"https:\/\/blog.zeit.de\/joerglau\/#\/schema\/person\/image\/","url":"https:\/\/secure.gravatar.com\/avatar\/a5fe39bf4f5335b8bac36eefa0b41467221b1598bfea5f05159a0199e391eed0?s=96&d=mm&r=g","contentUrl":"https:\/\/secure.gravatar.com\/avatar\/a5fe39bf4f5335b8bac36eefa0b41467221b1598bfea5f05159a0199e391eed0?s=96&d=mm&r=g","caption":"J\u00f6rg Lau"},"url":"https:\/\/blog.zeit.de\/joerglau\/author\/joerg-lau"}]}},"jetpack_featured_media_url":"","jetpack_sharing_enabled":true,"jetpack_shortlink":"https:\/\/wp.me\/pG02W-19I","_links":{"self":[{"href":"https:\/\/blog.zeit.de\/joerglau\/wp-json\/wp\/v2\/posts\/4446","targetHints":{"allow":["GET"]}}],"collection":[{"href":"https:\/\/blog.zeit.de\/joerglau\/wp-json\/wp\/v2\/posts"}],"about":[{"href":"https:\/\/blog.zeit.de\/joerglau\/wp-json\/wp\/v2\/types\/post"}],"author":[{"embeddable":true,"href":"https:\/\/blog.zeit.de\/joerglau\/wp-json\/wp\/v2\/users\/54"}],"replies":[{"embeddable":true,"href":"https:\/\/blog.zeit.de\/joerglau\/wp-json\/wp\/v2\/comments?post=4446"}],"version-history":[{"count":2,"href":"https:\/\/blog.zeit.de\/joerglau\/wp-json\/wp\/v2\/posts\/4446\/revisions"}],"predecessor-version":[{"id":4448,"href":"https:\/\/blog.zeit.de\/joerglau\/wp-json\/wp\/v2\/posts\/4446\/revisions\/4448"}],"wp:attachment":[{"href":"https:\/\/blog.zeit.de\/joerglau\/wp-json\/wp\/v2\/media?parent=4446"}],"wp:term":[{"taxonomy":"category","embeddable":true,"href":"https:\/\/blog.zeit.de\/joerglau\/wp-json\/wp\/v2\/categories?post=4446"},{"taxonomy":"post_tag","embeddable":true,"href":"https:\/\/blog.zeit.de\/joerglau\/wp-json\/wp\/v2\/tags?post=4446"}],"curies":[{"name":"wp","href":"https:\/\/api.w.org\/{rel}","templated":true}]}}