{"id":448,"date":"2007-05-02T13:10:44","date_gmt":"2007-05-02T11:10:44","guid":{"rendered":"http:\/\/blog.zeit.de\/joerglau\/2007\/05\/02\/ist-der-iranische-tugendterror-eine-ablenkungsaktion_448"},"modified":"2007-05-02T13:10:44","modified_gmt":"2007-05-02T11:10:44","slug":"ist-der-iranische-tugendterror-eine-ablenkungsaktion","status":"publish","type":"post","link":"https:\/\/blog.zeit.de\/joerglau\/2007\/05\/02\/ist-der-iranische-tugendterror-eine-ablenkungsaktion_448","title":{"rendered":"Ist der iranische Tugendterror eine Ablenkungsaktion?"},"content":{"rendered":"<p>Der immer kluge iranische Journalist <a href=\"http:\/\/www.roozonline.com\/english\/archives\/2007\/05\/004192.php\">Omid Memarian<\/a> schreibt auf Rooz Online \u00fcber den Tugendterror in Teheran. Er hat ein interessantes Zitat des Pr\u00e4sidenten aus dem Wahlkampf 2005 gefunden:<\/p>\n<blockquote><p>\nOn the eve of the 2005 presidential elections, Mahmoud Ahmadinejad made these remarks in a campaign video aired from the national television network: \u201cReally, is the problem of our people now the youth\u2019s hairstyle? People can style their hair however they want; this is none of your business or mine! You and I have to think about our country\u2019s real problems. The government must set the economy in order, restore peace, create a secure psychological environment, support the public \u2013 people have diverse preferences, diverse traditions, diverse ethnicities, diverse groups, diverse styles \u2013 the government is at everyone\u2019s service. Why do we belittle people? We really belittle people so much so that now the important problem of our youth is to pick their hairstyle, and the government doesn\u2019t let them?! Is this the worth of government? Is this the worth of our people? Why do we underestimate people? Our country\u2019s problem is that some girl wore some dress? Is this our country\u2019s problem? Is this our people\u2019s problem?\u201d<\/p>\n<p>In reality, that part of Ahmadinejad\u2019s speech where he says that this is not our people\u2019s worth is right. But apparently, the worth of the government is just what we see. Now one has to ask the same questions from our forgetful president. Is our country\u2019s problem the way women dress? Are the problems of poverty, inflation and mismanagement not of primary priority? Are unemployment, drug addiction and rampant corruption in state institutions not our problems? What about foreign threats?<\/p>\n<p>Our forgetful president must really answer this question: is he confronting a real problem, or is he trying to take people\u2019s focus and attention away from other things that are happening in the country? Is the supreme leader\u2019s decision to give Ali Larijani full authority in initiating negotiations with the United States and solving Iran\u2019s nuclear crisis part of those other things that are happening? <\/p><\/blockquote>\n","protected":false},"excerpt":{"rendered":"<p>Der immer kluge iranische Journalist Omid Memarian schreibt auf Rooz Online \u00fcber den Tugendterror in Teheran. Er hat ein interessantes Zitat des Pr\u00e4sidenten aus dem Wahlkampf 2005 gefunden: On the eve of the 2005 presidential elections, Mahmoud Ahmadinejad made these remarks in a campaign video aired from the national television network: \u201cReally, is the problem [&hellip;]<\/p>\n","protected":false},"author":54,"featured_media":0,"comment_status":"open","ping_status":"closed","sticky":false,"template":"","format":"standard","meta":{"jetpack_post_was_ever_published":false,"footnotes":""},"categories":[166,170],"tags":[],"class_list":["post-448","post","type-post","status-publish","format-standard","hentry","category-iran","category-menschenrechte"],"yoast_head":"<!-- This site is optimized with the Yoast SEO plugin v21.0 - https:\/\/yoast.com\/wordpress\/plugins\/seo\/ -->\n<title>Ist der iranische Tugendterror eine Ablenkungsaktion? - J\u00f6rg Lau<\/title>\n<meta name=\"robots\" content=\"index, follow, max-snippet:-1, max-image-preview:large, max-video-preview:-1\" \/>\n<link rel=\"canonical\" href=\"https:\/\/blog.zeit.de\/joerglau\/2007\/05\/02\/ist-der-iranische-tugendterror-eine-ablenkungsaktion_448\" \/>\n<meta property=\"og:locale\" content=\"de_DE\" \/>\n<meta property=\"og:type\" content=\"article\" \/>\n<meta property=\"og:title\" content=\"Ist der iranische Tugendterror eine Ablenkungsaktion? - J\u00f6rg Lau\" \/>\n<meta property=\"og:description\" content=\"Der immer kluge iranische Journalist Omid Memarian schreibt auf Rooz Online \u00fcber den Tugendterror in Teheran. Er hat ein interessantes Zitat des Pr\u00e4sidenten aus dem Wahlkampf 2005 gefunden: On the eve of the 2005 presidential elections, Mahmoud Ahmadinejad made these remarks in a campaign video aired from the national television network: \u201cReally, is the problem [&hellip;]\" \/>\n<meta property=\"og:url\" content=\"https:\/\/blog.zeit.de\/joerglau\/2007\/05\/02\/ist-der-iranische-tugendterror-eine-ablenkungsaktion_448\" \/>\n<meta property=\"og:site_name\" content=\"J\u00f6rg Lau\" \/>\n<meta property=\"article:published_time\" content=\"2007-05-02T11:10:44+00:00\" \/>\n<meta name=\"author\" content=\"J\u00f6rg Lau\" \/>\n<meta name=\"twitter:card\" content=\"summary_large_image\" \/>\n<meta name=\"twitter:label1\" content=\"Geschrieben von\" \/>\n\t<meta name=\"twitter:data1\" content=\"J\u00f6rg Lau\" \/>\n\t<meta name=\"twitter:label2\" content=\"Gesch\u00e4tzte Lesezeit\" \/>\n\t<meta name=\"twitter:data2\" content=\"2\u00a0Minuten\" \/>\n<script type=\"application\/ld+json\" class=\"yoast-schema-graph\">{\"@context\":\"https:\/\/schema.org\",\"@graph\":[{\"@type\":\"WebPage\",\"@id\":\"https:\/\/blog.zeit.de\/joerglau\/2007\/05\/02\/ist-der-iranische-tugendterror-eine-ablenkungsaktion_448\",\"url\":\"https:\/\/blog.zeit.de\/joerglau\/2007\/05\/02\/ist-der-iranische-tugendterror-eine-ablenkungsaktion_448\",\"name\":\"Ist der iranische Tugendterror eine Ablenkungsaktion? - J\u00f6rg Lau\",\"isPartOf\":{\"@id\":\"https:\/\/blog.zeit.de\/joerglau\/#website\"},\"datePublished\":\"2007-05-02T11:10:44+00:00\",\"dateModified\":\"2007-05-02T11:10:44+00:00\",\"author\":{\"@id\":\"https:\/\/blog.zeit.de\/joerglau\/#\/schema\/person\/55f0be9bfac24815791fbc852b042f57\"},\"breadcrumb\":{\"@id\":\"https:\/\/blog.zeit.de\/joerglau\/2007\/05\/02\/ist-der-iranische-tugendterror-eine-ablenkungsaktion_448#breadcrumb\"},\"inLanguage\":\"de\",\"potentialAction\":[{\"@type\":\"ReadAction\",\"target\":[\"https:\/\/blog.zeit.de\/joerglau\/2007\/05\/02\/ist-der-iranische-tugendterror-eine-ablenkungsaktion_448\"]}]},{\"@type\":\"BreadcrumbList\",\"@id\":\"https:\/\/blog.zeit.de\/joerglau\/2007\/05\/02\/ist-der-iranische-tugendterror-eine-ablenkungsaktion_448#breadcrumb\",\"itemListElement\":[{\"@type\":\"ListItem\",\"position\":1,\"name\":\"Startseite\",\"item\":\"https:\/\/blog.zeit.de\/joerglau\"},{\"@type\":\"ListItem\",\"position\":2,\"name\":\"Ist der iranische Tugendterror eine Ablenkungsaktion?\"}]},{\"@type\":\"WebSite\",\"@id\":\"https:\/\/blog.zeit.de\/joerglau\/#website\",\"url\":\"https:\/\/blog.zeit.de\/joerglau\/\",\"name\":\"J\u00f6rg Lau\",\"description\":\"Ein Blog \u00fcber Religion und Politik\",\"potentialAction\":[{\"@type\":\"SearchAction\",\"target\":{\"@type\":\"EntryPoint\",\"urlTemplate\":\"https:\/\/blog.zeit.de\/joerglau\/?s={search_term_string}\"},\"query-input\":\"required name=search_term_string\"}],\"inLanguage\":\"de\"},{\"@type\":\"Person\",\"@id\":\"https:\/\/blog.zeit.de\/joerglau\/#\/schema\/person\/55f0be9bfac24815791fbc852b042f57\",\"name\":\"J\u00f6rg Lau\",\"image\":{\"@type\":\"ImageObject\",\"inLanguage\":\"de\",\"@id\":\"https:\/\/blog.zeit.de\/joerglau\/#\/schema\/person\/image\/\",\"url\":\"https:\/\/secure.gravatar.com\/avatar\/a5fe39bf4f5335b8bac36eefa0b41467221b1598bfea5f05159a0199e391eed0?s=96&d=mm&r=g\",\"contentUrl\":\"https:\/\/secure.gravatar.com\/avatar\/a5fe39bf4f5335b8bac36eefa0b41467221b1598bfea5f05159a0199e391eed0?s=96&d=mm&r=g\",\"caption\":\"J\u00f6rg Lau\"},\"url\":\"https:\/\/blog.zeit.de\/joerglau\/author\/joerg-lau\"}]}<\/script>\n<!-- \/ Yoast SEO plugin. -->","yoast_head_json":{"title":"Ist der iranische Tugendterror eine Ablenkungsaktion? - J\u00f6rg Lau","robots":{"index":"index","follow":"follow","max-snippet":"max-snippet:-1","max-image-preview":"max-image-preview:large","max-video-preview":"max-video-preview:-1"},"canonical":"https:\/\/blog.zeit.de\/joerglau\/2007\/05\/02\/ist-der-iranische-tugendterror-eine-ablenkungsaktion_448","og_locale":"de_DE","og_type":"article","og_title":"Ist der iranische Tugendterror eine Ablenkungsaktion? - J\u00f6rg Lau","og_description":"Der immer kluge iranische Journalist Omid Memarian schreibt auf Rooz Online \u00fcber den Tugendterror in Teheran. Er hat ein interessantes Zitat des Pr\u00e4sidenten aus dem Wahlkampf 2005 gefunden: On the eve of the 2005 presidential elections, Mahmoud Ahmadinejad made these remarks in a campaign video aired from the national television network: \u201cReally, is the problem [&hellip;]","og_url":"https:\/\/blog.zeit.de\/joerglau\/2007\/05\/02\/ist-der-iranische-tugendterror-eine-ablenkungsaktion_448","og_site_name":"J\u00f6rg Lau","article_published_time":"2007-05-02T11:10:44+00:00","author":"J\u00f6rg Lau","twitter_card":"summary_large_image","twitter_misc":{"Geschrieben von":"J\u00f6rg Lau","Gesch\u00e4tzte Lesezeit":"2\u00a0Minuten"},"schema":{"@context":"https:\/\/schema.org","@graph":[{"@type":"WebPage","@id":"https:\/\/blog.zeit.de\/joerglau\/2007\/05\/02\/ist-der-iranische-tugendterror-eine-ablenkungsaktion_448","url":"https:\/\/blog.zeit.de\/joerglau\/2007\/05\/02\/ist-der-iranische-tugendterror-eine-ablenkungsaktion_448","name":"Ist der iranische Tugendterror eine Ablenkungsaktion? - J\u00f6rg Lau","isPartOf":{"@id":"https:\/\/blog.zeit.de\/joerglau\/#website"},"datePublished":"2007-05-02T11:10:44+00:00","dateModified":"2007-05-02T11:10:44+00:00","author":{"@id":"https:\/\/blog.zeit.de\/joerglau\/#\/schema\/person\/55f0be9bfac24815791fbc852b042f57"},"breadcrumb":{"@id":"https:\/\/blog.zeit.de\/joerglau\/2007\/05\/02\/ist-der-iranische-tugendterror-eine-ablenkungsaktion_448#breadcrumb"},"inLanguage":"de","potentialAction":[{"@type":"ReadAction","target":["https:\/\/blog.zeit.de\/joerglau\/2007\/05\/02\/ist-der-iranische-tugendterror-eine-ablenkungsaktion_448"]}]},{"@type":"BreadcrumbList","@id":"https:\/\/blog.zeit.de\/joerglau\/2007\/05\/02\/ist-der-iranische-tugendterror-eine-ablenkungsaktion_448#breadcrumb","itemListElement":[{"@type":"ListItem","position":1,"name":"Startseite","item":"https:\/\/blog.zeit.de\/joerglau"},{"@type":"ListItem","position":2,"name":"Ist der iranische Tugendterror eine Ablenkungsaktion?"}]},{"@type":"WebSite","@id":"https:\/\/blog.zeit.de\/joerglau\/#website","url":"https:\/\/blog.zeit.de\/joerglau\/","name":"J\u00f6rg Lau","description":"Ein Blog \u00fcber Religion und Politik","potentialAction":[{"@type":"SearchAction","target":{"@type":"EntryPoint","urlTemplate":"https:\/\/blog.zeit.de\/joerglau\/?s={search_term_string}"},"query-input":"required name=search_term_string"}],"inLanguage":"de"},{"@type":"Person","@id":"https:\/\/blog.zeit.de\/joerglau\/#\/schema\/person\/55f0be9bfac24815791fbc852b042f57","name":"J\u00f6rg Lau","image":{"@type":"ImageObject","inLanguage":"de","@id":"https:\/\/blog.zeit.de\/joerglau\/#\/schema\/person\/image\/","url":"https:\/\/secure.gravatar.com\/avatar\/a5fe39bf4f5335b8bac36eefa0b41467221b1598bfea5f05159a0199e391eed0?s=96&d=mm&r=g","contentUrl":"https:\/\/secure.gravatar.com\/avatar\/a5fe39bf4f5335b8bac36eefa0b41467221b1598bfea5f05159a0199e391eed0?s=96&d=mm&r=g","caption":"J\u00f6rg Lau"},"url":"https:\/\/blog.zeit.de\/joerglau\/author\/joerg-lau"}]}},"jetpack_featured_media_url":"","jetpack_sharing_enabled":true,"jetpack_shortlink":"https:\/\/wp.me\/pG02W-7e","_links":{"self":[{"href":"https:\/\/blog.zeit.de\/joerglau\/wp-json\/wp\/v2\/posts\/448","targetHints":{"allow":["GET"]}}],"collection":[{"href":"https:\/\/blog.zeit.de\/joerglau\/wp-json\/wp\/v2\/posts"}],"about":[{"href":"https:\/\/blog.zeit.de\/joerglau\/wp-json\/wp\/v2\/types\/post"}],"author":[{"embeddable":true,"href":"https:\/\/blog.zeit.de\/joerglau\/wp-json\/wp\/v2\/users\/54"}],"replies":[{"embeddable":true,"href":"https:\/\/blog.zeit.de\/joerglau\/wp-json\/wp\/v2\/comments?post=448"}],"version-history":[{"count":0,"href":"https:\/\/blog.zeit.de\/joerglau\/wp-json\/wp\/v2\/posts\/448\/revisions"}],"wp:attachment":[{"href":"https:\/\/blog.zeit.de\/joerglau\/wp-json\/wp\/v2\/media?parent=448"}],"wp:term":[{"taxonomy":"category","embeddable":true,"href":"https:\/\/blog.zeit.de\/joerglau\/wp-json\/wp\/v2\/categories?post=448"},{"taxonomy":"post_tag","embeddable":true,"href":"https:\/\/blog.zeit.de\/joerglau\/wp-json\/wp\/v2\/tags?post=448"}],"curies":[{"name":"wp","href":"https:\/\/api.w.org\/{rel}","templated":true}]}}