{"id":4484,"date":"2011-01-20T15:02:06","date_gmt":"2011-01-20T14:02:06","guid":{"rendered":"http:\/\/blog.zeit.de\/joerglau\/?p=4484"},"modified":"2011-01-20T15:02:20","modified_gmt":"2011-01-20T14:02:20","slug":"mappus-gegen-minarettverbot","status":"publish","type":"post","link":"https:\/\/blog.zeit.de\/joerglau\/2011\/01\/20\/mappus-gegen-minarettverbot_4484","title":{"rendered":"Mappus gegen Minarettverbot"},"content":{"rendered":"<p>Interessantes Interview mit Stefan Mappus in der ZEIT (Printausgabe) von heute, am Ende geht um die Frage von bundesweiten Volksentscheiden:<\/p>\n<blockquote><p>Mappus: (&#8230;) bin ich nicht so sicher, ob es gut w\u00e4re, wenn wird drei Mal im Jahr einen bundesweiten Wahlkampf h\u00e4tten, der in einem Volksentscheid m\u00fcndet. Wenn Sie in die Schweiz schauen, sehen Sie, was dagegen spricht.<\/p>\n<p>ZEIT: N\u00e4mlich was?<\/p>\n<p>Mappus: Ich w\u00fcrde in Deutschland keine Volksentscheide dar\u00fcber abhalten wollen, ob man Minarette bauen darf, weil ich mir relativ sicher bin, was dabei rausk\u00e4me, und weil ich mir absolut sicher bin, dass das nicht das Richtige w\u00e4re.<\/p>\n<p>ZEIT: Sie w\u00e4ren gegen Minarettverbote?<\/p>\n<p>Mappus: Minarette zu verbieten, halte ich nicht f\u00fcr korrekt. Wenn ich f\u00fcr Religionsfreiheit eintrete, und das tue ich aus absoluter \u00dcberzeugung, dann muss das f\u00fcr alle Gottesh\u00e4user gelten.<\/p><\/blockquote>\n","protected":false},"excerpt":{"rendered":"<p>Interessantes Interview mit Stefan Mappus in der ZEIT (Printausgabe) von heute, am Ende geht um die Frage von bundesweiten Volksentscheiden: Mappus: (&#8230;) bin ich nicht so sicher, ob es gut w\u00e4re, wenn wird drei Mal im Jahr einen bundesweiten Wahlkampf h\u00e4tten, der in einem Volksentscheid m\u00fcndet. Wenn Sie in die Schweiz schauen, sehen Sie, was [&hellip;]<\/p>\n","protected":false},"author":54,"featured_media":0,"comment_status":"open","ping_status":"closed","sticky":false,"template":"","format":"standard","meta":{"jetpack_post_was_ever_published":false,"footnotes":""},"categories":[157],"tags":[],"class_list":["post-4484","post","type-post","status-publish","format-standard","hentry","category-die-freunde-und-die-feinde-des-islams"],"yoast_head":"<!-- This site is optimized with the Yoast SEO plugin v21.0 - https:\/\/yoast.com\/wordpress\/plugins\/seo\/ -->\n<title>Mappus gegen Minarettverbot - J\u00f6rg Lau<\/title>\n<meta name=\"robots\" content=\"index, follow, max-snippet:-1, max-image-preview:large, max-video-preview:-1\" \/>\n<link rel=\"canonical\" href=\"https:\/\/blog.zeit.de\/joerglau\/2011\/01\/20\/mappus-gegen-minarettverbot_4484\" \/>\n<meta property=\"og:locale\" content=\"de_DE\" \/>\n<meta property=\"og:type\" content=\"article\" \/>\n<meta property=\"og:title\" content=\"Mappus gegen Minarettverbot - J\u00f6rg Lau\" \/>\n<meta property=\"og:description\" content=\"Interessantes Interview mit Stefan Mappus in der ZEIT (Printausgabe) von heute, am Ende geht um die Frage von bundesweiten Volksentscheiden: Mappus: (&#8230;) bin ich nicht so sicher, ob es gut w\u00e4re, wenn wird drei Mal im Jahr einen bundesweiten Wahlkampf h\u00e4tten, der in einem Volksentscheid m\u00fcndet. Wenn Sie in die Schweiz schauen, sehen Sie, was [&hellip;]\" \/>\n<meta property=\"og:url\" content=\"https:\/\/blog.zeit.de\/joerglau\/2011\/01\/20\/mappus-gegen-minarettverbot_4484\" \/>\n<meta property=\"og:site_name\" content=\"J\u00f6rg Lau\" \/>\n<meta property=\"article:published_time\" content=\"2011-01-20T14:02:06+00:00\" \/>\n<meta property=\"article:modified_time\" content=\"2011-01-20T14:02:20+00:00\" \/>\n<meta name=\"author\" content=\"J\u00f6rg Lau\" \/>\n<meta name=\"twitter:card\" content=\"summary_large_image\" \/>\n<meta name=\"twitter:label1\" content=\"Geschrieben von\" \/>\n\t<meta name=\"twitter:data1\" content=\"J\u00f6rg Lau\" \/>\n\t<meta name=\"twitter:label2\" content=\"Gesch\u00e4tzte Lesezeit\" \/>\n\t<meta name=\"twitter:data2\" content=\"1\u00a0Minute\" \/>\n<script type=\"application\/ld+json\" class=\"yoast-schema-graph\">{\"@context\":\"https:\/\/schema.org\",\"@graph\":[{\"@type\":\"WebPage\",\"@id\":\"https:\/\/blog.zeit.de\/joerglau\/2011\/01\/20\/mappus-gegen-minarettverbot_4484\",\"url\":\"https:\/\/blog.zeit.de\/joerglau\/2011\/01\/20\/mappus-gegen-minarettverbot_4484\",\"name\":\"Mappus gegen Minarettverbot - J\u00f6rg Lau\",\"isPartOf\":{\"@id\":\"https:\/\/blog.zeit.de\/joerglau\/#website\"},\"datePublished\":\"2011-01-20T14:02:06+00:00\",\"dateModified\":\"2011-01-20T14:02:20+00:00\",\"author\":{\"@id\":\"https:\/\/blog.zeit.de\/joerglau\/#\/schema\/person\/55f0be9bfac24815791fbc852b042f57\"},\"breadcrumb\":{\"@id\":\"https:\/\/blog.zeit.de\/joerglau\/2011\/01\/20\/mappus-gegen-minarettverbot_4484#breadcrumb\"},\"inLanguage\":\"de\",\"potentialAction\":[{\"@type\":\"ReadAction\",\"target\":[\"https:\/\/blog.zeit.de\/joerglau\/2011\/01\/20\/mappus-gegen-minarettverbot_4484\"]}]},{\"@type\":\"BreadcrumbList\",\"@id\":\"https:\/\/blog.zeit.de\/joerglau\/2011\/01\/20\/mappus-gegen-minarettverbot_4484#breadcrumb\",\"itemListElement\":[{\"@type\":\"ListItem\",\"position\":1,\"name\":\"Startseite\",\"item\":\"https:\/\/blog.zeit.de\/joerglau\"},{\"@type\":\"ListItem\",\"position\":2,\"name\":\"Mappus gegen Minarettverbot\"}]},{\"@type\":\"WebSite\",\"@id\":\"https:\/\/blog.zeit.de\/joerglau\/#website\",\"url\":\"https:\/\/blog.zeit.de\/joerglau\/\",\"name\":\"J\u00f6rg Lau\",\"description\":\"Ein Blog \u00fcber Religion und Politik\",\"potentialAction\":[{\"@type\":\"SearchAction\",\"target\":{\"@type\":\"EntryPoint\",\"urlTemplate\":\"https:\/\/blog.zeit.de\/joerglau\/?s={search_term_string}\"},\"query-input\":\"required name=search_term_string\"}],\"inLanguage\":\"de\"},{\"@type\":\"Person\",\"@id\":\"https:\/\/blog.zeit.de\/joerglau\/#\/schema\/person\/55f0be9bfac24815791fbc852b042f57\",\"name\":\"J\u00f6rg Lau\",\"image\":{\"@type\":\"ImageObject\",\"inLanguage\":\"de\",\"@id\":\"https:\/\/blog.zeit.de\/joerglau\/#\/schema\/person\/image\/\",\"url\":\"https:\/\/secure.gravatar.com\/avatar\/a5fe39bf4f5335b8bac36eefa0b41467221b1598bfea5f05159a0199e391eed0?s=96&d=mm&r=g\",\"contentUrl\":\"https:\/\/secure.gravatar.com\/avatar\/a5fe39bf4f5335b8bac36eefa0b41467221b1598bfea5f05159a0199e391eed0?s=96&d=mm&r=g\",\"caption\":\"J\u00f6rg Lau\"},\"url\":\"https:\/\/blog.zeit.de\/joerglau\/author\/joerg-lau\"}]}<\/script>\n<!-- \/ Yoast SEO plugin. -->","yoast_head_json":{"title":"Mappus gegen Minarettverbot - J\u00f6rg Lau","robots":{"index":"index","follow":"follow","max-snippet":"max-snippet:-1","max-image-preview":"max-image-preview:large","max-video-preview":"max-video-preview:-1"},"canonical":"https:\/\/blog.zeit.de\/joerglau\/2011\/01\/20\/mappus-gegen-minarettverbot_4484","og_locale":"de_DE","og_type":"article","og_title":"Mappus gegen Minarettverbot - J\u00f6rg Lau","og_description":"Interessantes Interview mit Stefan Mappus in der ZEIT (Printausgabe) von heute, am Ende geht um die Frage von bundesweiten Volksentscheiden: Mappus: (&#8230;) bin ich nicht so sicher, ob es gut w\u00e4re, wenn wird drei Mal im Jahr einen bundesweiten Wahlkampf h\u00e4tten, der in einem Volksentscheid m\u00fcndet. Wenn Sie in die Schweiz schauen, sehen Sie, was [&hellip;]","og_url":"https:\/\/blog.zeit.de\/joerglau\/2011\/01\/20\/mappus-gegen-minarettverbot_4484","og_site_name":"J\u00f6rg Lau","article_published_time":"2011-01-20T14:02:06+00:00","article_modified_time":"2011-01-20T14:02:20+00:00","author":"J\u00f6rg Lau","twitter_card":"summary_large_image","twitter_misc":{"Geschrieben von":"J\u00f6rg Lau","Gesch\u00e4tzte Lesezeit":"1\u00a0Minute"},"schema":{"@context":"https:\/\/schema.org","@graph":[{"@type":"WebPage","@id":"https:\/\/blog.zeit.de\/joerglau\/2011\/01\/20\/mappus-gegen-minarettverbot_4484","url":"https:\/\/blog.zeit.de\/joerglau\/2011\/01\/20\/mappus-gegen-minarettverbot_4484","name":"Mappus gegen Minarettverbot - J\u00f6rg Lau","isPartOf":{"@id":"https:\/\/blog.zeit.de\/joerglau\/#website"},"datePublished":"2011-01-20T14:02:06+00:00","dateModified":"2011-01-20T14:02:20+00:00","author":{"@id":"https:\/\/blog.zeit.de\/joerglau\/#\/schema\/person\/55f0be9bfac24815791fbc852b042f57"},"breadcrumb":{"@id":"https:\/\/blog.zeit.de\/joerglau\/2011\/01\/20\/mappus-gegen-minarettverbot_4484#breadcrumb"},"inLanguage":"de","potentialAction":[{"@type":"ReadAction","target":["https:\/\/blog.zeit.de\/joerglau\/2011\/01\/20\/mappus-gegen-minarettverbot_4484"]}]},{"@type":"BreadcrumbList","@id":"https:\/\/blog.zeit.de\/joerglau\/2011\/01\/20\/mappus-gegen-minarettverbot_4484#breadcrumb","itemListElement":[{"@type":"ListItem","position":1,"name":"Startseite","item":"https:\/\/blog.zeit.de\/joerglau"},{"@type":"ListItem","position":2,"name":"Mappus gegen Minarettverbot"}]},{"@type":"WebSite","@id":"https:\/\/blog.zeit.de\/joerglau\/#website","url":"https:\/\/blog.zeit.de\/joerglau\/","name":"J\u00f6rg Lau","description":"Ein Blog \u00fcber Religion und Politik","potentialAction":[{"@type":"SearchAction","target":{"@type":"EntryPoint","urlTemplate":"https:\/\/blog.zeit.de\/joerglau\/?s={search_term_string}"},"query-input":"required name=search_term_string"}],"inLanguage":"de"},{"@type":"Person","@id":"https:\/\/blog.zeit.de\/joerglau\/#\/schema\/person\/55f0be9bfac24815791fbc852b042f57","name":"J\u00f6rg Lau","image":{"@type":"ImageObject","inLanguage":"de","@id":"https:\/\/blog.zeit.de\/joerglau\/#\/schema\/person\/image\/","url":"https:\/\/secure.gravatar.com\/avatar\/a5fe39bf4f5335b8bac36eefa0b41467221b1598bfea5f05159a0199e391eed0?s=96&d=mm&r=g","contentUrl":"https:\/\/secure.gravatar.com\/avatar\/a5fe39bf4f5335b8bac36eefa0b41467221b1598bfea5f05159a0199e391eed0?s=96&d=mm&r=g","caption":"J\u00f6rg Lau"},"url":"https:\/\/blog.zeit.de\/joerglau\/author\/joerg-lau"}]}},"jetpack_featured_media_url":"","jetpack_sharing_enabled":true,"jetpack_shortlink":"https:\/\/wp.me\/pG02W-1ak","_links":{"self":[{"href":"https:\/\/blog.zeit.de\/joerglau\/wp-json\/wp\/v2\/posts\/4484","targetHints":{"allow":["GET"]}}],"collection":[{"href":"https:\/\/blog.zeit.de\/joerglau\/wp-json\/wp\/v2\/posts"}],"about":[{"href":"https:\/\/blog.zeit.de\/joerglau\/wp-json\/wp\/v2\/types\/post"}],"author":[{"embeddable":true,"href":"https:\/\/blog.zeit.de\/joerglau\/wp-json\/wp\/v2\/users\/54"}],"replies":[{"embeddable":true,"href":"https:\/\/blog.zeit.de\/joerglau\/wp-json\/wp\/v2\/comments?post=4484"}],"version-history":[{"count":2,"href":"https:\/\/blog.zeit.de\/joerglau\/wp-json\/wp\/v2\/posts\/4484\/revisions"}],"predecessor-version":[{"id":4486,"href":"https:\/\/blog.zeit.de\/joerglau\/wp-json\/wp\/v2\/posts\/4484\/revisions\/4486"}],"wp:attachment":[{"href":"https:\/\/blog.zeit.de\/joerglau\/wp-json\/wp\/v2\/media?parent=4484"}],"wp:term":[{"taxonomy":"category","embeddable":true,"href":"https:\/\/blog.zeit.de\/joerglau\/wp-json\/wp\/v2\/categories?post=4484"},{"taxonomy":"post_tag","embeddable":true,"href":"https:\/\/blog.zeit.de\/joerglau\/wp-json\/wp\/v2\/tags?post=4484"}],"curies":[{"name":"wp","href":"https:\/\/api.w.org\/{rel}","templated":true}]}}