{"id":4615,"date":"2011-02-15T12:22:39","date_gmt":"2011-02-15T11:22:39","guid":{"rendered":"http:\/\/blog.zeit.de\/joerglau\/?p=4615"},"modified":"2011-02-15T12:22:55","modified_gmt":"2011-02-15T11:22:55","slug":"amerika-unterstutzt-iranischen-protest","status":"publish","type":"post","link":"https:\/\/blog.zeit.de\/joerglau\/2011\/02\/15\/amerika-unterstutzt-iranischen-protest_4615","title":{"rendered":"Amerika unterst\u00fctzt iranischen Protest"},"content":{"rendered":"<p>Die Frage, die ich gestern noch etwas skeptisch gestellt hatte &#8211; ob Amerika im Licht der tunesischen und \u00e4gyptischen Ereignisse umdenkt und sich deutlicher an die Seite der Demokratiebewegungen in der Region stellt &#8211; kann <a href=\"http:\/\/www.haaretz.com\/news\/international\/clinton-people-of-iran-deserve-same-rights-as-egyptians-1.343423\">heute als beantwortet<\/a> gelten: Ja.<\/p>\n<div id=\"main\">\n<div id=\"threecolumns\">\n<div id=\"content\">\n<div><a href=\"http:\/\/www.haaretz.com\/meta\/Tag\/Iran\"><\/a><\/div>\n<div>\n<div>\n<div id=\"innerArticle\">\n<blockquote><p>Secretary of State Hillary Rodham Clinton  has expressed support for the tens of thousands of protesters in Iran&#8217;s  capital, saying they deserve to have the same rights that they saw being  played out in Egypt and are part of their own birthright.<\/p>\n<p>&#8222;Let me, clearly and directly, support the  aspirations of the people who are in the streets in Iran today,&#8220; Clinton  told reporters after meeting with the Republican speaker of the House  of Representatives, John Boehner.<\/p>\n<p>&#8222;What we see happening in Iran  today is a testament to the courage of the Iranian people, and an  indictment of the hypocrisy of the Iranian regime &#8212; a regime which over  the last three weeks has constantly hailed what went on in Egypt,&#8220;  Clinton said.<\/p>\n<p>&#8222;We  wish the opposition and the brave people in the streets across cities  in Iran the same opportunities that they saw their Egyptian counterparts  seize.&#8220;<\/p>\n<p>Clinton spoke after an Iranian opposition website said  dozens of people were arrested on Monday while taking part in a banned  rally in Tehran to support popular uprisings which toppled the  governments in Egypt and Tunisia in recent weeks.<\/p><\/blockquote>\n<p>Gro\u00dfartig! Endlich die richtige Sprache. Ich bin sehr froh, dass die USA nicht zusehen, wie Teheran versucht, auf zynische Weise die Errungenschaften der Demokratiebewegung im \u00c4gypten als &#8222;islamisches Erwachen&#8220; zu kapern. Die Proklamationen von Khamenei und Achmadinedschad \u00fcber den Aufstand in \u00c4gypten sind l\u00e4cherlich: Alle die Helden der \u00e4gyptischen Revolution w\u00e4ren im Iran l\u00e4ngst im Knast.<\/p>\n<\/div>\n<\/div>\n<\/div>\n<\/div>\n<\/div>\n<\/div>\n","protected":false},"excerpt":{"rendered":"<p>Die Frage, die ich gestern noch etwas skeptisch gestellt hatte &#8211; ob Amerika im Licht der tunesischen und \u00e4gyptischen Ereignisse umdenkt und sich deutlicher an die Seite der Demokratiebewegungen in der Region stellt &#8211; kann heute als beantwortet gelten: Ja. Secretary of State Hillary Rodham Clinton has expressed support for the tens of thousands of [&hellip;]<\/p>\n","protected":false},"author":54,"featured_media":0,"comment_status":"open","ping_status":"closed","sticky":false,"template":"","format":"standard","meta":{"jetpack_post_was_ever_published":false,"footnotes":""},"categories":[152,166,125],"tags":[],"class_list":["post-4615","post","type-post","status-publish","format-standard","hentry","category-aussenpolitik","category-iran","category-usa"],"yoast_head":"<!-- This site is optimized with the Yoast SEO plugin v21.0 - https:\/\/yoast.com\/wordpress\/plugins\/seo\/ -->\n<title>Amerika unterst\u00fctzt iranischen Protest - J\u00f6rg Lau<\/title>\n<meta name=\"robots\" content=\"index, follow, max-snippet:-1, max-image-preview:large, max-video-preview:-1\" \/>\n<link rel=\"canonical\" href=\"https:\/\/blog.zeit.de\/joerglau\/2011\/02\/15\/amerika-unterstutzt-iranischen-protest_4615\" \/>\n<meta property=\"og:locale\" content=\"de_DE\" \/>\n<meta property=\"og:type\" content=\"article\" \/>\n<meta property=\"og:title\" content=\"Amerika unterst\u00fctzt iranischen Protest - J\u00f6rg Lau\" \/>\n<meta property=\"og:description\" content=\"Die Frage, die ich gestern noch etwas skeptisch gestellt hatte &#8211; ob Amerika im Licht der tunesischen und \u00e4gyptischen Ereignisse umdenkt und sich deutlicher an die Seite der Demokratiebewegungen in der Region stellt &#8211; kann heute als beantwortet gelten: Ja. Secretary of State Hillary Rodham Clinton has expressed support for the tens of thousands of [&hellip;]\" \/>\n<meta property=\"og:url\" content=\"https:\/\/blog.zeit.de\/joerglau\/2011\/02\/15\/amerika-unterstutzt-iranischen-protest_4615\" \/>\n<meta property=\"og:site_name\" content=\"J\u00f6rg Lau\" \/>\n<meta property=\"article:published_time\" content=\"2011-02-15T11:22:39+00:00\" \/>\n<meta property=\"article:modified_time\" content=\"2011-02-15T11:22:55+00:00\" \/>\n<meta name=\"author\" content=\"J\u00f6rg Lau\" \/>\n<meta name=\"twitter:card\" content=\"summary_large_image\" \/>\n<meta name=\"twitter:label1\" content=\"Geschrieben von\" \/>\n\t<meta name=\"twitter:data1\" content=\"J\u00f6rg Lau\" \/>\n\t<meta name=\"twitter:label2\" content=\"Gesch\u00e4tzte Lesezeit\" \/>\n\t<meta name=\"twitter:data2\" content=\"1\u00a0Minute\" \/>\n<script type=\"application\/ld+json\" class=\"yoast-schema-graph\">{\"@context\":\"https:\/\/schema.org\",\"@graph\":[{\"@type\":\"WebPage\",\"@id\":\"https:\/\/blog.zeit.de\/joerglau\/2011\/02\/15\/amerika-unterstutzt-iranischen-protest_4615\",\"url\":\"https:\/\/blog.zeit.de\/joerglau\/2011\/02\/15\/amerika-unterstutzt-iranischen-protest_4615\",\"name\":\"Amerika unterst\u00fctzt iranischen Protest - J\u00f6rg Lau\",\"isPartOf\":{\"@id\":\"https:\/\/blog.zeit.de\/joerglau\/#website\"},\"datePublished\":\"2011-02-15T11:22:39+00:00\",\"dateModified\":\"2011-02-15T11:22:55+00:00\",\"author\":{\"@id\":\"https:\/\/blog.zeit.de\/joerglau\/#\/schema\/person\/55f0be9bfac24815791fbc852b042f57\"},\"breadcrumb\":{\"@id\":\"https:\/\/blog.zeit.de\/joerglau\/2011\/02\/15\/amerika-unterstutzt-iranischen-protest_4615#breadcrumb\"},\"inLanguage\":\"de\",\"potentialAction\":[{\"@type\":\"ReadAction\",\"target\":[\"https:\/\/blog.zeit.de\/joerglau\/2011\/02\/15\/amerika-unterstutzt-iranischen-protest_4615\"]}]},{\"@type\":\"BreadcrumbList\",\"@id\":\"https:\/\/blog.zeit.de\/joerglau\/2011\/02\/15\/amerika-unterstutzt-iranischen-protest_4615#breadcrumb\",\"itemListElement\":[{\"@type\":\"ListItem\",\"position\":1,\"name\":\"Startseite\",\"item\":\"https:\/\/blog.zeit.de\/joerglau\"},{\"@type\":\"ListItem\",\"position\":2,\"name\":\"Amerika unterst\u00fctzt iranischen Protest\"}]},{\"@type\":\"WebSite\",\"@id\":\"https:\/\/blog.zeit.de\/joerglau\/#website\",\"url\":\"https:\/\/blog.zeit.de\/joerglau\/\",\"name\":\"J\u00f6rg Lau\",\"description\":\"Ein Blog \u00fcber Religion und Politik\",\"potentialAction\":[{\"@type\":\"SearchAction\",\"target\":{\"@type\":\"EntryPoint\",\"urlTemplate\":\"https:\/\/blog.zeit.de\/joerglau\/?s={search_term_string}\"},\"query-input\":\"required name=search_term_string\"}],\"inLanguage\":\"de\"},{\"@type\":\"Person\",\"@id\":\"https:\/\/blog.zeit.de\/joerglau\/#\/schema\/person\/55f0be9bfac24815791fbc852b042f57\",\"name\":\"J\u00f6rg Lau\",\"image\":{\"@type\":\"ImageObject\",\"inLanguage\":\"de\",\"@id\":\"https:\/\/blog.zeit.de\/joerglau\/#\/schema\/person\/image\/\",\"url\":\"https:\/\/secure.gravatar.com\/avatar\/a5fe39bf4f5335b8bac36eefa0b41467221b1598bfea5f05159a0199e391eed0?s=96&d=mm&r=g\",\"contentUrl\":\"https:\/\/secure.gravatar.com\/avatar\/a5fe39bf4f5335b8bac36eefa0b41467221b1598bfea5f05159a0199e391eed0?s=96&d=mm&r=g\",\"caption\":\"J\u00f6rg Lau\"},\"url\":\"https:\/\/blog.zeit.de\/joerglau\/author\/joerg-lau\"}]}<\/script>\n<!-- \/ Yoast SEO plugin. -->","yoast_head_json":{"title":"Amerika unterst\u00fctzt iranischen Protest - J\u00f6rg Lau","robots":{"index":"index","follow":"follow","max-snippet":"max-snippet:-1","max-image-preview":"max-image-preview:large","max-video-preview":"max-video-preview:-1"},"canonical":"https:\/\/blog.zeit.de\/joerglau\/2011\/02\/15\/amerika-unterstutzt-iranischen-protest_4615","og_locale":"de_DE","og_type":"article","og_title":"Amerika unterst\u00fctzt iranischen Protest - J\u00f6rg Lau","og_description":"Die Frage, die ich gestern noch etwas skeptisch gestellt hatte &#8211; ob Amerika im Licht der tunesischen und \u00e4gyptischen Ereignisse umdenkt und sich deutlicher an die Seite der Demokratiebewegungen in der Region stellt &#8211; kann heute als beantwortet gelten: Ja. Secretary of State Hillary Rodham Clinton has expressed support for the tens of thousands of [&hellip;]","og_url":"https:\/\/blog.zeit.de\/joerglau\/2011\/02\/15\/amerika-unterstutzt-iranischen-protest_4615","og_site_name":"J\u00f6rg Lau","article_published_time":"2011-02-15T11:22:39+00:00","article_modified_time":"2011-02-15T11:22:55+00:00","author":"J\u00f6rg Lau","twitter_card":"summary_large_image","twitter_misc":{"Geschrieben von":"J\u00f6rg Lau","Gesch\u00e4tzte Lesezeit":"1\u00a0Minute"},"schema":{"@context":"https:\/\/schema.org","@graph":[{"@type":"WebPage","@id":"https:\/\/blog.zeit.de\/joerglau\/2011\/02\/15\/amerika-unterstutzt-iranischen-protest_4615","url":"https:\/\/blog.zeit.de\/joerglau\/2011\/02\/15\/amerika-unterstutzt-iranischen-protest_4615","name":"Amerika unterst\u00fctzt iranischen Protest - J\u00f6rg Lau","isPartOf":{"@id":"https:\/\/blog.zeit.de\/joerglau\/#website"},"datePublished":"2011-02-15T11:22:39+00:00","dateModified":"2011-02-15T11:22:55+00:00","author":{"@id":"https:\/\/blog.zeit.de\/joerglau\/#\/schema\/person\/55f0be9bfac24815791fbc852b042f57"},"breadcrumb":{"@id":"https:\/\/blog.zeit.de\/joerglau\/2011\/02\/15\/amerika-unterstutzt-iranischen-protest_4615#breadcrumb"},"inLanguage":"de","potentialAction":[{"@type":"ReadAction","target":["https:\/\/blog.zeit.de\/joerglau\/2011\/02\/15\/amerika-unterstutzt-iranischen-protest_4615"]}]},{"@type":"BreadcrumbList","@id":"https:\/\/blog.zeit.de\/joerglau\/2011\/02\/15\/amerika-unterstutzt-iranischen-protest_4615#breadcrumb","itemListElement":[{"@type":"ListItem","position":1,"name":"Startseite","item":"https:\/\/blog.zeit.de\/joerglau"},{"@type":"ListItem","position":2,"name":"Amerika unterst\u00fctzt iranischen Protest"}]},{"@type":"WebSite","@id":"https:\/\/blog.zeit.de\/joerglau\/#website","url":"https:\/\/blog.zeit.de\/joerglau\/","name":"J\u00f6rg Lau","description":"Ein Blog \u00fcber Religion und Politik","potentialAction":[{"@type":"SearchAction","target":{"@type":"EntryPoint","urlTemplate":"https:\/\/blog.zeit.de\/joerglau\/?s={search_term_string}"},"query-input":"required name=search_term_string"}],"inLanguage":"de"},{"@type":"Person","@id":"https:\/\/blog.zeit.de\/joerglau\/#\/schema\/person\/55f0be9bfac24815791fbc852b042f57","name":"J\u00f6rg Lau","image":{"@type":"ImageObject","inLanguage":"de","@id":"https:\/\/blog.zeit.de\/joerglau\/#\/schema\/person\/image\/","url":"https:\/\/secure.gravatar.com\/avatar\/a5fe39bf4f5335b8bac36eefa0b41467221b1598bfea5f05159a0199e391eed0?s=96&d=mm&r=g","contentUrl":"https:\/\/secure.gravatar.com\/avatar\/a5fe39bf4f5335b8bac36eefa0b41467221b1598bfea5f05159a0199e391eed0?s=96&d=mm&r=g","caption":"J\u00f6rg Lau"},"url":"https:\/\/blog.zeit.de\/joerglau\/author\/joerg-lau"}]}},"jetpack_featured_media_url":"","jetpack_sharing_enabled":true,"jetpack_shortlink":"https:\/\/wp.me\/pG02W-1cr","_links":{"self":[{"href":"https:\/\/blog.zeit.de\/joerglau\/wp-json\/wp\/v2\/posts\/4615","targetHints":{"allow":["GET"]}}],"collection":[{"href":"https:\/\/blog.zeit.de\/joerglau\/wp-json\/wp\/v2\/posts"}],"about":[{"href":"https:\/\/blog.zeit.de\/joerglau\/wp-json\/wp\/v2\/types\/post"}],"author":[{"embeddable":true,"href":"https:\/\/blog.zeit.de\/joerglau\/wp-json\/wp\/v2\/users\/54"}],"replies":[{"embeddable":true,"href":"https:\/\/blog.zeit.de\/joerglau\/wp-json\/wp\/v2\/comments?post=4615"}],"version-history":[{"count":2,"href":"https:\/\/blog.zeit.de\/joerglau\/wp-json\/wp\/v2\/posts\/4615\/revisions"}],"predecessor-version":[{"id":4617,"href":"https:\/\/blog.zeit.de\/joerglau\/wp-json\/wp\/v2\/posts\/4615\/revisions\/4617"}],"wp:attachment":[{"href":"https:\/\/blog.zeit.de\/joerglau\/wp-json\/wp\/v2\/media?parent=4615"}],"wp:term":[{"taxonomy":"category","embeddable":true,"href":"https:\/\/blog.zeit.de\/joerglau\/wp-json\/wp\/v2\/categories?post=4615"},{"taxonomy":"post_tag","embeddable":true,"href":"https:\/\/blog.zeit.de\/joerglau\/wp-json\/wp\/v2\/tags?post=4615"}],"curies":[{"name":"wp","href":"https:\/\/api.w.org\/{rel}","templated":true}]}}