{"id":466,"date":"2007-05-11T12:21:25","date_gmt":"2007-05-11T10:21:25","guid":{"rendered":"http:\/\/blog.zeit.de\/joerglau\/2007\/05\/11\/viele-negative-raektionen-auf-das-islamische-wort_466"},"modified":"2007-05-11T12:21:25","modified_gmt":"2007-05-11T10:21:25","slug":"viele-negative-raektionen-auf-das-islamische-wort","status":"publish","type":"post","link":"https:\/\/blog.zeit.de\/joerglau\/2007\/05\/11\/viele-negative-raektionen-auf-das-islamische-wort_466","title":{"rendered":"Viel Wut gegen das &#8222;Islamische Wort&#8220;"},"content":{"rendered":"<p>Auf die ersten beiden Beitr\u00e4ge zum <a href=\"http:\/\/www.swr.de\/contra\/-\/id=7612\/nid=7612\/did=1983650\/mpdid=1983652\/1cgjfqd\/index.html\">&#8222;Islamischen Wort&#8220;<\/a> habe es \u00fcberwiegend negative und feindselige Reaktionen gegeben. Etwa 60 Prozent der R\u00fcckmeldungen seien ablehnend bis hasserf\u00fcllt, sagt Johannes Wei\u00df, der Redaktionsleiter f\u00fcr den Bereich Religion, Kirche und Gesellschaft.<\/p>\n<p>Auf meine Nachfrage erl\u00e4uterte Wei\u00df, die Reaktionen bez\u00f6gen sich mehr auf die &#8222;Tatsache an sich&#8220;, dass der SWR dem Islam im Internet Platz einr\u00e4ume, und nicht so sehr auf die ersten beiden Texte von Ayman Mazyek und Bekir Alboga. Die Reaktionen seien &#8222;teils sehr heftig, das muss ich schon sagen&#8220;. Teils werde w\u00fcst herumgep\u00f6belt (&#8222;alle Muslime in die Psychiatrie&#8220;). Er mache sich angesichts dieser Feindseilgkeit Sorgen, was erst passieren w\u00fcrde, wenn es in Deutschland zu einem erfolgreichen Anschlag k\u00e4me.<\/p>\n<p><img decoding=\"async\" id=\"image465\" src=\"https:\/\/blog.zeit.de\/joerglau\/files\/2007\/05\/schaeuble-alboga-410.jpg\" alt=\"schaeuble-alboga-410.jpg\" \/><br \/>\n <em>Bekir Alboga (Mitte), einer der Autoren des Islamischen Wortes, bei der Islamkonferenz \u00a9 Sean Gallup\/Getty Images<\/p>\n<p><\/em><\/p>\n<p>Ohne jede Differenzierung zwischen Islam und Islamismus werde dem Sender vorgehalten, &#8222;Islamisten eine Plattform&#8220; zu geben. Die sorgf\u00e4ltig ausgew\u00e4hlten Autoren, so Wei\u00df, b\u00f6ten aber die Sicherheit, dass eben nicht Islamismus gepredigt, sondern dem moderaten Islam ein Forum zur Selbstdarstellung gegeben werde.<\/p>\n<p>Herr Wei\u00df hat Recht: Die feindselige Ablehnung dieser Sendung &#8211; ungeachtet der bisher vorliegenden Beitr\u00e4ge &#8211; ist eine Schande. Sie spricht f\u00fcr einen dumpfen, provinziellen, fremdenfeindlichen Muckergeist, der sich frecher Weise auch noch als Kritik und Aufkl\u00e4rung mi\u00dfversteht. <\/p>\n<p>Der notwendigen scharfen Auseinandersetzung mit Islam und Islamismus erweisen die Reaktionen einen B\u00e4rendienst. Sie spielen denen in die H\u00e4nde, die mit der Abwehrformel &#8222;Islamophobie&#8220; jede differenzierte Auseinandersetzung abw\u00fcrgen wollen. Es ist sehr wichtig, zwischen einem legitimen Ausdruck islamischer Spiritualit\u00e4t und islamistischer Propaganda zu unterscheiden.<\/p>\n<p>Das Islamische Wort steht bisher eindeutig f\u00fcr das Erstere: Der zweite Beitrag von Bekir Alboga, einem Muslim aus Mannheim, der auch als Dialogbeauftragter der DITIB wirkt, begr\u00fcndet die Notwendigkeit des Dialogs aus der Erfahrung des Gebets, das er als Zwiesprache mit Gott beschreibt. Zitat: <\/p>\n<blockquote>\n<p>Unser Prophet Muhammed, Friede sei mit ihm, sagt: \u201eDer beste unter den Menschen ist der, der den Menschen am n\u00fctzlichsten ist.\u201c Das hei\u00dft: Die w\u00fcrdevolle Menschlichkeit wird daran erkennbar, wie sehr wir uns f\u00fcreinander einsetzen, wie sehr wir uns gegenseitig um uns k\u00fcmmern. Der Gesandte Gottes hat gesagt: \u201eEin (wahrer) Muslim ist der, der mit seinen Mitmenschen leicht umgeht und mit dem die Menschen einfach und unkompliziert umgehen k\u00f6nnen.\u201c<\/p>\n<\/blockquote>\n<p>Was bitte gibt es daran abzulehnen? Dass Herr Alboga Jesus als einen Propheten unter anderen und den Koran als letzte Offenbarung bezeichnet, k\u00f6nnen Christen nat\u00fcrlich nicht f\u00fcr sich annehmen (und Atheisten banaler Weise auch nicht). Aber diesen seinen Glauben zu bekennen &#8211; und dies auch auf einer \u00f6ffentlich-rechtlichen Website &#8211; ist selbstverst\u00e4ndlich in Ordnung.<\/p>\n<p>Das n\u00e4chste Islamische Wort wird Anfang Juni online sein &#8211; gesprichen von einer Muslimin, die Wei\u00df noch nicht nennen will. Auch das vierte Teammitglied des Islamischen Wortes wird weiblich sein. <\/p>\n<p>Johannes Wei\u00df bleibt trotz der negativen Reaktionen gelassen und zuversichtlich, dass sich das Islamische Wort auf dauer als Erfolg erweisen wird. Es habe viele sehr positive Reaktionen von jungen Muslimen gegeben, die das Islamische Wort als ein Zeichen sehen, dass ihre Religion hierzulande bei aller Kontroverse dazugeh\u00f6re. <\/p>\n","protected":false},"excerpt":{"rendered":"<p>Auf die ersten beiden Beitr\u00e4ge zum &#8222;Islamischen Wort&#8220; habe es \u00fcberwiegend negative und feindselige Reaktionen gegeben. Etwa 60 Prozent der R\u00fcckmeldungen seien ablehnend bis hasserf\u00fcllt, sagt Johannes Wei\u00df, der Redaktionsleiter f\u00fcr den Bereich Religion, Kirche und Gesellschaft. Auf meine Nachfrage erl\u00e4uterte Wei\u00df, die Reaktionen bez\u00f6gen sich mehr auf die &#8222;Tatsache an sich&#8220;, dass der SWR [&hellip;]<\/p>\n","protected":false},"author":54,"featured_media":0,"comment_status":"open","ping_status":"closed","sticky":false,"template":"","format":"standard","meta":{"jetpack_post_was_ever_published":false,"footnotes":""},"categories":[157],"tags":[],"class_list":["post-466","post","type-post","status-publish","format-standard","hentry","category-die-freunde-und-die-feinde-des-islams"],"yoast_head":"<!-- This site is optimized with the Yoast SEO plugin v21.0 - https:\/\/yoast.com\/wordpress\/plugins\/seo\/ -->\n<title>Viel Wut gegen das &quot;Islamische Wort&quot; - J\u00f6rg Lau<\/title>\n<meta name=\"robots\" content=\"index, follow, max-snippet:-1, max-image-preview:large, max-video-preview:-1\" \/>\n<link rel=\"canonical\" href=\"https:\/\/blog.zeit.de\/joerglau\/2007\/05\/11\/viele-negative-raektionen-auf-das-islamische-wort_466\" \/>\n<meta property=\"og:locale\" content=\"de_DE\" \/>\n<meta property=\"og:type\" content=\"article\" \/>\n<meta property=\"og:title\" content=\"Viel Wut gegen das &quot;Islamische Wort&quot; - J\u00f6rg Lau\" \/>\n<meta property=\"og:description\" content=\"Auf die ersten beiden Beitr\u00e4ge zum &#8222;Islamischen Wort&#8220; habe es \u00fcberwiegend negative und feindselige Reaktionen gegeben. Etwa 60 Prozent der R\u00fcckmeldungen seien ablehnend bis hasserf\u00fcllt, sagt Johannes Wei\u00df, der Redaktionsleiter f\u00fcr den Bereich Religion, Kirche und Gesellschaft. Auf meine Nachfrage erl\u00e4uterte Wei\u00df, die Reaktionen bez\u00f6gen sich mehr auf die &#8222;Tatsache an sich&#8220;, dass der SWR [&hellip;]\" \/>\n<meta property=\"og:url\" content=\"https:\/\/blog.zeit.de\/joerglau\/2007\/05\/11\/viele-negative-raektionen-auf-das-islamische-wort_466\" \/>\n<meta property=\"og:site_name\" content=\"J\u00f6rg Lau\" \/>\n<meta property=\"article:published_time\" content=\"2007-05-11T10:21:25+00:00\" \/>\n<meta property=\"og:image\" content=\"https:\/\/blog.zeit.de\/joerglau\/files\/2007\/05\/schaeuble-alboga-410.jpg\" \/>\n<meta name=\"author\" content=\"J\u00f6rg Lau\" \/>\n<meta name=\"twitter:card\" content=\"summary_large_image\" \/>\n<meta name=\"twitter:label1\" content=\"Geschrieben von\" \/>\n\t<meta name=\"twitter:data1\" content=\"J\u00f6rg Lau\" \/>\n\t<meta name=\"twitter:label2\" content=\"Gesch\u00e4tzte Lesezeit\" \/>\n\t<meta name=\"twitter:data2\" content=\"3\u00a0Minuten\" \/>\n<script type=\"application\/ld+json\" class=\"yoast-schema-graph\">{\"@context\":\"https:\/\/schema.org\",\"@graph\":[{\"@type\":\"WebPage\",\"@id\":\"https:\/\/blog.zeit.de\/joerglau\/2007\/05\/11\/viele-negative-raektionen-auf-das-islamische-wort_466\",\"url\":\"https:\/\/blog.zeit.de\/joerglau\/2007\/05\/11\/viele-negative-raektionen-auf-das-islamische-wort_466\",\"name\":\"Viel Wut gegen das \\\"Islamische Wort\\\" - J\u00f6rg Lau\",\"isPartOf\":{\"@id\":\"https:\/\/blog.zeit.de\/joerglau\/#website\"},\"datePublished\":\"2007-05-11T10:21:25+00:00\",\"dateModified\":\"2007-05-11T10:21:25+00:00\",\"author\":{\"@id\":\"https:\/\/blog.zeit.de\/joerglau\/#\/schema\/person\/55f0be9bfac24815791fbc852b042f57\"},\"breadcrumb\":{\"@id\":\"https:\/\/blog.zeit.de\/joerglau\/2007\/05\/11\/viele-negative-raektionen-auf-das-islamische-wort_466#breadcrumb\"},\"inLanguage\":\"de\",\"potentialAction\":[{\"@type\":\"ReadAction\",\"target\":[\"https:\/\/blog.zeit.de\/joerglau\/2007\/05\/11\/viele-negative-raektionen-auf-das-islamische-wort_466\"]}]},{\"@type\":\"BreadcrumbList\",\"@id\":\"https:\/\/blog.zeit.de\/joerglau\/2007\/05\/11\/viele-negative-raektionen-auf-das-islamische-wort_466#breadcrumb\",\"itemListElement\":[{\"@type\":\"ListItem\",\"position\":1,\"name\":\"Startseite\",\"item\":\"https:\/\/blog.zeit.de\/joerglau\"},{\"@type\":\"ListItem\",\"position\":2,\"name\":\"Viel Wut gegen das &#8222;Islamische Wort&#8220;\"}]},{\"@type\":\"WebSite\",\"@id\":\"https:\/\/blog.zeit.de\/joerglau\/#website\",\"url\":\"https:\/\/blog.zeit.de\/joerglau\/\",\"name\":\"J\u00f6rg Lau\",\"description\":\"Ein Blog \u00fcber Religion und Politik\",\"potentialAction\":[{\"@type\":\"SearchAction\",\"target\":{\"@type\":\"EntryPoint\",\"urlTemplate\":\"https:\/\/blog.zeit.de\/joerglau\/?s={search_term_string}\"},\"query-input\":\"required name=search_term_string\"}],\"inLanguage\":\"de\"},{\"@type\":\"Person\",\"@id\":\"https:\/\/blog.zeit.de\/joerglau\/#\/schema\/person\/55f0be9bfac24815791fbc852b042f57\",\"name\":\"J\u00f6rg Lau\",\"image\":{\"@type\":\"ImageObject\",\"inLanguage\":\"de\",\"@id\":\"https:\/\/blog.zeit.de\/joerglau\/#\/schema\/person\/image\/\",\"url\":\"https:\/\/secure.gravatar.com\/avatar\/a5fe39bf4f5335b8bac36eefa0b41467221b1598bfea5f05159a0199e391eed0?s=96&d=mm&r=g\",\"contentUrl\":\"https:\/\/secure.gravatar.com\/avatar\/a5fe39bf4f5335b8bac36eefa0b41467221b1598bfea5f05159a0199e391eed0?s=96&d=mm&r=g\",\"caption\":\"J\u00f6rg Lau\"},\"url\":\"https:\/\/blog.zeit.de\/joerglau\/author\/joerg-lau\"}]}<\/script>\n<!-- \/ Yoast SEO plugin. -->","yoast_head_json":{"title":"Viel Wut gegen das \"Islamische Wort\" - J\u00f6rg Lau","robots":{"index":"index","follow":"follow","max-snippet":"max-snippet:-1","max-image-preview":"max-image-preview:large","max-video-preview":"max-video-preview:-1"},"canonical":"https:\/\/blog.zeit.de\/joerglau\/2007\/05\/11\/viele-negative-raektionen-auf-das-islamische-wort_466","og_locale":"de_DE","og_type":"article","og_title":"Viel Wut gegen das \"Islamische Wort\" - J\u00f6rg Lau","og_description":"Auf die ersten beiden Beitr\u00e4ge zum &#8222;Islamischen Wort&#8220; habe es \u00fcberwiegend negative und feindselige Reaktionen gegeben. Etwa 60 Prozent der R\u00fcckmeldungen seien ablehnend bis hasserf\u00fcllt, sagt Johannes Wei\u00df, der Redaktionsleiter f\u00fcr den Bereich Religion, Kirche und Gesellschaft. Auf meine Nachfrage erl\u00e4uterte Wei\u00df, die Reaktionen bez\u00f6gen sich mehr auf die &#8222;Tatsache an sich&#8220;, dass der SWR [&hellip;]","og_url":"https:\/\/blog.zeit.de\/joerglau\/2007\/05\/11\/viele-negative-raektionen-auf-das-islamische-wort_466","og_site_name":"J\u00f6rg Lau","article_published_time":"2007-05-11T10:21:25+00:00","og_image":[{"url":"https:\/\/blog.zeit.de\/joerglau\/files\/2007\/05\/schaeuble-alboga-410.jpg"}],"author":"J\u00f6rg Lau","twitter_card":"summary_large_image","twitter_misc":{"Geschrieben von":"J\u00f6rg Lau","Gesch\u00e4tzte Lesezeit":"3\u00a0Minuten"},"schema":{"@context":"https:\/\/schema.org","@graph":[{"@type":"WebPage","@id":"https:\/\/blog.zeit.de\/joerglau\/2007\/05\/11\/viele-negative-raektionen-auf-das-islamische-wort_466","url":"https:\/\/blog.zeit.de\/joerglau\/2007\/05\/11\/viele-negative-raektionen-auf-das-islamische-wort_466","name":"Viel Wut gegen das \"Islamische Wort\" - J\u00f6rg Lau","isPartOf":{"@id":"https:\/\/blog.zeit.de\/joerglau\/#website"},"datePublished":"2007-05-11T10:21:25+00:00","dateModified":"2007-05-11T10:21:25+00:00","author":{"@id":"https:\/\/blog.zeit.de\/joerglau\/#\/schema\/person\/55f0be9bfac24815791fbc852b042f57"},"breadcrumb":{"@id":"https:\/\/blog.zeit.de\/joerglau\/2007\/05\/11\/viele-negative-raektionen-auf-das-islamische-wort_466#breadcrumb"},"inLanguage":"de","potentialAction":[{"@type":"ReadAction","target":["https:\/\/blog.zeit.de\/joerglau\/2007\/05\/11\/viele-negative-raektionen-auf-das-islamische-wort_466"]}]},{"@type":"BreadcrumbList","@id":"https:\/\/blog.zeit.de\/joerglau\/2007\/05\/11\/viele-negative-raektionen-auf-das-islamische-wort_466#breadcrumb","itemListElement":[{"@type":"ListItem","position":1,"name":"Startseite","item":"https:\/\/blog.zeit.de\/joerglau"},{"@type":"ListItem","position":2,"name":"Viel Wut gegen das &#8222;Islamische Wort&#8220;"}]},{"@type":"WebSite","@id":"https:\/\/blog.zeit.de\/joerglau\/#website","url":"https:\/\/blog.zeit.de\/joerglau\/","name":"J\u00f6rg Lau","description":"Ein Blog \u00fcber Religion und Politik","potentialAction":[{"@type":"SearchAction","target":{"@type":"EntryPoint","urlTemplate":"https:\/\/blog.zeit.de\/joerglau\/?s={search_term_string}"},"query-input":"required name=search_term_string"}],"inLanguage":"de"},{"@type":"Person","@id":"https:\/\/blog.zeit.de\/joerglau\/#\/schema\/person\/55f0be9bfac24815791fbc852b042f57","name":"J\u00f6rg Lau","image":{"@type":"ImageObject","inLanguage":"de","@id":"https:\/\/blog.zeit.de\/joerglau\/#\/schema\/person\/image\/","url":"https:\/\/secure.gravatar.com\/avatar\/a5fe39bf4f5335b8bac36eefa0b41467221b1598bfea5f05159a0199e391eed0?s=96&d=mm&r=g","contentUrl":"https:\/\/secure.gravatar.com\/avatar\/a5fe39bf4f5335b8bac36eefa0b41467221b1598bfea5f05159a0199e391eed0?s=96&d=mm&r=g","caption":"J\u00f6rg Lau"},"url":"https:\/\/blog.zeit.de\/joerglau\/author\/joerg-lau"}]}},"jetpack_featured_media_url":"","jetpack_sharing_enabled":true,"jetpack_shortlink":"https:\/\/wp.me\/pG02W-7w","_links":{"self":[{"href":"https:\/\/blog.zeit.de\/joerglau\/wp-json\/wp\/v2\/posts\/466","targetHints":{"allow":["GET"]}}],"collection":[{"href":"https:\/\/blog.zeit.de\/joerglau\/wp-json\/wp\/v2\/posts"}],"about":[{"href":"https:\/\/blog.zeit.de\/joerglau\/wp-json\/wp\/v2\/types\/post"}],"author":[{"embeddable":true,"href":"https:\/\/blog.zeit.de\/joerglau\/wp-json\/wp\/v2\/users\/54"}],"replies":[{"embeddable":true,"href":"https:\/\/blog.zeit.de\/joerglau\/wp-json\/wp\/v2\/comments?post=466"}],"version-history":[{"count":0,"href":"https:\/\/blog.zeit.de\/joerglau\/wp-json\/wp\/v2\/posts\/466\/revisions"}],"wp:attachment":[{"href":"https:\/\/blog.zeit.de\/joerglau\/wp-json\/wp\/v2\/media?parent=466"}],"wp:term":[{"taxonomy":"category","embeddable":true,"href":"https:\/\/blog.zeit.de\/joerglau\/wp-json\/wp\/v2\/categories?post=466"},{"taxonomy":"post_tag","embeddable":true,"href":"https:\/\/blog.zeit.de\/joerglau\/wp-json\/wp\/v2\/tags?post=466"}],"curies":[{"name":"wp","href":"https:\/\/api.w.org\/{rel}","templated":true}]}}