{"id":4761,"date":"2011-03-29T17:29:54","date_gmt":"2011-03-29T15:29:54","guid":{"rendered":"http:\/\/blog.zeit.de\/joerglau\/?p=4761"},"modified":"2011-03-30T14:55:44","modified_gmt":"2011-03-30T12:55:44","slug":"eine-muslimin-will-miss-universe-werden","status":"publish","type":"post","link":"https:\/\/blog.zeit.de\/joerglau\/2011\/03\/29\/eine-muslimin-will-miss-universe-werden_4761","title":{"rendered":"Eine Muslimin will Miss Universe werden"},"content":{"rendered":"<p>Shanna Bukhari m\u00f6chte gerne Gro\u00dfbritannien bei den &#8222;Miss Universe&#8220;-Wahlen vertreten. Sie stammt aus Blackburn, hat Literatur studiert und ist 24. Wie der Name schon verr\u00e4t, ist sie Muslimin. Das nehmen die einen nun zum Anlass, sie eine Schande f\u00fcr diesen Glauben zu nennen (und sie zu bedrohen).<br \/>\nUnd die anderen beschimpfen sie, weil sie &#8222;nicht hierher geh\u00f6rt&#8220; und also die Briten nicht vertreten k\u00f6nne. Wieder andere werfen ihr vor, sich einer fragw\u00fcrdigen Veranstaltung zu unterwerfen und damit die Frauen zu verraten.<\/p>\n<p><a href=\"https:\/\/blog.zeit.de\/joerglau\/files\/2011\/03\/shanna-bukhari.jpg\"><img loading=\"lazy\" decoding=\"async\" class=\"alignnone size-full wp-image-4770\" title=\"shanna-bukhari\" src=\"https:\/\/blog.zeit.de\/joerglau\/files\/2011\/03\/shanna-bukhari.jpg\" alt=\"\" width=\"460\" height=\"276\" srcset=\"https:\/\/blog.zeit.de\/joerglau\/files\/2011\/03\/shanna-bukhari.jpg 460w, https:\/\/blog.zeit.de\/joerglau\/files\/2011\/03\/shanna-bukhari-300x180.jpg 300w\" sizes=\"auto, (max-width: 460px) 100vw, 460px\" \/><\/a><br \/>\nShanna Bukhari hat es derzeit mit einer \u00e4tzenden Kombination aus engstirnigen Islamisten, Feministinnen und Rassisten zu tun. Sie ist, wie sie dem <a href=\"http:\/\/www.guardian.co.uk\/uk\/2011\/mar\/20\/muslim-miss-universe-death-threat\">Guardian<\/a> sagte, ziemlich schockiert \u00fcber die Reaktionen, die ihre Kandidatur bei der britischen Ausscheidung f\u00fcr das Miss-Universe-Finale ausgel\u00f6st hat.<br \/>\nVielleicht &#8211; hoffentlich &#8211; wird gerade das ihr helfen und ihr die Sympathie des breiten Publikums zutragen.<br \/>\nMit 9 Jahren wurde sie zum Opfer einer rassistischen Attacke, bei der sie schwer durch einen Steinwurf verletzt wurde. Jetzt haben es ressentimentgeladene muslimische M\u00e4nner auf sie abgesehen, deren Obsession es ist, Frauen zu kontrollieren und einzuschr\u00e4nken. Sie hat Todesdrohungen erhalten.<br \/>\nShanna Bukhari kennt solches Ressentiment gegen Frauen von zu Hause offenbar nicht. Es w\u00e4re ein Triumph der britischen Gesellschaft \u00fcber ihre D\u00e4monen, wenn sie nominiert w\u00fcrde.<br \/>\n(Und au\u00dferdem sieht sie ziemlich h\u00fcbsch aus.)<\/p>\n<blockquote><p>Bukhari, born in Blackburn, grew up in Lancashire and is no stranger to intolerance. When she was nine, she ended up in hospital after a man screaming racist abuse had thrown a brick at her, causing so much damage to her stomach that she suffered a blood clot and had to undergo surgery.<\/p>\n<p>But even she has been surprised by the furore that her participation in the British heats of Miss Universe has prompted. Rather than confirming her hopes that society had progressed since her childhood, the controversy has made her question the state of multiculturalism in modern Britain. &#8222;It has highlighted the divisions that exist, a lack of social integration, a lack of adhesion between white and coloured people, and this needs to be addressed,&#8220; she said. &#8222;I thought my participation might be something that people did not agree with, but I never thought I&#8217;d get abused.&#8220;<\/p>\n<p>The attacks on the Manchester-based English literature graduate began after a local newspaper ran an article 10 days ago revealing her ambition to become the first Muslim to represent Great Britain at the beauty contest. Since then, she has received around 300 messages a day on her Facebook page, a handful of which are abusive. Most of the negative comments have come from a minority of Muslim men. &#8222;I get people saying, &#8218;you&#8217;re not a Muslim&#8216; and &#8218;you&#8217;re using religion to get attention&#8216;. I said they were the ones bringing religion into it. I&#8217;m not representing Islam; I just want to represent my country, and of that I am very proud. They are trying to control me, using religion as a tool to attack.&#8220;<\/p><\/blockquote>\n","protected":false},"excerpt":{"rendered":"<p>Shanna Bukhari m\u00f6chte gerne Gro\u00dfbritannien bei den &#8222;Miss Universe&#8220;-Wahlen vertreten. Sie stammt aus Blackburn, hat Literatur studiert und ist 24. Wie der Name schon verr\u00e4t, ist sie Muslimin. Das nehmen die einen nun zum Anlass, sie eine Schande f\u00fcr diesen Glauben zu nennen (und sie zu bedrohen). Und die anderen beschimpfen sie, weil sie &#8222;nicht [&hellip;]<\/p>\n","protected":false},"author":54,"featured_media":0,"comment_status":"open","ping_status":"closed","sticky":false,"template":"","format":"standard","meta":{"jetpack_post_was_ever_published":false,"footnotes":""},"categories":[157,164],"tags":[],"class_list":["post-4761","post","type-post","status-publish","format-standard","hentry","category-die-freunde-und-die-feinde-des-islams","category-integration-und-frauenrechte"],"yoast_head":"<!-- This site is optimized with the Yoast SEO plugin v21.0 - https:\/\/yoast.com\/wordpress\/plugins\/seo\/ -->\n<title>Eine Muslimin will Miss Universe werden - J\u00f6rg Lau<\/title>\n<meta name=\"robots\" content=\"index, follow, max-snippet:-1, max-image-preview:large, max-video-preview:-1\" \/>\n<link rel=\"canonical\" href=\"https:\/\/blog.zeit.de\/joerglau\/2011\/03\/29\/eine-muslimin-will-miss-universe-werden_4761\" \/>\n<meta property=\"og:locale\" content=\"de_DE\" \/>\n<meta property=\"og:type\" content=\"article\" \/>\n<meta property=\"og:title\" content=\"Eine Muslimin will Miss Universe werden - J\u00f6rg Lau\" \/>\n<meta property=\"og:description\" content=\"Shanna Bukhari m\u00f6chte gerne Gro\u00dfbritannien bei den &#8222;Miss Universe&#8220;-Wahlen vertreten. Sie stammt aus Blackburn, hat Literatur studiert und ist 24. Wie der Name schon verr\u00e4t, ist sie Muslimin. Das nehmen die einen nun zum Anlass, sie eine Schande f\u00fcr diesen Glauben zu nennen (und sie zu bedrohen). Und die anderen beschimpfen sie, weil sie &#8222;nicht [&hellip;]\" \/>\n<meta property=\"og:url\" content=\"https:\/\/blog.zeit.de\/joerglau\/2011\/03\/29\/eine-muslimin-will-miss-universe-werden_4761\" \/>\n<meta property=\"og:site_name\" content=\"J\u00f6rg Lau\" \/>\n<meta property=\"article:published_time\" content=\"2011-03-29T15:29:54+00:00\" \/>\n<meta property=\"article:modified_time\" content=\"2011-03-30T12:55:44+00:00\" \/>\n<meta property=\"og:image\" content=\"https:\/\/blog.zeit.de\/joerglau\/files\/2011\/03\/shanna-bukhari.jpg\" \/>\n<meta name=\"author\" content=\"J\u00f6rg Lau\" \/>\n<meta name=\"twitter:card\" content=\"summary_large_image\" \/>\n<meta name=\"twitter:label1\" content=\"Geschrieben von\" \/>\n\t<meta name=\"twitter:data1\" content=\"J\u00f6rg Lau\" \/>\n\t<meta name=\"twitter:label2\" content=\"Gesch\u00e4tzte Lesezeit\" \/>\n\t<meta name=\"twitter:data2\" content=\"2\u00a0Minuten\" \/>\n<script type=\"application\/ld+json\" class=\"yoast-schema-graph\">{\"@context\":\"https:\/\/schema.org\",\"@graph\":[{\"@type\":\"WebPage\",\"@id\":\"https:\/\/blog.zeit.de\/joerglau\/2011\/03\/29\/eine-muslimin-will-miss-universe-werden_4761\",\"url\":\"https:\/\/blog.zeit.de\/joerglau\/2011\/03\/29\/eine-muslimin-will-miss-universe-werden_4761\",\"name\":\"Eine Muslimin will Miss Universe werden - J\u00f6rg Lau\",\"isPartOf\":{\"@id\":\"https:\/\/blog.zeit.de\/joerglau\/#website\"},\"datePublished\":\"2011-03-29T15:29:54+00:00\",\"dateModified\":\"2011-03-30T12:55:44+00:00\",\"author\":{\"@id\":\"https:\/\/blog.zeit.de\/joerglau\/#\/schema\/person\/55f0be9bfac24815791fbc852b042f57\"},\"breadcrumb\":{\"@id\":\"https:\/\/blog.zeit.de\/joerglau\/2011\/03\/29\/eine-muslimin-will-miss-universe-werden_4761#breadcrumb\"},\"inLanguage\":\"de\",\"potentialAction\":[{\"@type\":\"ReadAction\",\"target\":[\"https:\/\/blog.zeit.de\/joerglau\/2011\/03\/29\/eine-muslimin-will-miss-universe-werden_4761\"]}]},{\"@type\":\"BreadcrumbList\",\"@id\":\"https:\/\/blog.zeit.de\/joerglau\/2011\/03\/29\/eine-muslimin-will-miss-universe-werden_4761#breadcrumb\",\"itemListElement\":[{\"@type\":\"ListItem\",\"position\":1,\"name\":\"Startseite\",\"item\":\"https:\/\/blog.zeit.de\/joerglau\"},{\"@type\":\"ListItem\",\"position\":2,\"name\":\"Eine Muslimin will Miss Universe werden\"}]},{\"@type\":\"WebSite\",\"@id\":\"https:\/\/blog.zeit.de\/joerglau\/#website\",\"url\":\"https:\/\/blog.zeit.de\/joerglau\/\",\"name\":\"J\u00f6rg Lau\",\"description\":\"Ein Blog \u00fcber Religion und Politik\",\"potentialAction\":[{\"@type\":\"SearchAction\",\"target\":{\"@type\":\"EntryPoint\",\"urlTemplate\":\"https:\/\/blog.zeit.de\/joerglau\/?s={search_term_string}\"},\"query-input\":\"required name=search_term_string\"}],\"inLanguage\":\"de\"},{\"@type\":\"Person\",\"@id\":\"https:\/\/blog.zeit.de\/joerglau\/#\/schema\/person\/55f0be9bfac24815791fbc852b042f57\",\"name\":\"J\u00f6rg Lau\",\"image\":{\"@type\":\"ImageObject\",\"inLanguage\":\"de\",\"@id\":\"https:\/\/blog.zeit.de\/joerglau\/#\/schema\/person\/image\/\",\"url\":\"https:\/\/secure.gravatar.com\/avatar\/a5fe39bf4f5335b8bac36eefa0b41467221b1598bfea5f05159a0199e391eed0?s=96&d=mm&r=g\",\"contentUrl\":\"https:\/\/secure.gravatar.com\/avatar\/a5fe39bf4f5335b8bac36eefa0b41467221b1598bfea5f05159a0199e391eed0?s=96&d=mm&r=g\",\"caption\":\"J\u00f6rg Lau\"},\"url\":\"https:\/\/blog.zeit.de\/joerglau\/author\/joerg-lau\"}]}<\/script>\n<!-- \/ Yoast SEO plugin. -->","yoast_head_json":{"title":"Eine Muslimin will Miss Universe werden - J\u00f6rg Lau","robots":{"index":"index","follow":"follow","max-snippet":"max-snippet:-1","max-image-preview":"max-image-preview:large","max-video-preview":"max-video-preview:-1"},"canonical":"https:\/\/blog.zeit.de\/joerglau\/2011\/03\/29\/eine-muslimin-will-miss-universe-werden_4761","og_locale":"de_DE","og_type":"article","og_title":"Eine Muslimin will Miss Universe werden - J\u00f6rg Lau","og_description":"Shanna Bukhari m\u00f6chte gerne Gro\u00dfbritannien bei den &#8222;Miss Universe&#8220;-Wahlen vertreten. Sie stammt aus Blackburn, hat Literatur studiert und ist 24. Wie der Name schon verr\u00e4t, ist sie Muslimin. Das nehmen die einen nun zum Anlass, sie eine Schande f\u00fcr diesen Glauben zu nennen (und sie zu bedrohen). Und die anderen beschimpfen sie, weil sie &#8222;nicht [&hellip;]","og_url":"https:\/\/blog.zeit.de\/joerglau\/2011\/03\/29\/eine-muslimin-will-miss-universe-werden_4761","og_site_name":"J\u00f6rg Lau","article_published_time":"2011-03-29T15:29:54+00:00","article_modified_time":"2011-03-30T12:55:44+00:00","og_image":[{"url":"https:\/\/blog.zeit.de\/joerglau\/files\/2011\/03\/shanna-bukhari.jpg"}],"author":"J\u00f6rg Lau","twitter_card":"summary_large_image","twitter_misc":{"Geschrieben von":"J\u00f6rg Lau","Gesch\u00e4tzte Lesezeit":"2\u00a0Minuten"},"schema":{"@context":"https:\/\/schema.org","@graph":[{"@type":"WebPage","@id":"https:\/\/blog.zeit.de\/joerglau\/2011\/03\/29\/eine-muslimin-will-miss-universe-werden_4761","url":"https:\/\/blog.zeit.de\/joerglau\/2011\/03\/29\/eine-muslimin-will-miss-universe-werden_4761","name":"Eine Muslimin will Miss Universe werden - J\u00f6rg Lau","isPartOf":{"@id":"https:\/\/blog.zeit.de\/joerglau\/#website"},"datePublished":"2011-03-29T15:29:54+00:00","dateModified":"2011-03-30T12:55:44+00:00","author":{"@id":"https:\/\/blog.zeit.de\/joerglau\/#\/schema\/person\/55f0be9bfac24815791fbc852b042f57"},"breadcrumb":{"@id":"https:\/\/blog.zeit.de\/joerglau\/2011\/03\/29\/eine-muslimin-will-miss-universe-werden_4761#breadcrumb"},"inLanguage":"de","potentialAction":[{"@type":"ReadAction","target":["https:\/\/blog.zeit.de\/joerglau\/2011\/03\/29\/eine-muslimin-will-miss-universe-werden_4761"]}]},{"@type":"BreadcrumbList","@id":"https:\/\/blog.zeit.de\/joerglau\/2011\/03\/29\/eine-muslimin-will-miss-universe-werden_4761#breadcrumb","itemListElement":[{"@type":"ListItem","position":1,"name":"Startseite","item":"https:\/\/blog.zeit.de\/joerglau"},{"@type":"ListItem","position":2,"name":"Eine Muslimin will Miss Universe werden"}]},{"@type":"WebSite","@id":"https:\/\/blog.zeit.de\/joerglau\/#website","url":"https:\/\/blog.zeit.de\/joerglau\/","name":"J\u00f6rg Lau","description":"Ein Blog \u00fcber Religion und Politik","potentialAction":[{"@type":"SearchAction","target":{"@type":"EntryPoint","urlTemplate":"https:\/\/blog.zeit.de\/joerglau\/?s={search_term_string}"},"query-input":"required name=search_term_string"}],"inLanguage":"de"},{"@type":"Person","@id":"https:\/\/blog.zeit.de\/joerglau\/#\/schema\/person\/55f0be9bfac24815791fbc852b042f57","name":"J\u00f6rg Lau","image":{"@type":"ImageObject","inLanguage":"de","@id":"https:\/\/blog.zeit.de\/joerglau\/#\/schema\/person\/image\/","url":"https:\/\/secure.gravatar.com\/avatar\/a5fe39bf4f5335b8bac36eefa0b41467221b1598bfea5f05159a0199e391eed0?s=96&d=mm&r=g","contentUrl":"https:\/\/secure.gravatar.com\/avatar\/a5fe39bf4f5335b8bac36eefa0b41467221b1598bfea5f05159a0199e391eed0?s=96&d=mm&r=g","caption":"J\u00f6rg Lau"},"url":"https:\/\/blog.zeit.de\/joerglau\/author\/joerg-lau"}]}},"jetpack_featured_media_url":"","jetpack_sharing_enabled":true,"jetpack_shortlink":"https:\/\/wp.me\/pG02W-1eN","_links":{"self":[{"href":"https:\/\/blog.zeit.de\/joerglau\/wp-json\/wp\/v2\/posts\/4761","targetHints":{"allow":["GET"]}}],"collection":[{"href":"https:\/\/blog.zeit.de\/joerglau\/wp-json\/wp\/v2\/posts"}],"about":[{"href":"https:\/\/blog.zeit.de\/joerglau\/wp-json\/wp\/v2\/types\/post"}],"author":[{"embeddable":true,"href":"https:\/\/blog.zeit.de\/joerglau\/wp-json\/wp\/v2\/users\/54"}],"replies":[{"embeddable":true,"href":"https:\/\/blog.zeit.de\/joerglau\/wp-json\/wp\/v2\/comments?post=4761"}],"version-history":[{"count":5,"href":"https:\/\/blog.zeit.de\/joerglau\/wp-json\/wp\/v2\/posts\/4761\/revisions"}],"predecessor-version":[{"id":4769,"href":"https:\/\/blog.zeit.de\/joerglau\/wp-json\/wp\/v2\/posts\/4761\/revisions\/4769"}],"wp:attachment":[{"href":"https:\/\/blog.zeit.de\/joerglau\/wp-json\/wp\/v2\/media?parent=4761"}],"wp:term":[{"taxonomy":"category","embeddable":true,"href":"https:\/\/blog.zeit.de\/joerglau\/wp-json\/wp\/v2\/categories?post=4761"},{"taxonomy":"post_tag","embeddable":true,"href":"https:\/\/blog.zeit.de\/joerglau\/wp-json\/wp\/v2\/tags?post=4761"}],"curies":[{"name":"wp","href":"https:\/\/api.w.org\/{rel}","templated":true}]}}