{"id":4819,"date":"2011-04-18T15:24:48","date_gmt":"2011-04-18T13:24:48","guid":{"rendered":"http:\/\/blog.zeit.de\/joerglau\/?p=4819"},"modified":"2011-04-18T15:24:48","modified_gmt":"2011-04-18T13:24:48","slug":"einwanderung-begrenzen-und-steuern-ist-nicht-rechts","status":"publish","type":"post","link":"https:\/\/blog.zeit.de\/joerglau\/2011\/04\/18\/einwanderung-begrenzen-und-steuern-ist-nicht-rechts_4819","title":{"rendered":"Einwanderung begrenzen und steuern ist nicht &#8222;rechts&#8220;"},"content":{"rendered":"<p>David Cameron, der britische Premier, hat letzte Woche eine Grundsatzrede zur Einwanderung gehalten. Genauer gesagt: Es war eine Rede \u00fcber die <a href=\"http:\/\/www.telegraph.co.uk\/news\/uknews\/immigration\/8449324\/David-Cameron-migration-threatens-our-way-of-life.html\">Einschr\u00e4nkung der Einwanderung<\/a>. Erwartungsgem\u00e4\u00df wurde sie vor allem von links her kritisiert. Auch der <a href=\"http:\/\/www.tagesspiegel.de\/politik\/cameron-blinkt-nach-rechts\/4063340.html\">liberaldemokratische Koalitionspartner nahm den Regierungschef hart ran<\/a>. (<a href=\"http:\/\/www.guardian.co.uk\/politics\/2011\/apr\/14\/david-cameron-immigration-speech-full-text\">Hier die Rede<\/a>.)<\/p>\n<p>Das halte ich f\u00fcr kurzsichtig. Der Nationalstaat ist einstweilen das einzige Gef\u00e4\u00df der Demokratie, das wir haben (bis eventuell auch einmal eine supranationale Demokratie auf europ\u00e4ischer Ebene funktioniert, braucht es eine weitere Generation). Die M\u00f6glichkeit zur Kontrolle der Grenzen und (post-Schengen) der Staatsangeh\u00f6rigkeit ist ein Kernelement der Staatlichkeit. In anderen Worten: Wenn der Eindruck entsteht, ein Staat habe dar\u00fcber keine Kontrolle mehr, unterh\u00f6hlt das die Legitimit\u00e4t dieses Staates. Die Linke \u00a0in Deutschland hat dies in den Jahren zwischen dem Asylkompromiss von 1992 \u00a0und den Schily&#8217;schen Sicherheitsgesetzen zehn Jahre sp\u00e4ter gelernt.<\/p>\n<p>Cameron setzt sich in seiner Rede mit den Migrations-Def\u00e4tisten auseinander, die von der Nichtsteuerbarkeit von Wanderungsprozessen ausgehen. Grossbritannien kann die Migration innerhalb der EU zwar nicht mehr steuern, aber die macht auch nur einen geringen Anteil aus. Der wesentliche Teil ist die au\u00dfereurop\u00e4ische Migration, und die ist mit fast 200.000 Zug\u00e4ngen im letzten Jahr in der Tat sehr hoch. Cameron k\u00fcndigt an, Schlupfl\u00f6cher zu stopfen, wie etwa bei der Vergabe von Studentenvisa, wo es offenbar einigen Mi\u00dfbrauch gibt. Beim Familiennachzug soll es auch Beschr\u00e4nkungen geben. Die Kriterien zur Erteilung von Arbeitsvisa werden erh\u00f6ht. Au\u00dferdem sollen die Anreize im Sozialsystem korrigiert werden, damit sich Arbeit wieder mehr lohnt als St\u00fctze (also das, was in Deutschland erst durch Rotgr\u00fcn angefasst wurde, Stichwort Hartz 4).<\/p>\n<p>Ich finde einige der Beispiele, mit denen Cameron arbeitet zwar etwas tendenzi\u00f6s (der chinesische Koch, das indische Plakat). Aber insgesamt hat diese Rede f\u00fcr meinen Geschmack keinen falschen Ton. Es wird nicht ethnisiert, nicht religi\u00f6s oder kulturalistisch argumentiert. Cameron argumentiert vom Gemeinwohl her, und es ist dumm, das als &#8222;rechts blinken&#8220; abzutun.<\/p>\n<p>Ich finde, er hebt sich mit seiner pragmatischen Rede wohltuend von den Schwesterparteien auf dem Kontinent ab. Sarkozy macht spektakul\u00e4re Symbolpolitik (Burka, Identit\u00e4tsdebatte), die am Ende keine relevantes Problem l\u00f6st. Die Christdemokraten fallen immer wieder zur\u00fcck in Kulturalismus und religi\u00f6se Identit\u00e4tsspiele (Kruzifix), und sie machen eine irrationale Zuwanderungspolitik, die an deutschen Interessen vorbeigeht. Die Einkommensgrenzen f\u00fcr begabte und hoch qualifizierte Einwanderer sind hierzulande zum Beispiel viel zu hoch.<\/p>\n<p>Die britischen Konservativen hingegen stehen f\u00fcr ein Punktesystem, das Einwanderung nach rationalen Kriterien zu regeln versucht. Warum ist das bei uns nicht denkbar, obwohl doch das Volk eine <a href=\"http:\/\/www.svr-migration.de\/?page_id=2670\">recht pragmatische Einstellung<\/a> hat?<\/p>\n","protected":false},"excerpt":{"rendered":"<p>David Cameron, der britische Premier, hat letzte Woche eine Grundsatzrede zur Einwanderung gehalten. Genauer gesagt: Es war eine Rede \u00fcber die Einschr\u00e4nkung der Einwanderung. Erwartungsgem\u00e4\u00df wurde sie vor allem von links her kritisiert. Auch der liberaldemokratische Koalitionspartner nahm den Regierungschef hart ran. (Hier die Rede.) Das halte ich f\u00fcr kurzsichtig. Der Nationalstaat ist einstweilen das [&hellip;]<\/p>\n","protected":false},"author":54,"featured_media":0,"comment_status":"open","ping_status":"closed","sticky":false,"template":"","format":"standard","meta":{"jetpack_post_was_ever_published":false,"footnotes":""},"categories":[154,163],"tags":[],"class_list":["post-4819","post","type-post","status-publish","format-standard","hentry","category-curiosa","category-integration"],"yoast_head":"<!-- This site is optimized with the Yoast SEO plugin v21.0 - https:\/\/yoast.com\/wordpress\/plugins\/seo\/ -->\n<title>Einwanderung begrenzen und steuern ist nicht &quot;rechts&quot; - J\u00f6rg Lau<\/title>\n<meta name=\"robots\" content=\"index, follow, max-snippet:-1, max-image-preview:large, max-video-preview:-1\" \/>\n<link rel=\"canonical\" href=\"https:\/\/blog.zeit.de\/joerglau\/2011\/04\/18\/einwanderung-begrenzen-und-steuern-ist-nicht-rechts_4819\" \/>\n<meta property=\"og:locale\" content=\"de_DE\" \/>\n<meta property=\"og:type\" content=\"article\" \/>\n<meta property=\"og:title\" content=\"Einwanderung begrenzen und steuern ist nicht &quot;rechts&quot; - J\u00f6rg Lau\" \/>\n<meta property=\"og:description\" content=\"David Cameron, der britische Premier, hat letzte Woche eine Grundsatzrede zur Einwanderung gehalten. Genauer gesagt: Es war eine Rede \u00fcber die Einschr\u00e4nkung der Einwanderung. Erwartungsgem\u00e4\u00df wurde sie vor allem von links her kritisiert. Auch der liberaldemokratische Koalitionspartner nahm den Regierungschef hart ran. (Hier die Rede.) Das halte ich f\u00fcr kurzsichtig. Der Nationalstaat ist einstweilen das [&hellip;]\" \/>\n<meta property=\"og:url\" content=\"https:\/\/blog.zeit.de\/joerglau\/2011\/04\/18\/einwanderung-begrenzen-und-steuern-ist-nicht-rechts_4819\" \/>\n<meta property=\"og:site_name\" content=\"J\u00f6rg Lau\" \/>\n<meta property=\"article:published_time\" content=\"2011-04-18T13:24:48+00:00\" \/>\n<meta name=\"author\" content=\"J\u00f6rg Lau\" \/>\n<meta name=\"twitter:card\" content=\"summary_large_image\" \/>\n<meta name=\"twitter:label1\" content=\"Geschrieben von\" \/>\n\t<meta name=\"twitter:data1\" content=\"J\u00f6rg Lau\" \/>\n\t<meta name=\"twitter:label2\" content=\"Gesch\u00e4tzte Lesezeit\" \/>\n\t<meta name=\"twitter:data2\" content=\"2\u00a0Minuten\" \/>\n<script type=\"application\/ld+json\" class=\"yoast-schema-graph\">{\"@context\":\"https:\/\/schema.org\",\"@graph\":[{\"@type\":\"WebPage\",\"@id\":\"https:\/\/blog.zeit.de\/joerglau\/2011\/04\/18\/einwanderung-begrenzen-und-steuern-ist-nicht-rechts_4819\",\"url\":\"https:\/\/blog.zeit.de\/joerglau\/2011\/04\/18\/einwanderung-begrenzen-und-steuern-ist-nicht-rechts_4819\",\"name\":\"Einwanderung begrenzen und steuern ist nicht \\\"rechts\\\" - J\u00f6rg Lau\",\"isPartOf\":{\"@id\":\"https:\/\/blog.zeit.de\/joerglau\/#website\"},\"datePublished\":\"2011-04-18T13:24:48+00:00\",\"dateModified\":\"2011-04-18T13:24:48+00:00\",\"author\":{\"@id\":\"https:\/\/blog.zeit.de\/joerglau\/#\/schema\/person\/55f0be9bfac24815791fbc852b042f57\"},\"breadcrumb\":{\"@id\":\"https:\/\/blog.zeit.de\/joerglau\/2011\/04\/18\/einwanderung-begrenzen-und-steuern-ist-nicht-rechts_4819#breadcrumb\"},\"inLanguage\":\"de\",\"potentialAction\":[{\"@type\":\"ReadAction\",\"target\":[\"https:\/\/blog.zeit.de\/joerglau\/2011\/04\/18\/einwanderung-begrenzen-und-steuern-ist-nicht-rechts_4819\"]}]},{\"@type\":\"BreadcrumbList\",\"@id\":\"https:\/\/blog.zeit.de\/joerglau\/2011\/04\/18\/einwanderung-begrenzen-und-steuern-ist-nicht-rechts_4819#breadcrumb\",\"itemListElement\":[{\"@type\":\"ListItem\",\"position\":1,\"name\":\"Startseite\",\"item\":\"https:\/\/blog.zeit.de\/joerglau\"},{\"@type\":\"ListItem\",\"position\":2,\"name\":\"Einwanderung begrenzen und steuern ist nicht &#8222;rechts&#8220;\"}]},{\"@type\":\"WebSite\",\"@id\":\"https:\/\/blog.zeit.de\/joerglau\/#website\",\"url\":\"https:\/\/blog.zeit.de\/joerglau\/\",\"name\":\"J\u00f6rg Lau\",\"description\":\"Ein Blog \u00fcber Religion und Politik\",\"potentialAction\":[{\"@type\":\"SearchAction\",\"target\":{\"@type\":\"EntryPoint\",\"urlTemplate\":\"https:\/\/blog.zeit.de\/joerglau\/?s={search_term_string}\"},\"query-input\":\"required name=search_term_string\"}],\"inLanguage\":\"de\"},{\"@type\":\"Person\",\"@id\":\"https:\/\/blog.zeit.de\/joerglau\/#\/schema\/person\/55f0be9bfac24815791fbc852b042f57\",\"name\":\"J\u00f6rg Lau\",\"image\":{\"@type\":\"ImageObject\",\"inLanguage\":\"de\",\"@id\":\"https:\/\/blog.zeit.de\/joerglau\/#\/schema\/person\/image\/\",\"url\":\"https:\/\/secure.gravatar.com\/avatar\/a5fe39bf4f5335b8bac36eefa0b41467221b1598bfea5f05159a0199e391eed0?s=96&d=mm&r=g\",\"contentUrl\":\"https:\/\/secure.gravatar.com\/avatar\/a5fe39bf4f5335b8bac36eefa0b41467221b1598bfea5f05159a0199e391eed0?s=96&d=mm&r=g\",\"caption\":\"J\u00f6rg Lau\"},\"url\":\"https:\/\/blog.zeit.de\/joerglau\/author\/joerg-lau\"}]}<\/script>\n<!-- \/ Yoast SEO plugin. -->","yoast_head_json":{"title":"Einwanderung begrenzen und steuern ist nicht \"rechts\" - J\u00f6rg Lau","robots":{"index":"index","follow":"follow","max-snippet":"max-snippet:-1","max-image-preview":"max-image-preview:large","max-video-preview":"max-video-preview:-1"},"canonical":"https:\/\/blog.zeit.de\/joerglau\/2011\/04\/18\/einwanderung-begrenzen-und-steuern-ist-nicht-rechts_4819","og_locale":"de_DE","og_type":"article","og_title":"Einwanderung begrenzen und steuern ist nicht \"rechts\" - J\u00f6rg Lau","og_description":"David Cameron, der britische Premier, hat letzte Woche eine Grundsatzrede zur Einwanderung gehalten. Genauer gesagt: Es war eine Rede \u00fcber die Einschr\u00e4nkung der Einwanderung. Erwartungsgem\u00e4\u00df wurde sie vor allem von links her kritisiert. Auch der liberaldemokratische Koalitionspartner nahm den Regierungschef hart ran. (Hier die Rede.) Das halte ich f\u00fcr kurzsichtig. Der Nationalstaat ist einstweilen das [&hellip;]","og_url":"https:\/\/blog.zeit.de\/joerglau\/2011\/04\/18\/einwanderung-begrenzen-und-steuern-ist-nicht-rechts_4819","og_site_name":"J\u00f6rg Lau","article_published_time":"2011-04-18T13:24:48+00:00","author":"J\u00f6rg Lau","twitter_card":"summary_large_image","twitter_misc":{"Geschrieben von":"J\u00f6rg Lau","Gesch\u00e4tzte Lesezeit":"2\u00a0Minuten"},"schema":{"@context":"https:\/\/schema.org","@graph":[{"@type":"WebPage","@id":"https:\/\/blog.zeit.de\/joerglau\/2011\/04\/18\/einwanderung-begrenzen-und-steuern-ist-nicht-rechts_4819","url":"https:\/\/blog.zeit.de\/joerglau\/2011\/04\/18\/einwanderung-begrenzen-und-steuern-ist-nicht-rechts_4819","name":"Einwanderung begrenzen und steuern ist nicht \"rechts\" - J\u00f6rg Lau","isPartOf":{"@id":"https:\/\/blog.zeit.de\/joerglau\/#website"},"datePublished":"2011-04-18T13:24:48+00:00","dateModified":"2011-04-18T13:24:48+00:00","author":{"@id":"https:\/\/blog.zeit.de\/joerglau\/#\/schema\/person\/55f0be9bfac24815791fbc852b042f57"},"breadcrumb":{"@id":"https:\/\/blog.zeit.de\/joerglau\/2011\/04\/18\/einwanderung-begrenzen-und-steuern-ist-nicht-rechts_4819#breadcrumb"},"inLanguage":"de","potentialAction":[{"@type":"ReadAction","target":["https:\/\/blog.zeit.de\/joerglau\/2011\/04\/18\/einwanderung-begrenzen-und-steuern-ist-nicht-rechts_4819"]}]},{"@type":"BreadcrumbList","@id":"https:\/\/blog.zeit.de\/joerglau\/2011\/04\/18\/einwanderung-begrenzen-und-steuern-ist-nicht-rechts_4819#breadcrumb","itemListElement":[{"@type":"ListItem","position":1,"name":"Startseite","item":"https:\/\/blog.zeit.de\/joerglau"},{"@type":"ListItem","position":2,"name":"Einwanderung begrenzen und steuern ist nicht &#8222;rechts&#8220;"}]},{"@type":"WebSite","@id":"https:\/\/blog.zeit.de\/joerglau\/#website","url":"https:\/\/blog.zeit.de\/joerglau\/","name":"J\u00f6rg Lau","description":"Ein Blog \u00fcber Religion und Politik","potentialAction":[{"@type":"SearchAction","target":{"@type":"EntryPoint","urlTemplate":"https:\/\/blog.zeit.de\/joerglau\/?s={search_term_string}"},"query-input":"required name=search_term_string"}],"inLanguage":"de"},{"@type":"Person","@id":"https:\/\/blog.zeit.de\/joerglau\/#\/schema\/person\/55f0be9bfac24815791fbc852b042f57","name":"J\u00f6rg Lau","image":{"@type":"ImageObject","inLanguage":"de","@id":"https:\/\/blog.zeit.de\/joerglau\/#\/schema\/person\/image\/","url":"https:\/\/secure.gravatar.com\/avatar\/a5fe39bf4f5335b8bac36eefa0b41467221b1598bfea5f05159a0199e391eed0?s=96&d=mm&r=g","contentUrl":"https:\/\/secure.gravatar.com\/avatar\/a5fe39bf4f5335b8bac36eefa0b41467221b1598bfea5f05159a0199e391eed0?s=96&d=mm&r=g","caption":"J\u00f6rg Lau"},"url":"https:\/\/blog.zeit.de\/joerglau\/author\/joerg-lau"}]}},"jetpack_featured_media_url":"","jetpack_sharing_enabled":true,"jetpack_shortlink":"https:\/\/wp.me\/pG02W-1fJ","_links":{"self":[{"href":"https:\/\/blog.zeit.de\/joerglau\/wp-json\/wp\/v2\/posts\/4819","targetHints":{"allow":["GET"]}}],"collection":[{"href":"https:\/\/blog.zeit.de\/joerglau\/wp-json\/wp\/v2\/posts"}],"about":[{"href":"https:\/\/blog.zeit.de\/joerglau\/wp-json\/wp\/v2\/types\/post"}],"author":[{"embeddable":true,"href":"https:\/\/blog.zeit.de\/joerglau\/wp-json\/wp\/v2\/users\/54"}],"replies":[{"embeddable":true,"href":"https:\/\/blog.zeit.de\/joerglau\/wp-json\/wp\/v2\/comments?post=4819"}],"version-history":[{"count":1,"href":"https:\/\/blog.zeit.de\/joerglau\/wp-json\/wp\/v2\/posts\/4819\/revisions"}],"predecessor-version":[{"id":4820,"href":"https:\/\/blog.zeit.de\/joerglau\/wp-json\/wp\/v2\/posts\/4819\/revisions\/4820"}],"wp:attachment":[{"href":"https:\/\/blog.zeit.de\/joerglau\/wp-json\/wp\/v2\/media?parent=4819"}],"wp:term":[{"taxonomy":"category","embeddable":true,"href":"https:\/\/blog.zeit.de\/joerglau\/wp-json\/wp\/v2\/categories?post=4819"},{"taxonomy":"post_tag","embeddable":true,"href":"https:\/\/blog.zeit.de\/joerglau\/wp-json\/wp\/v2\/tags?post=4819"}],"curies":[{"name":"wp","href":"https:\/\/api.w.org\/{rel}","templated":true}]}}