{"id":486,"date":"2007-05-14T14:29:45","date_gmt":"2007-05-14T12:29:45","guid":{"rendered":"http:\/\/blog.zeit.de\/joerglau\/2007\/05\/14\/unterstutzung-fur-verhaftete-us-iranische-professorin_486"},"modified":"2007-05-14T14:29:45","modified_gmt":"2007-05-14T12:29:45","slug":"unterstutzung-fur-verhaftete-us-iranische-professorin","status":"publish","type":"post","link":"https:\/\/blog.zeit.de\/joerglau\/2007\/05\/14\/unterstutzung-fur-verhaftete-us-iranische-professorin_486","title":{"rendered":"Unterst\u00fctzung f\u00fcr im Iran verhaftete amerikanisch-iranische Professorin"},"content":{"rendered":"<p><a href=\"http:\/\/www.freehaleh.org\/\"><img decoding=\"async\" style=\"width: 174px; height: 58px\" id=\"image485\" alt=\"180-60-01.gif\" src=\"https:\/\/blog.zeit.de\/joerglau\/files\/2007\/05\/180-60-01.gif\" \/><\/a><\/p>\n<p>Es hat sich eine Unterst\u00fctzergruppe f\u00fcr <a href=\"https:\/\/blog.zeit.de\/joerglau\/2007\/05\/10\/amerikanisch-iranische-professorin-in-teheran-verhaftet_464\">Haleh Esfandiari<\/a> gebildet (Klick aufs obere Banner), die im Iran verhaftete Nahostexpertin.<\/p>\n<p>Der <a href=\"http:\/\/www.aicongress.org\/\">American Islamic Congress<\/a> hat die Kampagne initiiert.<br \/>\nUnter anderem Bill Clinton hat sich bereits mit einer Bitte um Esfandiaris Freilassung an die iranische Regierung gewandt.<\/p>\n<p>Nach einem Bericht der <a href=\"http:\/\/www.latimes.com\/news\/nationworld\/world\/middleeast\/la-fg-scholar11may11,1,2715991.story?ctrack=1&#038;cset=true\">Los Angeles Times<\/a> wird Esfandiari von regierungsnahen iranischen Medien die Unterst\u00fctzung des &#8222;Zionismus&#8220; und gar eine Konversion zum Judentum unterstellt.<\/p>\n","protected":false},"excerpt":{"rendered":"<p>Es hat sich eine Unterst\u00fctzergruppe f\u00fcr Haleh Esfandiari gebildet (Klick aufs obere Banner), die im Iran verhaftete Nahostexpertin. Der American Islamic Congress hat die Kampagne initiiert. Unter anderem Bill Clinton hat sich bereits mit einer Bitte um Esfandiaris Freilassung an die iranische Regierung gewandt. Nach einem Bericht der Los Angeles Times wird Esfandiari von regierungsnahen [&hellip;]<\/p>\n","protected":false},"author":54,"featured_media":0,"comment_status":"open","ping_status":"closed","sticky":false,"template":"","format":"standard","meta":{"jetpack_post_was_ever_published":false,"footnotes":""},"categories":[166],"tags":[],"class_list":["post-486","post","type-post","status-publish","format-standard","hentry","category-iran"],"yoast_head":"<!-- This site is optimized with the Yoast SEO plugin v21.0 - https:\/\/yoast.com\/wordpress\/plugins\/seo\/ -->\n<title>Unterst\u00fctzung f\u00fcr im Iran verhaftete amerikanisch-iranische Professorin - J\u00f6rg Lau<\/title>\n<meta name=\"robots\" content=\"index, follow, max-snippet:-1, max-image-preview:large, max-video-preview:-1\" \/>\n<link rel=\"canonical\" href=\"https:\/\/blog.zeit.de\/joerglau\/2007\/05\/14\/unterstutzung-fur-verhaftete-us-iranische-professorin_486\" \/>\n<meta property=\"og:locale\" content=\"de_DE\" \/>\n<meta property=\"og:type\" content=\"article\" \/>\n<meta property=\"og:title\" content=\"Unterst\u00fctzung f\u00fcr im Iran verhaftete amerikanisch-iranische Professorin - J\u00f6rg Lau\" \/>\n<meta property=\"og:description\" content=\"Es hat sich eine Unterst\u00fctzergruppe f\u00fcr Haleh Esfandiari gebildet (Klick aufs obere Banner), die im Iran verhaftete Nahostexpertin. Der American Islamic Congress hat die Kampagne initiiert. Unter anderem Bill Clinton hat sich bereits mit einer Bitte um Esfandiaris Freilassung an die iranische Regierung gewandt. Nach einem Bericht der Los Angeles Times wird Esfandiari von regierungsnahen [&hellip;]\" \/>\n<meta property=\"og:url\" content=\"https:\/\/blog.zeit.de\/joerglau\/2007\/05\/14\/unterstutzung-fur-verhaftete-us-iranische-professorin_486\" \/>\n<meta property=\"og:site_name\" content=\"J\u00f6rg Lau\" \/>\n<meta property=\"article:published_time\" content=\"2007-05-14T12:29:45+00:00\" \/>\n<meta property=\"og:image\" content=\"https:\/\/blog.zeit.de\/joerglau\/files\/2007\/05\/180-60-01.gif\" \/>\n<meta name=\"author\" content=\"J\u00f6rg Lau\" \/>\n<meta name=\"twitter:card\" content=\"summary_large_image\" \/>\n<meta name=\"twitter:label1\" content=\"Geschrieben von\" \/>\n\t<meta name=\"twitter:data1\" content=\"J\u00f6rg Lau\" \/>\n<script type=\"application\/ld+json\" class=\"yoast-schema-graph\">{\"@context\":\"https:\/\/schema.org\",\"@graph\":[{\"@type\":\"WebPage\",\"@id\":\"https:\/\/blog.zeit.de\/joerglau\/2007\/05\/14\/unterstutzung-fur-verhaftete-us-iranische-professorin_486\",\"url\":\"https:\/\/blog.zeit.de\/joerglau\/2007\/05\/14\/unterstutzung-fur-verhaftete-us-iranische-professorin_486\",\"name\":\"Unterst\u00fctzung f\u00fcr im Iran verhaftete amerikanisch-iranische Professorin - J\u00f6rg Lau\",\"isPartOf\":{\"@id\":\"https:\/\/blog.zeit.de\/joerglau\/#website\"},\"datePublished\":\"2007-05-14T12:29:45+00:00\",\"dateModified\":\"2007-05-14T12:29:45+00:00\",\"author\":{\"@id\":\"https:\/\/blog.zeit.de\/joerglau\/#\/schema\/person\/55f0be9bfac24815791fbc852b042f57\"},\"breadcrumb\":{\"@id\":\"https:\/\/blog.zeit.de\/joerglau\/2007\/05\/14\/unterstutzung-fur-verhaftete-us-iranische-professorin_486#breadcrumb\"},\"inLanguage\":\"de\",\"potentialAction\":[{\"@type\":\"ReadAction\",\"target\":[\"https:\/\/blog.zeit.de\/joerglau\/2007\/05\/14\/unterstutzung-fur-verhaftete-us-iranische-professorin_486\"]}]},{\"@type\":\"BreadcrumbList\",\"@id\":\"https:\/\/blog.zeit.de\/joerglau\/2007\/05\/14\/unterstutzung-fur-verhaftete-us-iranische-professorin_486#breadcrumb\",\"itemListElement\":[{\"@type\":\"ListItem\",\"position\":1,\"name\":\"Startseite\",\"item\":\"https:\/\/blog.zeit.de\/joerglau\"},{\"@type\":\"ListItem\",\"position\":2,\"name\":\"Unterst\u00fctzung f\u00fcr im Iran verhaftete amerikanisch-iranische Professorin\"}]},{\"@type\":\"WebSite\",\"@id\":\"https:\/\/blog.zeit.de\/joerglau\/#website\",\"url\":\"https:\/\/blog.zeit.de\/joerglau\/\",\"name\":\"J\u00f6rg Lau\",\"description\":\"Ein Blog \u00fcber Religion und Politik\",\"potentialAction\":[{\"@type\":\"SearchAction\",\"target\":{\"@type\":\"EntryPoint\",\"urlTemplate\":\"https:\/\/blog.zeit.de\/joerglau\/?s={search_term_string}\"},\"query-input\":\"required name=search_term_string\"}],\"inLanguage\":\"de\"},{\"@type\":\"Person\",\"@id\":\"https:\/\/blog.zeit.de\/joerglau\/#\/schema\/person\/55f0be9bfac24815791fbc852b042f57\",\"name\":\"J\u00f6rg Lau\",\"image\":{\"@type\":\"ImageObject\",\"inLanguage\":\"de\",\"@id\":\"https:\/\/blog.zeit.de\/joerglau\/#\/schema\/person\/image\/\",\"url\":\"https:\/\/secure.gravatar.com\/avatar\/a5fe39bf4f5335b8bac36eefa0b41467221b1598bfea5f05159a0199e391eed0?s=96&d=mm&r=g\",\"contentUrl\":\"https:\/\/secure.gravatar.com\/avatar\/a5fe39bf4f5335b8bac36eefa0b41467221b1598bfea5f05159a0199e391eed0?s=96&d=mm&r=g\",\"caption\":\"J\u00f6rg Lau\"},\"url\":\"https:\/\/blog.zeit.de\/joerglau\/author\/joerg-lau\"}]}<\/script>\n<!-- \/ Yoast SEO plugin. -->","yoast_head_json":{"title":"Unterst\u00fctzung f\u00fcr im Iran verhaftete amerikanisch-iranische Professorin - J\u00f6rg Lau","robots":{"index":"index","follow":"follow","max-snippet":"max-snippet:-1","max-image-preview":"max-image-preview:large","max-video-preview":"max-video-preview:-1"},"canonical":"https:\/\/blog.zeit.de\/joerglau\/2007\/05\/14\/unterstutzung-fur-verhaftete-us-iranische-professorin_486","og_locale":"de_DE","og_type":"article","og_title":"Unterst\u00fctzung f\u00fcr im Iran verhaftete amerikanisch-iranische Professorin - J\u00f6rg Lau","og_description":"Es hat sich eine Unterst\u00fctzergruppe f\u00fcr Haleh Esfandiari gebildet (Klick aufs obere Banner), die im Iran verhaftete Nahostexpertin. Der American Islamic Congress hat die Kampagne initiiert. Unter anderem Bill Clinton hat sich bereits mit einer Bitte um Esfandiaris Freilassung an die iranische Regierung gewandt. Nach einem Bericht der Los Angeles Times wird Esfandiari von regierungsnahen [&hellip;]","og_url":"https:\/\/blog.zeit.de\/joerglau\/2007\/05\/14\/unterstutzung-fur-verhaftete-us-iranische-professorin_486","og_site_name":"J\u00f6rg Lau","article_published_time":"2007-05-14T12:29:45+00:00","og_image":[{"url":"https:\/\/blog.zeit.de\/joerglau\/files\/2007\/05\/180-60-01.gif"}],"author":"J\u00f6rg Lau","twitter_card":"summary_large_image","twitter_misc":{"Geschrieben von":"J\u00f6rg Lau"},"schema":{"@context":"https:\/\/schema.org","@graph":[{"@type":"WebPage","@id":"https:\/\/blog.zeit.de\/joerglau\/2007\/05\/14\/unterstutzung-fur-verhaftete-us-iranische-professorin_486","url":"https:\/\/blog.zeit.de\/joerglau\/2007\/05\/14\/unterstutzung-fur-verhaftete-us-iranische-professorin_486","name":"Unterst\u00fctzung f\u00fcr im Iran verhaftete amerikanisch-iranische Professorin - J\u00f6rg Lau","isPartOf":{"@id":"https:\/\/blog.zeit.de\/joerglau\/#website"},"datePublished":"2007-05-14T12:29:45+00:00","dateModified":"2007-05-14T12:29:45+00:00","author":{"@id":"https:\/\/blog.zeit.de\/joerglau\/#\/schema\/person\/55f0be9bfac24815791fbc852b042f57"},"breadcrumb":{"@id":"https:\/\/blog.zeit.de\/joerglau\/2007\/05\/14\/unterstutzung-fur-verhaftete-us-iranische-professorin_486#breadcrumb"},"inLanguage":"de","potentialAction":[{"@type":"ReadAction","target":["https:\/\/blog.zeit.de\/joerglau\/2007\/05\/14\/unterstutzung-fur-verhaftete-us-iranische-professorin_486"]}]},{"@type":"BreadcrumbList","@id":"https:\/\/blog.zeit.de\/joerglau\/2007\/05\/14\/unterstutzung-fur-verhaftete-us-iranische-professorin_486#breadcrumb","itemListElement":[{"@type":"ListItem","position":1,"name":"Startseite","item":"https:\/\/blog.zeit.de\/joerglau"},{"@type":"ListItem","position":2,"name":"Unterst\u00fctzung f\u00fcr im Iran verhaftete amerikanisch-iranische Professorin"}]},{"@type":"WebSite","@id":"https:\/\/blog.zeit.de\/joerglau\/#website","url":"https:\/\/blog.zeit.de\/joerglau\/","name":"J\u00f6rg Lau","description":"Ein Blog \u00fcber Religion und Politik","potentialAction":[{"@type":"SearchAction","target":{"@type":"EntryPoint","urlTemplate":"https:\/\/blog.zeit.de\/joerglau\/?s={search_term_string}"},"query-input":"required name=search_term_string"}],"inLanguage":"de"},{"@type":"Person","@id":"https:\/\/blog.zeit.de\/joerglau\/#\/schema\/person\/55f0be9bfac24815791fbc852b042f57","name":"J\u00f6rg Lau","image":{"@type":"ImageObject","inLanguage":"de","@id":"https:\/\/blog.zeit.de\/joerglau\/#\/schema\/person\/image\/","url":"https:\/\/secure.gravatar.com\/avatar\/a5fe39bf4f5335b8bac36eefa0b41467221b1598bfea5f05159a0199e391eed0?s=96&d=mm&r=g","contentUrl":"https:\/\/secure.gravatar.com\/avatar\/a5fe39bf4f5335b8bac36eefa0b41467221b1598bfea5f05159a0199e391eed0?s=96&d=mm&r=g","caption":"J\u00f6rg Lau"},"url":"https:\/\/blog.zeit.de\/joerglau\/author\/joerg-lau"}]}},"jetpack_featured_media_url":"","jetpack_sharing_enabled":true,"jetpack_shortlink":"https:\/\/wp.me\/pG02W-7Q","_links":{"self":[{"href":"https:\/\/blog.zeit.de\/joerglau\/wp-json\/wp\/v2\/posts\/486","targetHints":{"allow":["GET"]}}],"collection":[{"href":"https:\/\/blog.zeit.de\/joerglau\/wp-json\/wp\/v2\/posts"}],"about":[{"href":"https:\/\/blog.zeit.de\/joerglau\/wp-json\/wp\/v2\/types\/post"}],"author":[{"embeddable":true,"href":"https:\/\/blog.zeit.de\/joerglau\/wp-json\/wp\/v2\/users\/54"}],"replies":[{"embeddable":true,"href":"https:\/\/blog.zeit.de\/joerglau\/wp-json\/wp\/v2\/comments?post=486"}],"version-history":[{"count":0,"href":"https:\/\/blog.zeit.de\/joerglau\/wp-json\/wp\/v2\/posts\/486\/revisions"}],"wp:attachment":[{"href":"https:\/\/blog.zeit.de\/joerglau\/wp-json\/wp\/v2\/media?parent=486"}],"wp:term":[{"taxonomy":"category","embeddable":true,"href":"https:\/\/blog.zeit.de\/joerglau\/wp-json\/wp\/v2\/categories?post=486"},{"taxonomy":"post_tag","embeddable":true,"href":"https:\/\/blog.zeit.de\/joerglau\/wp-json\/wp\/v2\/tags?post=486"}],"curies":[{"name":"wp","href":"https:\/\/api.w.org\/{rel}","templated":true}]}}