{"id":488,"date":"2007-05-14T16:24:34","date_gmt":"2007-05-14T14:24:34","guid":{"rendered":"http:\/\/blog.zeit.de\/joerglau\/2007\/05\/14\/britischer-konservativen-chef-ubernachtet-bei-muslimischer-familie_488"},"modified":"2007-05-14T16:24:34","modified_gmt":"2007-05-14T14:24:34","slug":"britischer-konservativen-chef-ubernachtet-bei-muslimischer-familie","status":"publish","type":"post","link":"https:\/\/blog.zeit.de\/joerglau\/2007\/05\/14\/britischer-konservativen-chef-ubernachtet-bei-muslimischer-familie_488","title":{"rendered":"Britischer Konservativen-Chef \u00fcbernachtet bei muslimischer Familie"},"content":{"rendered":"<p>Der Chef der britischen Konservativen, David Cameron, hat zwei Tage mit einer muslimischen Familie in Birmingham verbracht.<\/p>\n<p><img loading=\"lazy\" decoding=\"async\" width=\"101\" height=\"151\" alt=\"cameron.jpg\" id=\"image487\" src=\"https:\/\/blog.zeit.de\/joerglau\/files\/2007\/05\/cameron.jpg\" \/><\/p>\n<p><em>David Camero<\/em>n<\/p>\n<p>Dabei konnte er erstaunliche Dinge feststellen:<\/p>\n<blockquote><p>Spent the night staying with Abdullah and his family in Birmingham. His children are a lot better behaved than mine (and older) so my sleep was blissfully uninterrupted.<\/p>\n<p>Breakfast with the family, before taking the children to school. Here\u2019s the interesting part \u2013 his three Muslim children go to a local faith school &#8211; a Jewish faith school. King David Primary school, which is massively oversubscribed, has a mixed roll with some 60 per cent of pupils from Muslim families, around a third from Birmingham\u2019s Jewish community and the rest a mixture of Christians and Sikhs. The day starts with some prayers in Hebrew, led by the head of Jewish religious studies.<\/p>\n<p>My obvious question to Abdullah \u2013 why do you, a practising Muslim, send your kids to a Jewish school? \u2013 does not get just the obvious answer: good discipline and good results. On top of that, the very fact that the school has a faith and a strong ethos is seen, at least by Abdullah and his family, as a positive advantage.<\/p><\/blockquote>\n<blockquote>\n<blockquote><p>(Aus Camerons <a href=\"http:\/\/www.webcameron.org.uk\/125\">Webtagebuch<\/a>, da gibt es sogar Videos)<\/p><\/blockquote>\n<\/blockquote>\n<p>Im <a href=\"http:\/\/www.guardian.co.uk\/commentisfree\/story\/0,,2078471,00.html\">Guardian<\/a> legt Cameron sogar noch einen drauf:<\/p>\n<blockquote><p>And the third step in promoting integration is to ensure there&#8217;s something worth integrating into. &#8218;To make men love their country,&#8216; said Edmund Burke, &#8218;their country ought to be lovable.&#8216; Integration has to be about more than immigrant communities, &#8218;their&#8216; responsibilities and &#8218;their&#8216; duties. It has to be about &#8218;us&#8216; too &#8211; the quality of life that we offer, our society and our values.<\/p>\n<p>Here the picture is bleak: family breakdown, drugs, crime and incivility are part of the normal experience of modern Britain. Many British Asians see a society that hardly inspires them to integrate. Indeed, they see aspects of modern Britain which are a threat to the values they hold dear &#8211; values which we should all hold dear. Asian families and communities are incredibly strong and cohesive, and have a sense of civic responsibility which puts the rest of us to shame. Not for the first time, I found myself thinking that it is mainstream Britain which needs to integrate more with the British Asian way of life, not the other way around.<\/p>\n<p>Saying goodbye to Abdullah I was given gifts of T-shirts, shoes and a traditional robe which he said would be perfect for any visit to Pakistan. It&#8217;s another reminder that integration is a two-way street. If we want to remind ourselves of British values &#8211; hospitality, tolerance and generosity to name just three &#8211; there are plenty of British Muslims ready to show us what those things really mean.<\/p><\/blockquote>\n<p>Nun ja, der Wahlkampf ist er\u00f6ffnet.\u00a0 Man merkt die Absicht. Cameron hofft, die von Labour entt\u00e4uschten Muslime einsammeln zu k\u00f6nnen. Aber verkehrt ist es darum ja trotzdem nicht.<br \/>\nEigentlich ist das eine nat\u00fcrliche Sache: Ein wertkonservativer Politiker buhlt um die Stimmen wertkonservativer Einwanderer (s. Bush und die Latinos). Nur aus deutscher Perspektive kommt einem das noch merkw\u00fcrdig vor. (Aus dem Tagebuch von Roland Koch: &#8222;Habe die Nacht mit Achmed und seiner Familie verbracht&#8230;&#8220;)<br \/>\n<!--Article is commented: 1 -->  <script language=\"JavaScript\" type=\"text\/javascript\" \/> <script language=\"JavaScript\" type=\"text\/javascript\"> <!--      function stickIn(target, divToAttach) {          if (document.importNode) {              target.appendChild(divToAttach);          } else {              \/\/ this works in IE, which doesn't support importNode              \/\/ but doesn't supoprt appendChild either              target.innerHTML = divToAttach.outerHTML;          }      }       \/\/ Check where we want to insert (varies between GU CiF story page and regular GU article pages).      if (!document.getElementById(\"ciflayoutbody\")) {          stickIn(document.getElementById(\"smallCommentTarget\"), loadComments());      } --> <\/script><\/p>\n","protected":false},"excerpt":{"rendered":"<p>Der Chef der britischen Konservativen, David Cameron, hat zwei Tage mit einer muslimischen Familie in Birmingham verbracht. David Cameron Dabei konnte er erstaunliche Dinge feststellen: Spent the night staying with Abdullah and his family in Birmingham. His children are a lot better behaved than mine (and older) so my sleep was blissfully uninterrupted. Breakfast with [&hellip;]<\/p>\n","protected":false},"author":54,"featured_media":0,"comment_status":"open","ping_status":"closed","sticky":false,"template":"","format":"standard","meta":{"jetpack_post_was_ever_published":false,"footnotes":""},"categories":[157],"tags":[],"class_list":["post-488","post","type-post","status-publish","format-standard","hentry","category-die-freunde-und-die-feinde-des-islams"],"yoast_head":"<!-- This site is optimized with the Yoast SEO plugin v21.0 - https:\/\/yoast.com\/wordpress\/plugins\/seo\/ -->\n<title>Britischer Konservativen-Chef \u00fcbernachtet bei muslimischer Familie - J\u00f6rg Lau<\/title>\n<meta name=\"robots\" content=\"index, follow, max-snippet:-1, max-image-preview:large, max-video-preview:-1\" \/>\n<link rel=\"canonical\" href=\"https:\/\/blog.zeit.de\/joerglau\/2007\/05\/14\/britischer-konservativen-chef-ubernachtet-bei-muslimischer-familie_488\" \/>\n<meta property=\"og:locale\" content=\"de_DE\" \/>\n<meta property=\"og:type\" content=\"article\" \/>\n<meta property=\"og:title\" content=\"Britischer Konservativen-Chef \u00fcbernachtet bei muslimischer Familie - J\u00f6rg Lau\" \/>\n<meta property=\"og:description\" content=\"Der Chef der britischen Konservativen, David Cameron, hat zwei Tage mit einer muslimischen Familie in Birmingham verbracht. David Cameron Dabei konnte er erstaunliche Dinge feststellen: Spent the night staying with Abdullah and his family in Birmingham. His children are a lot better behaved than mine (and older) so my sleep was blissfully uninterrupted. Breakfast with [&hellip;]\" \/>\n<meta property=\"og:url\" content=\"https:\/\/blog.zeit.de\/joerglau\/2007\/05\/14\/britischer-konservativen-chef-ubernachtet-bei-muslimischer-familie_488\" \/>\n<meta property=\"og:site_name\" content=\"J\u00f6rg Lau\" \/>\n<meta property=\"article:published_time\" content=\"2007-05-14T14:24:34+00:00\" \/>\n<meta property=\"og:image\" content=\"https:\/\/blog.zeit.de\/joerglau\/files\/2007\/05\/cameron.jpg\" \/>\n<meta name=\"author\" content=\"J\u00f6rg Lau\" \/>\n<meta name=\"twitter:card\" content=\"summary_large_image\" \/>\n<meta name=\"twitter:label1\" content=\"Geschrieben von\" \/>\n\t<meta name=\"twitter:data1\" content=\"J\u00f6rg Lau\" \/>\n\t<meta name=\"twitter:label2\" content=\"Gesch\u00e4tzte Lesezeit\" \/>\n\t<meta name=\"twitter:data2\" content=\"3\u00a0Minuten\" \/>\n<script type=\"application\/ld+json\" class=\"yoast-schema-graph\">{\"@context\":\"https:\/\/schema.org\",\"@graph\":[{\"@type\":\"WebPage\",\"@id\":\"https:\/\/blog.zeit.de\/joerglau\/2007\/05\/14\/britischer-konservativen-chef-ubernachtet-bei-muslimischer-familie_488\",\"url\":\"https:\/\/blog.zeit.de\/joerglau\/2007\/05\/14\/britischer-konservativen-chef-ubernachtet-bei-muslimischer-familie_488\",\"name\":\"Britischer Konservativen-Chef \u00fcbernachtet bei muslimischer Familie - J\u00f6rg Lau\",\"isPartOf\":{\"@id\":\"https:\/\/blog.zeit.de\/joerglau\/#website\"},\"datePublished\":\"2007-05-14T14:24:34+00:00\",\"dateModified\":\"2007-05-14T14:24:34+00:00\",\"author\":{\"@id\":\"https:\/\/blog.zeit.de\/joerglau\/#\/schema\/person\/55f0be9bfac24815791fbc852b042f57\"},\"breadcrumb\":{\"@id\":\"https:\/\/blog.zeit.de\/joerglau\/2007\/05\/14\/britischer-konservativen-chef-ubernachtet-bei-muslimischer-familie_488#breadcrumb\"},\"inLanguage\":\"de\",\"potentialAction\":[{\"@type\":\"ReadAction\",\"target\":[\"https:\/\/blog.zeit.de\/joerglau\/2007\/05\/14\/britischer-konservativen-chef-ubernachtet-bei-muslimischer-familie_488\"]}]},{\"@type\":\"BreadcrumbList\",\"@id\":\"https:\/\/blog.zeit.de\/joerglau\/2007\/05\/14\/britischer-konservativen-chef-ubernachtet-bei-muslimischer-familie_488#breadcrumb\",\"itemListElement\":[{\"@type\":\"ListItem\",\"position\":1,\"name\":\"Startseite\",\"item\":\"https:\/\/blog.zeit.de\/joerglau\"},{\"@type\":\"ListItem\",\"position\":2,\"name\":\"Britischer Konservativen-Chef \u00fcbernachtet bei muslimischer Familie\"}]},{\"@type\":\"WebSite\",\"@id\":\"https:\/\/blog.zeit.de\/joerglau\/#website\",\"url\":\"https:\/\/blog.zeit.de\/joerglau\/\",\"name\":\"J\u00f6rg Lau\",\"description\":\"Ein Blog \u00fcber Religion und Politik\",\"potentialAction\":[{\"@type\":\"SearchAction\",\"target\":{\"@type\":\"EntryPoint\",\"urlTemplate\":\"https:\/\/blog.zeit.de\/joerglau\/?s={search_term_string}\"},\"query-input\":\"required name=search_term_string\"}],\"inLanguage\":\"de\"},{\"@type\":\"Person\",\"@id\":\"https:\/\/blog.zeit.de\/joerglau\/#\/schema\/person\/55f0be9bfac24815791fbc852b042f57\",\"name\":\"J\u00f6rg Lau\",\"image\":{\"@type\":\"ImageObject\",\"inLanguage\":\"de\",\"@id\":\"https:\/\/blog.zeit.de\/joerglau\/#\/schema\/person\/image\/\",\"url\":\"https:\/\/secure.gravatar.com\/avatar\/a5fe39bf4f5335b8bac36eefa0b41467221b1598bfea5f05159a0199e391eed0?s=96&d=mm&r=g\",\"contentUrl\":\"https:\/\/secure.gravatar.com\/avatar\/a5fe39bf4f5335b8bac36eefa0b41467221b1598bfea5f05159a0199e391eed0?s=96&d=mm&r=g\",\"caption\":\"J\u00f6rg Lau\"},\"url\":\"https:\/\/blog.zeit.de\/joerglau\/author\/joerg-lau\"}]}<\/script>\n<!-- \/ Yoast SEO plugin. -->","yoast_head_json":{"title":"Britischer Konservativen-Chef \u00fcbernachtet bei muslimischer Familie - J\u00f6rg Lau","robots":{"index":"index","follow":"follow","max-snippet":"max-snippet:-1","max-image-preview":"max-image-preview:large","max-video-preview":"max-video-preview:-1"},"canonical":"https:\/\/blog.zeit.de\/joerglau\/2007\/05\/14\/britischer-konservativen-chef-ubernachtet-bei-muslimischer-familie_488","og_locale":"de_DE","og_type":"article","og_title":"Britischer Konservativen-Chef \u00fcbernachtet bei muslimischer Familie - J\u00f6rg Lau","og_description":"Der Chef der britischen Konservativen, David Cameron, hat zwei Tage mit einer muslimischen Familie in Birmingham verbracht. David Cameron Dabei konnte er erstaunliche Dinge feststellen: Spent the night staying with Abdullah and his family in Birmingham. His children are a lot better behaved than mine (and older) so my sleep was blissfully uninterrupted. Breakfast with [&hellip;]","og_url":"https:\/\/blog.zeit.de\/joerglau\/2007\/05\/14\/britischer-konservativen-chef-ubernachtet-bei-muslimischer-familie_488","og_site_name":"J\u00f6rg Lau","article_published_time":"2007-05-14T14:24:34+00:00","og_image":[{"url":"https:\/\/blog.zeit.de\/joerglau\/files\/2007\/05\/cameron.jpg"}],"author":"J\u00f6rg Lau","twitter_card":"summary_large_image","twitter_misc":{"Geschrieben von":"J\u00f6rg Lau","Gesch\u00e4tzte Lesezeit":"3\u00a0Minuten"},"schema":{"@context":"https:\/\/schema.org","@graph":[{"@type":"WebPage","@id":"https:\/\/blog.zeit.de\/joerglau\/2007\/05\/14\/britischer-konservativen-chef-ubernachtet-bei-muslimischer-familie_488","url":"https:\/\/blog.zeit.de\/joerglau\/2007\/05\/14\/britischer-konservativen-chef-ubernachtet-bei-muslimischer-familie_488","name":"Britischer Konservativen-Chef \u00fcbernachtet bei muslimischer Familie - J\u00f6rg Lau","isPartOf":{"@id":"https:\/\/blog.zeit.de\/joerglau\/#website"},"datePublished":"2007-05-14T14:24:34+00:00","dateModified":"2007-05-14T14:24:34+00:00","author":{"@id":"https:\/\/blog.zeit.de\/joerglau\/#\/schema\/person\/55f0be9bfac24815791fbc852b042f57"},"breadcrumb":{"@id":"https:\/\/blog.zeit.de\/joerglau\/2007\/05\/14\/britischer-konservativen-chef-ubernachtet-bei-muslimischer-familie_488#breadcrumb"},"inLanguage":"de","potentialAction":[{"@type":"ReadAction","target":["https:\/\/blog.zeit.de\/joerglau\/2007\/05\/14\/britischer-konservativen-chef-ubernachtet-bei-muslimischer-familie_488"]}]},{"@type":"BreadcrumbList","@id":"https:\/\/blog.zeit.de\/joerglau\/2007\/05\/14\/britischer-konservativen-chef-ubernachtet-bei-muslimischer-familie_488#breadcrumb","itemListElement":[{"@type":"ListItem","position":1,"name":"Startseite","item":"https:\/\/blog.zeit.de\/joerglau"},{"@type":"ListItem","position":2,"name":"Britischer Konservativen-Chef \u00fcbernachtet bei muslimischer Familie"}]},{"@type":"WebSite","@id":"https:\/\/blog.zeit.de\/joerglau\/#website","url":"https:\/\/blog.zeit.de\/joerglau\/","name":"J\u00f6rg Lau","description":"Ein Blog \u00fcber Religion und Politik","potentialAction":[{"@type":"SearchAction","target":{"@type":"EntryPoint","urlTemplate":"https:\/\/blog.zeit.de\/joerglau\/?s={search_term_string}"},"query-input":"required name=search_term_string"}],"inLanguage":"de"},{"@type":"Person","@id":"https:\/\/blog.zeit.de\/joerglau\/#\/schema\/person\/55f0be9bfac24815791fbc852b042f57","name":"J\u00f6rg Lau","image":{"@type":"ImageObject","inLanguage":"de","@id":"https:\/\/blog.zeit.de\/joerglau\/#\/schema\/person\/image\/","url":"https:\/\/secure.gravatar.com\/avatar\/a5fe39bf4f5335b8bac36eefa0b41467221b1598bfea5f05159a0199e391eed0?s=96&d=mm&r=g","contentUrl":"https:\/\/secure.gravatar.com\/avatar\/a5fe39bf4f5335b8bac36eefa0b41467221b1598bfea5f05159a0199e391eed0?s=96&d=mm&r=g","caption":"J\u00f6rg Lau"},"url":"https:\/\/blog.zeit.de\/joerglau\/author\/joerg-lau"}]}},"jetpack_featured_media_url":"","jetpack_sharing_enabled":true,"jetpack_shortlink":"https:\/\/wp.me\/pG02W-7S","_links":{"self":[{"href":"https:\/\/blog.zeit.de\/joerglau\/wp-json\/wp\/v2\/posts\/488","targetHints":{"allow":["GET"]}}],"collection":[{"href":"https:\/\/blog.zeit.de\/joerglau\/wp-json\/wp\/v2\/posts"}],"about":[{"href":"https:\/\/blog.zeit.de\/joerglau\/wp-json\/wp\/v2\/types\/post"}],"author":[{"embeddable":true,"href":"https:\/\/blog.zeit.de\/joerglau\/wp-json\/wp\/v2\/users\/54"}],"replies":[{"embeddable":true,"href":"https:\/\/blog.zeit.de\/joerglau\/wp-json\/wp\/v2\/comments?post=488"}],"version-history":[{"count":0,"href":"https:\/\/blog.zeit.de\/joerglau\/wp-json\/wp\/v2\/posts\/488\/revisions"}],"wp:attachment":[{"href":"https:\/\/blog.zeit.de\/joerglau\/wp-json\/wp\/v2\/media?parent=488"}],"wp:term":[{"taxonomy":"category","embeddable":true,"href":"https:\/\/blog.zeit.de\/joerglau\/wp-json\/wp\/v2\/categories?post=488"},{"taxonomy":"post_tag","embeddable":true,"href":"https:\/\/blog.zeit.de\/joerglau\/wp-json\/wp\/v2\/tags?post=488"}],"curies":[{"name":"wp","href":"https:\/\/api.w.org\/{rel}","templated":true}]}}