{"id":490,"date":"2007-05-15T11:08:20","date_gmt":"2007-05-15T09:08:20","guid":{"rendered":"http:\/\/blog.zeit.de\/joerglau\/2007\/05\/15\/islamische-calvinisten-oder-unbelehrbare-islamisten_490"},"modified":"2007-05-15T11:08:20","modified_gmt":"2007-05-15T09:08:20","slug":"islamische-calvinisten-oder-unbelehrbare-islamisten","status":"publish","type":"post","link":"https:\/\/blog.zeit.de\/joerglau\/2007\/05\/15\/islamische-calvinisten-oder-unbelehrbare-islamisten_490","title":{"rendered":"Islamische Calvinisten oder unbelehrbare Islamisten?"},"content":{"rendered":"<p>Ayaan Hirsi Ali sieht die Aufgabe der Europ\u00e4er darin, den T\u00fcrken gegen die Gefahr der Islamisierung beizustehen, die ihnen durch die AKP-Regierung drohe. In einem f\u00fcr meinen Geschmack hoch <a href=\"http:\/\/www.digitalnpq.org\/articles\/global\/173\/05-08-2007\/ayaan_hirsi_ali\">merkw\u00fcrdigen St\u00fcck<\/a> r\u00e4t sie am Ende gar dazu, das t\u00fcrkische Milit\u00e4r und die (ihm h\u00f6rige) Justiz gegen die gew\u00e4hlte Regierung zu st\u00fctzen. Und das ganze wird auch noch als &#8222;liberale&#8220; Position verkauft.<\/p>\n<p>Das am meisten irritierende Zitat:<\/p>\n<blockquote><p>Naive but well-meaning European leaders were manipulated by the ruling Islamists from the onset into saying that Turkey\u2019s army should be placed under civil control like all armies in the EU member states.<\/p><\/blockquote>\n<p>Wenn es gegen die &#8222;Islamisten&#8220; geht, dann ist eine Milit\u00e4rdiktatur ganz recht? Kein Wort \u00fcber die Folter in den Gef\u00e4ngnissen, die himmelschreiende Einschr\u00e4nkung der Meinungsfreiheit, die Unterdr\u00fcckung der Kurden.<\/p>\n<p><img loading=\"lazy\" decoding=\"async\" width=\"367\" height=\"549\" alt=\"HirsiAliAyaansmall.jpg\" id=\"image489\" src=\"https:\/\/blog.zeit.de\/joerglau\/files\/2007\/05\/HirsiAliAyaansmall.jpg\" \/><\/p>\n<p><em>Ayaan Hirsi Ali &#8211;    Foto: <a href=\"http:\/\/www.aei.org\/scholars\/scholarID.117,filter.all\/scholar.asp\">American Enterprise Institute<\/a><\/em><br \/>\nAyaan Hirsi Ali nennt zwar die Vermischung von Islam und Nationalismus als Gefahr f\u00fcr die T\u00fcrkei, aber sie unterschl\u00e4gt, dass es eben die Gener\u00e4le waren, die damit im Rahmen der &#8222;t\u00fcrkisch-islamischen Synthese&#8220; (<em>T\u00fcrk-Islam-Sentezi<\/em>) zu spielen begonnen haben, um der T\u00fcrkei inneren Zusammenhalt zu geben. Diese Porblematik kommt direkt aus dem Atat\u00fcrkismus, in dem Ayaan Hirsi Ali die L\u00f6sung der Probleme sieht. Sie ruft die t\u00fcrkischen &#8222;Liberalen&#8220; auf, sich zu organisieren. Wer sind diese Liberalen? Wie viele sind sie? Und werden sie ohne die Religi\u00f6sen auskommen, ohne die es die gesamten Fortschritte der letzten Jahre in Fragen der Menschen- und B\u00fcrgerrechte nicht gegeben h\u00e4tte?<\/p>\n<p>Eine echte t\u00fcrkische Zivilgesellschaft ohne Platz f\u00fcr die Religion kann es nicht geben. Hirsi Ali sollte das eigentlich in Amerika gelernt haben. Ayaan Hirsi Ali ist in Gefahr, sich mit solchen kurzsichtigen Stellungnahmen, die ihren Lebenskonflikt auf alle Weltlagen projizieren, selbst zu diskreditieren.<\/p>\n<p>Zur Debatte m\u00f6chte ich hier im Gegenzug folgenden Ansatz von Forschern der ESI (European Stability Initiative) stellen, die den AKP-Islamismus als &#8222;Islamischen Calvinismus&#8220; beschreiben, als eine Vers\u00f6hnung von anatolischem Konservatismus, Kapitalismus und Moderne. Zitat aus der <a href=\"http:\/\/www.esiweb.org\/pdf\/esi_document_id_71.pdf\">lesenswerten Studie<\/a>:<\/p>\n<blockquote><p>Die AKP-Regierung beschreibt ihre politische Philosophie als \u201ademokratischen Konservatismus\u2019.<br \/>\nPremierminister Erdogan erkl\u00e4rt das Konzept folgenderma\u00dfen:<br \/>\n\u201eEinen bedeutenden Teil der t\u00fcrkischen Gesellschaft verlangt es nach einem Konzept der Moderne, das die Tradition nicht verwirft, nach einem umfassenden Glauben, der das Lokale akzeptiert, nach einem Verst\u00e4ndnis des Rationalismus\u2019, das den spirituellen Sinn des Lebens nicht au\u00dfer Acht l\u00e4sst und nach einer Entscheidung f\u00fcr  den Wandel, die nicht fundamentalistisch ist. Das Konzept der <strong>konservativen Demokratie<\/strong> ist in der Tat eine Antwort auf das Verlangen des t\u00fcrkischen Volkes.\u201c<br \/>\nViele Ziele des demokratischen Konservatismus\u2019 erinnern an Parteien des politischen Zentrums in Europa. Er verteidigt volkswirtschaftliche Stabilit\u00e4t und fiskalische Verantwortlichkeit. Er ist wirtschaftlich aufgeschlossen und favorisiert pers\u00f6nliche Wohlfahrt und privates Vereinsleben. Er unterst\u00fctzt die St\u00e4rkung der Kr\u00e4fte und Ressourcen lokaler Selbstverwaltung, aus der viele seiner Schl\u00fcsselpersonen stammen und glaubt an das Potential einer Entwicklung von unten. Er ist sozial konservativ, jedoch pragmatisch in vielen der Streitfragen, die die t\u00fcrkische Gesellschaft weiterhin entzweien. Er ist au\u00dferdem proeurop\u00e4isch und hat sich in seinem Bestreben, Hindernisse auf dem Weg zum EUBeitrittsprozess zu beseitigen, einer Reihe politischer Tabus angenommen.<\/p><\/blockquote>\n","protected":false},"excerpt":{"rendered":"<p>Ayaan Hirsi Ali sieht die Aufgabe der Europ\u00e4er darin, den T\u00fcrken gegen die Gefahr der Islamisierung beizustehen, die ihnen durch die AKP-Regierung drohe. In einem f\u00fcr meinen Geschmack hoch merkw\u00fcrdigen St\u00fcck r\u00e4t sie am Ende gar dazu, das t\u00fcrkische Milit\u00e4r und die (ihm h\u00f6rige) Justiz gegen die gew\u00e4hlte Regierung zu st\u00fctzen. Und das ganze wird [&hellip;]<\/p>\n","protected":false},"author":54,"featured_media":0,"comment_status":"open","ping_status":"closed","sticky":false,"template":"","format":"standard","meta":{"jetpack_post_was_ever_published":false,"footnotes":""},"categories":[157,117],"tags":[],"class_list":["post-490","post","type-post","status-publish","format-standard","hentry","category-die-freunde-und-die-feinde-des-islams","category-turkei"],"yoast_head":"<!-- This site is optimized with the Yoast SEO plugin v21.0 - https:\/\/yoast.com\/wordpress\/plugins\/seo\/ -->\n<title>Islamische Calvinisten oder unbelehrbare Islamisten? - J\u00f6rg Lau<\/title>\n<meta name=\"robots\" content=\"index, follow, max-snippet:-1, max-image-preview:large, max-video-preview:-1\" \/>\n<link rel=\"canonical\" href=\"https:\/\/blog.zeit.de\/joerglau\/2007\/05\/15\/islamische-calvinisten-oder-unbelehrbare-islamisten_490\" \/>\n<meta property=\"og:locale\" content=\"de_DE\" \/>\n<meta property=\"og:type\" content=\"article\" \/>\n<meta property=\"og:title\" content=\"Islamische Calvinisten oder unbelehrbare Islamisten? - J\u00f6rg Lau\" \/>\n<meta property=\"og:description\" content=\"Ayaan Hirsi Ali sieht die Aufgabe der Europ\u00e4er darin, den T\u00fcrken gegen die Gefahr der Islamisierung beizustehen, die ihnen durch die AKP-Regierung drohe. In einem f\u00fcr meinen Geschmack hoch merkw\u00fcrdigen St\u00fcck r\u00e4t sie am Ende gar dazu, das t\u00fcrkische Milit\u00e4r und die (ihm h\u00f6rige) Justiz gegen die gew\u00e4hlte Regierung zu st\u00fctzen. Und das ganze wird [&hellip;]\" \/>\n<meta property=\"og:url\" content=\"https:\/\/blog.zeit.de\/joerglau\/2007\/05\/15\/islamische-calvinisten-oder-unbelehrbare-islamisten_490\" \/>\n<meta property=\"og:site_name\" content=\"J\u00f6rg Lau\" \/>\n<meta property=\"article:published_time\" content=\"2007-05-15T09:08:20+00:00\" \/>\n<meta property=\"og:image\" content=\"https:\/\/blog.zeit.de\/joerglau\/files\/2007\/05\/HirsiAliAyaansmall.jpg\" \/>\n<meta name=\"author\" content=\"J\u00f6rg Lau\" \/>\n<meta name=\"twitter:card\" content=\"summary_large_image\" \/>\n<meta name=\"twitter:label1\" content=\"Geschrieben von\" \/>\n\t<meta name=\"twitter:data1\" content=\"J\u00f6rg Lau\" \/>\n\t<meta name=\"twitter:label2\" content=\"Gesch\u00e4tzte Lesezeit\" \/>\n\t<meta name=\"twitter:data2\" content=\"3\u00a0Minuten\" \/>\n<script type=\"application\/ld+json\" class=\"yoast-schema-graph\">{\"@context\":\"https:\/\/schema.org\",\"@graph\":[{\"@type\":\"WebPage\",\"@id\":\"https:\/\/blog.zeit.de\/joerglau\/2007\/05\/15\/islamische-calvinisten-oder-unbelehrbare-islamisten_490\",\"url\":\"https:\/\/blog.zeit.de\/joerglau\/2007\/05\/15\/islamische-calvinisten-oder-unbelehrbare-islamisten_490\",\"name\":\"Islamische Calvinisten oder unbelehrbare Islamisten? - J\u00f6rg Lau\",\"isPartOf\":{\"@id\":\"https:\/\/blog.zeit.de\/joerglau\/#website\"},\"datePublished\":\"2007-05-15T09:08:20+00:00\",\"dateModified\":\"2007-05-15T09:08:20+00:00\",\"author\":{\"@id\":\"https:\/\/blog.zeit.de\/joerglau\/#\/schema\/person\/55f0be9bfac24815791fbc852b042f57\"},\"breadcrumb\":{\"@id\":\"https:\/\/blog.zeit.de\/joerglau\/2007\/05\/15\/islamische-calvinisten-oder-unbelehrbare-islamisten_490#breadcrumb\"},\"inLanguage\":\"de\",\"potentialAction\":[{\"@type\":\"ReadAction\",\"target\":[\"https:\/\/blog.zeit.de\/joerglau\/2007\/05\/15\/islamische-calvinisten-oder-unbelehrbare-islamisten_490\"]}]},{\"@type\":\"BreadcrumbList\",\"@id\":\"https:\/\/blog.zeit.de\/joerglau\/2007\/05\/15\/islamische-calvinisten-oder-unbelehrbare-islamisten_490#breadcrumb\",\"itemListElement\":[{\"@type\":\"ListItem\",\"position\":1,\"name\":\"Startseite\",\"item\":\"https:\/\/blog.zeit.de\/joerglau\"},{\"@type\":\"ListItem\",\"position\":2,\"name\":\"Islamische Calvinisten oder unbelehrbare Islamisten?\"}]},{\"@type\":\"WebSite\",\"@id\":\"https:\/\/blog.zeit.de\/joerglau\/#website\",\"url\":\"https:\/\/blog.zeit.de\/joerglau\/\",\"name\":\"J\u00f6rg Lau\",\"description\":\"Ein Blog \u00fcber Religion und Politik\",\"potentialAction\":[{\"@type\":\"SearchAction\",\"target\":{\"@type\":\"EntryPoint\",\"urlTemplate\":\"https:\/\/blog.zeit.de\/joerglau\/?s={search_term_string}\"},\"query-input\":\"required name=search_term_string\"}],\"inLanguage\":\"de\"},{\"@type\":\"Person\",\"@id\":\"https:\/\/blog.zeit.de\/joerglau\/#\/schema\/person\/55f0be9bfac24815791fbc852b042f57\",\"name\":\"J\u00f6rg Lau\",\"image\":{\"@type\":\"ImageObject\",\"inLanguage\":\"de\",\"@id\":\"https:\/\/blog.zeit.de\/joerglau\/#\/schema\/person\/image\/\",\"url\":\"https:\/\/secure.gravatar.com\/avatar\/a5fe39bf4f5335b8bac36eefa0b41467221b1598bfea5f05159a0199e391eed0?s=96&d=mm&r=g\",\"contentUrl\":\"https:\/\/secure.gravatar.com\/avatar\/a5fe39bf4f5335b8bac36eefa0b41467221b1598bfea5f05159a0199e391eed0?s=96&d=mm&r=g\",\"caption\":\"J\u00f6rg Lau\"},\"url\":\"https:\/\/blog.zeit.de\/joerglau\/author\/joerg-lau\"}]}<\/script>\n<!-- \/ Yoast SEO plugin. -->","yoast_head_json":{"title":"Islamische Calvinisten oder unbelehrbare Islamisten? - J\u00f6rg Lau","robots":{"index":"index","follow":"follow","max-snippet":"max-snippet:-1","max-image-preview":"max-image-preview:large","max-video-preview":"max-video-preview:-1"},"canonical":"https:\/\/blog.zeit.de\/joerglau\/2007\/05\/15\/islamische-calvinisten-oder-unbelehrbare-islamisten_490","og_locale":"de_DE","og_type":"article","og_title":"Islamische Calvinisten oder unbelehrbare Islamisten? - J\u00f6rg Lau","og_description":"Ayaan Hirsi Ali sieht die Aufgabe der Europ\u00e4er darin, den T\u00fcrken gegen die Gefahr der Islamisierung beizustehen, die ihnen durch die AKP-Regierung drohe. In einem f\u00fcr meinen Geschmack hoch merkw\u00fcrdigen St\u00fcck r\u00e4t sie am Ende gar dazu, das t\u00fcrkische Milit\u00e4r und die (ihm h\u00f6rige) Justiz gegen die gew\u00e4hlte Regierung zu st\u00fctzen. Und das ganze wird [&hellip;]","og_url":"https:\/\/blog.zeit.de\/joerglau\/2007\/05\/15\/islamische-calvinisten-oder-unbelehrbare-islamisten_490","og_site_name":"J\u00f6rg Lau","article_published_time":"2007-05-15T09:08:20+00:00","og_image":[{"url":"https:\/\/blog.zeit.de\/joerglau\/files\/2007\/05\/HirsiAliAyaansmall.jpg"}],"author":"J\u00f6rg Lau","twitter_card":"summary_large_image","twitter_misc":{"Geschrieben von":"J\u00f6rg Lau","Gesch\u00e4tzte Lesezeit":"3\u00a0Minuten"},"schema":{"@context":"https:\/\/schema.org","@graph":[{"@type":"WebPage","@id":"https:\/\/blog.zeit.de\/joerglau\/2007\/05\/15\/islamische-calvinisten-oder-unbelehrbare-islamisten_490","url":"https:\/\/blog.zeit.de\/joerglau\/2007\/05\/15\/islamische-calvinisten-oder-unbelehrbare-islamisten_490","name":"Islamische Calvinisten oder unbelehrbare Islamisten? - J\u00f6rg Lau","isPartOf":{"@id":"https:\/\/blog.zeit.de\/joerglau\/#website"},"datePublished":"2007-05-15T09:08:20+00:00","dateModified":"2007-05-15T09:08:20+00:00","author":{"@id":"https:\/\/blog.zeit.de\/joerglau\/#\/schema\/person\/55f0be9bfac24815791fbc852b042f57"},"breadcrumb":{"@id":"https:\/\/blog.zeit.de\/joerglau\/2007\/05\/15\/islamische-calvinisten-oder-unbelehrbare-islamisten_490#breadcrumb"},"inLanguage":"de","potentialAction":[{"@type":"ReadAction","target":["https:\/\/blog.zeit.de\/joerglau\/2007\/05\/15\/islamische-calvinisten-oder-unbelehrbare-islamisten_490"]}]},{"@type":"BreadcrumbList","@id":"https:\/\/blog.zeit.de\/joerglau\/2007\/05\/15\/islamische-calvinisten-oder-unbelehrbare-islamisten_490#breadcrumb","itemListElement":[{"@type":"ListItem","position":1,"name":"Startseite","item":"https:\/\/blog.zeit.de\/joerglau"},{"@type":"ListItem","position":2,"name":"Islamische Calvinisten oder unbelehrbare Islamisten?"}]},{"@type":"WebSite","@id":"https:\/\/blog.zeit.de\/joerglau\/#website","url":"https:\/\/blog.zeit.de\/joerglau\/","name":"J\u00f6rg Lau","description":"Ein Blog \u00fcber Religion und Politik","potentialAction":[{"@type":"SearchAction","target":{"@type":"EntryPoint","urlTemplate":"https:\/\/blog.zeit.de\/joerglau\/?s={search_term_string}"},"query-input":"required name=search_term_string"}],"inLanguage":"de"},{"@type":"Person","@id":"https:\/\/blog.zeit.de\/joerglau\/#\/schema\/person\/55f0be9bfac24815791fbc852b042f57","name":"J\u00f6rg Lau","image":{"@type":"ImageObject","inLanguage":"de","@id":"https:\/\/blog.zeit.de\/joerglau\/#\/schema\/person\/image\/","url":"https:\/\/secure.gravatar.com\/avatar\/a5fe39bf4f5335b8bac36eefa0b41467221b1598bfea5f05159a0199e391eed0?s=96&d=mm&r=g","contentUrl":"https:\/\/secure.gravatar.com\/avatar\/a5fe39bf4f5335b8bac36eefa0b41467221b1598bfea5f05159a0199e391eed0?s=96&d=mm&r=g","caption":"J\u00f6rg Lau"},"url":"https:\/\/blog.zeit.de\/joerglau\/author\/joerg-lau"}]}},"jetpack_featured_media_url":"","jetpack_sharing_enabled":true,"jetpack_shortlink":"https:\/\/wp.me\/pG02W-7U","_links":{"self":[{"href":"https:\/\/blog.zeit.de\/joerglau\/wp-json\/wp\/v2\/posts\/490","targetHints":{"allow":["GET"]}}],"collection":[{"href":"https:\/\/blog.zeit.de\/joerglau\/wp-json\/wp\/v2\/posts"}],"about":[{"href":"https:\/\/blog.zeit.de\/joerglau\/wp-json\/wp\/v2\/types\/post"}],"author":[{"embeddable":true,"href":"https:\/\/blog.zeit.de\/joerglau\/wp-json\/wp\/v2\/users\/54"}],"replies":[{"embeddable":true,"href":"https:\/\/blog.zeit.de\/joerglau\/wp-json\/wp\/v2\/comments?post=490"}],"version-history":[{"count":0,"href":"https:\/\/blog.zeit.de\/joerglau\/wp-json\/wp\/v2\/posts\/490\/revisions"}],"wp:attachment":[{"href":"https:\/\/blog.zeit.de\/joerglau\/wp-json\/wp\/v2\/media?parent=490"}],"wp:term":[{"taxonomy":"category","embeddable":true,"href":"https:\/\/blog.zeit.de\/joerglau\/wp-json\/wp\/v2\/categories?post=490"},{"taxonomy":"post_tag","embeddable":true,"href":"https:\/\/blog.zeit.de\/joerglau\/wp-json\/wp\/v2\/tags?post=490"}],"curies":[{"name":"wp","href":"https:\/\/api.w.org\/{rel}","templated":true}]}}