{"id":4907,"date":"2011-05-17T15:58:27","date_gmt":"2011-05-17T13:58:27","guid":{"rendered":"http:\/\/blog.zeit.de\/joerglau\/?p=4907"},"modified":"2011-05-17T16:10:20","modified_gmt":"2011-05-17T14:10:20","slug":"von-rosa-parks-zu-najla-hariri","status":"publish","type":"post","link":"https:\/\/blog.zeit.de\/joerglau\/2011\/05\/17\/von-rosa-parks-zu-najla-hariri_4907","title":{"rendered":"Von Rosa Parks zu Najla Hariri"},"content":{"rendered":"<p>In manchen Gesellschaften kann es von Mut zeugen, aus dem Bus nicht auszusteigen. In anderen, in ein Auto einzusteigen und durch die Stadt zu fahren. Rosa Parks hat die B\u00fcrgerrechtsbewegung der USA inspiriert, weil sie sich als Schwarze in einem segregierten Bus im S\u00fcden der Vereinigten Staaten weigerte, ihren Platz einem wei\u00dfen Fahrgast zu r\u00e4umen. Parks wurde verhaftet, und die Emp\u00f6rung dar\u00fcber wurde zu einem Funken der Bewegung.<\/p>\n<p><a href=\"http:\/\/globalvoicesonline.org\/2011\/05\/17\/saudi-arabia-a-woman-challenges-the-law-by-driving-in-jeddah\/\">Najla Hariri<\/a> hat sich in Jeddah, Saudi-Arabien, ans Steuer eines Autos gesetzt und ist mit ihren Kindern durch die Stadt gefahren, mitten in der Rush Hour. Auf ihrem Twitter-Account hat sie dar\u00fcber berichtet. Nun ist sie in einem Land, das Frauen immer noch das Fahren eines Autos verbietet, zur Heldin geworden. Wie bizarr das ist: Ausgerechnet das Land, das der ganzen Welt den Stoff liefert, der unbegrenzte Mobilit\u00e4t erm\u00f6glicht, knastet seine Frauen de facto ein, indem es ihnen das Selbstfahren eines Autos verbietet.<\/p>\n<p>Hariri will gar keine Heldin sein, was die Sache erst recht zu einem Politikum macht. Najla Hariri hatte es einfach satt, ihr Leben von dem System der Geschlechter-Apartheid definieren zu lassen, das skandal\u00f6ser Weise im Land der &#8222;zwei heiligen Moscheen&#8220; immer noch herrscht:<\/p>\n<blockquote><p>You have made me a leader and an icon, when I am not any of that. I am  just a mother who found herself in need to do something, so I did what  I&#8217;ve done without looking for heroic acts or achievements.<\/p><\/blockquote>\n<p>So fangen Revolutionen an. Irgendjemand macht den Unfug nicht mehr mit, den sich die Herrschenden ausgedacht haben. Jemand h\u00f6rt auf, den Gessler-Hut zu gr\u00fc\u00dfen. Es sind meist nicht die Intellektuellen oder die institutionalisierte Opposition, die so ausscheren. Viel st\u00e4rker ist die Wirkung, wenn normale Menschen ohne ein oppositionelles Projekt einfach nicht mehr mitmachen.<\/p>\n<p>Najla Hariri macht offenbar weiter. Die Website <a href=\"http:\/\/arabia2day.com\/tag\/najla-hariri\/\">Arabia Today <\/a>schreibt, sie habe schon vier mal ihre Kinder zur Schule gefahren und zitiert Hariri so:<\/p>\n<blockquote><p>Najla said:\u00a0\u201dI\u2019m not afraid\u00a0of being stopped because I\u2019m a role model  for my daughter and for my friends. I will be remembered\u00a0by my  generation and I\u2019m prepared to give driving lessons\u00a0to those who\u00a0want to  drive.\u201d Hariri who is married and in her thirties added:\u00a0\u201dSaudi women  should be allowed to drive, there is no law which prevents women from  driving. \u201d<\/p>\n<p>Hariri\u00a0continued: \u201d Some say that Saudi women are like Queens  because\u00a0men offer her their services. This is a\u00a0big\u00a0lie, we  are\u00a0always\u00a0under the\u00a0mercy of men. \u201c<\/p><\/blockquote>\n<p>Najla Hariri hat ihre Kinder zur Schule gefahren. Vielleicht wird man  darin eines Tages den Anfang vom Ende des Wahhabismus sehen.<\/p>\n<p><a href=\"https:\/\/blog.zeit.de\/joerglau\/files\/2011\/05\/Rosaparks.jpg\"><img loading=\"lazy\" decoding=\"async\" class=\"alignnone size-full wp-image-4908\" title=\"Rosaparks\" src=\"https:\/\/blog.zeit.de\/joerglau\/files\/2011\/05\/Rosaparks.jpg\" alt=\"\" width=\"156\" height=\"224\" \/><\/a><a href=\"https:\/\/blog.zeit.de\/joerglau\/files\/2011\/05\/najla-hariri.jpg\"><img decoding=\"async\" class=\"alignnone size-full wp-image-4909\" title=\"najla hariri\" src=\"https:\/\/blog.zeit.de\/joerglau\/files\/2011\/05\/najla-hariri.jpg\" alt=\"\" \/><\/a><a href=\"https:\/\/blog.zeit.de\/joerglau\/files\/2011\/05\/najla-hariri-375x281.jpg\"><img loading=\"lazy\" decoding=\"async\" class=\"alignnone size-full wp-image-4910\" title=\"najla-hariri-375x281\" src=\"https:\/\/blog.zeit.de\/joerglau\/files\/2011\/05\/najla-hariri-375x281.jpg\" alt=\"\" width=\"303\" height=\"226\" srcset=\"https:\/\/blog.zeit.de\/joerglau\/files\/2011\/05\/najla-hariri-375x281.jpg 375w, https:\/\/blog.zeit.de\/joerglau\/files\/2011\/05\/najla-hariri-375x281-300x224.jpg 300w\" sizes=\"auto, (max-width: 303px) 100vw, 303px\" \/><\/a><\/p>\n<p>Rosa Parks (Wikimedia Commons) und Najla Hariri (von ihrem <a href=\"http:\/\/twitter.com\/#!\/hariri65\">Twitter-Account<\/a>)<\/p>\n","protected":false},"excerpt":{"rendered":"<p>In manchen Gesellschaften kann es von Mut zeugen, aus dem Bus nicht auszusteigen. In anderen, in ein Auto einzusteigen und durch die Stadt zu fahren. Rosa Parks hat die B\u00fcrgerrechtsbewegung der USA inspiriert, weil sie sich als Schwarze in einem segregierten Bus im S\u00fcden der Vereinigten Staaten weigerte, ihren Platz einem wei\u00dfen Fahrgast zu r\u00e4umen. [&hellip;]<\/p>\n","protected":false},"author":54,"featured_media":0,"comment_status":"open","ping_status":"closed","sticky":false,"template":"","format":"standard","meta":{"jetpack_post_was_ever_published":false,"footnotes":""},"categories":[157,170],"tags":[],"class_list":["post-4907","post","type-post","status-publish","format-standard","hentry","category-die-freunde-und-die-feinde-des-islams","category-menschenrechte"],"yoast_head":"<!-- This site is optimized with the Yoast SEO plugin v21.0 - https:\/\/yoast.com\/wordpress\/plugins\/seo\/ -->\n<title>Von Rosa Parks zu Najla Hariri - J\u00f6rg Lau<\/title>\n<meta name=\"robots\" content=\"index, follow, max-snippet:-1, max-image-preview:large, max-video-preview:-1\" \/>\n<link rel=\"canonical\" href=\"https:\/\/blog.zeit.de\/joerglau\/2011\/05\/17\/von-rosa-parks-zu-najla-hariri_4907\" \/>\n<meta property=\"og:locale\" content=\"de_DE\" \/>\n<meta property=\"og:type\" content=\"article\" \/>\n<meta property=\"og:title\" content=\"Von Rosa Parks zu Najla Hariri - J\u00f6rg Lau\" \/>\n<meta property=\"og:description\" content=\"In manchen Gesellschaften kann es von Mut zeugen, aus dem Bus nicht auszusteigen. In anderen, in ein Auto einzusteigen und durch die Stadt zu fahren. Rosa Parks hat die B\u00fcrgerrechtsbewegung der USA inspiriert, weil sie sich als Schwarze in einem segregierten Bus im S\u00fcden der Vereinigten Staaten weigerte, ihren Platz einem wei\u00dfen Fahrgast zu r\u00e4umen. [&hellip;]\" \/>\n<meta property=\"og:url\" content=\"https:\/\/blog.zeit.de\/joerglau\/2011\/05\/17\/von-rosa-parks-zu-najla-hariri_4907\" \/>\n<meta property=\"og:site_name\" content=\"J\u00f6rg Lau\" \/>\n<meta property=\"article:published_time\" content=\"2011-05-17T13:58:27+00:00\" \/>\n<meta property=\"article:modified_time\" content=\"2011-05-17T14:10:20+00:00\" \/>\n<meta property=\"og:image\" content=\"https:\/\/blog.zeit.de\/joerglau\/files\/2011\/05\/Rosaparks.jpg\" \/>\n<meta name=\"author\" content=\"J\u00f6rg Lau\" \/>\n<meta name=\"twitter:card\" content=\"summary_large_image\" \/>\n<meta name=\"twitter:label1\" content=\"Geschrieben von\" \/>\n\t<meta name=\"twitter:data1\" content=\"J\u00f6rg Lau\" \/>\n\t<meta name=\"twitter:label2\" content=\"Gesch\u00e4tzte Lesezeit\" \/>\n\t<meta name=\"twitter:data2\" content=\"2\u00a0Minuten\" \/>\n<script type=\"application\/ld+json\" class=\"yoast-schema-graph\">{\"@context\":\"https:\/\/schema.org\",\"@graph\":[{\"@type\":\"WebPage\",\"@id\":\"https:\/\/blog.zeit.de\/joerglau\/2011\/05\/17\/von-rosa-parks-zu-najla-hariri_4907\",\"url\":\"https:\/\/blog.zeit.de\/joerglau\/2011\/05\/17\/von-rosa-parks-zu-najla-hariri_4907\",\"name\":\"Von Rosa Parks zu Najla Hariri - J\u00f6rg Lau\",\"isPartOf\":{\"@id\":\"https:\/\/blog.zeit.de\/joerglau\/#website\"},\"datePublished\":\"2011-05-17T13:58:27+00:00\",\"dateModified\":\"2011-05-17T14:10:20+00:00\",\"author\":{\"@id\":\"https:\/\/blog.zeit.de\/joerglau\/#\/schema\/person\/55f0be9bfac24815791fbc852b042f57\"},\"breadcrumb\":{\"@id\":\"https:\/\/blog.zeit.de\/joerglau\/2011\/05\/17\/von-rosa-parks-zu-najla-hariri_4907#breadcrumb\"},\"inLanguage\":\"de\",\"potentialAction\":[{\"@type\":\"ReadAction\",\"target\":[\"https:\/\/blog.zeit.de\/joerglau\/2011\/05\/17\/von-rosa-parks-zu-najla-hariri_4907\"]}]},{\"@type\":\"BreadcrumbList\",\"@id\":\"https:\/\/blog.zeit.de\/joerglau\/2011\/05\/17\/von-rosa-parks-zu-najla-hariri_4907#breadcrumb\",\"itemListElement\":[{\"@type\":\"ListItem\",\"position\":1,\"name\":\"Startseite\",\"item\":\"https:\/\/blog.zeit.de\/joerglau\"},{\"@type\":\"ListItem\",\"position\":2,\"name\":\"Von Rosa Parks zu Najla Hariri\"}]},{\"@type\":\"WebSite\",\"@id\":\"https:\/\/blog.zeit.de\/joerglau\/#website\",\"url\":\"https:\/\/blog.zeit.de\/joerglau\/\",\"name\":\"J\u00f6rg Lau\",\"description\":\"Ein Blog \u00fcber Religion und Politik\",\"potentialAction\":[{\"@type\":\"SearchAction\",\"target\":{\"@type\":\"EntryPoint\",\"urlTemplate\":\"https:\/\/blog.zeit.de\/joerglau\/?s={search_term_string}\"},\"query-input\":\"required name=search_term_string\"}],\"inLanguage\":\"de\"},{\"@type\":\"Person\",\"@id\":\"https:\/\/blog.zeit.de\/joerglau\/#\/schema\/person\/55f0be9bfac24815791fbc852b042f57\",\"name\":\"J\u00f6rg Lau\",\"image\":{\"@type\":\"ImageObject\",\"inLanguage\":\"de\",\"@id\":\"https:\/\/blog.zeit.de\/joerglau\/#\/schema\/person\/image\/\",\"url\":\"https:\/\/secure.gravatar.com\/avatar\/a5fe39bf4f5335b8bac36eefa0b41467221b1598bfea5f05159a0199e391eed0?s=96&d=mm&r=g\",\"contentUrl\":\"https:\/\/secure.gravatar.com\/avatar\/a5fe39bf4f5335b8bac36eefa0b41467221b1598bfea5f05159a0199e391eed0?s=96&d=mm&r=g\",\"caption\":\"J\u00f6rg Lau\"},\"url\":\"https:\/\/blog.zeit.de\/joerglau\/author\/joerg-lau\"}]}<\/script>\n<!-- \/ Yoast SEO plugin. -->","yoast_head_json":{"title":"Von Rosa Parks zu Najla Hariri - J\u00f6rg Lau","robots":{"index":"index","follow":"follow","max-snippet":"max-snippet:-1","max-image-preview":"max-image-preview:large","max-video-preview":"max-video-preview:-1"},"canonical":"https:\/\/blog.zeit.de\/joerglau\/2011\/05\/17\/von-rosa-parks-zu-najla-hariri_4907","og_locale":"de_DE","og_type":"article","og_title":"Von Rosa Parks zu Najla Hariri - J\u00f6rg Lau","og_description":"In manchen Gesellschaften kann es von Mut zeugen, aus dem Bus nicht auszusteigen. In anderen, in ein Auto einzusteigen und durch die Stadt zu fahren. Rosa Parks hat die B\u00fcrgerrechtsbewegung der USA inspiriert, weil sie sich als Schwarze in einem segregierten Bus im S\u00fcden der Vereinigten Staaten weigerte, ihren Platz einem wei\u00dfen Fahrgast zu r\u00e4umen. [&hellip;]","og_url":"https:\/\/blog.zeit.de\/joerglau\/2011\/05\/17\/von-rosa-parks-zu-najla-hariri_4907","og_site_name":"J\u00f6rg Lau","article_published_time":"2011-05-17T13:58:27+00:00","article_modified_time":"2011-05-17T14:10:20+00:00","og_image":[{"url":"https:\/\/blog.zeit.de\/joerglau\/files\/2011\/05\/Rosaparks.jpg"}],"author":"J\u00f6rg Lau","twitter_card":"summary_large_image","twitter_misc":{"Geschrieben von":"J\u00f6rg Lau","Gesch\u00e4tzte Lesezeit":"2\u00a0Minuten"},"schema":{"@context":"https:\/\/schema.org","@graph":[{"@type":"WebPage","@id":"https:\/\/blog.zeit.de\/joerglau\/2011\/05\/17\/von-rosa-parks-zu-najla-hariri_4907","url":"https:\/\/blog.zeit.de\/joerglau\/2011\/05\/17\/von-rosa-parks-zu-najla-hariri_4907","name":"Von Rosa Parks zu Najla Hariri - J\u00f6rg Lau","isPartOf":{"@id":"https:\/\/blog.zeit.de\/joerglau\/#website"},"datePublished":"2011-05-17T13:58:27+00:00","dateModified":"2011-05-17T14:10:20+00:00","author":{"@id":"https:\/\/blog.zeit.de\/joerglau\/#\/schema\/person\/55f0be9bfac24815791fbc852b042f57"},"breadcrumb":{"@id":"https:\/\/blog.zeit.de\/joerglau\/2011\/05\/17\/von-rosa-parks-zu-najla-hariri_4907#breadcrumb"},"inLanguage":"de","potentialAction":[{"@type":"ReadAction","target":["https:\/\/blog.zeit.de\/joerglau\/2011\/05\/17\/von-rosa-parks-zu-najla-hariri_4907"]}]},{"@type":"BreadcrumbList","@id":"https:\/\/blog.zeit.de\/joerglau\/2011\/05\/17\/von-rosa-parks-zu-najla-hariri_4907#breadcrumb","itemListElement":[{"@type":"ListItem","position":1,"name":"Startseite","item":"https:\/\/blog.zeit.de\/joerglau"},{"@type":"ListItem","position":2,"name":"Von Rosa Parks zu Najla Hariri"}]},{"@type":"WebSite","@id":"https:\/\/blog.zeit.de\/joerglau\/#website","url":"https:\/\/blog.zeit.de\/joerglau\/","name":"J\u00f6rg Lau","description":"Ein Blog \u00fcber Religion und Politik","potentialAction":[{"@type":"SearchAction","target":{"@type":"EntryPoint","urlTemplate":"https:\/\/blog.zeit.de\/joerglau\/?s={search_term_string}"},"query-input":"required name=search_term_string"}],"inLanguage":"de"},{"@type":"Person","@id":"https:\/\/blog.zeit.de\/joerglau\/#\/schema\/person\/55f0be9bfac24815791fbc852b042f57","name":"J\u00f6rg Lau","image":{"@type":"ImageObject","inLanguage":"de","@id":"https:\/\/blog.zeit.de\/joerglau\/#\/schema\/person\/image\/","url":"https:\/\/secure.gravatar.com\/avatar\/a5fe39bf4f5335b8bac36eefa0b41467221b1598bfea5f05159a0199e391eed0?s=96&d=mm&r=g","contentUrl":"https:\/\/secure.gravatar.com\/avatar\/a5fe39bf4f5335b8bac36eefa0b41467221b1598bfea5f05159a0199e391eed0?s=96&d=mm&r=g","caption":"J\u00f6rg Lau"},"url":"https:\/\/blog.zeit.de\/joerglau\/author\/joerg-lau"}]}},"jetpack_featured_media_url":"","jetpack_sharing_enabled":true,"jetpack_shortlink":"https:\/\/wp.me\/pG02W-1h9","_links":{"self":[{"href":"https:\/\/blog.zeit.de\/joerglau\/wp-json\/wp\/v2\/posts\/4907","targetHints":{"allow":["GET"]}}],"collection":[{"href":"https:\/\/blog.zeit.de\/joerglau\/wp-json\/wp\/v2\/posts"}],"about":[{"href":"https:\/\/blog.zeit.de\/joerglau\/wp-json\/wp\/v2\/types\/post"}],"author":[{"embeddable":true,"href":"https:\/\/blog.zeit.de\/joerglau\/wp-json\/wp\/v2\/users\/54"}],"replies":[{"embeddable":true,"href":"https:\/\/blog.zeit.de\/joerglau\/wp-json\/wp\/v2\/comments?post=4907"}],"version-history":[{"count":5,"href":"https:\/\/blog.zeit.de\/joerglau\/wp-json\/wp\/v2\/posts\/4907\/revisions"}],"predecessor-version":[{"id":4912,"href":"https:\/\/blog.zeit.de\/joerglau\/wp-json\/wp\/v2\/posts\/4907\/revisions\/4912"}],"wp:attachment":[{"href":"https:\/\/blog.zeit.de\/joerglau\/wp-json\/wp\/v2\/media?parent=4907"}],"wp:term":[{"taxonomy":"category","embeddable":true,"href":"https:\/\/blog.zeit.de\/joerglau\/wp-json\/wp\/v2\/categories?post=4907"},{"taxonomy":"post_tag","embeddable":true,"href":"https:\/\/blog.zeit.de\/joerglau\/wp-json\/wp\/v2\/tags?post=4907"}],"curies":[{"name":"wp","href":"https:\/\/api.w.org\/{rel}","templated":true}]}}