{"id":4946,"date":"2011-06-06T16:18:33","date_gmt":"2011-06-06T14:18:33","guid":{"rendered":"http:\/\/blog.zeit.de\/joerglau\/?p=4946"},"modified":"2011-06-06T17:59:08","modified_gmt":"2011-06-06T15:59:08","slug":"israel-vor-einer-dritten-intifada","status":"publish","type":"post","link":"https:\/\/blog.zeit.de\/joerglau\/2011\/06\/06\/israel-vor-einer-dritten-intifada_4946","title":{"rendered":"Israel vor einer dritten Intifada?"},"content":{"rendered":"<p>Das syrische Regime, das vor wenigen Tagen erst wieder auf die eigenen Leute geschossen hat \u2013 viele Dutzende sollen erst am letzten Freitag wieder bei Demonstrationen umgekommen sein \u2013, hat einen Hoffnungsschimmer am Horizont gesehen:<\/p>\n<p>Eine neue Intifada w\u00e4re die L\u00f6sung! Und also l\u00e4sst die gleiche Regierung, die sogar <a href=\"http:\/\/www.facebook.com\/hamza.alshaheeed\">Minderj\u00e4hrige zu Tode foltert<\/a>, nur weil sie zu Hause Freiheit fordern, Hunderte von Pal\u00e4stinensern ungehindert auf die israelische Grenze zu spazieren. Ein Schelm, wer B\u00f6ses dabei denkt. Umso besser vielleicht, wenn m\u00f6glichst viele von ihnen get\u00f6tet werden? Dann kann endlich der Nahostkonflikt wieder den arabischen Fr\u00fchling \u00fcberlagern, der selbst vor Damaskus nicht halt gemacht hat.<\/p>\n<p>Die Pal\u00e4stinenser, die bei den Naksa-M\u00e4rsche gestorben sind, sie sind Assads Kanonenfutter. Niemals w\u00e4re es m\u00f6glich, ohne das gn\u00e4dige Auge des Diktators in Hundertschaften an der Grenze aufzutauchen.<\/p>\n<p>Leider ist es zwar bei der jetzigen israelischen Regierung nicht auszuschlie\u00dfen, dass auch sie ein Interesse an einer Eskalation hat, weil dies den wachsenden Druck von ihr nehmen w\u00fcrde, wieder in Verhandlungen einzutreten.<\/p>\n<p>Aber: Wer auf eine Grenze zu marschiert und sich weigert, nach mehrfacher Aufforderung stehen zu bleiben, der riskiert halt sein Leben. Das ist keine neue Erkenntnis und keine Besonderheit dieser Grenze.<\/p>\n<p>Die israelischen Grenztruppen haben <a href=\"http:\/\/www.ynet.co.il\/english\/articles\/0,7340,L-4078816,00.html\">nach ersten Berichten<\/a> alle nichtt\u00f6dlichen Mittel ersch\u00f6pft, bevor sie scharfe Munition zu verwenden begannen. Sie haben mehrfach das Feuer eingestellt, um eine Versorgung der Verwundeten zu gew\u00e4hrleisten. Die Demonstranten haben diese Feuerpausen nicht beachtet und damit den Tod der Verwundeten in Kauf genommen.<\/p>\n<p>Wenn die Pal\u00e4stinenser sich zu friedlichen Protesten gegen die Besatzung entschlie\u00dfen, ist das begr\u00fc\u00dfenswert. Wenn der Eindruck entsteht, es gehe hier doch darum, auf Teufel komm raus zu provozieren und M\u00e4rtyrer zu produzieren, wird daraus nichts Gutes entstehen &#8211; zumal wenn das Ganze vom syrischen Regime ausgenutzt wird, das Hunderte seiner eigenen Leute umbringt:<\/p>\n<blockquote><p>\u201cI would note that these protests were carried live on Syrian  television\u201d an Israeli official said. \u201cThey do not carry the protests  against their own regime live. They made a decision to try to exploit  this for their own purposes.\u201d<\/p><\/blockquote>\n<p>Allerdings macht gerade diese Situation es um so dringlicher f\u00fcr Israel, zu einem Akteur im Friedensprozess zu werden, statt sich in der Defensive einzuigeln. Wer eine politische Alternative zu dieser dritten Intifada anbietet, nimmt seinen Gegnern ein Instrument aus der Hand. Wer das vers\u00e4umt, arbeitet ihnen zu.<\/p>\n","protected":false},"excerpt":{"rendered":"<p>Das syrische Regime, das vor wenigen Tagen erst wieder auf die eigenen Leute geschossen hat \u2013 viele Dutzende sollen erst am letzten Freitag wieder bei Demonstrationen umgekommen sein \u2013, hat einen Hoffnungsschimmer am Horizont gesehen: Eine neue Intifada w\u00e4re die L\u00f6sung! Und also l\u00e4sst die gleiche Regierung, die sogar Minderj\u00e4hrige zu Tode foltert, nur weil [&hellip;]<\/p>\n","protected":false},"author":54,"featured_media":0,"comment_status":"open","ping_status":"closed","sticky":false,"template":"","format":"standard","meta":{"jetpack_post_was_ever_published":false,"footnotes":""},"categories":[152,168,173],"tags":[],"class_list":["post-4946","post","type-post","status-publish","format-standard","hentry","category-aussenpolitik","category-israel","category-palastina"],"yoast_head":"<!-- This site is optimized with the Yoast SEO plugin v21.0 - https:\/\/yoast.com\/wordpress\/plugins\/seo\/ -->\n<title>Israel vor einer dritten Intifada? - J\u00f6rg Lau<\/title>\n<meta name=\"robots\" content=\"index, follow, max-snippet:-1, max-image-preview:large, max-video-preview:-1\" \/>\n<link rel=\"canonical\" href=\"https:\/\/blog.zeit.de\/joerglau\/2011\/06\/06\/israel-vor-einer-dritten-intifada_4946\" \/>\n<meta property=\"og:locale\" content=\"de_DE\" \/>\n<meta property=\"og:type\" content=\"article\" \/>\n<meta property=\"og:title\" content=\"Israel vor einer dritten Intifada? - J\u00f6rg Lau\" \/>\n<meta property=\"og:description\" content=\"Das syrische Regime, das vor wenigen Tagen erst wieder auf die eigenen Leute geschossen hat \u2013 viele Dutzende sollen erst am letzten Freitag wieder bei Demonstrationen umgekommen sein \u2013, hat einen Hoffnungsschimmer am Horizont gesehen: Eine neue Intifada w\u00e4re die L\u00f6sung! Und also l\u00e4sst die gleiche Regierung, die sogar Minderj\u00e4hrige zu Tode foltert, nur weil [&hellip;]\" \/>\n<meta property=\"og:url\" content=\"https:\/\/blog.zeit.de\/joerglau\/2011\/06\/06\/israel-vor-einer-dritten-intifada_4946\" \/>\n<meta property=\"og:site_name\" content=\"J\u00f6rg Lau\" \/>\n<meta property=\"article:published_time\" content=\"2011-06-06T14:18:33+00:00\" \/>\n<meta property=\"article:modified_time\" content=\"2011-06-06T15:59:08+00:00\" \/>\n<meta name=\"author\" content=\"J\u00f6rg Lau\" \/>\n<meta name=\"twitter:card\" content=\"summary_large_image\" \/>\n<meta name=\"twitter:label1\" content=\"Geschrieben von\" \/>\n\t<meta name=\"twitter:data1\" content=\"J\u00f6rg Lau\" \/>\n\t<meta name=\"twitter:label2\" content=\"Gesch\u00e4tzte Lesezeit\" \/>\n\t<meta name=\"twitter:data2\" content=\"2\u00a0Minuten\" \/>\n<script type=\"application\/ld+json\" class=\"yoast-schema-graph\">{\"@context\":\"https:\/\/schema.org\",\"@graph\":[{\"@type\":\"WebPage\",\"@id\":\"https:\/\/blog.zeit.de\/joerglau\/2011\/06\/06\/israel-vor-einer-dritten-intifada_4946\",\"url\":\"https:\/\/blog.zeit.de\/joerglau\/2011\/06\/06\/israel-vor-einer-dritten-intifada_4946\",\"name\":\"Israel vor einer dritten Intifada? - J\u00f6rg Lau\",\"isPartOf\":{\"@id\":\"https:\/\/blog.zeit.de\/joerglau\/#website\"},\"datePublished\":\"2011-06-06T14:18:33+00:00\",\"dateModified\":\"2011-06-06T15:59:08+00:00\",\"author\":{\"@id\":\"https:\/\/blog.zeit.de\/joerglau\/#\/schema\/person\/55f0be9bfac24815791fbc852b042f57\"},\"breadcrumb\":{\"@id\":\"https:\/\/blog.zeit.de\/joerglau\/2011\/06\/06\/israel-vor-einer-dritten-intifada_4946#breadcrumb\"},\"inLanguage\":\"de\",\"potentialAction\":[{\"@type\":\"ReadAction\",\"target\":[\"https:\/\/blog.zeit.de\/joerglau\/2011\/06\/06\/israel-vor-einer-dritten-intifada_4946\"]}]},{\"@type\":\"BreadcrumbList\",\"@id\":\"https:\/\/blog.zeit.de\/joerglau\/2011\/06\/06\/israel-vor-einer-dritten-intifada_4946#breadcrumb\",\"itemListElement\":[{\"@type\":\"ListItem\",\"position\":1,\"name\":\"Startseite\",\"item\":\"https:\/\/blog.zeit.de\/joerglau\"},{\"@type\":\"ListItem\",\"position\":2,\"name\":\"Israel vor einer dritten Intifada?\"}]},{\"@type\":\"WebSite\",\"@id\":\"https:\/\/blog.zeit.de\/joerglau\/#website\",\"url\":\"https:\/\/blog.zeit.de\/joerglau\/\",\"name\":\"J\u00f6rg Lau\",\"description\":\"Ein Blog \u00fcber Religion und Politik\",\"potentialAction\":[{\"@type\":\"SearchAction\",\"target\":{\"@type\":\"EntryPoint\",\"urlTemplate\":\"https:\/\/blog.zeit.de\/joerglau\/?s={search_term_string}\"},\"query-input\":\"required name=search_term_string\"}],\"inLanguage\":\"de\"},{\"@type\":\"Person\",\"@id\":\"https:\/\/blog.zeit.de\/joerglau\/#\/schema\/person\/55f0be9bfac24815791fbc852b042f57\",\"name\":\"J\u00f6rg Lau\",\"image\":{\"@type\":\"ImageObject\",\"inLanguage\":\"de\",\"@id\":\"https:\/\/blog.zeit.de\/joerglau\/#\/schema\/person\/image\/\",\"url\":\"https:\/\/secure.gravatar.com\/avatar\/a5fe39bf4f5335b8bac36eefa0b41467221b1598bfea5f05159a0199e391eed0?s=96&d=mm&r=g\",\"contentUrl\":\"https:\/\/secure.gravatar.com\/avatar\/a5fe39bf4f5335b8bac36eefa0b41467221b1598bfea5f05159a0199e391eed0?s=96&d=mm&r=g\",\"caption\":\"J\u00f6rg Lau\"},\"url\":\"https:\/\/blog.zeit.de\/joerglau\/author\/joerg-lau\"}]}<\/script>\n<!-- \/ Yoast SEO plugin. -->","yoast_head_json":{"title":"Israel vor einer dritten Intifada? - J\u00f6rg Lau","robots":{"index":"index","follow":"follow","max-snippet":"max-snippet:-1","max-image-preview":"max-image-preview:large","max-video-preview":"max-video-preview:-1"},"canonical":"https:\/\/blog.zeit.de\/joerglau\/2011\/06\/06\/israel-vor-einer-dritten-intifada_4946","og_locale":"de_DE","og_type":"article","og_title":"Israel vor einer dritten Intifada? - J\u00f6rg Lau","og_description":"Das syrische Regime, das vor wenigen Tagen erst wieder auf die eigenen Leute geschossen hat \u2013 viele Dutzende sollen erst am letzten Freitag wieder bei Demonstrationen umgekommen sein \u2013, hat einen Hoffnungsschimmer am Horizont gesehen: Eine neue Intifada w\u00e4re die L\u00f6sung! Und also l\u00e4sst die gleiche Regierung, die sogar Minderj\u00e4hrige zu Tode foltert, nur weil [&hellip;]","og_url":"https:\/\/blog.zeit.de\/joerglau\/2011\/06\/06\/israel-vor-einer-dritten-intifada_4946","og_site_name":"J\u00f6rg Lau","article_published_time":"2011-06-06T14:18:33+00:00","article_modified_time":"2011-06-06T15:59:08+00:00","author":"J\u00f6rg Lau","twitter_card":"summary_large_image","twitter_misc":{"Geschrieben von":"J\u00f6rg Lau","Gesch\u00e4tzte Lesezeit":"2\u00a0Minuten"},"schema":{"@context":"https:\/\/schema.org","@graph":[{"@type":"WebPage","@id":"https:\/\/blog.zeit.de\/joerglau\/2011\/06\/06\/israel-vor-einer-dritten-intifada_4946","url":"https:\/\/blog.zeit.de\/joerglau\/2011\/06\/06\/israel-vor-einer-dritten-intifada_4946","name":"Israel vor einer dritten Intifada? - J\u00f6rg Lau","isPartOf":{"@id":"https:\/\/blog.zeit.de\/joerglau\/#website"},"datePublished":"2011-06-06T14:18:33+00:00","dateModified":"2011-06-06T15:59:08+00:00","author":{"@id":"https:\/\/blog.zeit.de\/joerglau\/#\/schema\/person\/55f0be9bfac24815791fbc852b042f57"},"breadcrumb":{"@id":"https:\/\/blog.zeit.de\/joerglau\/2011\/06\/06\/israel-vor-einer-dritten-intifada_4946#breadcrumb"},"inLanguage":"de","potentialAction":[{"@type":"ReadAction","target":["https:\/\/blog.zeit.de\/joerglau\/2011\/06\/06\/israel-vor-einer-dritten-intifada_4946"]}]},{"@type":"BreadcrumbList","@id":"https:\/\/blog.zeit.de\/joerglau\/2011\/06\/06\/israel-vor-einer-dritten-intifada_4946#breadcrumb","itemListElement":[{"@type":"ListItem","position":1,"name":"Startseite","item":"https:\/\/blog.zeit.de\/joerglau"},{"@type":"ListItem","position":2,"name":"Israel vor einer dritten Intifada?"}]},{"@type":"WebSite","@id":"https:\/\/blog.zeit.de\/joerglau\/#website","url":"https:\/\/blog.zeit.de\/joerglau\/","name":"J\u00f6rg Lau","description":"Ein Blog \u00fcber Religion und Politik","potentialAction":[{"@type":"SearchAction","target":{"@type":"EntryPoint","urlTemplate":"https:\/\/blog.zeit.de\/joerglau\/?s={search_term_string}"},"query-input":"required name=search_term_string"}],"inLanguage":"de"},{"@type":"Person","@id":"https:\/\/blog.zeit.de\/joerglau\/#\/schema\/person\/55f0be9bfac24815791fbc852b042f57","name":"J\u00f6rg Lau","image":{"@type":"ImageObject","inLanguage":"de","@id":"https:\/\/blog.zeit.de\/joerglau\/#\/schema\/person\/image\/","url":"https:\/\/secure.gravatar.com\/avatar\/a5fe39bf4f5335b8bac36eefa0b41467221b1598bfea5f05159a0199e391eed0?s=96&d=mm&r=g","contentUrl":"https:\/\/secure.gravatar.com\/avatar\/a5fe39bf4f5335b8bac36eefa0b41467221b1598bfea5f05159a0199e391eed0?s=96&d=mm&r=g","caption":"J\u00f6rg Lau"},"url":"https:\/\/blog.zeit.de\/joerglau\/author\/joerg-lau"}]}},"jetpack_featured_media_url":"","jetpack_sharing_enabled":true,"jetpack_shortlink":"https:\/\/wp.me\/pG02W-1hM","_links":{"self":[{"href":"https:\/\/blog.zeit.de\/joerglau\/wp-json\/wp\/v2\/posts\/4946","targetHints":{"allow":["GET"]}}],"collection":[{"href":"https:\/\/blog.zeit.de\/joerglau\/wp-json\/wp\/v2\/posts"}],"about":[{"href":"https:\/\/blog.zeit.de\/joerglau\/wp-json\/wp\/v2\/types\/post"}],"author":[{"embeddable":true,"href":"https:\/\/blog.zeit.de\/joerglau\/wp-json\/wp\/v2\/users\/54"}],"replies":[{"embeddable":true,"href":"https:\/\/blog.zeit.de\/joerglau\/wp-json\/wp\/v2\/comments?post=4946"}],"version-history":[{"count":4,"href":"https:\/\/blog.zeit.de\/joerglau\/wp-json\/wp\/v2\/posts\/4946\/revisions"}],"predecessor-version":[{"id":4949,"href":"https:\/\/blog.zeit.de\/joerglau\/wp-json\/wp\/v2\/posts\/4946\/revisions\/4949"}],"wp:attachment":[{"href":"https:\/\/blog.zeit.de\/joerglau\/wp-json\/wp\/v2\/media?parent=4946"}],"wp:term":[{"taxonomy":"category","embeddable":true,"href":"https:\/\/blog.zeit.de\/joerglau\/wp-json\/wp\/v2\/categories?post=4946"},{"taxonomy":"post_tag","embeddable":true,"href":"https:\/\/blog.zeit.de\/joerglau\/wp-json\/wp\/v2\/tags?post=4946"}],"curies":[{"name":"wp","href":"https:\/\/api.w.org\/{rel}","templated":true}]}}