{"id":4985,"date":"2011-08-05T15:23:16","date_gmt":"2011-08-05T13:23:16","guid":{"rendered":"http:\/\/blog.zeit.de\/joerglau\/?p=4985"},"modified":"2011-08-05T15:30:03","modified_gmt":"2011-08-05T13:30:03","slug":"die-kommentarfunktion","status":"publish","type":"post","link":"https:\/\/blog.zeit.de\/joerglau\/2011\/08\/05\/die-kommentarfunktion_4985","title":{"rendered":"Die Kommentarfunktion"},"content":{"rendered":"<p>Sehr geehrte Kommentatoren,<\/p>\n<p>da es in den vergangenen Tagen mehrfach zu Netiquetteverst\u00f6\u00dfe kam, indem Kommentatoren pers\u00f6nlich angegriffen wurden, haben wir uns dazu entschlossen, vor\u00fcbergehend auf die Vormoderation der Kommentare umzustellen.<\/p>\n<p>Wir w\u00fcnschen uns sachliche und konstruktive Diskussionen zu den konkreten Artikel- oder Blog-Themen. Das ist jedoch nicht gegeben, wenn statt einer dezidiert inhaltlichen Kritik in respektvollem Tonfall Personen angegriffen und beleidigt werden. <\/p>\n<p>Wenn Sie Fragen haben, wenden Sie sich gerne an community@zeit.de<\/p>\n<p>Mit freundlichen Gr\u00fc\u00dfen<br \/>\nFranziska Kelch<br \/>\n&#8212;&#8212;&#8212;-<br \/>\nCommunity Redaktion<\/p>\n","protected":false},"excerpt":{"rendered":"<p>Sehr geehrte Kommentatoren, da es in den vergangenen Tagen mehrfach zu Netiquetteverst\u00f6\u00dfe kam, indem Kommentatoren pers\u00f6nlich angegriffen wurden, haben wir uns dazu entschlossen, vor\u00fcbergehend auf die Vormoderation der Kommentare umzustellen. Wir w\u00fcnschen uns sachliche und konstruktive Diskussionen zu den konkreten Artikel- oder Blog-Themen. Das ist jedoch nicht gegeben, wenn statt einer dezidiert inhaltlichen Kritik in [&hellip;]<\/p>\n","protected":false},"author":323,"featured_media":0,"comment_status":"open","ping_status":"closed","sticky":false,"template":"","format":"standard","meta":{"jetpack_post_was_ever_published":false,"footnotes":""},"categories":[1],"tags":[],"class_list":["post-4985","post","type-post","status-publish","format-standard","hentry","category-allgemein"],"yoast_head":"<!-- This site is optimized with the Yoast SEO plugin v21.0 - https:\/\/yoast.com\/wordpress\/plugins\/seo\/ -->\n<title>Die Kommentarfunktion - J\u00f6rg Lau<\/title>\n<meta name=\"robots\" content=\"index, follow, max-snippet:-1, max-image-preview:large, max-video-preview:-1\" \/>\n<link rel=\"canonical\" href=\"https:\/\/blog.zeit.de\/joerglau\/2011\/08\/05\/die-kommentarfunktion_4985\" \/>\n<meta property=\"og:locale\" content=\"de_DE\" \/>\n<meta property=\"og:type\" content=\"article\" \/>\n<meta property=\"og:title\" content=\"Die Kommentarfunktion - J\u00f6rg Lau\" \/>\n<meta property=\"og:description\" content=\"Sehr geehrte Kommentatoren, da es in den vergangenen Tagen mehrfach zu Netiquetteverst\u00f6\u00dfe kam, indem Kommentatoren pers\u00f6nlich angegriffen wurden, haben wir uns dazu entschlossen, vor\u00fcbergehend auf die Vormoderation der Kommentare umzustellen. Wir w\u00fcnschen uns sachliche und konstruktive Diskussionen zu den konkreten Artikel- oder Blog-Themen. Das ist jedoch nicht gegeben, wenn statt einer dezidiert inhaltlichen Kritik in [&hellip;]\" \/>\n<meta property=\"og:url\" content=\"https:\/\/blog.zeit.de\/joerglau\/2011\/08\/05\/die-kommentarfunktion_4985\" \/>\n<meta property=\"og:site_name\" content=\"J\u00f6rg Lau\" \/>\n<meta property=\"article:published_time\" content=\"2011-08-05T13:23:16+00:00\" \/>\n<meta property=\"article:modified_time\" content=\"2011-08-05T13:30:03+00:00\" \/>\n<meta name=\"author\" content=\"Franziska Kelch\" \/>\n<meta name=\"twitter:card\" content=\"summary_large_image\" \/>\n<meta name=\"twitter:label1\" content=\"Geschrieben von\" \/>\n\t<meta name=\"twitter:data1\" content=\"Franziska Kelch\" \/>\n<script type=\"application\/ld+json\" class=\"yoast-schema-graph\">{\"@context\":\"https:\/\/schema.org\",\"@graph\":[{\"@type\":\"WebPage\",\"@id\":\"https:\/\/blog.zeit.de\/joerglau\/2011\/08\/05\/die-kommentarfunktion_4985\",\"url\":\"https:\/\/blog.zeit.de\/joerglau\/2011\/08\/05\/die-kommentarfunktion_4985\",\"name\":\"Die Kommentarfunktion - J\u00f6rg Lau\",\"isPartOf\":{\"@id\":\"https:\/\/blog.zeit.de\/joerglau\/#website\"},\"datePublished\":\"2011-08-05T13:23:16+00:00\",\"dateModified\":\"2011-08-05T13:30:03+00:00\",\"author\":{\"@id\":\"https:\/\/blog.zeit.de\/joerglau\/#\/schema\/person\/eaa3c3ed8f838c4aafcd25e9710fcc68\"},\"breadcrumb\":{\"@id\":\"https:\/\/blog.zeit.de\/joerglau\/2011\/08\/05\/die-kommentarfunktion_4985#breadcrumb\"},\"inLanguage\":\"de\",\"potentialAction\":[{\"@type\":\"ReadAction\",\"target\":[\"https:\/\/blog.zeit.de\/joerglau\/2011\/08\/05\/die-kommentarfunktion_4985\"]}]},{\"@type\":\"BreadcrumbList\",\"@id\":\"https:\/\/blog.zeit.de\/joerglau\/2011\/08\/05\/die-kommentarfunktion_4985#breadcrumb\",\"itemListElement\":[{\"@type\":\"ListItem\",\"position\":1,\"name\":\"Startseite\",\"item\":\"https:\/\/blog.zeit.de\/joerglau\"},{\"@type\":\"ListItem\",\"position\":2,\"name\":\"Die Kommentarfunktion\"}]},{\"@type\":\"WebSite\",\"@id\":\"https:\/\/blog.zeit.de\/joerglau\/#website\",\"url\":\"https:\/\/blog.zeit.de\/joerglau\/\",\"name\":\"J\u00f6rg Lau\",\"description\":\"Ein Blog \u00fcber Religion und Politik\",\"potentialAction\":[{\"@type\":\"SearchAction\",\"target\":{\"@type\":\"EntryPoint\",\"urlTemplate\":\"https:\/\/blog.zeit.de\/joerglau\/?s={search_term_string}\"},\"query-input\":\"required name=search_term_string\"}],\"inLanguage\":\"de\"},{\"@type\":\"Person\",\"@id\":\"https:\/\/blog.zeit.de\/joerglau\/#\/schema\/person\/eaa3c3ed8f838c4aafcd25e9710fcc68\",\"name\":\"Franziska Kelch\",\"image\":{\"@type\":\"ImageObject\",\"inLanguage\":\"de\",\"@id\":\"https:\/\/blog.zeit.de\/joerglau\/#\/schema\/person\/image\/\",\"url\":\"https:\/\/secure.gravatar.com\/avatar\/d7ae2b2bfc4c5c08ed3435dc2ecf53fcb6d4234c0aa486b8b64ce6549a61a378?s=96&d=mm&r=g\",\"contentUrl\":\"https:\/\/secure.gravatar.com\/avatar\/d7ae2b2bfc4c5c08ed3435dc2ecf53fcb6d4234c0aa486b8b64ce6549a61a378?s=96&d=mm&r=g\",\"caption\":\"Franziska Kelch\"},\"url\":\"https:\/\/blog.zeit.de\/joerglau\/author\/franziska-kelch\"}]}<\/script>\n<!-- \/ Yoast SEO plugin. -->","yoast_head_json":{"title":"Die Kommentarfunktion - J\u00f6rg Lau","robots":{"index":"index","follow":"follow","max-snippet":"max-snippet:-1","max-image-preview":"max-image-preview:large","max-video-preview":"max-video-preview:-1"},"canonical":"https:\/\/blog.zeit.de\/joerglau\/2011\/08\/05\/die-kommentarfunktion_4985","og_locale":"de_DE","og_type":"article","og_title":"Die Kommentarfunktion - J\u00f6rg Lau","og_description":"Sehr geehrte Kommentatoren, da es in den vergangenen Tagen mehrfach zu Netiquetteverst\u00f6\u00dfe kam, indem Kommentatoren pers\u00f6nlich angegriffen wurden, haben wir uns dazu entschlossen, vor\u00fcbergehend auf die Vormoderation der Kommentare umzustellen. Wir w\u00fcnschen uns sachliche und konstruktive Diskussionen zu den konkreten Artikel- oder Blog-Themen. Das ist jedoch nicht gegeben, wenn statt einer dezidiert inhaltlichen Kritik in [&hellip;]","og_url":"https:\/\/blog.zeit.de\/joerglau\/2011\/08\/05\/die-kommentarfunktion_4985","og_site_name":"J\u00f6rg Lau","article_published_time":"2011-08-05T13:23:16+00:00","article_modified_time":"2011-08-05T13:30:03+00:00","author":"Franziska Kelch","twitter_card":"summary_large_image","twitter_misc":{"Geschrieben von":"Franziska Kelch"},"schema":{"@context":"https:\/\/schema.org","@graph":[{"@type":"WebPage","@id":"https:\/\/blog.zeit.de\/joerglau\/2011\/08\/05\/die-kommentarfunktion_4985","url":"https:\/\/blog.zeit.de\/joerglau\/2011\/08\/05\/die-kommentarfunktion_4985","name":"Die Kommentarfunktion - J\u00f6rg Lau","isPartOf":{"@id":"https:\/\/blog.zeit.de\/joerglau\/#website"},"datePublished":"2011-08-05T13:23:16+00:00","dateModified":"2011-08-05T13:30:03+00:00","author":{"@id":"https:\/\/blog.zeit.de\/joerglau\/#\/schema\/person\/eaa3c3ed8f838c4aafcd25e9710fcc68"},"breadcrumb":{"@id":"https:\/\/blog.zeit.de\/joerglau\/2011\/08\/05\/die-kommentarfunktion_4985#breadcrumb"},"inLanguage":"de","potentialAction":[{"@type":"ReadAction","target":["https:\/\/blog.zeit.de\/joerglau\/2011\/08\/05\/die-kommentarfunktion_4985"]}]},{"@type":"BreadcrumbList","@id":"https:\/\/blog.zeit.de\/joerglau\/2011\/08\/05\/die-kommentarfunktion_4985#breadcrumb","itemListElement":[{"@type":"ListItem","position":1,"name":"Startseite","item":"https:\/\/blog.zeit.de\/joerglau"},{"@type":"ListItem","position":2,"name":"Die Kommentarfunktion"}]},{"@type":"WebSite","@id":"https:\/\/blog.zeit.de\/joerglau\/#website","url":"https:\/\/blog.zeit.de\/joerglau\/","name":"J\u00f6rg Lau","description":"Ein Blog \u00fcber Religion und Politik","potentialAction":[{"@type":"SearchAction","target":{"@type":"EntryPoint","urlTemplate":"https:\/\/blog.zeit.de\/joerglau\/?s={search_term_string}"},"query-input":"required name=search_term_string"}],"inLanguage":"de"},{"@type":"Person","@id":"https:\/\/blog.zeit.de\/joerglau\/#\/schema\/person\/eaa3c3ed8f838c4aafcd25e9710fcc68","name":"Franziska Kelch","image":{"@type":"ImageObject","inLanguage":"de","@id":"https:\/\/blog.zeit.de\/joerglau\/#\/schema\/person\/image\/","url":"https:\/\/secure.gravatar.com\/avatar\/d7ae2b2bfc4c5c08ed3435dc2ecf53fcb6d4234c0aa486b8b64ce6549a61a378?s=96&d=mm&r=g","contentUrl":"https:\/\/secure.gravatar.com\/avatar\/d7ae2b2bfc4c5c08ed3435dc2ecf53fcb6d4234c0aa486b8b64ce6549a61a378?s=96&d=mm&r=g","caption":"Franziska Kelch"},"url":"https:\/\/blog.zeit.de\/joerglau\/author\/franziska-kelch"}]}},"jetpack_featured_media_url":"","jetpack_sharing_enabled":true,"jetpack_shortlink":"https:\/\/wp.me\/pG02W-1ip","_links":{"self":[{"href":"https:\/\/blog.zeit.de\/joerglau\/wp-json\/wp\/v2\/posts\/4985","targetHints":{"allow":["GET"]}}],"collection":[{"href":"https:\/\/blog.zeit.de\/joerglau\/wp-json\/wp\/v2\/posts"}],"about":[{"href":"https:\/\/blog.zeit.de\/joerglau\/wp-json\/wp\/v2\/types\/post"}],"author":[{"embeddable":true,"href":"https:\/\/blog.zeit.de\/joerglau\/wp-json\/wp\/v2\/users\/323"}],"replies":[{"embeddable":true,"href":"https:\/\/blog.zeit.de\/joerglau\/wp-json\/wp\/v2\/comments?post=4985"}],"version-history":[{"count":3,"href":"https:\/\/blog.zeit.de\/joerglau\/wp-json\/wp\/v2\/posts\/4985\/revisions"}],"predecessor-version":[{"id":4988,"href":"https:\/\/blog.zeit.de\/joerglau\/wp-json\/wp\/v2\/posts\/4985\/revisions\/4988"}],"wp:attachment":[{"href":"https:\/\/blog.zeit.de\/joerglau\/wp-json\/wp\/v2\/media?parent=4985"}],"wp:term":[{"taxonomy":"category","embeddable":true,"href":"https:\/\/blog.zeit.de\/joerglau\/wp-json\/wp\/v2\/categories?post=4985"},{"taxonomy":"post_tag","embeddable":true,"href":"https:\/\/blog.zeit.de\/joerglau\/wp-json\/wp\/v2\/tags?post=4985"}],"curies":[{"name":"wp","href":"https:\/\/api.w.org\/{rel}","templated":true}]}}