{"id":500,"date":"2007-05-21T14:13:49","date_gmt":"2007-05-21T12:13:49","guid":{"rendered":"http:\/\/blog.zeit.de\/joerglau\/2007\/05\/21\/druck-auf-cannes-anschlage-auf-filmemacher-teherans-neue-offensive-gegen-kunstfreiheit_500"},"modified":"2007-05-21T14:13:49","modified_gmt":"2007-05-21T12:13:49","slug":"druck-auf-cannes-anschlage-auf-filmemacher-teherans-neue-offensive-gegen-kunstfreiheit","status":"publish","type":"post","link":"https:\/\/blog.zeit.de\/joerglau\/2007\/05\/21\/druck-auf-cannes-anschlage-auf-filmemacher-teherans-neue-offensive-gegen-kunstfreiheit_500","title":{"rendered":"Druck auf Cannes, Anschl\u00e4ge auf Filmemacher &#8211; Teherans neue Offensive gegen Kunstfreiheit"},"content":{"rendered":"<p>Die Islamische Republik Iran hat beim franz\u00f6sischen Botschafter in Teheran eine <a href=\"http:\/\/news.yahoo.com\/s\/ap\/20070520\/ap_on_re_mi_ea\/iran_movie_protest_1\">Protestnote<\/a> abgegeben, in der man sich \u00fcber die Einladungspolitik des Filmfestivals von Cannes beschwert. Als Teil des Wettbewerbs l\u00e4uft n\u00e4mlich diesmal die mit Spannung erwartete Film-Adaption des Comics von Marjane Satrapi, &#8222;Persepolis&#8220;.<br \/>\nHier der Trailer. Weitere Clips auf Youtube!<\/p>\n<p><object width=\"425\" height=\"350\"><param name=\"movie\" value=\"http:\/\/www.youtube.com\/v\/rUp9o_CNo04\"><\/param><param name=\"wmode\" value=\"transparent\"><\/param><\/object><\/p>\n<p>Diese l\u00e4cherliche Reaktion &#8211; sie erinnert an den Karikaturenstreit &#8211; ist typisch f\u00fcr ein totalit\u00e4res Regime wie dieses: Die Vorstellung, dass das Filmfestival von Cannes v\u00f6llig frei von Weisungen des Elys\u00e9e-Palastes einl\u00e4dt, wen man f\u00fcr wichtig und richtig h\u00e4lt &#8211; diese Vorstellung ist offenbar f\u00fcr Teheran unfassbar.<br \/>\nSolche Beschwerden zeigen wie ein Spiegel, wie die Sache im Iran geregelt ist: Ohne beh\u00f6rdliche Genehmigung l\u00e4uft nichts. Zensur und Vorzensur haben die Kulturszene im Griff.<br \/>\nUnd mehr noch: Der Iran geht sogar mit Gewalt gegen Filmemacher vor, wie dieser Tage der grosse <a href=\"http:\/\/www.roozonline.com\/english\/archives\/2007\/05\/004659.php\">Mohsen Makhmalbaf<\/a> zu verstehen gibt. Seine j\u00fcngste Tochter Hana, auch sie eine  Filmemacherin, wurde offenbar bei Dreharbeiten<br \/>\nin Afghanistan von iranischen Agenten mit Handgranaten attackiert. Mehrere Menschen wurden bei dem Angriff verletzt, ein Pferd wurde get\u00f6tet. Die Filmemacherin \u00fcberlebte durch Gl\u00fcck. Ihr Vater ging nun an die \u00d6ffentlichkeit: &#8222;Wenn <a href=\"http:\/\/www.makhmalbaf.com\/\">meiner Familie<\/a> etwas zust\u00f6sst, mache ich die islamische Republik verantwortlich.&#8220;<\/p>\n","protected":false},"excerpt":{"rendered":"<p>Die Islamische Republik Iran hat beim franz\u00f6sischen Botschafter in Teheran eine Protestnote abgegeben, in der man sich \u00fcber die Einladungspolitik des Filmfestivals von Cannes beschwert. Als Teil des Wettbewerbs l\u00e4uft n\u00e4mlich diesmal die mit Spannung erwartete Film-Adaption des Comics von Marjane Satrapi, &#8222;Persepolis&#8220;. Hier der Trailer. Weitere Clips auf Youtube! Diese l\u00e4cherliche Reaktion &#8211; sie [&hellip;]<\/p>\n","protected":false},"author":54,"featured_media":0,"comment_status":"open","ping_status":"closed","sticky":false,"template":"","format":"standard","meta":{"jetpack_post_was_ever_published":false,"footnotes":""},"categories":[166,170],"tags":[],"class_list":["post-500","post","type-post","status-publish","format-standard","hentry","category-iran","category-menschenrechte"],"yoast_head":"<!-- This site is optimized with the Yoast SEO plugin v21.0 - https:\/\/yoast.com\/wordpress\/plugins\/seo\/ -->\n<title>Druck auf Cannes, Anschl\u00e4ge auf Filmemacher - Teherans neue Offensive gegen Kunstfreiheit - J\u00f6rg Lau<\/title>\n<meta name=\"robots\" content=\"index, follow, max-snippet:-1, max-image-preview:large, max-video-preview:-1\" \/>\n<link rel=\"canonical\" href=\"https:\/\/blog.zeit.de\/joerglau\/2007\/05\/21\/druck-auf-cannes-anschlage-auf-filmemacher-teherans-neue-offensive-gegen-kunstfreiheit_500\" \/>\n<meta property=\"og:locale\" content=\"de_DE\" \/>\n<meta property=\"og:type\" content=\"article\" \/>\n<meta property=\"og:title\" content=\"Druck auf Cannes, Anschl\u00e4ge auf Filmemacher - Teherans neue Offensive gegen Kunstfreiheit - J\u00f6rg Lau\" \/>\n<meta property=\"og:description\" content=\"Die Islamische Republik Iran hat beim franz\u00f6sischen Botschafter in Teheran eine Protestnote abgegeben, in der man sich \u00fcber die Einladungspolitik des Filmfestivals von Cannes beschwert. Als Teil des Wettbewerbs l\u00e4uft n\u00e4mlich diesmal die mit Spannung erwartete Film-Adaption des Comics von Marjane Satrapi, &#8222;Persepolis&#8220;. Hier der Trailer. Weitere Clips auf Youtube! Diese l\u00e4cherliche Reaktion &#8211; sie [&hellip;]\" \/>\n<meta property=\"og:url\" content=\"https:\/\/blog.zeit.de\/joerglau\/2007\/05\/21\/druck-auf-cannes-anschlage-auf-filmemacher-teherans-neue-offensive-gegen-kunstfreiheit_500\" \/>\n<meta property=\"og:site_name\" content=\"J\u00f6rg Lau\" \/>\n<meta property=\"article:published_time\" content=\"2007-05-21T12:13:49+00:00\" \/>\n<meta name=\"author\" content=\"J\u00f6rg Lau\" \/>\n<meta name=\"twitter:card\" content=\"summary_large_image\" \/>\n<meta name=\"twitter:label1\" content=\"Geschrieben von\" \/>\n\t<meta name=\"twitter:data1\" content=\"J\u00f6rg Lau\" \/>\n\t<meta name=\"twitter:label2\" content=\"Gesch\u00e4tzte Lesezeit\" \/>\n\t<meta name=\"twitter:data2\" content=\"1\u00a0Minute\" \/>\n<script type=\"application\/ld+json\" class=\"yoast-schema-graph\">{\"@context\":\"https:\/\/schema.org\",\"@graph\":[{\"@type\":\"WebPage\",\"@id\":\"https:\/\/blog.zeit.de\/joerglau\/2007\/05\/21\/druck-auf-cannes-anschlage-auf-filmemacher-teherans-neue-offensive-gegen-kunstfreiheit_500\",\"url\":\"https:\/\/blog.zeit.de\/joerglau\/2007\/05\/21\/druck-auf-cannes-anschlage-auf-filmemacher-teherans-neue-offensive-gegen-kunstfreiheit_500\",\"name\":\"Druck auf Cannes, Anschl\u00e4ge auf Filmemacher - Teherans neue Offensive gegen Kunstfreiheit - J\u00f6rg Lau\",\"isPartOf\":{\"@id\":\"https:\/\/blog.zeit.de\/joerglau\/#website\"},\"datePublished\":\"2007-05-21T12:13:49+00:00\",\"dateModified\":\"2007-05-21T12:13:49+00:00\",\"author\":{\"@id\":\"https:\/\/blog.zeit.de\/joerglau\/#\/schema\/person\/55f0be9bfac24815791fbc852b042f57\"},\"breadcrumb\":{\"@id\":\"https:\/\/blog.zeit.de\/joerglau\/2007\/05\/21\/druck-auf-cannes-anschlage-auf-filmemacher-teherans-neue-offensive-gegen-kunstfreiheit_500#breadcrumb\"},\"inLanguage\":\"de\",\"potentialAction\":[{\"@type\":\"ReadAction\",\"target\":[\"https:\/\/blog.zeit.de\/joerglau\/2007\/05\/21\/druck-auf-cannes-anschlage-auf-filmemacher-teherans-neue-offensive-gegen-kunstfreiheit_500\"]}]},{\"@type\":\"BreadcrumbList\",\"@id\":\"https:\/\/blog.zeit.de\/joerglau\/2007\/05\/21\/druck-auf-cannes-anschlage-auf-filmemacher-teherans-neue-offensive-gegen-kunstfreiheit_500#breadcrumb\",\"itemListElement\":[{\"@type\":\"ListItem\",\"position\":1,\"name\":\"Startseite\",\"item\":\"https:\/\/blog.zeit.de\/joerglau\"},{\"@type\":\"ListItem\",\"position\":2,\"name\":\"Druck auf Cannes, Anschl\u00e4ge auf Filmemacher &#8211; Teherans neue Offensive gegen Kunstfreiheit\"}]},{\"@type\":\"WebSite\",\"@id\":\"https:\/\/blog.zeit.de\/joerglau\/#website\",\"url\":\"https:\/\/blog.zeit.de\/joerglau\/\",\"name\":\"J\u00f6rg Lau\",\"description\":\"Ein Blog \u00fcber Religion und Politik\",\"potentialAction\":[{\"@type\":\"SearchAction\",\"target\":{\"@type\":\"EntryPoint\",\"urlTemplate\":\"https:\/\/blog.zeit.de\/joerglau\/?s={search_term_string}\"},\"query-input\":\"required name=search_term_string\"}],\"inLanguage\":\"de\"},{\"@type\":\"Person\",\"@id\":\"https:\/\/blog.zeit.de\/joerglau\/#\/schema\/person\/55f0be9bfac24815791fbc852b042f57\",\"name\":\"J\u00f6rg Lau\",\"image\":{\"@type\":\"ImageObject\",\"inLanguage\":\"de\",\"@id\":\"https:\/\/blog.zeit.de\/joerglau\/#\/schema\/person\/image\/\",\"url\":\"https:\/\/secure.gravatar.com\/avatar\/a5fe39bf4f5335b8bac36eefa0b41467221b1598bfea5f05159a0199e391eed0?s=96&d=mm&r=g\",\"contentUrl\":\"https:\/\/secure.gravatar.com\/avatar\/a5fe39bf4f5335b8bac36eefa0b41467221b1598bfea5f05159a0199e391eed0?s=96&d=mm&r=g\",\"caption\":\"J\u00f6rg Lau\"},\"url\":\"https:\/\/blog.zeit.de\/joerglau\/author\/joerg-lau\"}]}<\/script>\n<!-- \/ Yoast SEO plugin. -->","yoast_head_json":{"title":"Druck auf Cannes, Anschl\u00e4ge auf Filmemacher - Teherans neue Offensive gegen Kunstfreiheit - J\u00f6rg Lau","robots":{"index":"index","follow":"follow","max-snippet":"max-snippet:-1","max-image-preview":"max-image-preview:large","max-video-preview":"max-video-preview:-1"},"canonical":"https:\/\/blog.zeit.de\/joerglau\/2007\/05\/21\/druck-auf-cannes-anschlage-auf-filmemacher-teherans-neue-offensive-gegen-kunstfreiheit_500","og_locale":"de_DE","og_type":"article","og_title":"Druck auf Cannes, Anschl\u00e4ge auf Filmemacher - Teherans neue Offensive gegen Kunstfreiheit - J\u00f6rg Lau","og_description":"Die Islamische Republik Iran hat beim franz\u00f6sischen Botschafter in Teheran eine Protestnote abgegeben, in der man sich \u00fcber die Einladungspolitik des Filmfestivals von Cannes beschwert. Als Teil des Wettbewerbs l\u00e4uft n\u00e4mlich diesmal die mit Spannung erwartete Film-Adaption des Comics von Marjane Satrapi, &#8222;Persepolis&#8220;. Hier der Trailer. Weitere Clips auf Youtube! Diese l\u00e4cherliche Reaktion &#8211; sie [&hellip;]","og_url":"https:\/\/blog.zeit.de\/joerglau\/2007\/05\/21\/druck-auf-cannes-anschlage-auf-filmemacher-teherans-neue-offensive-gegen-kunstfreiheit_500","og_site_name":"J\u00f6rg Lau","article_published_time":"2007-05-21T12:13:49+00:00","author":"J\u00f6rg Lau","twitter_card":"summary_large_image","twitter_misc":{"Geschrieben von":"J\u00f6rg Lau","Gesch\u00e4tzte Lesezeit":"1\u00a0Minute"},"schema":{"@context":"https:\/\/schema.org","@graph":[{"@type":"WebPage","@id":"https:\/\/blog.zeit.de\/joerglau\/2007\/05\/21\/druck-auf-cannes-anschlage-auf-filmemacher-teherans-neue-offensive-gegen-kunstfreiheit_500","url":"https:\/\/blog.zeit.de\/joerglau\/2007\/05\/21\/druck-auf-cannes-anschlage-auf-filmemacher-teherans-neue-offensive-gegen-kunstfreiheit_500","name":"Druck auf Cannes, Anschl\u00e4ge auf Filmemacher - Teherans neue Offensive gegen Kunstfreiheit - J\u00f6rg Lau","isPartOf":{"@id":"https:\/\/blog.zeit.de\/joerglau\/#website"},"datePublished":"2007-05-21T12:13:49+00:00","dateModified":"2007-05-21T12:13:49+00:00","author":{"@id":"https:\/\/blog.zeit.de\/joerglau\/#\/schema\/person\/55f0be9bfac24815791fbc852b042f57"},"breadcrumb":{"@id":"https:\/\/blog.zeit.de\/joerglau\/2007\/05\/21\/druck-auf-cannes-anschlage-auf-filmemacher-teherans-neue-offensive-gegen-kunstfreiheit_500#breadcrumb"},"inLanguage":"de","potentialAction":[{"@type":"ReadAction","target":["https:\/\/blog.zeit.de\/joerglau\/2007\/05\/21\/druck-auf-cannes-anschlage-auf-filmemacher-teherans-neue-offensive-gegen-kunstfreiheit_500"]}]},{"@type":"BreadcrumbList","@id":"https:\/\/blog.zeit.de\/joerglau\/2007\/05\/21\/druck-auf-cannes-anschlage-auf-filmemacher-teherans-neue-offensive-gegen-kunstfreiheit_500#breadcrumb","itemListElement":[{"@type":"ListItem","position":1,"name":"Startseite","item":"https:\/\/blog.zeit.de\/joerglau"},{"@type":"ListItem","position":2,"name":"Druck auf Cannes, Anschl\u00e4ge auf Filmemacher &#8211; Teherans neue Offensive gegen Kunstfreiheit"}]},{"@type":"WebSite","@id":"https:\/\/blog.zeit.de\/joerglau\/#website","url":"https:\/\/blog.zeit.de\/joerglau\/","name":"J\u00f6rg Lau","description":"Ein Blog \u00fcber Religion und Politik","potentialAction":[{"@type":"SearchAction","target":{"@type":"EntryPoint","urlTemplate":"https:\/\/blog.zeit.de\/joerglau\/?s={search_term_string}"},"query-input":"required name=search_term_string"}],"inLanguage":"de"},{"@type":"Person","@id":"https:\/\/blog.zeit.de\/joerglau\/#\/schema\/person\/55f0be9bfac24815791fbc852b042f57","name":"J\u00f6rg Lau","image":{"@type":"ImageObject","inLanguage":"de","@id":"https:\/\/blog.zeit.de\/joerglau\/#\/schema\/person\/image\/","url":"https:\/\/secure.gravatar.com\/avatar\/a5fe39bf4f5335b8bac36eefa0b41467221b1598bfea5f05159a0199e391eed0?s=96&d=mm&r=g","contentUrl":"https:\/\/secure.gravatar.com\/avatar\/a5fe39bf4f5335b8bac36eefa0b41467221b1598bfea5f05159a0199e391eed0?s=96&d=mm&r=g","caption":"J\u00f6rg Lau"},"url":"https:\/\/blog.zeit.de\/joerglau\/author\/joerg-lau"}]}},"jetpack_featured_media_url":"","jetpack_sharing_enabled":true,"jetpack_shortlink":"https:\/\/wp.me\/pG02W-84","_links":{"self":[{"href":"https:\/\/blog.zeit.de\/joerglau\/wp-json\/wp\/v2\/posts\/500","targetHints":{"allow":["GET"]}}],"collection":[{"href":"https:\/\/blog.zeit.de\/joerglau\/wp-json\/wp\/v2\/posts"}],"about":[{"href":"https:\/\/blog.zeit.de\/joerglau\/wp-json\/wp\/v2\/types\/post"}],"author":[{"embeddable":true,"href":"https:\/\/blog.zeit.de\/joerglau\/wp-json\/wp\/v2\/users\/54"}],"replies":[{"embeddable":true,"href":"https:\/\/blog.zeit.de\/joerglau\/wp-json\/wp\/v2\/comments?post=500"}],"version-history":[{"count":0,"href":"https:\/\/blog.zeit.de\/joerglau\/wp-json\/wp\/v2\/posts\/500\/revisions"}],"wp:attachment":[{"href":"https:\/\/blog.zeit.de\/joerglau\/wp-json\/wp\/v2\/media?parent=500"}],"wp:term":[{"taxonomy":"category","embeddable":true,"href":"https:\/\/blog.zeit.de\/joerglau\/wp-json\/wp\/v2\/categories?post=500"},{"taxonomy":"post_tag","embeddable":true,"href":"https:\/\/blog.zeit.de\/joerglau\/wp-json\/wp\/v2\/tags?post=500"}],"curies":[{"name":"wp","href":"https:\/\/api.w.org\/{rel}","templated":true}]}}