{"id":5008,"date":"2011-08-09T17:38:40","date_gmt":"2011-08-09T15:38:40","guid":{"rendered":"http:\/\/blog.zeit.de\/joerglau\/?p=5008"},"modified":"2011-08-09T17:39:38","modified_gmt":"2011-08-09T15:39:38","slug":"die-britischen-krawalle-mussen-gestoppt-werden","status":"publish","type":"post","link":"https:\/\/blog.zeit.de\/joerglau\/2011\/08\/09\/die-britischen-krawalle-mussen-gestoppt-werden_5008","title":{"rendered":"Die britischen Krawalle m\u00fcssen gestoppt werden"},"content":{"rendered":"<p>Juan Cole <a href=\"http:\/\/www.juancole.com\/2011\/08\/london-riots-refute-islamophobes.html\">schreibt<\/a> zu den unfa\u00dflichen Attacken des Mobs in London (und mittlerweile auch in anderen britischen St\u00e4dten);<\/p>\n<blockquote><p>The unfortunate riots in Tottenham in London tell us a great deal about  the problems of immigrant communities, and what they say to us most  eloquently is that people want to be treated with justice.  They want to  be treated in accordance with a rule of law, and not singled out for  extra policing on the basis of racial profiling.  The demonstrations were set off by the police shooting of an African-Carribean man, and came in part in protest against the constant pat-downs to which African-Caribbeans are subjected by police.<\/p><\/blockquote>\n<p style=\"text-align: left;\">Aha, es ist also eine Art progressive Gewalt am Werk? Die Leute, die pl\u00fcndernd und brandschatzend durch die Viertel ziehen, wollen einfach nur &#8222;gerecht behandelt werden&#8220;? Eine gerechte Behandlung f\u00fcr dieses Mobverhalten w\u00e4re meines Erachtens eine saftige Gef\u00e4ngnisstrafe. Aber die Polizei mu\u00dfte teilweise die Viertel aufgeben, weil sie in viel zu geringer Zahl aufgestellt war. Schon diese Tatsache spricht der Cole&#8217;schen Deutung Hohn.<\/p>\n<p style=\"text-align: left;\">Cole demonstriert hier auf deprimierende Weise den Bankrott linken Denkens \u00fcber \u00f6ffentliche Sicherheit. Die Sicherheit des \u00f6ffentlichen Raums sollte eigentlich eine Priorit\u00e4t gerade linker Politik sein, denn die \u00e4rmsten B\u00fcrger sind auf diesen \u00f6ffentlichen Raum angewiesen, weil sie sich nicht in &#8222;gated communities&#8220; zur\u00fcckziehen k\u00f6nnen. Es ist bizarr, die Krawalle auf die Ungleichbehandlung schwarzer Jugendlicher zur\u00fcckzuf\u00fchren. Selbst der linke Guardian schreibt heute in seinem <a href=\"http:\/\/www.guardian.co.uk\/commentisfree\/2011\/aug\/08\/london-riots-brixton-editorial\">Leitartikel<\/a>, dass die Polizei in den letzten Jahrzehnten ihren Auftritt in den Problemvierteln ver\u00e4ndert hat:<\/p>\n<blockquote>\n<p style=\"text-align: left;\">&#8222;that there have been major changes, almost all of them for the better, in the policing of London and of black communities,  in the years since Scarman. Police training, behaviour, leadership,  methods and accountability have all been qualitatively improved.  Tottenham is also an improved place in countless ways.&#8220;<\/p>\n<\/blockquote>\n<p style=\"text-align: left;\">Es sind vor allem die Bewohner der \u00e4rmeren Viertel, die zu den Gesch\u00e4digten geh\u00f6ren, die kleinen Gesch\u00e4ftsleute, die sich dort ein Leben aufgebaut haben mit ihrer eigenen H\u00e4nde Arbeit. Genau wie bei den Berliner Mai-Krawallen ist es die Lust an der Gewalt, die sich notd\u00fcrftig politisch kost\u00fcmiert. N\u00fctzliche Idioten wie Juan Cole leisten dieser Barbarei Vorschub, wenn sie sie als Aufstand gegen Ungerechtigkeit adeln. Ist die Gewalt des Mobs besser als der Terror rechter Kameradschaften, die durch Einwandererviertel marschieren? Nein, es ist nur eine andere Form von &#8222;outburst of resentment&#8220;, wie der Guardian trefflich formuliert. Eine zivilisierte Gesellschaft &#8211; und gerade eine auf Diversit\u00e4t bauende wie in unseren westlichen Einwanderungsl\u00e4ndern &#8211; mu\u00df dem Mob in jeder Auspr\u00e4gung mit H\u00e4rte und Entschlossenheit entgegentreten.<\/p>\n","protected":false},"excerpt":{"rendered":"<p>Juan Cole schreibt zu den unfa\u00dflichen Attacken des Mobs in London (und mittlerweile auch in anderen britischen St\u00e4dten); The unfortunate riots in Tottenham in London tell us a great deal about the problems of immigrant communities, and what they say to us most eloquently is that people want to be treated with justice. They want [&hellip;]<\/p>\n","protected":false},"author":54,"featured_media":0,"comment_status":"open","ping_status":"closed","sticky":false,"template":"","format":"standard","meta":{"jetpack_post_was_ever_published":false,"footnotes":""},"categories":[155,177],"tags":[],"class_list":["post-5008","post","type-post","status-publish","format-standard","hentry","category-debatte","category-wer-sind-wir"],"yoast_head":"<!-- This site is optimized with the Yoast SEO plugin v21.0 - https:\/\/yoast.com\/wordpress\/plugins\/seo\/ -->\n<title>Die britischen Krawalle m\u00fcssen gestoppt werden - J\u00f6rg Lau<\/title>\n<meta name=\"robots\" content=\"index, follow, max-snippet:-1, max-image-preview:large, max-video-preview:-1\" \/>\n<link rel=\"canonical\" href=\"https:\/\/blog.zeit.de\/joerglau\/2011\/08\/09\/die-britischen-krawalle-mussen-gestoppt-werden_5008\" \/>\n<meta property=\"og:locale\" content=\"de_DE\" \/>\n<meta property=\"og:type\" content=\"article\" \/>\n<meta property=\"og:title\" content=\"Die britischen Krawalle m\u00fcssen gestoppt werden - J\u00f6rg Lau\" \/>\n<meta property=\"og:description\" content=\"Juan Cole schreibt zu den unfa\u00dflichen Attacken des Mobs in London (und mittlerweile auch in anderen britischen St\u00e4dten); The unfortunate riots in Tottenham in London tell us a great deal about the problems of immigrant communities, and what they say to us most eloquently is that people want to be treated with justice. They want [&hellip;]\" \/>\n<meta property=\"og:url\" content=\"https:\/\/blog.zeit.de\/joerglau\/2011\/08\/09\/die-britischen-krawalle-mussen-gestoppt-werden_5008\" \/>\n<meta property=\"og:site_name\" content=\"J\u00f6rg Lau\" \/>\n<meta property=\"article:published_time\" content=\"2011-08-09T15:38:40+00:00\" \/>\n<meta property=\"article:modified_time\" content=\"2011-08-09T15:39:38+00:00\" \/>\n<meta name=\"author\" content=\"J\u00f6rg Lau\" \/>\n<meta name=\"twitter:card\" content=\"summary_large_image\" \/>\n<meta name=\"twitter:label1\" content=\"Geschrieben von\" \/>\n\t<meta name=\"twitter:data1\" content=\"J\u00f6rg Lau\" \/>\n\t<meta name=\"twitter:label2\" content=\"Gesch\u00e4tzte Lesezeit\" \/>\n\t<meta name=\"twitter:data2\" content=\"2\u00a0Minuten\" \/>\n<script type=\"application\/ld+json\" class=\"yoast-schema-graph\">{\"@context\":\"https:\/\/schema.org\",\"@graph\":[{\"@type\":\"WebPage\",\"@id\":\"https:\/\/blog.zeit.de\/joerglau\/2011\/08\/09\/die-britischen-krawalle-mussen-gestoppt-werden_5008\",\"url\":\"https:\/\/blog.zeit.de\/joerglau\/2011\/08\/09\/die-britischen-krawalle-mussen-gestoppt-werden_5008\",\"name\":\"Die britischen Krawalle m\u00fcssen gestoppt werden - J\u00f6rg Lau\",\"isPartOf\":{\"@id\":\"https:\/\/blog.zeit.de\/joerglau\/#website\"},\"datePublished\":\"2011-08-09T15:38:40+00:00\",\"dateModified\":\"2011-08-09T15:39:38+00:00\",\"author\":{\"@id\":\"https:\/\/blog.zeit.de\/joerglau\/#\/schema\/person\/55f0be9bfac24815791fbc852b042f57\"},\"breadcrumb\":{\"@id\":\"https:\/\/blog.zeit.de\/joerglau\/2011\/08\/09\/die-britischen-krawalle-mussen-gestoppt-werden_5008#breadcrumb\"},\"inLanguage\":\"de\",\"potentialAction\":[{\"@type\":\"ReadAction\",\"target\":[\"https:\/\/blog.zeit.de\/joerglau\/2011\/08\/09\/die-britischen-krawalle-mussen-gestoppt-werden_5008\"]}]},{\"@type\":\"BreadcrumbList\",\"@id\":\"https:\/\/blog.zeit.de\/joerglau\/2011\/08\/09\/die-britischen-krawalle-mussen-gestoppt-werden_5008#breadcrumb\",\"itemListElement\":[{\"@type\":\"ListItem\",\"position\":1,\"name\":\"Startseite\",\"item\":\"https:\/\/blog.zeit.de\/joerglau\"},{\"@type\":\"ListItem\",\"position\":2,\"name\":\"Die britischen Krawalle m\u00fcssen gestoppt werden\"}]},{\"@type\":\"WebSite\",\"@id\":\"https:\/\/blog.zeit.de\/joerglau\/#website\",\"url\":\"https:\/\/blog.zeit.de\/joerglau\/\",\"name\":\"J\u00f6rg Lau\",\"description\":\"Ein Blog \u00fcber Religion und Politik\",\"potentialAction\":[{\"@type\":\"SearchAction\",\"target\":{\"@type\":\"EntryPoint\",\"urlTemplate\":\"https:\/\/blog.zeit.de\/joerglau\/?s={search_term_string}\"},\"query-input\":\"required name=search_term_string\"}],\"inLanguage\":\"de\"},{\"@type\":\"Person\",\"@id\":\"https:\/\/blog.zeit.de\/joerglau\/#\/schema\/person\/55f0be9bfac24815791fbc852b042f57\",\"name\":\"J\u00f6rg Lau\",\"image\":{\"@type\":\"ImageObject\",\"inLanguage\":\"de\",\"@id\":\"https:\/\/blog.zeit.de\/joerglau\/#\/schema\/person\/image\/\",\"url\":\"https:\/\/secure.gravatar.com\/avatar\/a5fe39bf4f5335b8bac36eefa0b41467221b1598bfea5f05159a0199e391eed0?s=96&d=mm&r=g\",\"contentUrl\":\"https:\/\/secure.gravatar.com\/avatar\/a5fe39bf4f5335b8bac36eefa0b41467221b1598bfea5f05159a0199e391eed0?s=96&d=mm&r=g\",\"caption\":\"J\u00f6rg Lau\"},\"url\":\"https:\/\/blog.zeit.de\/joerglau\/author\/joerg-lau\"}]}<\/script>\n<!-- \/ Yoast SEO plugin. -->","yoast_head_json":{"title":"Die britischen Krawalle m\u00fcssen gestoppt werden - J\u00f6rg Lau","robots":{"index":"index","follow":"follow","max-snippet":"max-snippet:-1","max-image-preview":"max-image-preview:large","max-video-preview":"max-video-preview:-1"},"canonical":"https:\/\/blog.zeit.de\/joerglau\/2011\/08\/09\/die-britischen-krawalle-mussen-gestoppt-werden_5008","og_locale":"de_DE","og_type":"article","og_title":"Die britischen Krawalle m\u00fcssen gestoppt werden - J\u00f6rg Lau","og_description":"Juan Cole schreibt zu den unfa\u00dflichen Attacken des Mobs in London (und mittlerweile auch in anderen britischen St\u00e4dten); The unfortunate riots in Tottenham in London tell us a great deal about the problems of immigrant communities, and what they say to us most eloquently is that people want to be treated with justice. They want [&hellip;]","og_url":"https:\/\/blog.zeit.de\/joerglau\/2011\/08\/09\/die-britischen-krawalle-mussen-gestoppt-werden_5008","og_site_name":"J\u00f6rg Lau","article_published_time":"2011-08-09T15:38:40+00:00","article_modified_time":"2011-08-09T15:39:38+00:00","author":"J\u00f6rg Lau","twitter_card":"summary_large_image","twitter_misc":{"Geschrieben von":"J\u00f6rg Lau","Gesch\u00e4tzte Lesezeit":"2\u00a0Minuten"},"schema":{"@context":"https:\/\/schema.org","@graph":[{"@type":"WebPage","@id":"https:\/\/blog.zeit.de\/joerglau\/2011\/08\/09\/die-britischen-krawalle-mussen-gestoppt-werden_5008","url":"https:\/\/blog.zeit.de\/joerglau\/2011\/08\/09\/die-britischen-krawalle-mussen-gestoppt-werden_5008","name":"Die britischen Krawalle m\u00fcssen gestoppt werden - J\u00f6rg Lau","isPartOf":{"@id":"https:\/\/blog.zeit.de\/joerglau\/#website"},"datePublished":"2011-08-09T15:38:40+00:00","dateModified":"2011-08-09T15:39:38+00:00","author":{"@id":"https:\/\/blog.zeit.de\/joerglau\/#\/schema\/person\/55f0be9bfac24815791fbc852b042f57"},"breadcrumb":{"@id":"https:\/\/blog.zeit.de\/joerglau\/2011\/08\/09\/die-britischen-krawalle-mussen-gestoppt-werden_5008#breadcrumb"},"inLanguage":"de","potentialAction":[{"@type":"ReadAction","target":["https:\/\/blog.zeit.de\/joerglau\/2011\/08\/09\/die-britischen-krawalle-mussen-gestoppt-werden_5008"]}]},{"@type":"BreadcrumbList","@id":"https:\/\/blog.zeit.de\/joerglau\/2011\/08\/09\/die-britischen-krawalle-mussen-gestoppt-werden_5008#breadcrumb","itemListElement":[{"@type":"ListItem","position":1,"name":"Startseite","item":"https:\/\/blog.zeit.de\/joerglau"},{"@type":"ListItem","position":2,"name":"Die britischen Krawalle m\u00fcssen gestoppt werden"}]},{"@type":"WebSite","@id":"https:\/\/blog.zeit.de\/joerglau\/#website","url":"https:\/\/blog.zeit.de\/joerglau\/","name":"J\u00f6rg Lau","description":"Ein Blog \u00fcber Religion und Politik","potentialAction":[{"@type":"SearchAction","target":{"@type":"EntryPoint","urlTemplate":"https:\/\/blog.zeit.de\/joerglau\/?s={search_term_string}"},"query-input":"required name=search_term_string"}],"inLanguage":"de"},{"@type":"Person","@id":"https:\/\/blog.zeit.de\/joerglau\/#\/schema\/person\/55f0be9bfac24815791fbc852b042f57","name":"J\u00f6rg Lau","image":{"@type":"ImageObject","inLanguage":"de","@id":"https:\/\/blog.zeit.de\/joerglau\/#\/schema\/person\/image\/","url":"https:\/\/secure.gravatar.com\/avatar\/a5fe39bf4f5335b8bac36eefa0b41467221b1598bfea5f05159a0199e391eed0?s=96&d=mm&r=g","contentUrl":"https:\/\/secure.gravatar.com\/avatar\/a5fe39bf4f5335b8bac36eefa0b41467221b1598bfea5f05159a0199e391eed0?s=96&d=mm&r=g","caption":"J\u00f6rg Lau"},"url":"https:\/\/blog.zeit.de\/joerglau\/author\/joerg-lau"}]}},"jetpack_featured_media_url":"","jetpack_sharing_enabled":true,"jetpack_shortlink":"https:\/\/wp.me\/pG02W-1iM","_links":{"self":[{"href":"https:\/\/blog.zeit.de\/joerglau\/wp-json\/wp\/v2\/posts\/5008","targetHints":{"allow":["GET"]}}],"collection":[{"href":"https:\/\/blog.zeit.de\/joerglau\/wp-json\/wp\/v2\/posts"}],"about":[{"href":"https:\/\/blog.zeit.de\/joerglau\/wp-json\/wp\/v2\/types\/post"}],"author":[{"embeddable":true,"href":"https:\/\/blog.zeit.de\/joerglau\/wp-json\/wp\/v2\/users\/54"}],"replies":[{"embeddable":true,"href":"https:\/\/blog.zeit.de\/joerglau\/wp-json\/wp\/v2\/comments?post=5008"}],"version-history":[{"count":2,"href":"https:\/\/blog.zeit.de\/joerglau\/wp-json\/wp\/v2\/posts\/5008\/revisions"}],"predecessor-version":[{"id":5010,"href":"https:\/\/blog.zeit.de\/joerglau\/wp-json\/wp\/v2\/posts\/5008\/revisions\/5010"}],"wp:attachment":[{"href":"https:\/\/blog.zeit.de\/joerglau\/wp-json\/wp\/v2\/media?parent=5008"}],"wp:term":[{"taxonomy":"category","embeddable":true,"href":"https:\/\/blog.zeit.de\/joerglau\/wp-json\/wp\/v2\/categories?post=5008"},{"taxonomy":"post_tag","embeddable":true,"href":"https:\/\/blog.zeit.de\/joerglau\/wp-json\/wp\/v2\/tags?post=5008"}],"curies":[{"name":"wp","href":"https:\/\/api.w.org\/{rel}","templated":true}]}}