{"id":5011,"date":"2011-08-09T19:00:08","date_gmt":"2011-08-09T17:00:08","guid":{"rendered":"http:\/\/blog.zeit.de\/joerglau\/?p=5011"},"modified":"2011-08-09T19:49:34","modified_gmt":"2011-08-09T17:49:34","slug":"wer-an-den-britischen-riots-schuld-ist","status":"publish","type":"post","link":"https:\/\/blog.zeit.de\/joerglau\/2011\/08\/09\/wer-an-den-britischen-riots-schuld-ist_5011","title":{"rendered":"Wer an den britischen Riots schuld ist"},"content":{"rendered":"<p>Katharine Birbalsingh sagt in ihrem <a href=\"http:\/\/blogs.telegraph.co.uk\/news\/katharinebirbalsingh\/100100161\/no-wonder-these-kids-think-stealing-trainers-is-ok-everyone-makes-excuses-for-them\/\">Blog<\/a> alles N\u00f6tige \u00fcber die Riots und die Verantwortung der T\u00e4ter (und ihrer Eltern):<\/p>\n<blockquote><p>Many of these mindless thugs involved in the riots don\u2019t think more  than 10 minutes into the future. They think that stealing trainers is  \u2018fun\u2019, not even considering that it might be wrong. Many of them are,  quite literally, unable to read and write: 17 percent of 15-year-olds  are functionally illiterate. If you de-educate an entire generation, if  you constantly make excuses for their behaviour, if you never teach them  the difference between right and wrong, then chaos is what you reap.  These young people are just implementing what they\u2019ve learnt at school!<\/p>\n<p>Teachers can only keep the peace in the classroom because they have  established authority. Where there is order in classrooms, children show  respect because they have been taught to respect teachers. ONE teacher  can therefore command the respect of hundreds of children. It is the  same with the police and order in society. The police cannot hope to  outnumber the rioters. As a civilised society, we rely on a sense of  morality in our people to keep the order. How did the Japanese survive  their recent nuclear disaster? They queued quietly for food and help,  and <em>waited<\/em>. They didn\u2019t say \u2018ME ME ME\u2019! Do young people wear  hoodies in Japan? Do Japanese children question their teacher\u2019s  authority? Do Japanese adults defend the appalling behaviour of their  youth? NO.<\/p>\n<p>We are an international disgrace. What would happen if the teacher  left her classroom and said that she was \u2018keeping a close eye on things  from her holiday home\u2019? Theresa May, Home Secretary, was the only one of  our leaders, whether Conservative or Labour, who returned from holiday  immediately when Tottenham exploded. Where were all of our leaders? If  even our politicians refuse to take responsibility for their  \u2018classrooms\u2019, then how can we expect the children to remain in their  chairs?<\/p>\n<p>Ken Livingstone blames everything from Thatcher to the Conservatives  to lack of youth clubs. Darcus Howe is comparing our riots to Syria\u2019s! I  look on in horror at our BBC reporters, as well as ordinary people  being interviewed on TV, as they all chant the usual mantra without even  thinking: cuts, cuts, cuts. A man whose shop had been looted met Nick  Clegg on the street, clearly distressed, and rather than blame the  looters, he attacked the Deputy Prime Minister over the cuts.\u00a0What is  wrong with everyone? Have we been brainwashed by aliens?<\/p>\n<p>Even the sensible people (and there have been a few) refuse to  denounce ALL of the violence. Brixton, Croydon, Birmingham are bad, but  Tottenham somehow was \u2018understandable\u2019. Come again? You mean sometimes  looting and violence are <em>acceptable<\/em>? Apparently, the Tottenham  riots are understandable because the police shot Mark Duggan (father of  four, according to the Guardian). Do we really think that the police  went out and killed a random innocent man? Or rather, as the local  residents say, was he not a \u2018major player\u2019 in the Tottenham criminal  underworld? They say he \u2018lived by the gun\u2019, and caused \u2018grief\u2019 to local  people. Some say he was a crack cocaine dealer. His fianc\u00e9e says he was  determined not to go back to jail (so he has been in jail) and he has a  child with her and another woman. She also has another 2 children from  another man. Yet what do Mark Duggan\u2019s parents say? That he was a good  father and a respected member of the local community. How can someone  with that reputation be considered a respected member of the local  community?<\/p>\n<p>Was Mark Duggan a good father? Who knows! Certainly, Jens Breivik,  father of the Norway bomber, was absent during his son\u2019s childhood. He  refused to see his 16-year-old son because he \u2018wasn\u2019t ready\u2019 (whatever  that means). Jens Breivik, rather than feeling remorse for having failed  as a father, was only interested in his own reputation when the  appalling Norway killings took place. But when I criticised him, I was  shot down by ordinary readers of this blog. How dare I criticise parents  when I am not a parent myself! White readers say that they are unable  to speak about black absent fathers because they\u2019re white. Fine. But is  Jens Breivik black? Yet no one was willing to be critical of his  questionable parenting. Parents teach their children the difference  between right and wrong. If they are absent, then the child grows up  without a moral compass.<\/p>\n<p>These criminals are responsible for their behaviour but so are their  parents who sit at home, knowing their children are out there, looking  forward to the goodies their children will bring home. I am so angry, so  ashamed, so utterly dismayed. The vast majority of these criminals are  black. No one will say it. I hang my head in shame, both as a black  person and as a teacher. I naively thought if I could tell people what  was happening in our schools that we would change things. I wrote a  book, thinking that this would stop the liberals from the excuse-making.  But instead, I was told I had made it all up. Our great capital city is  on fire and even this isn\u2019t enough to convince people that the  excuse-making must stop!<\/p>\n<p>What does the Socialist Workers Party say? \u201cThese riots are a bitter  reaction to racist policing and a Tory Government destroying people\u2019s  lives.\u201d It beggars belief. Our reaction to these riots is the greatest  worry. What will defeat us is not the rioters. Scary as they are, they  are a minority of yobs. What will defeat us is the power of bad ideas.  Given our refusal to change, the worst is yet to come.<\/p><\/blockquote>\n","protected":false},"excerpt":{"rendered":"<p>Katharine Birbalsingh sagt in ihrem Blog alles N\u00f6tige \u00fcber die Riots und die Verantwortung der T\u00e4ter (und ihrer Eltern): Many of these mindless thugs involved in the riots don\u2019t think more than 10 minutes into the future. They think that stealing trainers is \u2018fun\u2019, not even considering that it might be wrong. Many of them [&hellip;]<\/p>\n","protected":false},"author":54,"featured_media":0,"comment_status":"open","ping_status":"closed","sticky":false,"template":"","format":"standard","meta":{"jetpack_post_was_ever_published":false,"footnotes":""},"categories":[155,177],"tags":[],"class_list":["post-5011","post","type-post","status-publish","format-standard","hentry","category-debatte","category-wer-sind-wir"],"yoast_head":"<!-- This site is optimized with the Yoast SEO plugin v21.0 - https:\/\/yoast.com\/wordpress\/plugins\/seo\/ -->\n<title>Wer an den britischen Riots schuld ist - J\u00f6rg Lau<\/title>\n<meta name=\"robots\" content=\"index, follow, max-snippet:-1, max-image-preview:large, max-video-preview:-1\" \/>\n<link rel=\"canonical\" href=\"https:\/\/blog.zeit.de\/joerglau\/2011\/08\/09\/wer-an-den-britischen-riots-schuld-ist_5011\" \/>\n<meta property=\"og:locale\" content=\"de_DE\" \/>\n<meta property=\"og:type\" content=\"article\" \/>\n<meta property=\"og:title\" content=\"Wer an den britischen Riots schuld ist - J\u00f6rg Lau\" \/>\n<meta property=\"og:description\" content=\"Katharine Birbalsingh sagt in ihrem Blog alles N\u00f6tige \u00fcber die Riots und die Verantwortung der T\u00e4ter (und ihrer Eltern): Many of these mindless thugs involved in the riots don\u2019t think more than 10 minutes into the future. They think that stealing trainers is \u2018fun\u2019, not even considering that it might be wrong. Many of them [&hellip;]\" \/>\n<meta property=\"og:url\" content=\"https:\/\/blog.zeit.de\/joerglau\/2011\/08\/09\/wer-an-den-britischen-riots-schuld-ist_5011\" \/>\n<meta property=\"og:site_name\" content=\"J\u00f6rg Lau\" \/>\n<meta property=\"article:published_time\" content=\"2011-08-09T17:00:08+00:00\" \/>\n<meta property=\"article:modified_time\" content=\"2011-08-09T17:49:34+00:00\" \/>\n<meta name=\"author\" content=\"J\u00f6rg Lau\" \/>\n<meta name=\"twitter:card\" content=\"summary_large_image\" \/>\n<meta name=\"twitter:label1\" content=\"Geschrieben von\" \/>\n\t<meta name=\"twitter:data1\" content=\"J\u00f6rg Lau\" \/>\n\t<meta name=\"twitter:label2\" content=\"Gesch\u00e4tzte Lesezeit\" \/>\n\t<meta name=\"twitter:data2\" content=\"5\u00a0Minuten\" \/>\n<script type=\"application\/ld+json\" class=\"yoast-schema-graph\">{\"@context\":\"https:\/\/schema.org\",\"@graph\":[{\"@type\":\"WebPage\",\"@id\":\"https:\/\/blog.zeit.de\/joerglau\/2011\/08\/09\/wer-an-den-britischen-riots-schuld-ist_5011\",\"url\":\"https:\/\/blog.zeit.de\/joerglau\/2011\/08\/09\/wer-an-den-britischen-riots-schuld-ist_5011\",\"name\":\"Wer an den britischen Riots schuld ist - J\u00f6rg Lau\",\"isPartOf\":{\"@id\":\"https:\/\/blog.zeit.de\/joerglau\/#website\"},\"datePublished\":\"2011-08-09T17:00:08+00:00\",\"dateModified\":\"2011-08-09T17:49:34+00:00\",\"author\":{\"@id\":\"https:\/\/blog.zeit.de\/joerglau\/#\/schema\/person\/55f0be9bfac24815791fbc852b042f57\"},\"breadcrumb\":{\"@id\":\"https:\/\/blog.zeit.de\/joerglau\/2011\/08\/09\/wer-an-den-britischen-riots-schuld-ist_5011#breadcrumb\"},\"inLanguage\":\"de\",\"potentialAction\":[{\"@type\":\"ReadAction\",\"target\":[\"https:\/\/blog.zeit.de\/joerglau\/2011\/08\/09\/wer-an-den-britischen-riots-schuld-ist_5011\"]}]},{\"@type\":\"BreadcrumbList\",\"@id\":\"https:\/\/blog.zeit.de\/joerglau\/2011\/08\/09\/wer-an-den-britischen-riots-schuld-ist_5011#breadcrumb\",\"itemListElement\":[{\"@type\":\"ListItem\",\"position\":1,\"name\":\"Startseite\",\"item\":\"https:\/\/blog.zeit.de\/joerglau\"},{\"@type\":\"ListItem\",\"position\":2,\"name\":\"Wer an den britischen Riots schuld ist\"}]},{\"@type\":\"WebSite\",\"@id\":\"https:\/\/blog.zeit.de\/joerglau\/#website\",\"url\":\"https:\/\/blog.zeit.de\/joerglau\/\",\"name\":\"J\u00f6rg Lau\",\"description\":\"Ein Blog \u00fcber Religion und Politik\",\"potentialAction\":[{\"@type\":\"SearchAction\",\"target\":{\"@type\":\"EntryPoint\",\"urlTemplate\":\"https:\/\/blog.zeit.de\/joerglau\/?s={search_term_string}\"},\"query-input\":\"required name=search_term_string\"}],\"inLanguage\":\"de\"},{\"@type\":\"Person\",\"@id\":\"https:\/\/blog.zeit.de\/joerglau\/#\/schema\/person\/55f0be9bfac24815791fbc852b042f57\",\"name\":\"J\u00f6rg Lau\",\"image\":{\"@type\":\"ImageObject\",\"inLanguage\":\"de\",\"@id\":\"https:\/\/blog.zeit.de\/joerglau\/#\/schema\/person\/image\/\",\"url\":\"https:\/\/secure.gravatar.com\/avatar\/a5fe39bf4f5335b8bac36eefa0b41467221b1598bfea5f05159a0199e391eed0?s=96&d=mm&r=g\",\"contentUrl\":\"https:\/\/secure.gravatar.com\/avatar\/a5fe39bf4f5335b8bac36eefa0b41467221b1598bfea5f05159a0199e391eed0?s=96&d=mm&r=g\",\"caption\":\"J\u00f6rg Lau\"},\"url\":\"https:\/\/blog.zeit.de\/joerglau\/author\/joerg-lau\"}]}<\/script>\n<!-- \/ Yoast SEO plugin. -->","yoast_head_json":{"title":"Wer an den britischen Riots schuld ist - J\u00f6rg Lau","robots":{"index":"index","follow":"follow","max-snippet":"max-snippet:-1","max-image-preview":"max-image-preview:large","max-video-preview":"max-video-preview:-1"},"canonical":"https:\/\/blog.zeit.de\/joerglau\/2011\/08\/09\/wer-an-den-britischen-riots-schuld-ist_5011","og_locale":"de_DE","og_type":"article","og_title":"Wer an den britischen Riots schuld ist - J\u00f6rg Lau","og_description":"Katharine Birbalsingh sagt in ihrem Blog alles N\u00f6tige \u00fcber die Riots und die Verantwortung der T\u00e4ter (und ihrer Eltern): Many of these mindless thugs involved in the riots don\u2019t think more than 10 minutes into the future. They think that stealing trainers is \u2018fun\u2019, not even considering that it might be wrong. Many of them [&hellip;]","og_url":"https:\/\/blog.zeit.de\/joerglau\/2011\/08\/09\/wer-an-den-britischen-riots-schuld-ist_5011","og_site_name":"J\u00f6rg Lau","article_published_time":"2011-08-09T17:00:08+00:00","article_modified_time":"2011-08-09T17:49:34+00:00","author":"J\u00f6rg Lau","twitter_card":"summary_large_image","twitter_misc":{"Geschrieben von":"J\u00f6rg Lau","Gesch\u00e4tzte Lesezeit":"5\u00a0Minuten"},"schema":{"@context":"https:\/\/schema.org","@graph":[{"@type":"WebPage","@id":"https:\/\/blog.zeit.de\/joerglau\/2011\/08\/09\/wer-an-den-britischen-riots-schuld-ist_5011","url":"https:\/\/blog.zeit.de\/joerglau\/2011\/08\/09\/wer-an-den-britischen-riots-schuld-ist_5011","name":"Wer an den britischen Riots schuld ist - J\u00f6rg Lau","isPartOf":{"@id":"https:\/\/blog.zeit.de\/joerglau\/#website"},"datePublished":"2011-08-09T17:00:08+00:00","dateModified":"2011-08-09T17:49:34+00:00","author":{"@id":"https:\/\/blog.zeit.de\/joerglau\/#\/schema\/person\/55f0be9bfac24815791fbc852b042f57"},"breadcrumb":{"@id":"https:\/\/blog.zeit.de\/joerglau\/2011\/08\/09\/wer-an-den-britischen-riots-schuld-ist_5011#breadcrumb"},"inLanguage":"de","potentialAction":[{"@type":"ReadAction","target":["https:\/\/blog.zeit.de\/joerglau\/2011\/08\/09\/wer-an-den-britischen-riots-schuld-ist_5011"]}]},{"@type":"BreadcrumbList","@id":"https:\/\/blog.zeit.de\/joerglau\/2011\/08\/09\/wer-an-den-britischen-riots-schuld-ist_5011#breadcrumb","itemListElement":[{"@type":"ListItem","position":1,"name":"Startseite","item":"https:\/\/blog.zeit.de\/joerglau"},{"@type":"ListItem","position":2,"name":"Wer an den britischen Riots schuld ist"}]},{"@type":"WebSite","@id":"https:\/\/blog.zeit.de\/joerglau\/#website","url":"https:\/\/blog.zeit.de\/joerglau\/","name":"J\u00f6rg Lau","description":"Ein Blog \u00fcber Religion und Politik","potentialAction":[{"@type":"SearchAction","target":{"@type":"EntryPoint","urlTemplate":"https:\/\/blog.zeit.de\/joerglau\/?s={search_term_string}"},"query-input":"required name=search_term_string"}],"inLanguage":"de"},{"@type":"Person","@id":"https:\/\/blog.zeit.de\/joerglau\/#\/schema\/person\/55f0be9bfac24815791fbc852b042f57","name":"J\u00f6rg Lau","image":{"@type":"ImageObject","inLanguage":"de","@id":"https:\/\/blog.zeit.de\/joerglau\/#\/schema\/person\/image\/","url":"https:\/\/secure.gravatar.com\/avatar\/a5fe39bf4f5335b8bac36eefa0b41467221b1598bfea5f05159a0199e391eed0?s=96&d=mm&r=g","contentUrl":"https:\/\/secure.gravatar.com\/avatar\/a5fe39bf4f5335b8bac36eefa0b41467221b1598bfea5f05159a0199e391eed0?s=96&d=mm&r=g","caption":"J\u00f6rg Lau"},"url":"https:\/\/blog.zeit.de\/joerglau\/author\/joerg-lau"}]}},"jetpack_featured_media_url":"","jetpack_sharing_enabled":true,"jetpack_shortlink":"https:\/\/wp.me\/pG02W-1iP","_links":{"self":[{"href":"https:\/\/blog.zeit.de\/joerglau\/wp-json\/wp\/v2\/posts\/5011","targetHints":{"allow":["GET"]}}],"collection":[{"href":"https:\/\/blog.zeit.de\/joerglau\/wp-json\/wp\/v2\/posts"}],"about":[{"href":"https:\/\/blog.zeit.de\/joerglau\/wp-json\/wp\/v2\/types\/post"}],"author":[{"embeddable":true,"href":"https:\/\/blog.zeit.de\/joerglau\/wp-json\/wp\/v2\/users\/54"}],"replies":[{"embeddable":true,"href":"https:\/\/blog.zeit.de\/joerglau\/wp-json\/wp\/v2\/comments?post=5011"}],"version-history":[{"count":4,"href":"https:\/\/blog.zeit.de\/joerglau\/wp-json\/wp\/v2\/posts\/5011\/revisions"}],"predecessor-version":[{"id":5015,"href":"https:\/\/blog.zeit.de\/joerglau\/wp-json\/wp\/v2\/posts\/5011\/revisions\/5015"}],"wp:attachment":[{"href":"https:\/\/blog.zeit.de\/joerglau\/wp-json\/wp\/v2\/media?parent=5011"}],"wp:term":[{"taxonomy":"category","embeddable":true,"href":"https:\/\/blog.zeit.de\/joerglau\/wp-json\/wp\/v2\/categories?post=5011"},{"taxonomy":"post_tag","embeddable":true,"href":"https:\/\/blog.zeit.de\/joerglau\/wp-json\/wp\/v2\/tags?post=5011"}],"curies":[{"name":"wp","href":"https:\/\/api.w.org\/{rel}","templated":true}]}}