{"id":5018,"date":"2011-08-15T13:46:48","date_gmt":"2011-08-15T11:46:48","guid":{"rendered":"http:\/\/blog.zeit.de\/joerglau\/?p=5018"},"modified":"2011-08-15T13:47:16","modified_gmt":"2011-08-15T11:47:16","slug":"flemming-rose-in-berlin","status":"publish","type":"post","link":"https:\/\/blog.zeit.de\/joerglau\/2011\/08\/15\/flemming-rose-in-berlin_5018","title":{"rendered":"Flemming Rose in Berlin"},"content":{"rendered":"<p><em>Kleine Eigenwerbung. Vielleicht ist das hier ja interessant f\u00fcr einige der Berliner Mitdiskutanten. Am 11. September moderiere ich eine Veranstaltung, die spannend werden k\u00f6nnte.<br \/>\n<\/em><\/p>\n<p><em>Die d\u00e4nische Botschaft l\u00e4dt mit diesen Worten ein:<\/em><\/p>\n<p>FLEMMING ROSE DISKUTIERT IM RAHMEN DES  11. INTERNTATIONALEN LITERATURFESTIVALS, BERLIN<\/p>\n<p><a href=\"http:\/\/www.zeit.de\/2006\/06\/D_8anemark_neu\">Flemming Rose<\/a>, geboren 1958, studierte Russisch und Literatur in  Kopenhagen und arbeitet als Journalist, Autor, \u00dcbersetzer und Redakteur.  Er war Auslandskorrespondent in Moskau und Washington, D.C., bevor er  2004 die Kulturredaktion der\u00bbJyllands-Posten\u00ab \u00fcbernahm. Rose gab 2005  die <a href=\"http:\/\/www.zeit.de\/2006\/06\/D_8anemark_neu\">Mohammed-Karikaturen<\/a> in Auftrag. 2010 wurde sein Buch \u00bbDie Tyrannei  des Schweigens\u00ab \u00fcber die darauffolgende Debatte ver\u00f6ffentlicht. Er erhielt  den \u00bbFree Speech Award\u00ab der Danish Free Press Society.<\/p>\n<p>Flemming  Rose nimmt an dem Gespr\u00e4ch \u00fcber\u201eBlasphemie und Freiheit\u201c teil. Nach der  Fatwa gegen Salman Rushdie, den Ereignissen in Zusammenhang mit der  Ver\u00f6ffentlichung von Mohammed-Karikaturen der d\u00e4nischen  Zeitung&#8220;Jyllands-Posten&#8220; und dem Mord an dem Minister f\u00fcr religi\u00f6se  Minderheiten Shahbaz Bhatti in Pakistan geht es unter anderem um  die Frage, ob die Freiheit des Ausdruckes in Wort und Schrift von  religi\u00f6sen Bestimmungen relativiert werden kann und soll.<br \/>\n11.09.2011, 18:00Uhr<\/p>\n<p>Haus der Berliner Festspiele, Gro\u00dfe B\u00fchne, Schaperstra\u00dfe24, 10719 Berlin<br \/>\nTeilnehmer: Flemming Rose, Aiman Mazyek, Peter Raue, Philip Grassmann<br \/>\nModeration: J\u00f6rg Lau<br \/>\nPreis: 8 Euro \/ erm\u00e4\u00dfigt 6 \/ Sch\u00fcler 4<br \/>\nTickets: Tel.: 030 &#8211; 254 89 100, Kassen\u00f6ffnung: Montag bis Samstag von 14.00 -18.00 Uhr<br \/>\nMehr Infos: www.berlinerfestspiele.de<\/p>\n","protected":false},"excerpt":{"rendered":"<p>Kleine Eigenwerbung. Vielleicht ist das hier ja interessant f\u00fcr einige der Berliner Mitdiskutanten. Am 11. September moderiere ich eine Veranstaltung, die spannend werden k\u00f6nnte. Die d\u00e4nische Botschaft l\u00e4dt mit diesen Worten ein: FLEMMING ROSE DISKUTIERT IM RAHMEN DES 11. INTERNTATIONALEN LITERATURFESTIVALS, BERLIN Flemming Rose, geboren 1958, studierte Russisch und Literatur in Kopenhagen und arbeitet als [&hellip;]<\/p>\n","protected":false},"author":54,"featured_media":0,"comment_status":"open","ping_status":"closed","sticky":false,"template":"","format":"standard","meta":{"jetpack_post_was_ever_published":false,"footnotes":""},"categories":[157,170],"tags":[],"class_list":["post-5018","post","type-post","status-publish","format-standard","hentry","category-die-freunde-und-die-feinde-des-islams","category-menschenrechte"],"yoast_head":"<!-- This site is optimized with the Yoast SEO plugin v21.0 - https:\/\/yoast.com\/wordpress\/plugins\/seo\/ -->\n<title>Flemming Rose in Berlin - J\u00f6rg Lau<\/title>\n<meta name=\"robots\" content=\"index, follow, max-snippet:-1, max-image-preview:large, max-video-preview:-1\" \/>\n<link rel=\"canonical\" href=\"https:\/\/blog.zeit.de\/joerglau\/2011\/08\/15\/flemming-rose-in-berlin_5018\" \/>\n<meta property=\"og:locale\" content=\"de_DE\" \/>\n<meta property=\"og:type\" content=\"article\" \/>\n<meta property=\"og:title\" content=\"Flemming Rose in Berlin - J\u00f6rg Lau\" \/>\n<meta property=\"og:description\" content=\"Kleine Eigenwerbung. Vielleicht ist das hier ja interessant f\u00fcr einige der Berliner Mitdiskutanten. Am 11. September moderiere ich eine Veranstaltung, die spannend werden k\u00f6nnte. Die d\u00e4nische Botschaft l\u00e4dt mit diesen Worten ein: FLEMMING ROSE DISKUTIERT IM RAHMEN DES 11. INTERNTATIONALEN LITERATURFESTIVALS, BERLIN Flemming Rose, geboren 1958, studierte Russisch und Literatur in Kopenhagen und arbeitet als [&hellip;]\" \/>\n<meta property=\"og:url\" content=\"https:\/\/blog.zeit.de\/joerglau\/2011\/08\/15\/flemming-rose-in-berlin_5018\" \/>\n<meta property=\"og:site_name\" content=\"J\u00f6rg Lau\" \/>\n<meta property=\"article:published_time\" content=\"2011-08-15T11:46:48+00:00\" \/>\n<meta property=\"article:modified_time\" content=\"2011-08-15T11:47:16+00:00\" \/>\n<meta name=\"author\" content=\"J\u00f6rg Lau\" \/>\n<meta name=\"twitter:card\" content=\"summary_large_image\" \/>\n<meta name=\"twitter:label1\" content=\"Geschrieben von\" \/>\n\t<meta name=\"twitter:data1\" content=\"J\u00f6rg Lau\" \/>\n\t<meta name=\"twitter:label2\" content=\"Gesch\u00e4tzte Lesezeit\" \/>\n\t<meta name=\"twitter:data2\" content=\"1\u00a0Minute\" \/>\n<script type=\"application\/ld+json\" class=\"yoast-schema-graph\">{\"@context\":\"https:\/\/schema.org\",\"@graph\":[{\"@type\":\"WebPage\",\"@id\":\"https:\/\/blog.zeit.de\/joerglau\/2011\/08\/15\/flemming-rose-in-berlin_5018\",\"url\":\"https:\/\/blog.zeit.de\/joerglau\/2011\/08\/15\/flemming-rose-in-berlin_5018\",\"name\":\"Flemming Rose in Berlin - J\u00f6rg Lau\",\"isPartOf\":{\"@id\":\"https:\/\/blog.zeit.de\/joerglau\/#website\"},\"datePublished\":\"2011-08-15T11:46:48+00:00\",\"dateModified\":\"2011-08-15T11:47:16+00:00\",\"author\":{\"@id\":\"https:\/\/blog.zeit.de\/joerglau\/#\/schema\/person\/55f0be9bfac24815791fbc852b042f57\"},\"breadcrumb\":{\"@id\":\"https:\/\/blog.zeit.de\/joerglau\/2011\/08\/15\/flemming-rose-in-berlin_5018#breadcrumb\"},\"inLanguage\":\"de\",\"potentialAction\":[{\"@type\":\"ReadAction\",\"target\":[\"https:\/\/blog.zeit.de\/joerglau\/2011\/08\/15\/flemming-rose-in-berlin_5018\"]}]},{\"@type\":\"BreadcrumbList\",\"@id\":\"https:\/\/blog.zeit.de\/joerglau\/2011\/08\/15\/flemming-rose-in-berlin_5018#breadcrumb\",\"itemListElement\":[{\"@type\":\"ListItem\",\"position\":1,\"name\":\"Startseite\",\"item\":\"https:\/\/blog.zeit.de\/joerglau\"},{\"@type\":\"ListItem\",\"position\":2,\"name\":\"Flemming Rose in Berlin\"}]},{\"@type\":\"WebSite\",\"@id\":\"https:\/\/blog.zeit.de\/joerglau\/#website\",\"url\":\"https:\/\/blog.zeit.de\/joerglau\/\",\"name\":\"J\u00f6rg Lau\",\"description\":\"Ein Blog \u00fcber Religion und Politik\",\"potentialAction\":[{\"@type\":\"SearchAction\",\"target\":{\"@type\":\"EntryPoint\",\"urlTemplate\":\"https:\/\/blog.zeit.de\/joerglau\/?s={search_term_string}\"},\"query-input\":\"required name=search_term_string\"}],\"inLanguage\":\"de\"},{\"@type\":\"Person\",\"@id\":\"https:\/\/blog.zeit.de\/joerglau\/#\/schema\/person\/55f0be9bfac24815791fbc852b042f57\",\"name\":\"J\u00f6rg Lau\",\"image\":{\"@type\":\"ImageObject\",\"inLanguage\":\"de\",\"@id\":\"https:\/\/blog.zeit.de\/joerglau\/#\/schema\/person\/image\/\",\"url\":\"https:\/\/secure.gravatar.com\/avatar\/a5fe39bf4f5335b8bac36eefa0b41467221b1598bfea5f05159a0199e391eed0?s=96&d=mm&r=g\",\"contentUrl\":\"https:\/\/secure.gravatar.com\/avatar\/a5fe39bf4f5335b8bac36eefa0b41467221b1598bfea5f05159a0199e391eed0?s=96&d=mm&r=g\",\"caption\":\"J\u00f6rg Lau\"},\"url\":\"https:\/\/blog.zeit.de\/joerglau\/author\/joerg-lau\"}]}<\/script>\n<!-- \/ Yoast SEO plugin. -->","yoast_head_json":{"title":"Flemming Rose in Berlin - J\u00f6rg Lau","robots":{"index":"index","follow":"follow","max-snippet":"max-snippet:-1","max-image-preview":"max-image-preview:large","max-video-preview":"max-video-preview:-1"},"canonical":"https:\/\/blog.zeit.de\/joerglau\/2011\/08\/15\/flemming-rose-in-berlin_5018","og_locale":"de_DE","og_type":"article","og_title":"Flemming Rose in Berlin - J\u00f6rg Lau","og_description":"Kleine Eigenwerbung. Vielleicht ist das hier ja interessant f\u00fcr einige der Berliner Mitdiskutanten. Am 11. September moderiere ich eine Veranstaltung, die spannend werden k\u00f6nnte. Die d\u00e4nische Botschaft l\u00e4dt mit diesen Worten ein: FLEMMING ROSE DISKUTIERT IM RAHMEN DES 11. INTERNTATIONALEN LITERATURFESTIVALS, BERLIN Flemming Rose, geboren 1958, studierte Russisch und Literatur in Kopenhagen und arbeitet als [&hellip;]","og_url":"https:\/\/blog.zeit.de\/joerglau\/2011\/08\/15\/flemming-rose-in-berlin_5018","og_site_name":"J\u00f6rg Lau","article_published_time":"2011-08-15T11:46:48+00:00","article_modified_time":"2011-08-15T11:47:16+00:00","author":"J\u00f6rg Lau","twitter_card":"summary_large_image","twitter_misc":{"Geschrieben von":"J\u00f6rg Lau","Gesch\u00e4tzte Lesezeit":"1\u00a0Minute"},"schema":{"@context":"https:\/\/schema.org","@graph":[{"@type":"WebPage","@id":"https:\/\/blog.zeit.de\/joerglau\/2011\/08\/15\/flemming-rose-in-berlin_5018","url":"https:\/\/blog.zeit.de\/joerglau\/2011\/08\/15\/flemming-rose-in-berlin_5018","name":"Flemming Rose in Berlin - J\u00f6rg Lau","isPartOf":{"@id":"https:\/\/blog.zeit.de\/joerglau\/#website"},"datePublished":"2011-08-15T11:46:48+00:00","dateModified":"2011-08-15T11:47:16+00:00","author":{"@id":"https:\/\/blog.zeit.de\/joerglau\/#\/schema\/person\/55f0be9bfac24815791fbc852b042f57"},"breadcrumb":{"@id":"https:\/\/blog.zeit.de\/joerglau\/2011\/08\/15\/flemming-rose-in-berlin_5018#breadcrumb"},"inLanguage":"de","potentialAction":[{"@type":"ReadAction","target":["https:\/\/blog.zeit.de\/joerglau\/2011\/08\/15\/flemming-rose-in-berlin_5018"]}]},{"@type":"BreadcrumbList","@id":"https:\/\/blog.zeit.de\/joerglau\/2011\/08\/15\/flemming-rose-in-berlin_5018#breadcrumb","itemListElement":[{"@type":"ListItem","position":1,"name":"Startseite","item":"https:\/\/blog.zeit.de\/joerglau"},{"@type":"ListItem","position":2,"name":"Flemming Rose in Berlin"}]},{"@type":"WebSite","@id":"https:\/\/blog.zeit.de\/joerglau\/#website","url":"https:\/\/blog.zeit.de\/joerglau\/","name":"J\u00f6rg Lau","description":"Ein Blog \u00fcber Religion und Politik","potentialAction":[{"@type":"SearchAction","target":{"@type":"EntryPoint","urlTemplate":"https:\/\/blog.zeit.de\/joerglau\/?s={search_term_string}"},"query-input":"required name=search_term_string"}],"inLanguage":"de"},{"@type":"Person","@id":"https:\/\/blog.zeit.de\/joerglau\/#\/schema\/person\/55f0be9bfac24815791fbc852b042f57","name":"J\u00f6rg Lau","image":{"@type":"ImageObject","inLanguage":"de","@id":"https:\/\/blog.zeit.de\/joerglau\/#\/schema\/person\/image\/","url":"https:\/\/secure.gravatar.com\/avatar\/a5fe39bf4f5335b8bac36eefa0b41467221b1598bfea5f05159a0199e391eed0?s=96&d=mm&r=g","contentUrl":"https:\/\/secure.gravatar.com\/avatar\/a5fe39bf4f5335b8bac36eefa0b41467221b1598bfea5f05159a0199e391eed0?s=96&d=mm&r=g","caption":"J\u00f6rg Lau"},"url":"https:\/\/blog.zeit.de\/joerglau\/author\/joerg-lau"}]}},"jetpack_featured_media_url":"","jetpack_sharing_enabled":true,"jetpack_shortlink":"https:\/\/wp.me\/pG02W-1iW","_links":{"self":[{"href":"https:\/\/blog.zeit.de\/joerglau\/wp-json\/wp\/v2\/posts\/5018","targetHints":{"allow":["GET"]}}],"collection":[{"href":"https:\/\/blog.zeit.de\/joerglau\/wp-json\/wp\/v2\/posts"}],"about":[{"href":"https:\/\/blog.zeit.de\/joerglau\/wp-json\/wp\/v2\/types\/post"}],"author":[{"embeddable":true,"href":"https:\/\/blog.zeit.de\/joerglau\/wp-json\/wp\/v2\/users\/54"}],"replies":[{"embeddable":true,"href":"https:\/\/blog.zeit.de\/joerglau\/wp-json\/wp\/v2\/comments?post=5018"}],"version-history":[{"count":3,"href":"https:\/\/blog.zeit.de\/joerglau\/wp-json\/wp\/v2\/posts\/5018\/revisions"}],"predecessor-version":[{"id":5021,"href":"https:\/\/blog.zeit.de\/joerglau\/wp-json\/wp\/v2\/posts\/5018\/revisions\/5021"}],"wp:attachment":[{"href":"https:\/\/blog.zeit.de\/joerglau\/wp-json\/wp\/v2\/media?parent=5018"}],"wp:term":[{"taxonomy":"category","embeddable":true,"href":"https:\/\/blog.zeit.de\/joerglau\/wp-json\/wp\/v2\/categories?post=5018"},{"taxonomy":"post_tag","embeddable":true,"href":"https:\/\/blog.zeit.de\/joerglau\/wp-json\/wp\/v2\/tags?post=5018"}],"curies":[{"name":"wp","href":"https:\/\/api.w.org\/{rel}","templated":true}]}}