{"id":502,"date":"2007-05-21T15:03:31","date_gmt":"2007-05-21T13:03:31","guid":{"rendered":"http:\/\/blog.zeit.de\/joerglau\/2007\/05\/21\/neue-bilder-von-misshandlungen-iranischer-frauen-durch-die-polizei_502"},"modified":"2007-05-21T15:03:31","modified_gmt":"2007-05-21T13:03:31","slug":"neue-bilder-von-misshandlungen-iranischer-frauen-durch-die-polizei","status":"publish","type":"post","link":"https:\/\/blog.zeit.de\/joerglau\/2007\/05\/21\/neue-bilder-von-misshandlungen-iranischer-frauen-durch-die-polizei_502","title":{"rendered":"Neue Bilder von Misshandlungen iranischer Frauen durch die Polizei"},"content":{"rendered":"<p><img loading=\"lazy\" decoding=\"async\" width=\"445\" height=\"333\" alt=\"image384.jpg\" id=\"image501\" src=\"https:\/\/blog.zeit.de\/joerglau\/files\/2007\/05\/image384.jpg\" \/><br \/>\nDieses Bild ist am Sonntag in Teheran entstanden, wo der Tugendterror gegen Frauen mit islamisch nicht korrektem Kopftuch offenbar weitergeht. Eine Mutter und ihre Tochter wurden von der Polzei so stark zusammengeschlagen, dass sie am Kopf bluteten. Sie nahmen darauf ihre Kopft\u00fccher ab, um die Wunden zu zeigen.<br \/>\nWelche Art von Moral ist das, die sich da austobt? Es ist das freigelassene Ressentiment des (m\u00e4nnlichen, aber nicht nur!) Mobs gegen Frauen, die sich nicht in die herrschenden Verh\u00e4ltnisse f\u00fcgen. Ja, auch bei uns gibt es Gewalt gegen Frauen. Die Frauenh\u00e4user sind voll (mehrheitlich mit muslimischen Migrantinnen \u00fcbrigens).<\/p>\n<p>Aber es ist doch immerhin nicht der Staat, der pr\u00fcgelt. Der Staat ist bei uns nach langen K\u00e4mpfen die Zuflucht f\u00fcr die mi\u00dfhandelten Frauen. Im &#8222;Gottesstaat&#8220; aber ist das Tragen eines Polzeikn\u00fcppels der Freibrief f\u00fcr gewaltt\u00e4tige Misogynie. Und die Ayatollahs schweigen dazu oder hetzen auch noch mit. Was sagt uns das \u00fcber den Islam? Oder ist das wieder eine unerlaubte Zuspitzung?<br \/>\nDie ganze Geschichte zu dem Foto hier bei <a href=\"http:\/\/www.mideastyouth.com\/2007\/05\/20\/police-brutality-in-iran-against-women\/\">Mideastyouth.com<\/a>.<\/p>\n","protected":false},"excerpt":{"rendered":"<p>Dieses Bild ist am Sonntag in Teheran entstanden, wo der Tugendterror gegen Frauen mit islamisch nicht korrektem Kopftuch offenbar weitergeht. Eine Mutter und ihre Tochter wurden von der Polzei so stark zusammengeschlagen, dass sie am Kopf bluteten. Sie nahmen darauf ihre Kopft\u00fccher ab, um die Wunden zu zeigen. Welche Art von Moral ist das, die [&hellip;]<\/p>\n","protected":false},"author":54,"featured_media":0,"comment_status":"open","ping_status":"closed","sticky":false,"template":"","format":"standard","meta":{"jetpack_post_was_ever_published":false,"footnotes":""},"categories":[166,170],"tags":[],"class_list":["post-502","post","type-post","status-publish","format-standard","hentry","category-iran","category-menschenrechte"],"yoast_head":"<!-- This site is optimized with the Yoast SEO plugin v21.0 - https:\/\/yoast.com\/wordpress\/plugins\/seo\/ -->\n<title>Neue Bilder von Misshandlungen iranischer Frauen durch die Polizei - J\u00f6rg Lau<\/title>\n<meta name=\"robots\" content=\"index, follow, max-snippet:-1, max-image-preview:large, max-video-preview:-1\" \/>\n<link rel=\"canonical\" href=\"https:\/\/blog.zeit.de\/joerglau\/2007\/05\/21\/neue-bilder-von-misshandlungen-iranischer-frauen-durch-die-polizei_502\" \/>\n<meta property=\"og:locale\" content=\"de_DE\" \/>\n<meta property=\"og:type\" content=\"article\" \/>\n<meta property=\"og:title\" content=\"Neue Bilder von Misshandlungen iranischer Frauen durch die Polizei - J\u00f6rg Lau\" \/>\n<meta property=\"og:description\" content=\"Dieses Bild ist am Sonntag in Teheran entstanden, wo der Tugendterror gegen Frauen mit islamisch nicht korrektem Kopftuch offenbar weitergeht. Eine Mutter und ihre Tochter wurden von der Polzei so stark zusammengeschlagen, dass sie am Kopf bluteten. Sie nahmen darauf ihre Kopft\u00fccher ab, um die Wunden zu zeigen. Welche Art von Moral ist das, die [&hellip;]\" \/>\n<meta property=\"og:url\" content=\"https:\/\/blog.zeit.de\/joerglau\/2007\/05\/21\/neue-bilder-von-misshandlungen-iranischer-frauen-durch-die-polizei_502\" \/>\n<meta property=\"og:site_name\" content=\"J\u00f6rg Lau\" \/>\n<meta property=\"article:published_time\" content=\"2007-05-21T13:03:31+00:00\" \/>\n<meta property=\"og:image\" content=\"https:\/\/blog.zeit.de\/joerglau\/files\/2007\/05\/image384.jpg\" \/>\n<meta name=\"author\" content=\"J\u00f6rg Lau\" \/>\n<meta name=\"twitter:card\" content=\"summary_large_image\" \/>\n<meta name=\"twitter:label1\" content=\"Geschrieben von\" \/>\n\t<meta name=\"twitter:data1\" content=\"J\u00f6rg Lau\" \/>\n\t<meta name=\"twitter:label2\" content=\"Gesch\u00e4tzte Lesezeit\" \/>\n\t<meta name=\"twitter:data2\" content=\"1\u00a0Minute\" \/>\n<script type=\"application\/ld+json\" class=\"yoast-schema-graph\">{\"@context\":\"https:\/\/schema.org\",\"@graph\":[{\"@type\":\"WebPage\",\"@id\":\"https:\/\/blog.zeit.de\/joerglau\/2007\/05\/21\/neue-bilder-von-misshandlungen-iranischer-frauen-durch-die-polizei_502\",\"url\":\"https:\/\/blog.zeit.de\/joerglau\/2007\/05\/21\/neue-bilder-von-misshandlungen-iranischer-frauen-durch-die-polizei_502\",\"name\":\"Neue Bilder von Misshandlungen iranischer Frauen durch die Polizei - J\u00f6rg Lau\",\"isPartOf\":{\"@id\":\"https:\/\/blog.zeit.de\/joerglau\/#website\"},\"datePublished\":\"2007-05-21T13:03:31+00:00\",\"dateModified\":\"2007-05-21T13:03:31+00:00\",\"author\":{\"@id\":\"https:\/\/blog.zeit.de\/joerglau\/#\/schema\/person\/55f0be9bfac24815791fbc852b042f57\"},\"breadcrumb\":{\"@id\":\"https:\/\/blog.zeit.de\/joerglau\/2007\/05\/21\/neue-bilder-von-misshandlungen-iranischer-frauen-durch-die-polizei_502#breadcrumb\"},\"inLanguage\":\"de\",\"potentialAction\":[{\"@type\":\"ReadAction\",\"target\":[\"https:\/\/blog.zeit.de\/joerglau\/2007\/05\/21\/neue-bilder-von-misshandlungen-iranischer-frauen-durch-die-polizei_502\"]}]},{\"@type\":\"BreadcrumbList\",\"@id\":\"https:\/\/blog.zeit.de\/joerglau\/2007\/05\/21\/neue-bilder-von-misshandlungen-iranischer-frauen-durch-die-polizei_502#breadcrumb\",\"itemListElement\":[{\"@type\":\"ListItem\",\"position\":1,\"name\":\"Startseite\",\"item\":\"https:\/\/blog.zeit.de\/joerglau\"},{\"@type\":\"ListItem\",\"position\":2,\"name\":\"Neue Bilder von Misshandlungen iranischer Frauen durch die Polizei\"}]},{\"@type\":\"WebSite\",\"@id\":\"https:\/\/blog.zeit.de\/joerglau\/#website\",\"url\":\"https:\/\/blog.zeit.de\/joerglau\/\",\"name\":\"J\u00f6rg Lau\",\"description\":\"Ein Blog \u00fcber Religion und Politik\",\"potentialAction\":[{\"@type\":\"SearchAction\",\"target\":{\"@type\":\"EntryPoint\",\"urlTemplate\":\"https:\/\/blog.zeit.de\/joerglau\/?s={search_term_string}\"},\"query-input\":\"required name=search_term_string\"}],\"inLanguage\":\"de\"},{\"@type\":\"Person\",\"@id\":\"https:\/\/blog.zeit.de\/joerglau\/#\/schema\/person\/55f0be9bfac24815791fbc852b042f57\",\"name\":\"J\u00f6rg Lau\",\"image\":{\"@type\":\"ImageObject\",\"inLanguage\":\"de\",\"@id\":\"https:\/\/blog.zeit.de\/joerglau\/#\/schema\/person\/image\/\",\"url\":\"https:\/\/secure.gravatar.com\/avatar\/a5fe39bf4f5335b8bac36eefa0b41467221b1598bfea5f05159a0199e391eed0?s=96&d=mm&r=g\",\"contentUrl\":\"https:\/\/secure.gravatar.com\/avatar\/a5fe39bf4f5335b8bac36eefa0b41467221b1598bfea5f05159a0199e391eed0?s=96&d=mm&r=g\",\"caption\":\"J\u00f6rg Lau\"},\"url\":\"https:\/\/blog.zeit.de\/joerglau\/author\/joerg-lau\"}]}<\/script>\n<!-- \/ Yoast SEO plugin. -->","yoast_head_json":{"title":"Neue Bilder von Misshandlungen iranischer Frauen durch die Polizei - J\u00f6rg Lau","robots":{"index":"index","follow":"follow","max-snippet":"max-snippet:-1","max-image-preview":"max-image-preview:large","max-video-preview":"max-video-preview:-1"},"canonical":"https:\/\/blog.zeit.de\/joerglau\/2007\/05\/21\/neue-bilder-von-misshandlungen-iranischer-frauen-durch-die-polizei_502","og_locale":"de_DE","og_type":"article","og_title":"Neue Bilder von Misshandlungen iranischer Frauen durch die Polizei - J\u00f6rg Lau","og_description":"Dieses Bild ist am Sonntag in Teheran entstanden, wo der Tugendterror gegen Frauen mit islamisch nicht korrektem Kopftuch offenbar weitergeht. Eine Mutter und ihre Tochter wurden von der Polzei so stark zusammengeschlagen, dass sie am Kopf bluteten. Sie nahmen darauf ihre Kopft\u00fccher ab, um die Wunden zu zeigen. Welche Art von Moral ist das, die [&hellip;]","og_url":"https:\/\/blog.zeit.de\/joerglau\/2007\/05\/21\/neue-bilder-von-misshandlungen-iranischer-frauen-durch-die-polizei_502","og_site_name":"J\u00f6rg Lau","article_published_time":"2007-05-21T13:03:31+00:00","og_image":[{"url":"https:\/\/blog.zeit.de\/joerglau\/files\/2007\/05\/image384.jpg"}],"author":"J\u00f6rg Lau","twitter_card":"summary_large_image","twitter_misc":{"Geschrieben von":"J\u00f6rg Lau","Gesch\u00e4tzte Lesezeit":"1\u00a0Minute"},"schema":{"@context":"https:\/\/schema.org","@graph":[{"@type":"WebPage","@id":"https:\/\/blog.zeit.de\/joerglau\/2007\/05\/21\/neue-bilder-von-misshandlungen-iranischer-frauen-durch-die-polizei_502","url":"https:\/\/blog.zeit.de\/joerglau\/2007\/05\/21\/neue-bilder-von-misshandlungen-iranischer-frauen-durch-die-polizei_502","name":"Neue Bilder von Misshandlungen iranischer Frauen durch die Polizei - J\u00f6rg Lau","isPartOf":{"@id":"https:\/\/blog.zeit.de\/joerglau\/#website"},"datePublished":"2007-05-21T13:03:31+00:00","dateModified":"2007-05-21T13:03:31+00:00","author":{"@id":"https:\/\/blog.zeit.de\/joerglau\/#\/schema\/person\/55f0be9bfac24815791fbc852b042f57"},"breadcrumb":{"@id":"https:\/\/blog.zeit.de\/joerglau\/2007\/05\/21\/neue-bilder-von-misshandlungen-iranischer-frauen-durch-die-polizei_502#breadcrumb"},"inLanguage":"de","potentialAction":[{"@type":"ReadAction","target":["https:\/\/blog.zeit.de\/joerglau\/2007\/05\/21\/neue-bilder-von-misshandlungen-iranischer-frauen-durch-die-polizei_502"]}]},{"@type":"BreadcrumbList","@id":"https:\/\/blog.zeit.de\/joerglau\/2007\/05\/21\/neue-bilder-von-misshandlungen-iranischer-frauen-durch-die-polizei_502#breadcrumb","itemListElement":[{"@type":"ListItem","position":1,"name":"Startseite","item":"https:\/\/blog.zeit.de\/joerglau"},{"@type":"ListItem","position":2,"name":"Neue Bilder von Misshandlungen iranischer Frauen durch die Polizei"}]},{"@type":"WebSite","@id":"https:\/\/blog.zeit.de\/joerglau\/#website","url":"https:\/\/blog.zeit.de\/joerglau\/","name":"J\u00f6rg Lau","description":"Ein Blog \u00fcber Religion und Politik","potentialAction":[{"@type":"SearchAction","target":{"@type":"EntryPoint","urlTemplate":"https:\/\/blog.zeit.de\/joerglau\/?s={search_term_string}"},"query-input":"required name=search_term_string"}],"inLanguage":"de"},{"@type":"Person","@id":"https:\/\/blog.zeit.de\/joerglau\/#\/schema\/person\/55f0be9bfac24815791fbc852b042f57","name":"J\u00f6rg Lau","image":{"@type":"ImageObject","inLanguage":"de","@id":"https:\/\/blog.zeit.de\/joerglau\/#\/schema\/person\/image\/","url":"https:\/\/secure.gravatar.com\/avatar\/a5fe39bf4f5335b8bac36eefa0b41467221b1598bfea5f05159a0199e391eed0?s=96&d=mm&r=g","contentUrl":"https:\/\/secure.gravatar.com\/avatar\/a5fe39bf4f5335b8bac36eefa0b41467221b1598bfea5f05159a0199e391eed0?s=96&d=mm&r=g","caption":"J\u00f6rg Lau"},"url":"https:\/\/blog.zeit.de\/joerglau\/author\/joerg-lau"}]}},"jetpack_featured_media_url":"","jetpack_sharing_enabled":true,"jetpack_shortlink":"https:\/\/wp.me\/pG02W-86","_links":{"self":[{"href":"https:\/\/blog.zeit.de\/joerglau\/wp-json\/wp\/v2\/posts\/502","targetHints":{"allow":["GET"]}}],"collection":[{"href":"https:\/\/blog.zeit.de\/joerglau\/wp-json\/wp\/v2\/posts"}],"about":[{"href":"https:\/\/blog.zeit.de\/joerglau\/wp-json\/wp\/v2\/types\/post"}],"author":[{"embeddable":true,"href":"https:\/\/blog.zeit.de\/joerglau\/wp-json\/wp\/v2\/users\/54"}],"replies":[{"embeddable":true,"href":"https:\/\/blog.zeit.de\/joerglau\/wp-json\/wp\/v2\/comments?post=502"}],"version-history":[{"count":0,"href":"https:\/\/blog.zeit.de\/joerglau\/wp-json\/wp\/v2\/posts\/502\/revisions"}],"wp:attachment":[{"href":"https:\/\/blog.zeit.de\/joerglau\/wp-json\/wp\/v2\/media?parent=502"}],"wp:term":[{"taxonomy":"category","embeddable":true,"href":"https:\/\/blog.zeit.de\/joerglau\/wp-json\/wp\/v2\/categories?post=502"},{"taxonomy":"post_tag","embeddable":true,"href":"https:\/\/blog.zeit.de\/joerglau\/wp-json\/wp\/v2\/tags?post=502"}],"curies":[{"name":"wp","href":"https:\/\/api.w.org\/{rel}","templated":true}]}}