{"id":509,"date":"2007-05-23T09:46:17","date_gmt":"2007-05-23T07:46:17","guid":{"rendered":"http:\/\/blog.zeit.de\/joerglau\/2007\/05\/23\/kritiker-der-elche-bocke-als-gartner-etc_509"},"modified":"2007-05-23T09:46:17","modified_gmt":"2007-05-23T07:46:17","slug":"kritiker-der-elche-bocke-als-gartner-etc","status":"publish","type":"post","link":"https:\/\/blog.zeit.de\/joerglau\/2007\/05\/23\/kritiker-der-elche-bocke-als-gartner-etc_509","title":{"rendered":"Kritiker der Elche, B\u00f6cke als G\u00e4rtner etc."},"content":{"rendered":"<p><a href=\"http:\/\/daccessdds.un.org\/doc\/UNDOC\/GEN\/N07\/317\/01\/PDF\/N0731701.pdf?OpenElement\">\u00c4gypten<\/a> ist am 17. Mai in den <a href=\"http:\/\/www.un.org\/ga\/61\/elect\/hrc\/\">Menschenrechtsrat der Vereinten Nationen<\/a> gew\u00e4hlt worden. Wir sprechen hier von dem selben Land, das <a href=\"https:\/\/blog.zeit.de\/joerglau\/index.php?s=kareem\">Blogger wegen schlichter Meinungs\u00e4u\u00dferungen inhaftiert<\/a>, Gefangene foltert und die Opposition  brutal unterdr\u00fcckt.<\/p>\n<p>Die Vereinten Nationen machen sich zum Gesp\u00f6tt mit solchen Gremien.<\/p>\n<p>Hier eine Reaktion der Unterst\u00fctzer des inhaftierten Bloggers <a href=\"http:\/\/www.freekareem.org\">Kareem<\/a>.<\/p>\n<p><object width=\"425\" height=\"350\"><param name=\"movie\" value=\"http:\/\/www.youtube.com\/v\/seOXwq997Ms\"><\/param><param name=\"wmode\" value=\"transparent\"><\/param><\/object><\/p>\n","protected":false},"excerpt":{"rendered":"<p>\u00c4gypten ist am 17. Mai in den Menschenrechtsrat der Vereinten Nationen gew\u00e4hlt worden. Wir sprechen hier von dem selben Land, das Blogger wegen schlichter Meinungs\u00e4u\u00dferungen inhaftiert, Gefangene foltert und die Opposition brutal unterdr\u00fcckt. Die Vereinten Nationen machen sich zum Gesp\u00f6tt mit solchen Gremien. Hier eine Reaktion der Unterst\u00fctzer des inhaftierten Bloggers Kareem.<\/p>\n","protected":false},"author":54,"featured_media":0,"comment_status":"open","ping_status":"closed","sticky":false,"template":"","format":"standard","meta":{"jetpack_post_was_ever_published":false,"footnotes":""},"categories":[170],"tags":[],"class_list":["post-509","post","type-post","status-publish","format-standard","hentry","category-menschenrechte"],"yoast_head":"<!-- This site is optimized with the Yoast SEO plugin v21.0 - https:\/\/yoast.com\/wordpress\/plugins\/seo\/ -->\n<title>Kritiker der Elche, B\u00f6cke als G\u00e4rtner etc. - J\u00f6rg Lau<\/title>\n<meta name=\"robots\" content=\"index, follow, max-snippet:-1, max-image-preview:large, max-video-preview:-1\" \/>\n<link rel=\"canonical\" href=\"https:\/\/blog.zeit.de\/joerglau\/2007\/05\/23\/kritiker-der-elche-bocke-als-gartner-etc_509\" \/>\n<meta property=\"og:locale\" content=\"de_DE\" \/>\n<meta property=\"og:type\" content=\"article\" \/>\n<meta property=\"og:title\" content=\"Kritiker der Elche, B\u00f6cke als G\u00e4rtner etc. - J\u00f6rg Lau\" \/>\n<meta property=\"og:description\" content=\"\u00c4gypten ist am 17. Mai in den Menschenrechtsrat der Vereinten Nationen gew\u00e4hlt worden. Wir sprechen hier von dem selben Land, das Blogger wegen schlichter Meinungs\u00e4u\u00dferungen inhaftiert, Gefangene foltert und die Opposition brutal unterdr\u00fcckt. Die Vereinten Nationen machen sich zum Gesp\u00f6tt mit solchen Gremien. Hier eine Reaktion der Unterst\u00fctzer des inhaftierten Bloggers Kareem.\" \/>\n<meta property=\"og:url\" content=\"https:\/\/blog.zeit.de\/joerglau\/2007\/05\/23\/kritiker-der-elche-bocke-als-gartner-etc_509\" \/>\n<meta property=\"og:site_name\" content=\"J\u00f6rg Lau\" \/>\n<meta property=\"article:published_time\" content=\"2007-05-23T07:46:17+00:00\" \/>\n<meta name=\"author\" content=\"J\u00f6rg Lau\" \/>\n<meta name=\"twitter:card\" content=\"summary_large_image\" \/>\n<meta name=\"twitter:label1\" content=\"Geschrieben von\" \/>\n\t<meta name=\"twitter:data1\" content=\"J\u00f6rg Lau\" \/>\n<script type=\"application\/ld+json\" class=\"yoast-schema-graph\">{\"@context\":\"https:\/\/schema.org\",\"@graph\":[{\"@type\":\"WebPage\",\"@id\":\"https:\/\/blog.zeit.de\/joerglau\/2007\/05\/23\/kritiker-der-elche-bocke-als-gartner-etc_509\",\"url\":\"https:\/\/blog.zeit.de\/joerglau\/2007\/05\/23\/kritiker-der-elche-bocke-als-gartner-etc_509\",\"name\":\"Kritiker der Elche, B\u00f6cke als G\u00e4rtner etc. - J\u00f6rg Lau\",\"isPartOf\":{\"@id\":\"https:\/\/blog.zeit.de\/joerglau\/#website\"},\"datePublished\":\"2007-05-23T07:46:17+00:00\",\"dateModified\":\"2007-05-23T07:46:17+00:00\",\"author\":{\"@id\":\"https:\/\/blog.zeit.de\/joerglau\/#\/schema\/person\/55f0be9bfac24815791fbc852b042f57\"},\"breadcrumb\":{\"@id\":\"https:\/\/blog.zeit.de\/joerglau\/2007\/05\/23\/kritiker-der-elche-bocke-als-gartner-etc_509#breadcrumb\"},\"inLanguage\":\"de\",\"potentialAction\":[{\"@type\":\"ReadAction\",\"target\":[\"https:\/\/blog.zeit.de\/joerglau\/2007\/05\/23\/kritiker-der-elche-bocke-als-gartner-etc_509\"]}]},{\"@type\":\"BreadcrumbList\",\"@id\":\"https:\/\/blog.zeit.de\/joerglau\/2007\/05\/23\/kritiker-der-elche-bocke-als-gartner-etc_509#breadcrumb\",\"itemListElement\":[{\"@type\":\"ListItem\",\"position\":1,\"name\":\"Startseite\",\"item\":\"https:\/\/blog.zeit.de\/joerglau\"},{\"@type\":\"ListItem\",\"position\":2,\"name\":\"Kritiker der Elche, B\u00f6cke als G\u00e4rtner etc.\"}]},{\"@type\":\"WebSite\",\"@id\":\"https:\/\/blog.zeit.de\/joerglau\/#website\",\"url\":\"https:\/\/blog.zeit.de\/joerglau\/\",\"name\":\"J\u00f6rg Lau\",\"description\":\"Ein Blog \u00fcber Religion und Politik\",\"potentialAction\":[{\"@type\":\"SearchAction\",\"target\":{\"@type\":\"EntryPoint\",\"urlTemplate\":\"https:\/\/blog.zeit.de\/joerglau\/?s={search_term_string}\"},\"query-input\":\"required name=search_term_string\"}],\"inLanguage\":\"de\"},{\"@type\":\"Person\",\"@id\":\"https:\/\/blog.zeit.de\/joerglau\/#\/schema\/person\/55f0be9bfac24815791fbc852b042f57\",\"name\":\"J\u00f6rg Lau\",\"image\":{\"@type\":\"ImageObject\",\"inLanguage\":\"de\",\"@id\":\"https:\/\/blog.zeit.de\/joerglau\/#\/schema\/person\/image\/\",\"url\":\"https:\/\/secure.gravatar.com\/avatar\/a5fe39bf4f5335b8bac36eefa0b41467221b1598bfea5f05159a0199e391eed0?s=96&d=mm&r=g\",\"contentUrl\":\"https:\/\/secure.gravatar.com\/avatar\/a5fe39bf4f5335b8bac36eefa0b41467221b1598bfea5f05159a0199e391eed0?s=96&d=mm&r=g\",\"caption\":\"J\u00f6rg Lau\"},\"url\":\"https:\/\/blog.zeit.de\/joerglau\/author\/joerg-lau\"}]}<\/script>\n<!-- \/ Yoast SEO plugin. -->","yoast_head_json":{"title":"Kritiker der Elche, B\u00f6cke als G\u00e4rtner etc. - J\u00f6rg Lau","robots":{"index":"index","follow":"follow","max-snippet":"max-snippet:-1","max-image-preview":"max-image-preview:large","max-video-preview":"max-video-preview:-1"},"canonical":"https:\/\/blog.zeit.de\/joerglau\/2007\/05\/23\/kritiker-der-elche-bocke-als-gartner-etc_509","og_locale":"de_DE","og_type":"article","og_title":"Kritiker der Elche, B\u00f6cke als G\u00e4rtner etc. - J\u00f6rg Lau","og_description":"\u00c4gypten ist am 17. Mai in den Menschenrechtsrat der Vereinten Nationen gew\u00e4hlt worden. Wir sprechen hier von dem selben Land, das Blogger wegen schlichter Meinungs\u00e4u\u00dferungen inhaftiert, Gefangene foltert und die Opposition brutal unterdr\u00fcckt. Die Vereinten Nationen machen sich zum Gesp\u00f6tt mit solchen Gremien. Hier eine Reaktion der Unterst\u00fctzer des inhaftierten Bloggers Kareem.","og_url":"https:\/\/blog.zeit.de\/joerglau\/2007\/05\/23\/kritiker-der-elche-bocke-als-gartner-etc_509","og_site_name":"J\u00f6rg Lau","article_published_time":"2007-05-23T07:46:17+00:00","author":"J\u00f6rg Lau","twitter_card":"summary_large_image","twitter_misc":{"Geschrieben von":"J\u00f6rg Lau"},"schema":{"@context":"https:\/\/schema.org","@graph":[{"@type":"WebPage","@id":"https:\/\/blog.zeit.de\/joerglau\/2007\/05\/23\/kritiker-der-elche-bocke-als-gartner-etc_509","url":"https:\/\/blog.zeit.de\/joerglau\/2007\/05\/23\/kritiker-der-elche-bocke-als-gartner-etc_509","name":"Kritiker der Elche, B\u00f6cke als G\u00e4rtner etc. - J\u00f6rg Lau","isPartOf":{"@id":"https:\/\/blog.zeit.de\/joerglau\/#website"},"datePublished":"2007-05-23T07:46:17+00:00","dateModified":"2007-05-23T07:46:17+00:00","author":{"@id":"https:\/\/blog.zeit.de\/joerglau\/#\/schema\/person\/55f0be9bfac24815791fbc852b042f57"},"breadcrumb":{"@id":"https:\/\/blog.zeit.de\/joerglau\/2007\/05\/23\/kritiker-der-elche-bocke-als-gartner-etc_509#breadcrumb"},"inLanguage":"de","potentialAction":[{"@type":"ReadAction","target":["https:\/\/blog.zeit.de\/joerglau\/2007\/05\/23\/kritiker-der-elche-bocke-als-gartner-etc_509"]}]},{"@type":"BreadcrumbList","@id":"https:\/\/blog.zeit.de\/joerglau\/2007\/05\/23\/kritiker-der-elche-bocke-als-gartner-etc_509#breadcrumb","itemListElement":[{"@type":"ListItem","position":1,"name":"Startseite","item":"https:\/\/blog.zeit.de\/joerglau"},{"@type":"ListItem","position":2,"name":"Kritiker der Elche, B\u00f6cke als G\u00e4rtner etc."}]},{"@type":"WebSite","@id":"https:\/\/blog.zeit.de\/joerglau\/#website","url":"https:\/\/blog.zeit.de\/joerglau\/","name":"J\u00f6rg Lau","description":"Ein Blog \u00fcber Religion und Politik","potentialAction":[{"@type":"SearchAction","target":{"@type":"EntryPoint","urlTemplate":"https:\/\/blog.zeit.de\/joerglau\/?s={search_term_string}"},"query-input":"required name=search_term_string"}],"inLanguage":"de"},{"@type":"Person","@id":"https:\/\/blog.zeit.de\/joerglau\/#\/schema\/person\/55f0be9bfac24815791fbc852b042f57","name":"J\u00f6rg Lau","image":{"@type":"ImageObject","inLanguage":"de","@id":"https:\/\/blog.zeit.de\/joerglau\/#\/schema\/person\/image\/","url":"https:\/\/secure.gravatar.com\/avatar\/a5fe39bf4f5335b8bac36eefa0b41467221b1598bfea5f05159a0199e391eed0?s=96&d=mm&r=g","contentUrl":"https:\/\/secure.gravatar.com\/avatar\/a5fe39bf4f5335b8bac36eefa0b41467221b1598bfea5f05159a0199e391eed0?s=96&d=mm&r=g","caption":"J\u00f6rg Lau"},"url":"https:\/\/blog.zeit.de\/joerglau\/author\/joerg-lau"}]}},"jetpack_featured_media_url":"","jetpack_sharing_enabled":true,"jetpack_shortlink":"https:\/\/wp.me\/pG02W-8d","_links":{"self":[{"href":"https:\/\/blog.zeit.de\/joerglau\/wp-json\/wp\/v2\/posts\/509","targetHints":{"allow":["GET"]}}],"collection":[{"href":"https:\/\/blog.zeit.de\/joerglau\/wp-json\/wp\/v2\/posts"}],"about":[{"href":"https:\/\/blog.zeit.de\/joerglau\/wp-json\/wp\/v2\/types\/post"}],"author":[{"embeddable":true,"href":"https:\/\/blog.zeit.de\/joerglau\/wp-json\/wp\/v2\/users\/54"}],"replies":[{"embeddable":true,"href":"https:\/\/blog.zeit.de\/joerglau\/wp-json\/wp\/v2\/comments?post=509"}],"version-history":[{"count":0,"href":"https:\/\/blog.zeit.de\/joerglau\/wp-json\/wp\/v2\/posts\/509\/revisions"}],"wp:attachment":[{"href":"https:\/\/blog.zeit.de\/joerglau\/wp-json\/wp\/v2\/media?parent=509"}],"wp:term":[{"taxonomy":"category","embeddable":true,"href":"https:\/\/blog.zeit.de\/joerglau\/wp-json\/wp\/v2\/categories?post=509"},{"taxonomy":"post_tag","embeddable":true,"href":"https:\/\/blog.zeit.de\/joerglau\/wp-json\/wp\/v2\/tags?post=509"}],"curies":[{"name":"wp","href":"https:\/\/api.w.org\/{rel}","templated":true}]}}