{"id":515,"date":"2007-05-24T16:45:04","date_gmt":"2007-05-24T14:45:04","guid":{"rendered":"http:\/\/blog.zeit.de\/joerglau\/2007\/05\/24\/amerikanische-muslime-mainstream-mit-verschworungstheorien_515"},"modified":"2007-05-24T16:45:04","modified_gmt":"2007-05-24T14:45:04","slug":"amerikanische-muslime-mainstream-mit-verschworungstheorien","status":"publish","type":"post","link":"https:\/\/blog.zeit.de\/joerglau\/2007\/05\/24\/amerikanische-muslime-mainstream-mit-verschworungstheorien_515","title":{"rendered":"Amerikanische Muslime: integrierter Mainstream, Verschw\u00f6rungstheorien am Rande"},"content":{"rendered":"<p>Amerikanische Muslime sind nach einer <a href=\"http:\/\/pewresearch.org\/assets\/pdf\/muslim-americans.pdf\">neuen Studie des Pew Research Centers<\/a><br \/>\n&#8211; sehr viel besser in die Gesellschaft integriert als europ\u00e4ische Muslime (sie haben viel mehr nicht-muslimische Freunde, sind \u00f6konomisch und bildungsm\u00e4ssig erfolgreicher und f\u00fchlen sich generell besser akzeptiert)<br \/>\n&#8211; aufgeschlossener gegen\u00fcber der amerikanischen Gesellschaft als die europ\u00e4ischen Muslime gegen\u00fcber ihrem Umfeld (bei gleichzeitiger heftiger Kritik an amerikanischer Aussenpolitik); 63 % der amerikanischen Muslime sehen keinen Widerspruch zwischen ihrer Fr\u00f6mmigkeit und dem Leben in der westlichen Moderne<br \/>\n&#8211; haben mehrheitlich (62 %) den Eindruck, dass das Leben in den USA f\u00fcr Frauen besser sei als in islamischen Staaten<br \/>\n&#8211; sind mehrheitlich (51%) sehr besorgt \u00fcber islamischen Extremismus<br \/>\n&#8211; sagen zu 73 %, sie seien niemals diskriminiert worden, obwohl eine Mehrheit sagt, nach dem 11. September 2001 sei das Leben f\u00fcr sie schwieriger geworden<br \/>\n&#8211; sagen zu 75 %, der Irakkrieg sei eine falsche Entscheidung gewesen (w\u00e4hrend immerhin 35 % den Krieg in Afghanistan f\u00fcr richtig halten).<\/p>\n<p>Doch nun  zu den irritierenden Zahlen: 8 % der amerikanischen Muslime halten Selbstmordattenate f\u00fcr oft (1 %) oder manchmal (7 %) gerechtfertigt zur Verteidigung des Islam.<br \/>\nDas heisst zwar, dass eine \u00fcberw\u00e4ltigende Mehrheit die Attentate ablehnt &#8211; aber 8 Prozent sind trotzdem eine verst\u00f6rend hohe Zahl!<br \/>\nNur 40 Prozent &#8211; und da wird es wirklich haarig &#8211; glauben, dass Araber die Attacken des 11. September ausgef\u00fchrt haben. 28 Prozent sagen, sie glauben es nicht (jeder Vierte!). 32 Prozent wollten sich nicht \u00e4u\u00dfern.<\/p>\n<p>Interessant: Die Einwanderer sind unter den Muslimen die Moderateren, w\u00e4hrend afroamerikanische Muslime die am meisten desillusionierte Gruppe stellen. (Also machen die Amerikaner mit ihren Einwanderern etwas richtig.)<\/p>\n<p>Am meisten verst\u00f6rt der Befund, dass bei den unter 30j\u00e4hrigen mehr als doppelt so viele Verst\u00e4ndnis f\u00fcr Selbstmordanschl\u00e4ge zeigen &#8211; n\u00e4mlich 16 Prozent.<br \/>\nDie Pew-Forscher weisen darauf hin, dass diese Zahlen deutlich moderater ausfallen als in Europa &#8211; UK, Frankreich, Spanien &#8211; und in der islamischen Welt. Aber das ist ein schwacher Trost, denn diese Zahlen wiederum sind schwindelerregend. (Deutschland hat \u00fcbrigens interessanter Weise \u00e4hnliche Zahlen wie die USA. <a href=\"http:\/\/abuaardvark.typepad.com\/abuaardvark\/2007\/05\/muslimamericans.html\">Vergleichsdaten hier.<\/a>)<\/p>\n","protected":false},"excerpt":{"rendered":"<p>Amerikanische Muslime sind nach einer neuen Studie des Pew Research Centers &#8211; sehr viel besser in die Gesellschaft integriert als europ\u00e4ische Muslime (sie haben viel mehr nicht-muslimische Freunde, sind \u00f6konomisch und bildungsm\u00e4ssig erfolgreicher und f\u00fchlen sich generell besser akzeptiert) &#8211; aufgeschlossener gegen\u00fcber der amerikanischen Gesellschaft als die europ\u00e4ischen Muslime gegen\u00fcber ihrem Umfeld (bei gleichzeitiger heftiger [&hellip;]<\/p>\n","protected":false},"author":54,"featured_media":0,"comment_status":"open","ping_status":"closed","sticky":false,"template":"","format":"standard","meta":{"jetpack_post_was_ever_published":false,"footnotes":""},"categories":[157,163],"tags":[],"class_list":["post-515","post","type-post","status-publish","format-standard","hentry","category-die-freunde-und-die-feinde-des-islams","category-integration"],"yoast_head":"<!-- This site is optimized with the Yoast SEO plugin v21.0 - https:\/\/yoast.com\/wordpress\/plugins\/seo\/ -->\n<title>Amerikanische Muslime: integrierter Mainstream, Verschw\u00f6rungstheorien am Rande - J\u00f6rg Lau<\/title>\n<meta name=\"robots\" content=\"index, follow, max-snippet:-1, max-image-preview:large, max-video-preview:-1\" \/>\n<link rel=\"canonical\" href=\"https:\/\/blog.zeit.de\/joerglau\/2007\/05\/24\/amerikanische-muslime-mainstream-mit-verschworungstheorien_515\" \/>\n<meta property=\"og:locale\" content=\"de_DE\" \/>\n<meta property=\"og:type\" content=\"article\" \/>\n<meta property=\"og:title\" content=\"Amerikanische Muslime: integrierter Mainstream, Verschw\u00f6rungstheorien am Rande - J\u00f6rg Lau\" \/>\n<meta property=\"og:description\" content=\"Amerikanische Muslime sind nach einer neuen Studie des Pew Research Centers &#8211; sehr viel besser in die Gesellschaft integriert als europ\u00e4ische Muslime (sie haben viel mehr nicht-muslimische Freunde, sind \u00f6konomisch und bildungsm\u00e4ssig erfolgreicher und f\u00fchlen sich generell besser akzeptiert) &#8211; aufgeschlossener gegen\u00fcber der amerikanischen Gesellschaft als die europ\u00e4ischen Muslime gegen\u00fcber ihrem Umfeld (bei gleichzeitiger heftiger [&hellip;]\" \/>\n<meta property=\"og:url\" content=\"https:\/\/blog.zeit.de\/joerglau\/2007\/05\/24\/amerikanische-muslime-mainstream-mit-verschworungstheorien_515\" \/>\n<meta property=\"og:site_name\" content=\"J\u00f6rg Lau\" \/>\n<meta property=\"article:published_time\" content=\"2007-05-24T14:45:04+00:00\" \/>\n<meta name=\"author\" content=\"J\u00f6rg Lau\" \/>\n<meta name=\"twitter:card\" content=\"summary_large_image\" \/>\n<meta name=\"twitter:label1\" content=\"Geschrieben von\" \/>\n\t<meta name=\"twitter:data1\" content=\"J\u00f6rg Lau\" \/>\n\t<meta name=\"twitter:label2\" content=\"Gesch\u00e4tzte Lesezeit\" \/>\n\t<meta name=\"twitter:data2\" content=\"2\u00a0Minuten\" \/>\n<script type=\"application\/ld+json\" class=\"yoast-schema-graph\">{\"@context\":\"https:\/\/schema.org\",\"@graph\":[{\"@type\":\"WebPage\",\"@id\":\"https:\/\/blog.zeit.de\/joerglau\/2007\/05\/24\/amerikanische-muslime-mainstream-mit-verschworungstheorien_515\",\"url\":\"https:\/\/blog.zeit.de\/joerglau\/2007\/05\/24\/amerikanische-muslime-mainstream-mit-verschworungstheorien_515\",\"name\":\"Amerikanische Muslime: integrierter Mainstream, Verschw\u00f6rungstheorien am Rande - J\u00f6rg Lau\",\"isPartOf\":{\"@id\":\"https:\/\/blog.zeit.de\/joerglau\/#website\"},\"datePublished\":\"2007-05-24T14:45:04+00:00\",\"dateModified\":\"2007-05-24T14:45:04+00:00\",\"author\":{\"@id\":\"https:\/\/blog.zeit.de\/joerglau\/#\/schema\/person\/55f0be9bfac24815791fbc852b042f57\"},\"breadcrumb\":{\"@id\":\"https:\/\/blog.zeit.de\/joerglau\/2007\/05\/24\/amerikanische-muslime-mainstream-mit-verschworungstheorien_515#breadcrumb\"},\"inLanguage\":\"de\",\"potentialAction\":[{\"@type\":\"ReadAction\",\"target\":[\"https:\/\/blog.zeit.de\/joerglau\/2007\/05\/24\/amerikanische-muslime-mainstream-mit-verschworungstheorien_515\"]}]},{\"@type\":\"BreadcrumbList\",\"@id\":\"https:\/\/blog.zeit.de\/joerglau\/2007\/05\/24\/amerikanische-muslime-mainstream-mit-verschworungstheorien_515#breadcrumb\",\"itemListElement\":[{\"@type\":\"ListItem\",\"position\":1,\"name\":\"Startseite\",\"item\":\"https:\/\/blog.zeit.de\/joerglau\"},{\"@type\":\"ListItem\",\"position\":2,\"name\":\"Amerikanische Muslime: integrierter Mainstream, Verschw\u00f6rungstheorien am Rande\"}]},{\"@type\":\"WebSite\",\"@id\":\"https:\/\/blog.zeit.de\/joerglau\/#website\",\"url\":\"https:\/\/blog.zeit.de\/joerglau\/\",\"name\":\"J\u00f6rg Lau\",\"description\":\"Ein Blog \u00fcber Religion und Politik\",\"potentialAction\":[{\"@type\":\"SearchAction\",\"target\":{\"@type\":\"EntryPoint\",\"urlTemplate\":\"https:\/\/blog.zeit.de\/joerglau\/?s={search_term_string}\"},\"query-input\":\"required name=search_term_string\"}],\"inLanguage\":\"de\"},{\"@type\":\"Person\",\"@id\":\"https:\/\/blog.zeit.de\/joerglau\/#\/schema\/person\/55f0be9bfac24815791fbc852b042f57\",\"name\":\"J\u00f6rg Lau\",\"image\":{\"@type\":\"ImageObject\",\"inLanguage\":\"de\",\"@id\":\"https:\/\/blog.zeit.de\/joerglau\/#\/schema\/person\/image\/\",\"url\":\"https:\/\/secure.gravatar.com\/avatar\/a5fe39bf4f5335b8bac36eefa0b41467221b1598bfea5f05159a0199e391eed0?s=96&d=mm&r=g\",\"contentUrl\":\"https:\/\/secure.gravatar.com\/avatar\/a5fe39bf4f5335b8bac36eefa0b41467221b1598bfea5f05159a0199e391eed0?s=96&d=mm&r=g\",\"caption\":\"J\u00f6rg Lau\"},\"url\":\"https:\/\/blog.zeit.de\/joerglau\/author\/joerg-lau\"}]}<\/script>\n<!-- \/ Yoast SEO plugin. -->","yoast_head_json":{"title":"Amerikanische Muslime: integrierter Mainstream, Verschw\u00f6rungstheorien am Rande - J\u00f6rg Lau","robots":{"index":"index","follow":"follow","max-snippet":"max-snippet:-1","max-image-preview":"max-image-preview:large","max-video-preview":"max-video-preview:-1"},"canonical":"https:\/\/blog.zeit.de\/joerglau\/2007\/05\/24\/amerikanische-muslime-mainstream-mit-verschworungstheorien_515","og_locale":"de_DE","og_type":"article","og_title":"Amerikanische Muslime: integrierter Mainstream, Verschw\u00f6rungstheorien am Rande - J\u00f6rg Lau","og_description":"Amerikanische Muslime sind nach einer neuen Studie des Pew Research Centers &#8211; sehr viel besser in die Gesellschaft integriert als europ\u00e4ische Muslime (sie haben viel mehr nicht-muslimische Freunde, sind \u00f6konomisch und bildungsm\u00e4ssig erfolgreicher und f\u00fchlen sich generell besser akzeptiert) &#8211; aufgeschlossener gegen\u00fcber der amerikanischen Gesellschaft als die europ\u00e4ischen Muslime gegen\u00fcber ihrem Umfeld (bei gleichzeitiger heftiger [&hellip;]","og_url":"https:\/\/blog.zeit.de\/joerglau\/2007\/05\/24\/amerikanische-muslime-mainstream-mit-verschworungstheorien_515","og_site_name":"J\u00f6rg Lau","article_published_time":"2007-05-24T14:45:04+00:00","author":"J\u00f6rg Lau","twitter_card":"summary_large_image","twitter_misc":{"Geschrieben von":"J\u00f6rg Lau","Gesch\u00e4tzte Lesezeit":"2\u00a0Minuten"},"schema":{"@context":"https:\/\/schema.org","@graph":[{"@type":"WebPage","@id":"https:\/\/blog.zeit.de\/joerglau\/2007\/05\/24\/amerikanische-muslime-mainstream-mit-verschworungstheorien_515","url":"https:\/\/blog.zeit.de\/joerglau\/2007\/05\/24\/amerikanische-muslime-mainstream-mit-verschworungstheorien_515","name":"Amerikanische Muslime: integrierter Mainstream, Verschw\u00f6rungstheorien am Rande - J\u00f6rg Lau","isPartOf":{"@id":"https:\/\/blog.zeit.de\/joerglau\/#website"},"datePublished":"2007-05-24T14:45:04+00:00","dateModified":"2007-05-24T14:45:04+00:00","author":{"@id":"https:\/\/blog.zeit.de\/joerglau\/#\/schema\/person\/55f0be9bfac24815791fbc852b042f57"},"breadcrumb":{"@id":"https:\/\/blog.zeit.de\/joerglau\/2007\/05\/24\/amerikanische-muslime-mainstream-mit-verschworungstheorien_515#breadcrumb"},"inLanguage":"de","potentialAction":[{"@type":"ReadAction","target":["https:\/\/blog.zeit.de\/joerglau\/2007\/05\/24\/amerikanische-muslime-mainstream-mit-verschworungstheorien_515"]}]},{"@type":"BreadcrumbList","@id":"https:\/\/blog.zeit.de\/joerglau\/2007\/05\/24\/amerikanische-muslime-mainstream-mit-verschworungstheorien_515#breadcrumb","itemListElement":[{"@type":"ListItem","position":1,"name":"Startseite","item":"https:\/\/blog.zeit.de\/joerglau"},{"@type":"ListItem","position":2,"name":"Amerikanische Muslime: integrierter Mainstream, Verschw\u00f6rungstheorien am Rande"}]},{"@type":"WebSite","@id":"https:\/\/blog.zeit.de\/joerglau\/#website","url":"https:\/\/blog.zeit.de\/joerglau\/","name":"J\u00f6rg Lau","description":"Ein Blog \u00fcber Religion und Politik","potentialAction":[{"@type":"SearchAction","target":{"@type":"EntryPoint","urlTemplate":"https:\/\/blog.zeit.de\/joerglau\/?s={search_term_string}"},"query-input":"required name=search_term_string"}],"inLanguage":"de"},{"@type":"Person","@id":"https:\/\/blog.zeit.de\/joerglau\/#\/schema\/person\/55f0be9bfac24815791fbc852b042f57","name":"J\u00f6rg Lau","image":{"@type":"ImageObject","inLanguage":"de","@id":"https:\/\/blog.zeit.de\/joerglau\/#\/schema\/person\/image\/","url":"https:\/\/secure.gravatar.com\/avatar\/a5fe39bf4f5335b8bac36eefa0b41467221b1598bfea5f05159a0199e391eed0?s=96&d=mm&r=g","contentUrl":"https:\/\/secure.gravatar.com\/avatar\/a5fe39bf4f5335b8bac36eefa0b41467221b1598bfea5f05159a0199e391eed0?s=96&d=mm&r=g","caption":"J\u00f6rg Lau"},"url":"https:\/\/blog.zeit.de\/joerglau\/author\/joerg-lau"}]}},"jetpack_featured_media_url":"","jetpack_sharing_enabled":true,"jetpack_shortlink":"https:\/\/wp.me\/pG02W-8j","_links":{"self":[{"href":"https:\/\/blog.zeit.de\/joerglau\/wp-json\/wp\/v2\/posts\/515","targetHints":{"allow":["GET"]}}],"collection":[{"href":"https:\/\/blog.zeit.de\/joerglau\/wp-json\/wp\/v2\/posts"}],"about":[{"href":"https:\/\/blog.zeit.de\/joerglau\/wp-json\/wp\/v2\/types\/post"}],"author":[{"embeddable":true,"href":"https:\/\/blog.zeit.de\/joerglau\/wp-json\/wp\/v2\/users\/54"}],"replies":[{"embeddable":true,"href":"https:\/\/blog.zeit.de\/joerglau\/wp-json\/wp\/v2\/comments?post=515"}],"version-history":[{"count":0,"href":"https:\/\/blog.zeit.de\/joerglau\/wp-json\/wp\/v2\/posts\/515\/revisions"}],"wp:attachment":[{"href":"https:\/\/blog.zeit.de\/joerglau\/wp-json\/wp\/v2\/media?parent=515"}],"wp:term":[{"taxonomy":"category","embeddable":true,"href":"https:\/\/blog.zeit.de\/joerglau\/wp-json\/wp\/v2\/categories?post=515"},{"taxonomy":"post_tag","embeddable":true,"href":"https:\/\/blog.zeit.de\/joerglau\/wp-json\/wp\/v2\/tags?post=515"}],"curies":[{"name":"wp","href":"https:\/\/api.w.org\/{rel}","templated":true}]}}