{"id":5169,"date":"2011-10-26T17:34:15","date_gmt":"2011-10-26T15:34:15","guid":{"rendered":"http:\/\/blog.zeit.de\/joerglau\/?p=5169"},"modified":"2011-10-26T17:34:15","modified_gmt":"2011-10-26T15:34:15","slug":"pakistans-kampf-gegen-den-terrorismus","status":"publish","type":"post","link":"https:\/\/blog.zeit.de\/joerglau\/2011\/10\/26\/pakistans-kampf-gegen-den-terrorismus_5169","title":{"rendered":"Pakistans Kampf gegen den Terrorismus"},"content":{"rendered":"<p>Heute morgen gab es ein interessantes Hintergrundgespr\u00e4ch mit pakistanischen Milit\u00e4rs, Geheimdienstlern \u00a0und Politikern in Berlin. Es ging um die Sicherheitsinteressen des Landes, insbesondere im Bezug auf Afghanistan. Major General Ghayur Mahmood, der selber 2 Jahre lang eine Infanterie-Brigade in Nord Wasiristan kommandiert hat, f\u00fchrte das Wort. F\u00fcr mich war es interessant zu h\u00f6ren, wie sehr sich die Pakistaner durch die zunehmende Kritik &#8211; vor allem aus Amerika &#8211; ins Unrecht gesetzt sehen.<\/p>\n<p>Und die Zahlen des Generals waren in der Tat beeindruckend. 150.000 pakistanische Soldaten stehen an der Westgrenze zu Afghanistan. Aber auch sie k\u00f6nnen die \u00fcber 2600 Kilometer gemeinsame Grenze mit Afghanistan nicht effektiv kontrollieren. Die Topographie sein ein &#8222;milit\u00e4rischer Alptraum&#8220;, sagte der General. Pakistan habe im Kampf gegen den Terrorismus 31.000 Tote zu beklagen, darunter 12.000 Soldaten. 290 Offiziere und 9 Gener\u00e4le h\u00e4tten bereits ihr Leben gelassen. Der ISI (Geheimdienst) hat 290 Tote zu verzeichnen, drei von 5 regionalen Hauptquartieren seien von den Terroristen angegriffen worden.<\/p>\n<p>Der finanzielle Schaden des Kampfes gegen den Terrorismus f\u00fcr das Land wird mit 68 Milliarden US-Dollars beziffert. 1.7 Millionen Afghanen leben als Fl\u00fcchtlinge in Pakistan, zeitweilig waren es bis zu 5 Millionen, und das in einem selbst bitterarmen Land. Der Krieg gegen die Terroristen bedeute eine besondere psychologische Belastung f\u00fcr die pakistanischen Soldaten, weil sie gegen die eigenen Landsleute (oder auch Stammesverwandten) k\u00e4mpfen m\u00fcssen.<\/p>\n<p>Es sei sehr bedauerlich, dass die R\u00fcckeroberung des Swat-Tals durch die pakistanische Armee nicht gew\u00fcrdigt worden sei: Die Region war bereits an die Taliban verloren, man habe diese entschlossen bek\u00e4mpft und die Region von den Terroristen ges\u00e4ubert. 2 Millionen innere Fl\u00fcchtlinge h\u00e4tten darum bereits zur\u00fcckkehren k\u00f6nnen. Statt einer Anerkennung dieser Leistung unter gro\u00dfen Opfern gebe es nur Kritik und Verd\u00e4chtigungen gegen\u00fcber Pakistans Armee, sie &#8222;spiele ein doppeltes Spiel&#8220;, w\u00e4hrend Pakistan in Wahrheit der Welt einen Dienst erweise.<\/p>\n<p>Der General beklagte, dass die Drohnenangriffe zu viele Kollateralsch\u00e4den hinterlassen und neuen Hass sch\u00fcren, der sich auch gegen die Armee richte. Und man wundere sich schon sehr, dass zwar dauernd in Pakistan gebombt werde &#8211; wenn die Aufst\u00e4ndischen sich aber \u00fcber die unkontrollierbare Grenze zur\u00fcckz\u00f6gen, gebe es keine Drohnenangriffe auf sie. Die mangelnde Kontrolle auf afghanischer Seite sei ein gro\u00dfes Sicherheitsproblem f\u00fcr Pakistan. Bei einem Fall im April seien 500 bewaffnete K\u00e4mpfer nach Pakistan eingefallen, aus einem <em>safe haven<\/em> jenseits der Grenze.<\/p>\n<p>Zur Frage des Abzugs aus Afghanistan bis 2014 war von verschiedenen Teilnehmern zu h\u00f6ren, man f\u00fcrchte eine Wiederholung der Lage nach dem \u00a0sowjetischen Abzug: Bitte geht nicht ohne einen Plan und ohne das Vakuum zu f\u00fcllen. Die afghanische Armee sei keineswegs in der Lage dazu. Sie sei auch ethnisch nicht gen\u00fcgend ausbalanciert, es gebe viel zu wenige Paschtunen darin. Die ANA gelte darum als anti-paschtunisch.<\/p>\n<p>Ein anderer Kommandant zeigte zur Unterstreichung des guten Willens im Antiterrorkampf Bilder von einer Operation in den FATA-Gebieten. Man konnte eine Werkstatt zur Herstellung von IED&#8217;s sehen, erbeutete Waffen und tote Taliban. Der Helikopter, der die Operation von der Luft aus unterst\u00fctzen sollte, musste notlanden. Er stammt aus dem Jahr 1986, als man die Pakistaner aufger\u00fcstet hatte, damit sie den Mudschahedin gegen die Russen helfen konnten. Jetzt k\u00e4mpfen sie gegen die Erben der Mudschahedin, aber immer noch mit den Waffen aus dem Kalten Krieg.<\/p>\n<p>Selbst wenn man Abstriche macht &#8211; das Milit\u00e4r \u00fcberall in der Welt pflegt \u00fcber schlechte Ausstattung zu klagen &#8211; es ist etwas dran, dass die Welt einen schiefen Blick auf Pakistan wirft. Die Milit\u00e4rs f\u00fchlen sich von ihren Alliierten betrogen, weil ihr Land immer nur noch als Pulverfass und &#8222;gef\u00e4hrlichstes Land der Welt&#8220; beschrieben wird.<\/p>\n<p>Wir stehen an der Front eures Kampfes, den ihr nur noch von Langley aus mit dem Joystick f\u00fchrt. 300 Al-Kaida F\u00fchrer und K\u00e4mpfer konnten dank der Informationen des ISI get\u00f6tet worden.\u00a0Unsere Soldaten sterben in diesem Kampf, sagte der General.<\/p>\n","protected":false},"excerpt":{"rendered":"<p>Heute morgen gab es ein interessantes Hintergrundgespr\u00e4ch mit pakistanischen Milit\u00e4rs, Geheimdienstlern \u00a0und Politikern in Berlin. Es ging um die Sicherheitsinteressen des Landes, insbesondere im Bezug auf Afghanistan. Major General Ghayur Mahmood, der selber 2 Jahre lang eine Infanterie-Brigade in Nord Wasiristan kommandiert hat, f\u00fchrte das Wort. F\u00fcr mich war es interessant zu h\u00f6ren, wie sehr [&hellip;]<\/p>\n","protected":false},"author":54,"featured_media":0,"comment_status":"open","ping_status":"closed","sticky":false,"template":"","format":"standard","meta":{"jetpack_post_was_ever_published":false,"footnotes":""},"categories":[167,172],"tags":[],"class_list":["post-5169","post","type-post","status-publish","format-standard","hentry","category-islamismus-und-terror","category-pakistan"],"yoast_head":"<!-- This site is optimized with the Yoast SEO plugin v21.0 - https:\/\/yoast.com\/wordpress\/plugins\/seo\/ -->\n<title>Pakistans Kampf gegen den Terrorismus - J\u00f6rg Lau<\/title>\n<meta name=\"robots\" content=\"index, follow, max-snippet:-1, max-image-preview:large, max-video-preview:-1\" \/>\n<link rel=\"canonical\" href=\"https:\/\/blog.zeit.de\/joerglau\/2011\/10\/26\/pakistans-kampf-gegen-den-terrorismus_5169\" \/>\n<meta property=\"og:locale\" content=\"de_DE\" \/>\n<meta property=\"og:type\" content=\"article\" \/>\n<meta property=\"og:title\" content=\"Pakistans Kampf gegen den Terrorismus - J\u00f6rg Lau\" \/>\n<meta property=\"og:description\" content=\"Heute morgen gab es ein interessantes Hintergrundgespr\u00e4ch mit pakistanischen Milit\u00e4rs, Geheimdienstlern \u00a0und Politikern in Berlin. Es ging um die Sicherheitsinteressen des Landes, insbesondere im Bezug auf Afghanistan. Major General Ghayur Mahmood, der selber 2 Jahre lang eine Infanterie-Brigade in Nord Wasiristan kommandiert hat, f\u00fchrte das Wort. F\u00fcr mich war es interessant zu h\u00f6ren, wie sehr [&hellip;]\" \/>\n<meta property=\"og:url\" content=\"https:\/\/blog.zeit.de\/joerglau\/2011\/10\/26\/pakistans-kampf-gegen-den-terrorismus_5169\" \/>\n<meta property=\"og:site_name\" content=\"J\u00f6rg Lau\" \/>\n<meta property=\"article:published_time\" content=\"2011-10-26T15:34:15+00:00\" \/>\n<meta name=\"author\" content=\"J\u00f6rg Lau\" \/>\n<meta name=\"twitter:card\" content=\"summary_large_image\" \/>\n<meta name=\"twitter:label1\" content=\"Geschrieben von\" \/>\n\t<meta name=\"twitter:data1\" content=\"J\u00f6rg Lau\" \/>\n\t<meta name=\"twitter:label2\" content=\"Gesch\u00e4tzte Lesezeit\" \/>\n\t<meta name=\"twitter:data2\" content=\"3\u00a0Minuten\" \/>\n<script type=\"application\/ld+json\" class=\"yoast-schema-graph\">{\"@context\":\"https:\/\/schema.org\",\"@graph\":[{\"@type\":\"WebPage\",\"@id\":\"https:\/\/blog.zeit.de\/joerglau\/2011\/10\/26\/pakistans-kampf-gegen-den-terrorismus_5169\",\"url\":\"https:\/\/blog.zeit.de\/joerglau\/2011\/10\/26\/pakistans-kampf-gegen-den-terrorismus_5169\",\"name\":\"Pakistans Kampf gegen den Terrorismus - J\u00f6rg Lau\",\"isPartOf\":{\"@id\":\"https:\/\/blog.zeit.de\/joerglau\/#website\"},\"datePublished\":\"2011-10-26T15:34:15+00:00\",\"dateModified\":\"2011-10-26T15:34:15+00:00\",\"author\":{\"@id\":\"https:\/\/blog.zeit.de\/joerglau\/#\/schema\/person\/55f0be9bfac24815791fbc852b042f57\"},\"breadcrumb\":{\"@id\":\"https:\/\/blog.zeit.de\/joerglau\/2011\/10\/26\/pakistans-kampf-gegen-den-terrorismus_5169#breadcrumb\"},\"inLanguage\":\"de\",\"potentialAction\":[{\"@type\":\"ReadAction\",\"target\":[\"https:\/\/blog.zeit.de\/joerglau\/2011\/10\/26\/pakistans-kampf-gegen-den-terrorismus_5169\"]}]},{\"@type\":\"BreadcrumbList\",\"@id\":\"https:\/\/blog.zeit.de\/joerglau\/2011\/10\/26\/pakistans-kampf-gegen-den-terrorismus_5169#breadcrumb\",\"itemListElement\":[{\"@type\":\"ListItem\",\"position\":1,\"name\":\"Startseite\",\"item\":\"https:\/\/blog.zeit.de\/joerglau\"},{\"@type\":\"ListItem\",\"position\":2,\"name\":\"Pakistans Kampf gegen den Terrorismus\"}]},{\"@type\":\"WebSite\",\"@id\":\"https:\/\/blog.zeit.de\/joerglau\/#website\",\"url\":\"https:\/\/blog.zeit.de\/joerglau\/\",\"name\":\"J\u00f6rg Lau\",\"description\":\"Ein Blog \u00fcber Religion und Politik\",\"potentialAction\":[{\"@type\":\"SearchAction\",\"target\":{\"@type\":\"EntryPoint\",\"urlTemplate\":\"https:\/\/blog.zeit.de\/joerglau\/?s={search_term_string}\"},\"query-input\":\"required name=search_term_string\"}],\"inLanguage\":\"de\"},{\"@type\":\"Person\",\"@id\":\"https:\/\/blog.zeit.de\/joerglau\/#\/schema\/person\/55f0be9bfac24815791fbc852b042f57\",\"name\":\"J\u00f6rg Lau\",\"image\":{\"@type\":\"ImageObject\",\"inLanguage\":\"de\",\"@id\":\"https:\/\/blog.zeit.de\/joerglau\/#\/schema\/person\/image\/\",\"url\":\"https:\/\/secure.gravatar.com\/avatar\/a5fe39bf4f5335b8bac36eefa0b41467221b1598bfea5f05159a0199e391eed0?s=96&d=mm&r=g\",\"contentUrl\":\"https:\/\/secure.gravatar.com\/avatar\/a5fe39bf4f5335b8bac36eefa0b41467221b1598bfea5f05159a0199e391eed0?s=96&d=mm&r=g\",\"caption\":\"J\u00f6rg Lau\"},\"url\":\"https:\/\/blog.zeit.de\/joerglau\/author\/joerg-lau\"}]}<\/script>\n<!-- \/ Yoast SEO plugin. -->","yoast_head_json":{"title":"Pakistans Kampf gegen den Terrorismus - J\u00f6rg Lau","robots":{"index":"index","follow":"follow","max-snippet":"max-snippet:-1","max-image-preview":"max-image-preview:large","max-video-preview":"max-video-preview:-1"},"canonical":"https:\/\/blog.zeit.de\/joerglau\/2011\/10\/26\/pakistans-kampf-gegen-den-terrorismus_5169","og_locale":"de_DE","og_type":"article","og_title":"Pakistans Kampf gegen den Terrorismus - J\u00f6rg Lau","og_description":"Heute morgen gab es ein interessantes Hintergrundgespr\u00e4ch mit pakistanischen Milit\u00e4rs, Geheimdienstlern \u00a0und Politikern in Berlin. Es ging um die Sicherheitsinteressen des Landes, insbesondere im Bezug auf Afghanistan. Major General Ghayur Mahmood, der selber 2 Jahre lang eine Infanterie-Brigade in Nord Wasiristan kommandiert hat, f\u00fchrte das Wort. F\u00fcr mich war es interessant zu h\u00f6ren, wie sehr [&hellip;]","og_url":"https:\/\/blog.zeit.de\/joerglau\/2011\/10\/26\/pakistans-kampf-gegen-den-terrorismus_5169","og_site_name":"J\u00f6rg Lau","article_published_time":"2011-10-26T15:34:15+00:00","author":"J\u00f6rg Lau","twitter_card":"summary_large_image","twitter_misc":{"Geschrieben von":"J\u00f6rg Lau","Gesch\u00e4tzte Lesezeit":"3\u00a0Minuten"},"schema":{"@context":"https:\/\/schema.org","@graph":[{"@type":"WebPage","@id":"https:\/\/blog.zeit.de\/joerglau\/2011\/10\/26\/pakistans-kampf-gegen-den-terrorismus_5169","url":"https:\/\/blog.zeit.de\/joerglau\/2011\/10\/26\/pakistans-kampf-gegen-den-terrorismus_5169","name":"Pakistans Kampf gegen den Terrorismus - J\u00f6rg Lau","isPartOf":{"@id":"https:\/\/blog.zeit.de\/joerglau\/#website"},"datePublished":"2011-10-26T15:34:15+00:00","dateModified":"2011-10-26T15:34:15+00:00","author":{"@id":"https:\/\/blog.zeit.de\/joerglau\/#\/schema\/person\/55f0be9bfac24815791fbc852b042f57"},"breadcrumb":{"@id":"https:\/\/blog.zeit.de\/joerglau\/2011\/10\/26\/pakistans-kampf-gegen-den-terrorismus_5169#breadcrumb"},"inLanguage":"de","potentialAction":[{"@type":"ReadAction","target":["https:\/\/blog.zeit.de\/joerglau\/2011\/10\/26\/pakistans-kampf-gegen-den-terrorismus_5169"]}]},{"@type":"BreadcrumbList","@id":"https:\/\/blog.zeit.de\/joerglau\/2011\/10\/26\/pakistans-kampf-gegen-den-terrorismus_5169#breadcrumb","itemListElement":[{"@type":"ListItem","position":1,"name":"Startseite","item":"https:\/\/blog.zeit.de\/joerglau"},{"@type":"ListItem","position":2,"name":"Pakistans Kampf gegen den Terrorismus"}]},{"@type":"WebSite","@id":"https:\/\/blog.zeit.de\/joerglau\/#website","url":"https:\/\/blog.zeit.de\/joerglau\/","name":"J\u00f6rg Lau","description":"Ein Blog \u00fcber Religion und Politik","potentialAction":[{"@type":"SearchAction","target":{"@type":"EntryPoint","urlTemplate":"https:\/\/blog.zeit.de\/joerglau\/?s={search_term_string}"},"query-input":"required name=search_term_string"}],"inLanguage":"de"},{"@type":"Person","@id":"https:\/\/blog.zeit.de\/joerglau\/#\/schema\/person\/55f0be9bfac24815791fbc852b042f57","name":"J\u00f6rg Lau","image":{"@type":"ImageObject","inLanguage":"de","@id":"https:\/\/blog.zeit.de\/joerglau\/#\/schema\/person\/image\/","url":"https:\/\/secure.gravatar.com\/avatar\/a5fe39bf4f5335b8bac36eefa0b41467221b1598bfea5f05159a0199e391eed0?s=96&d=mm&r=g","contentUrl":"https:\/\/secure.gravatar.com\/avatar\/a5fe39bf4f5335b8bac36eefa0b41467221b1598bfea5f05159a0199e391eed0?s=96&d=mm&r=g","caption":"J\u00f6rg Lau"},"url":"https:\/\/blog.zeit.de\/joerglau\/author\/joerg-lau"}]}},"jetpack_featured_media_url":"","jetpack_sharing_enabled":true,"jetpack_shortlink":"https:\/\/wp.me\/pG02W-1ln","_links":{"self":[{"href":"https:\/\/blog.zeit.de\/joerglau\/wp-json\/wp\/v2\/posts\/5169","targetHints":{"allow":["GET"]}}],"collection":[{"href":"https:\/\/blog.zeit.de\/joerglau\/wp-json\/wp\/v2\/posts"}],"about":[{"href":"https:\/\/blog.zeit.de\/joerglau\/wp-json\/wp\/v2\/types\/post"}],"author":[{"embeddable":true,"href":"https:\/\/blog.zeit.de\/joerglau\/wp-json\/wp\/v2\/users\/54"}],"replies":[{"embeddable":true,"href":"https:\/\/blog.zeit.de\/joerglau\/wp-json\/wp\/v2\/comments?post=5169"}],"version-history":[{"count":1,"href":"https:\/\/blog.zeit.de\/joerglau\/wp-json\/wp\/v2\/posts\/5169\/revisions"}],"predecessor-version":[{"id":5170,"href":"https:\/\/blog.zeit.de\/joerglau\/wp-json\/wp\/v2\/posts\/5169\/revisions\/5170"}],"wp:attachment":[{"href":"https:\/\/blog.zeit.de\/joerglau\/wp-json\/wp\/v2\/media?parent=5169"}],"wp:term":[{"taxonomy":"category","embeddable":true,"href":"https:\/\/blog.zeit.de\/joerglau\/wp-json\/wp\/v2\/categories?post=5169"},{"taxonomy":"post_tag","embeddable":true,"href":"https:\/\/blog.zeit.de\/joerglau\/wp-json\/wp\/v2\/tags?post=5169"}],"curies":[{"name":"wp","href":"https:\/\/api.w.org\/{rel}","templated":true}]}}