{"id":5328,"date":"2012-01-04T10:03:34","date_gmt":"2012-01-04T09:03:34","guid":{"rendered":"http:\/\/blog.zeit.de\/joerglau\/?p=5328"},"modified":"2012-01-04T10:04:07","modified_gmt":"2012-01-04T09:04:07","slug":"neue-gewalt-gegen-christen-und-jeziden-im-irak","status":"publish","type":"post","link":"https:\/\/blog.zeit.de\/joerglau\/2012\/01\/04\/neue-gewalt-gegen-christen-und-jeziden-im-irak_5328","title":{"rendered":"Neue islamistische Gewalt gegen Christen und Jeziden im Irak"},"content":{"rendered":"<p><em>Aus dem irakischen Norden, der bisher ein sicherer Hafen f\u00fcr die bedr\u00e4ngten Christen im Irak zu sein schien, erreichen mich beunruhigende Berichte. Der Autor, der mir pers\u00f6nlich bekannt ist, will aus Gr\u00fcnden der pers\u00f6nlichen Sicherheit nicht genannt werden. Die erw\u00e4hnten Ereignisse wurden auch von der <a href=\"http:\/\/www.gfbv.de\/pressemit.php?id=2958\">Gesellschaft f\u00fcr bedrohte V\u00f6lker berichtet<\/a>. In deutschen Medien fanden sie bisher kaum Erw\u00e4hnung (<a href=\"http:\/\/www.guardian.co.uk\/commentisfree\/2011\/dec\/24\/iraq-minorities-assyrians?newsfeed=true\">hier<\/a> ein Bericht des Guardian).<\/em> Im folgenden dokumentiere ich den Text meines Bekannten:<\/p>\n<p>Christians and Yezidis in Kurdistan Region (KR) in Iraq were stunned on Friday 2 Dec 2011, by attacks on their businesses, religious and social institutions.<\/p>\n<p>The attacks began by an apparently small demonstration by young men who, incited by a Mosque Imam, soon turned violent and went on the rampage destroying and burning cosmetic and make-up shops, hotels, alcohol shops belonging to Christian and Yezidi owners downtown the city of Zakho on the Iraqi Turkish borders.<\/p>\n<p>The demonstration soon swelled into a huge angry crowd that headed to the Christian Quarter in the town destroying alcohol shops and other properties belonging to Christians under the watching eyes of hundreds of angry and defiant onlookers.<\/p>\n<p>Once perhaps the only safe haven for the Christian community and other ethnic minorities in Iraq in the aftermath of the last regime change, Kurdistan Region (KR) was swept away by the tides of violence against this indigenous community in Iraq.<\/p>\n<p>There were similar attacks in the city of Duhok the centre of Duhok Governorate, Sumeil the site of the 1933 massacre of Christians, the Christian village of Sheuz about 10km to the north west of Duhok, and other villages in what seemed to be coordinated and well-planned attacks.<\/p>\n<p>Following many years of relatively peaceful coexistence in KR, the ethnic minorities in the region are once again caught in between political bickering and a growing extremist theocratic ideology as has always been the case throughout its history in Mesopotamia.<\/p>\n<p>It was shocking to see footage of films and pictures run on the local TV stations showing young men causing havoc with no one to keep them at bay.<br \/>\nThe recent and unprecedented sudden upsurge in violence against Christians and Yezidis in (KR) has sent the shivers down the spine of the members of these communities.<\/p>\n<p><a href=\"https:\/\/blog.zeit.de\/joerglau\/files\/2012\/01\/Zakho-2.jpg\"><img loading=\"lazy\" decoding=\"async\" class=\"alignnone size-medium wp-image-5330\" src=\"https:\/\/blog.zeit.de\/joerglau\/files\/2012\/01\/Zakho-2-300x266.jpg\" alt=\"\" width=\"300\" height=\"266\" srcset=\"https:\/\/blog.zeit.de\/joerglau\/files\/2012\/01\/Zakho-2-300x266.jpg 300w, https:\/\/blog.zeit.de\/joerglau\/files\/2012\/01\/Zakho-2.jpg 540w\" sizes=\"auto, (max-width: 300px) 100vw, 300px\" \/><\/a><\/p>\n<p>More shocking and surprising still was the ease and freedom with which the attacks were carried out &#8211; questioning the future of the values of a fledgling democracy, tolerance and coexistence in the region.<\/p>\n<p>The village of Sheuz was attacked by some 400 men in private cars who destroyed and set to fire alcohol warehouses belonging to Christians in the village.<br \/>\n\u201cAfter destroying and burning the stores, attackers loaded their cars with undamaged containers of alcohol and drove away\u201d, said an eye-witness.<\/p>\n<p>For such attacks to happen in KR raises the questions as to who is behind mobilizing and inciting such big multitudes of young men and what is really happening behind doors and how are the defenseless and peaceful ethnic communities in the region to face such situations.<\/p>\n<p>The prospect of the total disappearance of this already endangered ethnic community along with other non-Muslim ethnic communities such as Yezidis and Sabaites, from the social fabric of the Iraqi society seems to be looming large.<\/p>\n<p>It was not clear why it took the local authorities quite some time to bring the situation under control.<\/p>\n<p>During President Barzani\u2019s visit to the town, and in a defiant gesture, leaflets were given out to people in Zakho threatening, \u201c if you ever reopen, we will kill you and let your defenders come to your rescue\u201d. Others, meanwhile, attacked other Christian villages in the village of Derabun.<\/p>\n<p><a href=\"https:\/\/blog.zeit.de\/joerglau\/files\/2012\/01\/Zakho.jpg\"><img loading=\"lazy\" decoding=\"async\" class=\"alignnone size-medium wp-image-5329\" src=\"https:\/\/blog.zeit.de\/joerglau\/files\/2012\/01\/Zakho-300x220.jpg\" alt=\"\" width=\"300\" height=\"220\" srcset=\"https:\/\/blog.zeit.de\/joerglau\/files\/2012\/01\/Zakho-300x220.jpg 300w, https:\/\/blog.zeit.de\/joerglau\/files\/2012\/01\/Zakho.jpg 600w\" sizes=\"auto, (max-width: 300px) 100vw, 300px\" \/><\/a><\/p>\n<p><em>&#8222;We hereby caution all alcohol-shop owners that anyone who re-opens will have only to blame themselves, for this action will be coupled with death.&#8220;<\/em><\/p>\n<p>Strict security measures were later taken to protect Christians in Kurdistan ahead of Christmas celebrations.<\/p>\n<p>However, an aura of anxiety and fear haunts the minds and hearts of the non-Muslim ethnic communities living in the region.<\/p>\n<p>It remains to be seen for how long can these communities survive and go on about their ordinary lives under government protection.<\/p>\n<p>The Christian community political parties and organizations have been demanding an autonomous region in (KR) whose draft constitution (article 35) has provided for the creation of such an autonomous region, as well as a governorate in areas of the Plain of Nineveh where there is a majority of non-Muslim ethnic communities.<\/p>\n<p>The question is if such demands will ever be realized on the ground before the last Christian leaves Iraq in the foreseeable future.<\/p>\n","protected":false},"excerpt":{"rendered":"<p>Aus dem irakischen Norden, der bisher ein sicherer Hafen f\u00fcr die bedr\u00e4ngten Christen im Irak zu sein schien, erreichen mich beunruhigende Berichte. Der Autor, der mir pers\u00f6nlich bekannt ist, will aus Gr\u00fcnden der pers\u00f6nlichen Sicherheit nicht genannt werden. Die erw\u00e4hnten Ereignisse wurden auch von der Gesellschaft f\u00fcr bedrohte V\u00f6lker berichtet. In deutschen Medien fanden sie [&hellip;]<\/p>\n","protected":false},"author":54,"featured_media":0,"comment_status":"open","ping_status":"closed","sticky":false,"template":"","format":"standard","meta":{"jetpack_post_was_ever_published":false,"footnotes":""},"categories":[165,170],"tags":[15795,28873,15706,15797,15796,1742],"class_list":["post-5328","post","type-post","status-publish","format-standard","hentry","category-irak","category-menschenrechte","tag-christenverfolgung","tag-irak","tag-islamisten","tag-jeziden","tag-kurdistan","tag-pogrom"],"yoast_head":"<!-- This site is optimized with the Yoast SEO plugin v21.0 - https:\/\/yoast.com\/wordpress\/plugins\/seo\/ -->\n<title>Neue islamistische Gewalt gegen Christen und Jeziden im Irak - J\u00f6rg Lau<\/title>\n<meta name=\"robots\" content=\"index, follow, max-snippet:-1, max-image-preview:large, max-video-preview:-1\" \/>\n<link rel=\"canonical\" href=\"https:\/\/blog.zeit.de\/joerglau\/2012\/01\/04\/neue-gewalt-gegen-christen-und-jeziden-im-irak_5328\" \/>\n<meta property=\"og:locale\" content=\"de_DE\" \/>\n<meta property=\"og:type\" content=\"article\" \/>\n<meta property=\"og:title\" content=\"Neue islamistische Gewalt gegen Christen und Jeziden im Irak - J\u00f6rg Lau\" \/>\n<meta property=\"og:description\" content=\"Aus dem irakischen Norden, der bisher ein sicherer Hafen f\u00fcr die bedr\u00e4ngten Christen im Irak zu sein schien, erreichen mich beunruhigende Berichte. Der Autor, der mir pers\u00f6nlich bekannt ist, will aus Gr\u00fcnden der pers\u00f6nlichen Sicherheit nicht genannt werden. Die erw\u00e4hnten Ereignisse wurden auch von der Gesellschaft f\u00fcr bedrohte V\u00f6lker berichtet. In deutschen Medien fanden sie [&hellip;]\" \/>\n<meta property=\"og:url\" content=\"https:\/\/blog.zeit.de\/joerglau\/2012\/01\/04\/neue-gewalt-gegen-christen-und-jeziden-im-irak_5328\" \/>\n<meta property=\"og:site_name\" content=\"J\u00f6rg Lau\" \/>\n<meta property=\"article:published_time\" content=\"2012-01-04T09:03:34+00:00\" \/>\n<meta property=\"article:modified_time\" content=\"2012-01-04T09:04:07+00:00\" \/>\n<meta property=\"og:image\" content=\"https:\/\/blog.zeit.de\/joerglau\/files\/2012\/01\/Zakho-2-300x266.jpg\" \/>\n<meta name=\"author\" content=\"J\u00f6rg Lau\" \/>\n<meta name=\"twitter:card\" content=\"summary_large_image\" \/>\n<meta name=\"twitter:label1\" content=\"Geschrieben von\" \/>\n\t<meta name=\"twitter:data1\" content=\"J\u00f6rg Lau\" \/>\n\t<meta name=\"twitter:label2\" content=\"Gesch\u00e4tzte Lesezeit\" \/>\n\t<meta name=\"twitter:data2\" content=\"4\u00a0Minuten\" \/>\n<script type=\"application\/ld+json\" class=\"yoast-schema-graph\">{\"@context\":\"https:\/\/schema.org\",\"@graph\":[{\"@type\":\"WebPage\",\"@id\":\"https:\/\/blog.zeit.de\/joerglau\/2012\/01\/04\/neue-gewalt-gegen-christen-und-jeziden-im-irak_5328\",\"url\":\"https:\/\/blog.zeit.de\/joerglau\/2012\/01\/04\/neue-gewalt-gegen-christen-und-jeziden-im-irak_5328\",\"name\":\"Neue islamistische Gewalt gegen Christen und Jeziden im Irak - J\u00f6rg Lau\",\"isPartOf\":{\"@id\":\"https:\/\/blog.zeit.de\/joerglau\/#website\"},\"datePublished\":\"2012-01-04T09:03:34+00:00\",\"dateModified\":\"2012-01-04T09:04:07+00:00\",\"author\":{\"@id\":\"https:\/\/blog.zeit.de\/joerglau\/#\/schema\/person\/55f0be9bfac24815791fbc852b042f57\"},\"breadcrumb\":{\"@id\":\"https:\/\/blog.zeit.de\/joerglau\/2012\/01\/04\/neue-gewalt-gegen-christen-und-jeziden-im-irak_5328#breadcrumb\"},\"inLanguage\":\"de\",\"potentialAction\":[{\"@type\":\"ReadAction\",\"target\":[\"https:\/\/blog.zeit.de\/joerglau\/2012\/01\/04\/neue-gewalt-gegen-christen-und-jeziden-im-irak_5328\"]}]},{\"@type\":\"BreadcrumbList\",\"@id\":\"https:\/\/blog.zeit.de\/joerglau\/2012\/01\/04\/neue-gewalt-gegen-christen-und-jeziden-im-irak_5328#breadcrumb\",\"itemListElement\":[{\"@type\":\"ListItem\",\"position\":1,\"name\":\"Startseite\",\"item\":\"https:\/\/blog.zeit.de\/joerglau\"},{\"@type\":\"ListItem\",\"position\":2,\"name\":\"Neue islamistische Gewalt gegen Christen und Jeziden im Irak\"}]},{\"@type\":\"WebSite\",\"@id\":\"https:\/\/blog.zeit.de\/joerglau\/#website\",\"url\":\"https:\/\/blog.zeit.de\/joerglau\/\",\"name\":\"J\u00f6rg Lau\",\"description\":\"Ein Blog \u00fcber Religion und Politik\",\"potentialAction\":[{\"@type\":\"SearchAction\",\"target\":{\"@type\":\"EntryPoint\",\"urlTemplate\":\"https:\/\/blog.zeit.de\/joerglau\/?s={search_term_string}\"},\"query-input\":\"required name=search_term_string\"}],\"inLanguage\":\"de\"},{\"@type\":\"Person\",\"@id\":\"https:\/\/blog.zeit.de\/joerglau\/#\/schema\/person\/55f0be9bfac24815791fbc852b042f57\",\"name\":\"J\u00f6rg Lau\",\"image\":{\"@type\":\"ImageObject\",\"inLanguage\":\"de\",\"@id\":\"https:\/\/blog.zeit.de\/joerglau\/#\/schema\/person\/image\/\",\"url\":\"https:\/\/secure.gravatar.com\/avatar\/a5fe39bf4f5335b8bac36eefa0b41467221b1598bfea5f05159a0199e391eed0?s=96&d=mm&r=g\",\"contentUrl\":\"https:\/\/secure.gravatar.com\/avatar\/a5fe39bf4f5335b8bac36eefa0b41467221b1598bfea5f05159a0199e391eed0?s=96&d=mm&r=g\",\"caption\":\"J\u00f6rg Lau\"},\"url\":\"https:\/\/blog.zeit.de\/joerglau\/author\/joerg-lau\"}]}<\/script>\n<!-- \/ Yoast SEO plugin. -->","yoast_head_json":{"title":"Neue islamistische Gewalt gegen Christen und Jeziden im Irak - J\u00f6rg Lau","robots":{"index":"index","follow":"follow","max-snippet":"max-snippet:-1","max-image-preview":"max-image-preview:large","max-video-preview":"max-video-preview:-1"},"canonical":"https:\/\/blog.zeit.de\/joerglau\/2012\/01\/04\/neue-gewalt-gegen-christen-und-jeziden-im-irak_5328","og_locale":"de_DE","og_type":"article","og_title":"Neue islamistische Gewalt gegen Christen und Jeziden im Irak - J\u00f6rg Lau","og_description":"Aus dem irakischen Norden, der bisher ein sicherer Hafen f\u00fcr die bedr\u00e4ngten Christen im Irak zu sein schien, erreichen mich beunruhigende Berichte. Der Autor, der mir pers\u00f6nlich bekannt ist, will aus Gr\u00fcnden der pers\u00f6nlichen Sicherheit nicht genannt werden. Die erw\u00e4hnten Ereignisse wurden auch von der Gesellschaft f\u00fcr bedrohte V\u00f6lker berichtet. In deutschen Medien fanden sie [&hellip;]","og_url":"https:\/\/blog.zeit.de\/joerglau\/2012\/01\/04\/neue-gewalt-gegen-christen-und-jeziden-im-irak_5328","og_site_name":"J\u00f6rg Lau","article_published_time":"2012-01-04T09:03:34+00:00","article_modified_time":"2012-01-04T09:04:07+00:00","og_image":[{"url":"https:\/\/blog.zeit.de\/joerglau\/files\/2012\/01\/Zakho-2-300x266.jpg"}],"author":"J\u00f6rg Lau","twitter_card":"summary_large_image","twitter_misc":{"Geschrieben von":"J\u00f6rg Lau","Gesch\u00e4tzte Lesezeit":"4\u00a0Minuten"},"schema":{"@context":"https:\/\/schema.org","@graph":[{"@type":"WebPage","@id":"https:\/\/blog.zeit.de\/joerglau\/2012\/01\/04\/neue-gewalt-gegen-christen-und-jeziden-im-irak_5328","url":"https:\/\/blog.zeit.de\/joerglau\/2012\/01\/04\/neue-gewalt-gegen-christen-und-jeziden-im-irak_5328","name":"Neue islamistische Gewalt gegen Christen und Jeziden im Irak - J\u00f6rg Lau","isPartOf":{"@id":"https:\/\/blog.zeit.de\/joerglau\/#website"},"datePublished":"2012-01-04T09:03:34+00:00","dateModified":"2012-01-04T09:04:07+00:00","author":{"@id":"https:\/\/blog.zeit.de\/joerglau\/#\/schema\/person\/55f0be9bfac24815791fbc852b042f57"},"breadcrumb":{"@id":"https:\/\/blog.zeit.de\/joerglau\/2012\/01\/04\/neue-gewalt-gegen-christen-und-jeziden-im-irak_5328#breadcrumb"},"inLanguage":"de","potentialAction":[{"@type":"ReadAction","target":["https:\/\/blog.zeit.de\/joerglau\/2012\/01\/04\/neue-gewalt-gegen-christen-und-jeziden-im-irak_5328"]}]},{"@type":"BreadcrumbList","@id":"https:\/\/blog.zeit.de\/joerglau\/2012\/01\/04\/neue-gewalt-gegen-christen-und-jeziden-im-irak_5328#breadcrumb","itemListElement":[{"@type":"ListItem","position":1,"name":"Startseite","item":"https:\/\/blog.zeit.de\/joerglau"},{"@type":"ListItem","position":2,"name":"Neue islamistische Gewalt gegen Christen und Jeziden im Irak"}]},{"@type":"WebSite","@id":"https:\/\/blog.zeit.de\/joerglau\/#website","url":"https:\/\/blog.zeit.de\/joerglau\/","name":"J\u00f6rg Lau","description":"Ein Blog \u00fcber Religion und Politik","potentialAction":[{"@type":"SearchAction","target":{"@type":"EntryPoint","urlTemplate":"https:\/\/blog.zeit.de\/joerglau\/?s={search_term_string}"},"query-input":"required name=search_term_string"}],"inLanguage":"de"},{"@type":"Person","@id":"https:\/\/blog.zeit.de\/joerglau\/#\/schema\/person\/55f0be9bfac24815791fbc852b042f57","name":"J\u00f6rg Lau","image":{"@type":"ImageObject","inLanguage":"de","@id":"https:\/\/blog.zeit.de\/joerglau\/#\/schema\/person\/image\/","url":"https:\/\/secure.gravatar.com\/avatar\/a5fe39bf4f5335b8bac36eefa0b41467221b1598bfea5f05159a0199e391eed0?s=96&d=mm&r=g","contentUrl":"https:\/\/secure.gravatar.com\/avatar\/a5fe39bf4f5335b8bac36eefa0b41467221b1598bfea5f05159a0199e391eed0?s=96&d=mm&r=g","caption":"J\u00f6rg Lau"},"url":"https:\/\/blog.zeit.de\/joerglau\/author\/joerg-lau"}]}},"jetpack_featured_media_url":"","jetpack_sharing_enabled":true,"jetpack_shortlink":"https:\/\/wp.me\/pG02W-1nW","_links":{"self":[{"href":"https:\/\/blog.zeit.de\/joerglau\/wp-json\/wp\/v2\/posts\/5328","targetHints":{"allow":["GET"]}}],"collection":[{"href":"https:\/\/blog.zeit.de\/joerglau\/wp-json\/wp\/v2\/posts"}],"about":[{"href":"https:\/\/blog.zeit.de\/joerglau\/wp-json\/wp\/v2\/types\/post"}],"author":[{"embeddable":true,"href":"https:\/\/blog.zeit.de\/joerglau\/wp-json\/wp\/v2\/users\/54"}],"replies":[{"embeddable":true,"href":"https:\/\/blog.zeit.de\/joerglau\/wp-json\/wp\/v2\/comments?post=5328"}],"version-history":[{"count":2,"href":"https:\/\/blog.zeit.de\/joerglau\/wp-json\/wp\/v2\/posts\/5328\/revisions"}],"predecessor-version":[{"id":5332,"href":"https:\/\/blog.zeit.de\/joerglau\/wp-json\/wp\/v2\/posts\/5328\/revisions\/5332"}],"wp:attachment":[{"href":"https:\/\/blog.zeit.de\/joerglau\/wp-json\/wp\/v2\/media?parent=5328"}],"wp:term":[{"taxonomy":"category","embeddable":true,"href":"https:\/\/blog.zeit.de\/joerglau\/wp-json\/wp\/v2\/categories?post=5328"},{"taxonomy":"post_tag","embeddable":true,"href":"https:\/\/blog.zeit.de\/joerglau\/wp-json\/wp\/v2\/tags?post=5328"}],"curies":[{"name":"wp","href":"https:\/\/api.w.org\/{rel}","templated":true}]}}