{"id":5456,"date":"2012-02-19T22:33:02","date_gmt":"2012-02-19T21:33:02","guid":{"rendered":"http:\/\/blog.zeit.de\/joerglau\/?p=5456"},"modified":"2012-02-23T13:40:28","modified_gmt":"2012-02-23T12:40:28","slug":"prasident-gauck-und-ich","status":"publish","type":"post","link":"https:\/\/blog.zeit.de\/joerglau\/2012\/02\/19\/prasident-gauck-und-ich_5456","title":{"rendered":"Pr\u00e4sident Gauck (und ich)"},"content":{"rendered":"<p>Vor ziemlich genau einem Jahr habe ich mit Joachim Gauck im SWR \u00fcber Zivilcourage heute debattiert. Damals war er an der Wahl zum Bundespr\u00e4sidenten gescheitert. Nun wird es wohl doch noch reichen.<\/p>\n<p>Ich freue mich dar\u00fcber.<\/p>\n<p>Von vielen wird Gauck unterdessen skeptisch gesehen, weil er Thilo Sarrazin &#8222;Mut&#8220; attestiert hat. Ich halte bekanntlich wenig von Sarrazin, aber ich finde es dennoch falsch, Gauck nun abzulehnen, weil er sich mit Sarrazin in dem Punkt identifiziert, dass er gegen den (vermeintlichen) Mainstream Stellung bezieht.<\/p>\n<p>Es w\u00e4re ungerecht, Gauck auf diese \u00c4u\u00dferung zu reduzieren. In einem ganz wertfreien Sinn hat er schlie\u00dflich Recht, dass Sarrazin Mut gezeigt hat. (\u00dcber Sinn und Unsinn seiner Thesen ist damit noch nichts gesagt.)<br \/>\nWie dem auch sei, Joachim Gauck ist einer, mit dem man \u00fcber solche Dinge streiten kann (anders als mit dem Sturkopf Sarrazin, der einfach nicht zuh\u00f6rt.)<br \/>\nHier kann man sich davon \u00fcberzeugen (wir waren uns erstaunlicher Weise \u00fcber einen t\u00fcrkischen jungen Mann aus Kreuzberg v\u00f6llig einig, den <a href=\"http:\/\/www.dradio.de\/dkultur\/sendungen\/thema\/1113812\/\">gro\u00dfartigen Aycan Demirel (ab 18:00<\/a>)):<\/p>\n<p><a href=\"http:\/\/swrmediathek.de\/player.htm?show=012c56c0-3b8f-11e0-95ef-0026b975f2e6\">SWR Debatte Zivilcourage<\/a><\/p>\n<p>&nbsp;<\/p>\n","protected":false},"excerpt":{"rendered":"<p>Vor ziemlich genau einem Jahr habe ich mit Joachim Gauck im SWR \u00fcber Zivilcourage heute debattiert. Damals war er an der Wahl zum Bundespr\u00e4sidenten gescheitert. Nun wird es wohl doch noch reichen. Ich freue mich dar\u00fcber. Von vielen wird Gauck unterdessen skeptisch gesehen, weil er Thilo Sarrazin &#8222;Mut&#8220; attestiert hat. Ich halte bekanntlich wenig von [&hellip;]<\/p>\n","protected":false},"author":54,"featured_media":0,"comment_status":"closed","ping_status":"closed","sticky":false,"template":"","format":"standard","meta":{"jetpack_post_was_ever_published":false,"footnotes":""},"categories":[155],"tags":[900,2298],"class_list":["post-5456","post","type-post","status-publish","format-standard","hentry","category-debatte","tag-bundesprasident","tag-joachim-gauck"],"yoast_head":"<!-- This site is optimized with the Yoast SEO plugin v21.0 - https:\/\/yoast.com\/wordpress\/plugins\/seo\/ -->\n<title>Pr\u00e4sident Gauck (und ich) - J\u00f6rg Lau<\/title>\n<meta name=\"robots\" content=\"index, follow, max-snippet:-1, max-image-preview:large, max-video-preview:-1\" \/>\n<link rel=\"canonical\" href=\"https:\/\/blog.zeit.de\/joerglau\/2012\/02\/19\/prasident-gauck-und-ich_5456\" \/>\n<meta property=\"og:locale\" content=\"de_DE\" \/>\n<meta property=\"og:type\" content=\"article\" \/>\n<meta property=\"og:title\" content=\"Pr\u00e4sident Gauck (und ich) - J\u00f6rg Lau\" \/>\n<meta property=\"og:description\" content=\"Vor ziemlich genau einem Jahr habe ich mit Joachim Gauck im SWR \u00fcber Zivilcourage heute debattiert. Damals war er an der Wahl zum Bundespr\u00e4sidenten gescheitert. Nun wird es wohl doch noch reichen. Ich freue mich dar\u00fcber. Von vielen wird Gauck unterdessen skeptisch gesehen, weil er Thilo Sarrazin &#8222;Mut&#8220; attestiert hat. Ich halte bekanntlich wenig von [&hellip;]\" \/>\n<meta property=\"og:url\" content=\"https:\/\/blog.zeit.de\/joerglau\/2012\/02\/19\/prasident-gauck-und-ich_5456\" \/>\n<meta property=\"og:site_name\" content=\"J\u00f6rg Lau\" \/>\n<meta property=\"article:published_time\" content=\"2012-02-19T21:33:02+00:00\" \/>\n<meta property=\"article:modified_time\" content=\"2012-02-23T12:40:28+00:00\" \/>\n<meta name=\"author\" content=\"J\u00f6rg Lau\" \/>\n<meta name=\"twitter:card\" content=\"summary_large_image\" \/>\n<meta name=\"twitter:label1\" content=\"Geschrieben von\" \/>\n\t<meta name=\"twitter:data1\" content=\"J\u00f6rg Lau\" \/>\n\t<meta name=\"twitter:label2\" content=\"Gesch\u00e4tzte Lesezeit\" \/>\n\t<meta name=\"twitter:data2\" content=\"1\u00a0Minute\" \/>\n<script type=\"application\/ld+json\" class=\"yoast-schema-graph\">{\"@context\":\"https:\/\/schema.org\",\"@graph\":[{\"@type\":\"WebPage\",\"@id\":\"https:\/\/blog.zeit.de\/joerglau\/2012\/02\/19\/prasident-gauck-und-ich_5456\",\"url\":\"https:\/\/blog.zeit.de\/joerglau\/2012\/02\/19\/prasident-gauck-und-ich_5456\",\"name\":\"Pr\u00e4sident Gauck (und ich) - J\u00f6rg Lau\",\"isPartOf\":{\"@id\":\"https:\/\/blog.zeit.de\/joerglau\/#website\"},\"datePublished\":\"2012-02-19T21:33:02+00:00\",\"dateModified\":\"2012-02-23T12:40:28+00:00\",\"author\":{\"@id\":\"https:\/\/blog.zeit.de\/joerglau\/#\/schema\/person\/55f0be9bfac24815791fbc852b042f57\"},\"breadcrumb\":{\"@id\":\"https:\/\/blog.zeit.de\/joerglau\/2012\/02\/19\/prasident-gauck-und-ich_5456#breadcrumb\"},\"inLanguage\":\"de\",\"potentialAction\":[{\"@type\":\"ReadAction\",\"target\":[\"https:\/\/blog.zeit.de\/joerglau\/2012\/02\/19\/prasident-gauck-und-ich_5456\"]}]},{\"@type\":\"BreadcrumbList\",\"@id\":\"https:\/\/blog.zeit.de\/joerglau\/2012\/02\/19\/prasident-gauck-und-ich_5456#breadcrumb\",\"itemListElement\":[{\"@type\":\"ListItem\",\"position\":1,\"name\":\"Startseite\",\"item\":\"https:\/\/blog.zeit.de\/joerglau\"},{\"@type\":\"ListItem\",\"position\":2,\"name\":\"Pr\u00e4sident Gauck (und ich)\"}]},{\"@type\":\"WebSite\",\"@id\":\"https:\/\/blog.zeit.de\/joerglau\/#website\",\"url\":\"https:\/\/blog.zeit.de\/joerglau\/\",\"name\":\"J\u00f6rg Lau\",\"description\":\"Ein Blog \u00fcber Religion und Politik\",\"potentialAction\":[{\"@type\":\"SearchAction\",\"target\":{\"@type\":\"EntryPoint\",\"urlTemplate\":\"https:\/\/blog.zeit.de\/joerglau\/?s={search_term_string}\"},\"query-input\":\"required name=search_term_string\"}],\"inLanguage\":\"de\"},{\"@type\":\"Person\",\"@id\":\"https:\/\/blog.zeit.de\/joerglau\/#\/schema\/person\/55f0be9bfac24815791fbc852b042f57\",\"name\":\"J\u00f6rg Lau\",\"image\":{\"@type\":\"ImageObject\",\"inLanguage\":\"de\",\"@id\":\"https:\/\/blog.zeit.de\/joerglau\/#\/schema\/person\/image\/\",\"url\":\"https:\/\/secure.gravatar.com\/avatar\/a5fe39bf4f5335b8bac36eefa0b41467221b1598bfea5f05159a0199e391eed0?s=96&d=mm&r=g\",\"contentUrl\":\"https:\/\/secure.gravatar.com\/avatar\/a5fe39bf4f5335b8bac36eefa0b41467221b1598bfea5f05159a0199e391eed0?s=96&d=mm&r=g\",\"caption\":\"J\u00f6rg Lau\"},\"url\":\"https:\/\/blog.zeit.de\/joerglau\/author\/joerg-lau\"}]}<\/script>\n<!-- \/ Yoast SEO plugin. -->","yoast_head_json":{"title":"Pr\u00e4sident Gauck (und ich) - J\u00f6rg Lau","robots":{"index":"index","follow":"follow","max-snippet":"max-snippet:-1","max-image-preview":"max-image-preview:large","max-video-preview":"max-video-preview:-1"},"canonical":"https:\/\/blog.zeit.de\/joerglau\/2012\/02\/19\/prasident-gauck-und-ich_5456","og_locale":"de_DE","og_type":"article","og_title":"Pr\u00e4sident Gauck (und ich) - J\u00f6rg Lau","og_description":"Vor ziemlich genau einem Jahr habe ich mit Joachim Gauck im SWR \u00fcber Zivilcourage heute debattiert. Damals war er an der Wahl zum Bundespr\u00e4sidenten gescheitert. Nun wird es wohl doch noch reichen. Ich freue mich dar\u00fcber. Von vielen wird Gauck unterdessen skeptisch gesehen, weil er Thilo Sarrazin &#8222;Mut&#8220; attestiert hat. Ich halte bekanntlich wenig von [&hellip;]","og_url":"https:\/\/blog.zeit.de\/joerglau\/2012\/02\/19\/prasident-gauck-und-ich_5456","og_site_name":"J\u00f6rg Lau","article_published_time":"2012-02-19T21:33:02+00:00","article_modified_time":"2012-02-23T12:40:28+00:00","author":"J\u00f6rg Lau","twitter_card":"summary_large_image","twitter_misc":{"Geschrieben von":"J\u00f6rg Lau","Gesch\u00e4tzte Lesezeit":"1\u00a0Minute"},"schema":{"@context":"https:\/\/schema.org","@graph":[{"@type":"WebPage","@id":"https:\/\/blog.zeit.de\/joerglau\/2012\/02\/19\/prasident-gauck-und-ich_5456","url":"https:\/\/blog.zeit.de\/joerglau\/2012\/02\/19\/prasident-gauck-und-ich_5456","name":"Pr\u00e4sident Gauck (und ich) - J\u00f6rg Lau","isPartOf":{"@id":"https:\/\/blog.zeit.de\/joerglau\/#website"},"datePublished":"2012-02-19T21:33:02+00:00","dateModified":"2012-02-23T12:40:28+00:00","author":{"@id":"https:\/\/blog.zeit.de\/joerglau\/#\/schema\/person\/55f0be9bfac24815791fbc852b042f57"},"breadcrumb":{"@id":"https:\/\/blog.zeit.de\/joerglau\/2012\/02\/19\/prasident-gauck-und-ich_5456#breadcrumb"},"inLanguage":"de","potentialAction":[{"@type":"ReadAction","target":["https:\/\/blog.zeit.de\/joerglau\/2012\/02\/19\/prasident-gauck-und-ich_5456"]}]},{"@type":"BreadcrumbList","@id":"https:\/\/blog.zeit.de\/joerglau\/2012\/02\/19\/prasident-gauck-und-ich_5456#breadcrumb","itemListElement":[{"@type":"ListItem","position":1,"name":"Startseite","item":"https:\/\/blog.zeit.de\/joerglau"},{"@type":"ListItem","position":2,"name":"Pr\u00e4sident Gauck (und ich)"}]},{"@type":"WebSite","@id":"https:\/\/blog.zeit.de\/joerglau\/#website","url":"https:\/\/blog.zeit.de\/joerglau\/","name":"J\u00f6rg Lau","description":"Ein Blog \u00fcber Religion und Politik","potentialAction":[{"@type":"SearchAction","target":{"@type":"EntryPoint","urlTemplate":"https:\/\/blog.zeit.de\/joerglau\/?s={search_term_string}"},"query-input":"required name=search_term_string"}],"inLanguage":"de"},{"@type":"Person","@id":"https:\/\/blog.zeit.de\/joerglau\/#\/schema\/person\/55f0be9bfac24815791fbc852b042f57","name":"J\u00f6rg Lau","image":{"@type":"ImageObject","inLanguage":"de","@id":"https:\/\/blog.zeit.de\/joerglau\/#\/schema\/person\/image\/","url":"https:\/\/secure.gravatar.com\/avatar\/a5fe39bf4f5335b8bac36eefa0b41467221b1598bfea5f05159a0199e391eed0?s=96&d=mm&r=g","contentUrl":"https:\/\/secure.gravatar.com\/avatar\/a5fe39bf4f5335b8bac36eefa0b41467221b1598bfea5f05159a0199e391eed0?s=96&d=mm&r=g","caption":"J\u00f6rg Lau"},"url":"https:\/\/blog.zeit.de\/joerglau\/author\/joerg-lau"}]}},"jetpack_featured_media_url":"","jetpack_sharing_enabled":true,"jetpack_shortlink":"https:\/\/wp.me\/pG02W-1q0","_links":{"self":[{"href":"https:\/\/blog.zeit.de\/joerglau\/wp-json\/wp\/v2\/posts\/5456","targetHints":{"allow":["GET"]}}],"collection":[{"href":"https:\/\/blog.zeit.de\/joerglau\/wp-json\/wp\/v2\/posts"}],"about":[{"href":"https:\/\/blog.zeit.de\/joerglau\/wp-json\/wp\/v2\/types\/post"}],"author":[{"embeddable":true,"href":"https:\/\/blog.zeit.de\/joerglau\/wp-json\/wp\/v2\/users\/54"}],"replies":[{"embeddable":true,"href":"https:\/\/blog.zeit.de\/joerglau\/wp-json\/wp\/v2\/comments?post=5456"}],"version-history":[{"count":5,"href":"https:\/\/blog.zeit.de\/joerglau\/wp-json\/wp\/v2\/posts\/5456\/revisions"}],"predecessor-version":[{"id":5474,"href":"https:\/\/blog.zeit.de\/joerglau\/wp-json\/wp\/v2\/posts\/5456\/revisions\/5474"}],"wp:attachment":[{"href":"https:\/\/blog.zeit.de\/joerglau\/wp-json\/wp\/v2\/media?parent=5456"}],"wp:term":[{"taxonomy":"category","embeddable":true,"href":"https:\/\/blog.zeit.de\/joerglau\/wp-json\/wp\/v2\/categories?post=5456"},{"taxonomy":"post_tag","embeddable":true,"href":"https:\/\/blog.zeit.de\/joerglau\/wp-json\/wp\/v2\/tags?post=5456"}],"curies":[{"name":"wp","href":"https:\/\/api.w.org\/{rel}","templated":true}]}}