{"id":5511,"date":"2012-03-15T14:09:16","date_gmt":"2012-03-15T13:09:16","guid":{"rendered":"http:\/\/blog.zeit.de\/joerglau\/?p=5511"},"modified":"2012-03-15T14:09:16","modified_gmt":"2012-03-15T13:09:16","slug":"korane-verbrennen-schlimmer-als-kinder-erschiesen","status":"publish","type":"post","link":"https:\/\/blog.zeit.de\/joerglau\/2012\/03\/15\/korane-verbrennen-schlimmer-als-kinder-erschiesen_5511","title":{"rendered":"Korane verbrennen &#8211; schlimmer als Kinder erschie\u00dfen?"},"content":{"rendered":"<p>So sieht es jedenfalls bisher aus, wenn man die Reaktionen in Afghanistan zugrundelegt &#8211; einmal der tagelange Demo-Rausch wegen der Koranverbrennungen vor einigen Wochen, und ein andermal die relative Ruhe nach dem Massaker des amerikanischen Soldaten an ganzen Familien.<\/p>\n<p>Rod Nordland geht in seinem St\u00fcck f\u00fcr die <a href=\"http:\/\/www.nytimes.com\/2012\/03\/15\/world\/asia\/disconnect-clear-in-us-bafflement-over-2-afghan-responses.html?_r=1&amp;hp=&amp;pagewanted=all\">New York Times<\/a> dieser Frage nach.<\/p>\n<blockquote><p>\u201cHow can you compare the dishonoring of the Holy Koran with the martyrdom of innocent civilians?\u201d said an incredulous Mullah Khaliq Dad, a member of the council of religious leaders who investigated <a title=\"Recent and archival news about the Koran.\" href=\"http:\/\/topics.nytimes.com\/top\/reference\/timestopics\/subjects\/k\/koran\/index.html?inline=nyt-classifier\">the Koran<\/a> burnings. \u201cThe whole goal of our life is religion.\u201d<\/p>\n<p>That many Americans are just as surprised that what appears to be the massacre of 16 people at the hands of an American soldier has not led to mass protests or revenge killings speaks volumes about a fundamental disconnect with their Afghan partners, one that has undermined a longstanding objective to win the hearts and minds of the population. After more than 10 years, many deaths and billions of dollars invested, Americans still fail to grasp the Afghans\u2019 basic values. Faith is paramount and a death can be compensated with blood money.<\/p>\n<p>\u201cTo Muslims, and especially to Afghans, religion is much higher a concern than civilian or human casualties,\u201d said Hafez Abdul Qayoom, a member of Afghanistan\u2019s highest clerical body, the Ulema Council. \u201cWhen something happens to their religion, they are much more sensitive and have much stronger reaction to it.\u201d<\/p>\n<p>The attack by a still unidentified United States Army soldier near his base in the Panjwai district, in southern Kandahar Province, has certainly infuriated Afghans and added to already strained relations. But the anger has been more polemical than violent \u2014 at least so far.<\/p><\/blockquote>\n<p>Hoffen wir, dass es auch so bleibt. Allerdings stellt sich auch hier wieder die Frage, ob es sinnvoll ist (war), mit der st\u00e4rksten Armee der Welt in einem Land mit derart anderen Vorstellungen von Ehre, Schuld und S\u00fchne derart lange Zeit zu vebringen in der Hoffnung, einen Wandel zu bewirken. Ob man sich, kurz gesagt, nicht besser schon fr\u00fcher auf Terrorbek\u00e4mpfung bzw. Containment und Entwicklungshilfe h\u00e4tte beschr\u00e4nken sollen.<\/p>\n<p>Spilt milk.<\/p>\n","protected":false},"excerpt":{"rendered":"<p>So sieht es jedenfalls bisher aus, wenn man die Reaktionen in Afghanistan zugrundelegt &#8211; einmal der tagelange Demo-Rausch wegen der Koranverbrennungen vor einigen Wochen, und ein andermal die relative Ruhe nach dem Massaker des amerikanischen Soldaten an ganzen Familien. Rod Nordland geht in seinem St\u00fcck f\u00fcr die New York Times dieser Frage nach. \u201cHow can [&hellip;]<\/p>\n","protected":false},"author":54,"featured_media":0,"comment_status":"open","ping_status":"closed","sticky":false,"template":"","format":"standard","meta":{"jetpack_post_was_ever_published":false,"footnotes":""},"categories":[151,152],"tags":[],"class_list":["post-5511","post","type-post","status-publish","format-standard","hentry","category-afghanistan","category-aussenpolitik"],"yoast_head":"<!-- This site is optimized with the Yoast SEO plugin v21.0 - https:\/\/yoast.com\/wordpress\/plugins\/seo\/ -->\n<title>Korane verbrennen - schlimmer als Kinder erschie\u00dfen? - J\u00f6rg Lau<\/title>\n<meta name=\"robots\" content=\"index, follow, max-snippet:-1, max-image-preview:large, max-video-preview:-1\" \/>\n<link rel=\"canonical\" href=\"https:\/\/blog.zeit.de\/joerglau\/2012\/03\/15\/korane-verbrennen-schlimmer-als-kinder-erschiesen_5511\" \/>\n<meta property=\"og:locale\" content=\"de_DE\" \/>\n<meta property=\"og:type\" content=\"article\" \/>\n<meta property=\"og:title\" content=\"Korane verbrennen - schlimmer als Kinder erschie\u00dfen? - J\u00f6rg Lau\" \/>\n<meta property=\"og:description\" content=\"So sieht es jedenfalls bisher aus, wenn man die Reaktionen in Afghanistan zugrundelegt &#8211; einmal der tagelange Demo-Rausch wegen der Koranverbrennungen vor einigen Wochen, und ein andermal die relative Ruhe nach dem Massaker des amerikanischen Soldaten an ganzen Familien. Rod Nordland geht in seinem St\u00fcck f\u00fcr die New York Times dieser Frage nach. \u201cHow can [&hellip;]\" \/>\n<meta property=\"og:url\" content=\"https:\/\/blog.zeit.de\/joerglau\/2012\/03\/15\/korane-verbrennen-schlimmer-als-kinder-erschiesen_5511\" \/>\n<meta property=\"og:site_name\" content=\"J\u00f6rg Lau\" \/>\n<meta property=\"article:published_time\" content=\"2012-03-15T13:09:16+00:00\" \/>\n<meta name=\"author\" content=\"J\u00f6rg Lau\" \/>\n<meta name=\"twitter:card\" content=\"summary_large_image\" \/>\n<meta name=\"twitter:label1\" content=\"Geschrieben von\" \/>\n\t<meta name=\"twitter:data1\" content=\"J\u00f6rg Lau\" \/>\n\t<meta name=\"twitter:label2\" content=\"Gesch\u00e4tzte Lesezeit\" \/>\n\t<meta name=\"twitter:data2\" content=\"2\u00a0Minuten\" \/>\n<script type=\"application\/ld+json\" class=\"yoast-schema-graph\">{\"@context\":\"https:\/\/schema.org\",\"@graph\":[{\"@type\":\"WebPage\",\"@id\":\"https:\/\/blog.zeit.de\/joerglau\/2012\/03\/15\/korane-verbrennen-schlimmer-als-kinder-erschiesen_5511\",\"url\":\"https:\/\/blog.zeit.de\/joerglau\/2012\/03\/15\/korane-verbrennen-schlimmer-als-kinder-erschiesen_5511\",\"name\":\"Korane verbrennen - schlimmer als Kinder erschie\u00dfen? - J\u00f6rg Lau\",\"isPartOf\":{\"@id\":\"https:\/\/blog.zeit.de\/joerglau\/#website\"},\"datePublished\":\"2012-03-15T13:09:16+00:00\",\"dateModified\":\"2012-03-15T13:09:16+00:00\",\"author\":{\"@id\":\"https:\/\/blog.zeit.de\/joerglau\/#\/schema\/person\/55f0be9bfac24815791fbc852b042f57\"},\"breadcrumb\":{\"@id\":\"https:\/\/blog.zeit.de\/joerglau\/2012\/03\/15\/korane-verbrennen-schlimmer-als-kinder-erschiesen_5511#breadcrumb\"},\"inLanguage\":\"de\",\"potentialAction\":[{\"@type\":\"ReadAction\",\"target\":[\"https:\/\/blog.zeit.de\/joerglau\/2012\/03\/15\/korane-verbrennen-schlimmer-als-kinder-erschiesen_5511\"]}]},{\"@type\":\"BreadcrumbList\",\"@id\":\"https:\/\/blog.zeit.de\/joerglau\/2012\/03\/15\/korane-verbrennen-schlimmer-als-kinder-erschiesen_5511#breadcrumb\",\"itemListElement\":[{\"@type\":\"ListItem\",\"position\":1,\"name\":\"Startseite\",\"item\":\"https:\/\/blog.zeit.de\/joerglau\"},{\"@type\":\"ListItem\",\"position\":2,\"name\":\"Korane verbrennen &#8211; schlimmer als Kinder erschie\u00dfen?\"}]},{\"@type\":\"WebSite\",\"@id\":\"https:\/\/blog.zeit.de\/joerglau\/#website\",\"url\":\"https:\/\/blog.zeit.de\/joerglau\/\",\"name\":\"J\u00f6rg Lau\",\"description\":\"Ein Blog \u00fcber Religion und Politik\",\"potentialAction\":[{\"@type\":\"SearchAction\",\"target\":{\"@type\":\"EntryPoint\",\"urlTemplate\":\"https:\/\/blog.zeit.de\/joerglau\/?s={search_term_string}\"},\"query-input\":\"required name=search_term_string\"}],\"inLanguage\":\"de\"},{\"@type\":\"Person\",\"@id\":\"https:\/\/blog.zeit.de\/joerglau\/#\/schema\/person\/55f0be9bfac24815791fbc852b042f57\",\"name\":\"J\u00f6rg Lau\",\"image\":{\"@type\":\"ImageObject\",\"inLanguage\":\"de\",\"@id\":\"https:\/\/blog.zeit.de\/joerglau\/#\/schema\/person\/image\/\",\"url\":\"https:\/\/secure.gravatar.com\/avatar\/a5fe39bf4f5335b8bac36eefa0b41467221b1598bfea5f05159a0199e391eed0?s=96&d=mm&r=g\",\"contentUrl\":\"https:\/\/secure.gravatar.com\/avatar\/a5fe39bf4f5335b8bac36eefa0b41467221b1598bfea5f05159a0199e391eed0?s=96&d=mm&r=g\",\"caption\":\"J\u00f6rg Lau\"},\"url\":\"https:\/\/blog.zeit.de\/joerglau\/author\/joerg-lau\"}]}<\/script>\n<!-- \/ Yoast SEO plugin. -->","yoast_head_json":{"title":"Korane verbrennen - schlimmer als Kinder erschie\u00dfen? - J\u00f6rg Lau","robots":{"index":"index","follow":"follow","max-snippet":"max-snippet:-1","max-image-preview":"max-image-preview:large","max-video-preview":"max-video-preview:-1"},"canonical":"https:\/\/blog.zeit.de\/joerglau\/2012\/03\/15\/korane-verbrennen-schlimmer-als-kinder-erschiesen_5511","og_locale":"de_DE","og_type":"article","og_title":"Korane verbrennen - schlimmer als Kinder erschie\u00dfen? - J\u00f6rg Lau","og_description":"So sieht es jedenfalls bisher aus, wenn man die Reaktionen in Afghanistan zugrundelegt &#8211; einmal der tagelange Demo-Rausch wegen der Koranverbrennungen vor einigen Wochen, und ein andermal die relative Ruhe nach dem Massaker des amerikanischen Soldaten an ganzen Familien. Rod Nordland geht in seinem St\u00fcck f\u00fcr die New York Times dieser Frage nach. \u201cHow can [&hellip;]","og_url":"https:\/\/blog.zeit.de\/joerglau\/2012\/03\/15\/korane-verbrennen-schlimmer-als-kinder-erschiesen_5511","og_site_name":"J\u00f6rg Lau","article_published_time":"2012-03-15T13:09:16+00:00","author":"J\u00f6rg Lau","twitter_card":"summary_large_image","twitter_misc":{"Geschrieben von":"J\u00f6rg Lau","Gesch\u00e4tzte Lesezeit":"2\u00a0Minuten"},"schema":{"@context":"https:\/\/schema.org","@graph":[{"@type":"WebPage","@id":"https:\/\/blog.zeit.de\/joerglau\/2012\/03\/15\/korane-verbrennen-schlimmer-als-kinder-erschiesen_5511","url":"https:\/\/blog.zeit.de\/joerglau\/2012\/03\/15\/korane-verbrennen-schlimmer-als-kinder-erschiesen_5511","name":"Korane verbrennen - schlimmer als Kinder erschie\u00dfen? - J\u00f6rg Lau","isPartOf":{"@id":"https:\/\/blog.zeit.de\/joerglau\/#website"},"datePublished":"2012-03-15T13:09:16+00:00","dateModified":"2012-03-15T13:09:16+00:00","author":{"@id":"https:\/\/blog.zeit.de\/joerglau\/#\/schema\/person\/55f0be9bfac24815791fbc852b042f57"},"breadcrumb":{"@id":"https:\/\/blog.zeit.de\/joerglau\/2012\/03\/15\/korane-verbrennen-schlimmer-als-kinder-erschiesen_5511#breadcrumb"},"inLanguage":"de","potentialAction":[{"@type":"ReadAction","target":["https:\/\/blog.zeit.de\/joerglau\/2012\/03\/15\/korane-verbrennen-schlimmer-als-kinder-erschiesen_5511"]}]},{"@type":"BreadcrumbList","@id":"https:\/\/blog.zeit.de\/joerglau\/2012\/03\/15\/korane-verbrennen-schlimmer-als-kinder-erschiesen_5511#breadcrumb","itemListElement":[{"@type":"ListItem","position":1,"name":"Startseite","item":"https:\/\/blog.zeit.de\/joerglau"},{"@type":"ListItem","position":2,"name":"Korane verbrennen &#8211; schlimmer als Kinder erschie\u00dfen?"}]},{"@type":"WebSite","@id":"https:\/\/blog.zeit.de\/joerglau\/#website","url":"https:\/\/blog.zeit.de\/joerglau\/","name":"J\u00f6rg Lau","description":"Ein Blog \u00fcber Religion und Politik","potentialAction":[{"@type":"SearchAction","target":{"@type":"EntryPoint","urlTemplate":"https:\/\/blog.zeit.de\/joerglau\/?s={search_term_string}"},"query-input":"required name=search_term_string"}],"inLanguage":"de"},{"@type":"Person","@id":"https:\/\/blog.zeit.de\/joerglau\/#\/schema\/person\/55f0be9bfac24815791fbc852b042f57","name":"J\u00f6rg Lau","image":{"@type":"ImageObject","inLanguage":"de","@id":"https:\/\/blog.zeit.de\/joerglau\/#\/schema\/person\/image\/","url":"https:\/\/secure.gravatar.com\/avatar\/a5fe39bf4f5335b8bac36eefa0b41467221b1598bfea5f05159a0199e391eed0?s=96&d=mm&r=g","contentUrl":"https:\/\/secure.gravatar.com\/avatar\/a5fe39bf4f5335b8bac36eefa0b41467221b1598bfea5f05159a0199e391eed0?s=96&d=mm&r=g","caption":"J\u00f6rg Lau"},"url":"https:\/\/blog.zeit.de\/joerglau\/author\/joerg-lau"}]}},"jetpack_featured_media_url":"","jetpack_sharing_enabled":true,"jetpack_shortlink":"https:\/\/wp.me\/pG02W-1qT","_links":{"self":[{"href":"https:\/\/blog.zeit.de\/joerglau\/wp-json\/wp\/v2\/posts\/5511","targetHints":{"allow":["GET"]}}],"collection":[{"href":"https:\/\/blog.zeit.de\/joerglau\/wp-json\/wp\/v2\/posts"}],"about":[{"href":"https:\/\/blog.zeit.de\/joerglau\/wp-json\/wp\/v2\/types\/post"}],"author":[{"embeddable":true,"href":"https:\/\/blog.zeit.de\/joerglau\/wp-json\/wp\/v2\/users\/54"}],"replies":[{"embeddable":true,"href":"https:\/\/blog.zeit.de\/joerglau\/wp-json\/wp\/v2\/comments?post=5511"}],"version-history":[{"count":1,"href":"https:\/\/blog.zeit.de\/joerglau\/wp-json\/wp\/v2\/posts\/5511\/revisions"}],"predecessor-version":[{"id":5512,"href":"https:\/\/blog.zeit.de\/joerglau\/wp-json\/wp\/v2\/posts\/5511\/revisions\/5512"}],"wp:attachment":[{"href":"https:\/\/blog.zeit.de\/joerglau\/wp-json\/wp\/v2\/media?parent=5511"}],"wp:term":[{"taxonomy":"category","embeddable":true,"href":"https:\/\/blog.zeit.de\/joerglau\/wp-json\/wp\/v2\/categories?post=5511"},{"taxonomy":"post_tag","embeddable":true,"href":"https:\/\/blog.zeit.de\/joerglau\/wp-json\/wp\/v2\/tags?post=5511"}],"curies":[{"name":"wp","href":"https:\/\/api.w.org\/{rel}","templated":true}]}}