{"id":579,"date":"2007-06-19T17:31:14","date_gmt":"2007-06-19T15:31:14","guid":{"rendered":"http:\/\/blog.zeit.de\/joerglau\/2007\/06\/19\/die-hitliste-der-schlimmsten-staaten_579"},"modified":"2007-06-19T17:31:14","modified_gmt":"2007-06-19T15:31:14","slug":"die-hitliste-der-schlimmsten-staaten","status":"publish","type":"post","link":"https:\/\/blog.zeit.de\/joerglau\/2007\/06\/19\/die-hitliste-der-schlimmsten-staaten_579","title":{"rendered":"Die Hitliste der schlimmsten Staaten"},"content":{"rendered":"<p><img decoding=\"async\" id=\"image578\" src=\"https:\/\/blog.zeit.de\/joerglau\/files\/2007\/06\/openingmapLG-fs2007.jpg\" alt=\"openingmapLG-fs2007.jpg\" \/><\/p>\n<p>Wo doch die Urlaubszeit naht: Dies ist die neue Weltkarte der &#8222;failed states&#8220;, erstellt von <a href=\"http:\/\/www.foreignpolicy.com\/story\/cms.php?story_id=3865&#038;page=7\">Foreign Policy<\/a>. Kleine \u00dcberraschung: Der Irak ist (noch) nicht Nummer 1, er landet ganz knapp auf dem zweiten Platz hinter Sudan. Allerdings hat Irak seit letztem Jahr m\u00e4chtig aufgeholt. Da war er noch Nummer 4.<br \/>\n<das komplette Ranking unter dem obigen Link bei Foreign Policy. Kann sehr hilfreich bei der Urlaubsplanung sein.<br \/>\nFr\u00fchere Vergleichindizes gibt es hier beim <a href=\"http:\/\/www.fundforpeace.org\/web\/index.php?option=com_content&#038;task=view&#038;id=99&#038;Itemid=323\">Fund for Peace<\/a>.<\/p>\n<p>Und auch dieses Schaubild finde ich aufschlussreich: Es zeigt das Verh\u00e4ltnis von religi\u00f6ser Freiheit zur Stabilit\u00e4t von Staaten:<br \/>\n<img decoding=\"async\" id=\"image580\" src=\"https:\/\/blog.zeit.de\/joerglau\/files\/2007\/06\/religion-lg-fs2007.jpg\" alt=\"religion-lg-fs2007.jpg\" \/><\/p>\n","protected":false},"excerpt":{"rendered":"<p>Wo doch die Urlaubszeit naht: Dies ist die neue Weltkarte der &#8222;failed states&#8220;, erstellt von Foreign Policy. Kleine \u00dcberraschung: Der Irak ist (noch) nicht Nummer 1, er landet ganz knapp auf dem zweiten Platz hinter Sudan. Allerdings hat Irak seit letztem Jahr m\u00e4chtig aufgeholt. Da war er noch Nummer 4.<\/p>\n","protected":false},"author":54,"featured_media":0,"comment_status":"open","ping_status":"closed","sticky":false,"template":"","format":"standard","meta":{"jetpack_post_was_ever_published":false,"footnotes":""},"categories":[152,154],"tags":[],"class_list":["post-579","post","type-post","status-publish","format-standard","hentry","category-aussenpolitik","category-curiosa"],"yoast_head":"<!-- This site is optimized with the Yoast SEO plugin v21.0 - https:\/\/yoast.com\/wordpress\/plugins\/seo\/ -->\n<title>Die Hitliste der schlimmsten Staaten - J\u00f6rg Lau<\/title>\n<meta name=\"robots\" content=\"index, follow, max-snippet:-1, max-image-preview:large, max-video-preview:-1\" \/>\n<link rel=\"canonical\" href=\"https:\/\/blog.zeit.de\/joerglau\/2007\/06\/19\/die-hitliste-der-schlimmsten-staaten_579\" \/>\n<meta property=\"og:locale\" content=\"de_DE\" \/>\n<meta property=\"og:type\" content=\"article\" \/>\n<meta property=\"og:title\" content=\"Die Hitliste der schlimmsten Staaten - J\u00f6rg Lau\" \/>\n<meta property=\"og:description\" content=\"Wo doch die Urlaubszeit naht: Dies ist die neue Weltkarte der &#8222;failed states&#8220;, erstellt von Foreign Policy. Kleine \u00dcberraschung: Der Irak ist (noch) nicht Nummer 1, er landet ganz knapp auf dem zweiten Platz hinter Sudan. Allerdings hat Irak seit letztem Jahr m\u00e4chtig aufgeholt. Da war er noch Nummer 4.\" \/>\n<meta property=\"og:url\" content=\"https:\/\/blog.zeit.de\/joerglau\/2007\/06\/19\/die-hitliste-der-schlimmsten-staaten_579\" \/>\n<meta property=\"og:site_name\" content=\"J\u00f6rg Lau\" \/>\n<meta property=\"article:published_time\" content=\"2007-06-19T15:31:14+00:00\" \/>\n<meta property=\"og:image\" content=\"https:\/\/blog.zeit.de\/joerglau\/files\/2007\/06\/openingmapLG-fs2007.jpg\" \/>\n<meta name=\"author\" content=\"J\u00f6rg Lau\" \/>\n<meta name=\"twitter:card\" content=\"summary_large_image\" \/>\n<meta name=\"twitter:label1\" content=\"Geschrieben von\" \/>\n\t<meta name=\"twitter:data1\" content=\"J\u00f6rg Lau\" \/>\n<script type=\"application\/ld+json\" class=\"yoast-schema-graph\">{\"@context\":\"https:\/\/schema.org\",\"@graph\":[{\"@type\":\"WebPage\",\"@id\":\"https:\/\/blog.zeit.de\/joerglau\/2007\/06\/19\/die-hitliste-der-schlimmsten-staaten_579\",\"url\":\"https:\/\/blog.zeit.de\/joerglau\/2007\/06\/19\/die-hitliste-der-schlimmsten-staaten_579\",\"name\":\"Die Hitliste der schlimmsten Staaten - J\u00f6rg Lau\",\"isPartOf\":{\"@id\":\"https:\/\/blog.zeit.de\/joerglau\/#website\"},\"datePublished\":\"2007-06-19T15:31:14+00:00\",\"dateModified\":\"2007-06-19T15:31:14+00:00\",\"author\":{\"@id\":\"https:\/\/blog.zeit.de\/joerglau\/#\/schema\/person\/55f0be9bfac24815791fbc852b042f57\"},\"breadcrumb\":{\"@id\":\"https:\/\/blog.zeit.de\/joerglau\/2007\/06\/19\/die-hitliste-der-schlimmsten-staaten_579#breadcrumb\"},\"inLanguage\":\"de\",\"potentialAction\":[{\"@type\":\"ReadAction\",\"target\":[\"https:\/\/blog.zeit.de\/joerglau\/2007\/06\/19\/die-hitliste-der-schlimmsten-staaten_579\"]}]},{\"@type\":\"BreadcrumbList\",\"@id\":\"https:\/\/blog.zeit.de\/joerglau\/2007\/06\/19\/die-hitliste-der-schlimmsten-staaten_579#breadcrumb\",\"itemListElement\":[{\"@type\":\"ListItem\",\"position\":1,\"name\":\"Startseite\",\"item\":\"https:\/\/blog.zeit.de\/joerglau\"},{\"@type\":\"ListItem\",\"position\":2,\"name\":\"Die Hitliste der schlimmsten Staaten\"}]},{\"@type\":\"WebSite\",\"@id\":\"https:\/\/blog.zeit.de\/joerglau\/#website\",\"url\":\"https:\/\/blog.zeit.de\/joerglau\/\",\"name\":\"J\u00f6rg Lau\",\"description\":\"Ein Blog \u00fcber Religion und Politik\",\"potentialAction\":[{\"@type\":\"SearchAction\",\"target\":{\"@type\":\"EntryPoint\",\"urlTemplate\":\"https:\/\/blog.zeit.de\/joerglau\/?s={search_term_string}\"},\"query-input\":\"required name=search_term_string\"}],\"inLanguage\":\"de\"},{\"@type\":\"Person\",\"@id\":\"https:\/\/blog.zeit.de\/joerglau\/#\/schema\/person\/55f0be9bfac24815791fbc852b042f57\",\"name\":\"J\u00f6rg Lau\",\"image\":{\"@type\":\"ImageObject\",\"inLanguage\":\"de\",\"@id\":\"https:\/\/blog.zeit.de\/joerglau\/#\/schema\/person\/image\/\",\"url\":\"https:\/\/secure.gravatar.com\/avatar\/a5fe39bf4f5335b8bac36eefa0b41467221b1598bfea5f05159a0199e391eed0?s=96&d=mm&r=g\",\"contentUrl\":\"https:\/\/secure.gravatar.com\/avatar\/a5fe39bf4f5335b8bac36eefa0b41467221b1598bfea5f05159a0199e391eed0?s=96&d=mm&r=g\",\"caption\":\"J\u00f6rg Lau\"},\"url\":\"https:\/\/blog.zeit.de\/joerglau\/author\/joerg-lau\"}]}<\/script>\n<!-- \/ Yoast SEO plugin. -->","yoast_head_json":{"title":"Die Hitliste der schlimmsten Staaten - J\u00f6rg Lau","robots":{"index":"index","follow":"follow","max-snippet":"max-snippet:-1","max-image-preview":"max-image-preview:large","max-video-preview":"max-video-preview:-1"},"canonical":"https:\/\/blog.zeit.de\/joerglau\/2007\/06\/19\/die-hitliste-der-schlimmsten-staaten_579","og_locale":"de_DE","og_type":"article","og_title":"Die Hitliste der schlimmsten Staaten - J\u00f6rg Lau","og_description":"Wo doch die Urlaubszeit naht: Dies ist die neue Weltkarte der &#8222;failed states&#8220;, erstellt von Foreign Policy. Kleine \u00dcberraschung: Der Irak ist (noch) nicht Nummer 1, er landet ganz knapp auf dem zweiten Platz hinter Sudan. Allerdings hat Irak seit letztem Jahr m\u00e4chtig aufgeholt. Da war er noch Nummer 4.","og_url":"https:\/\/blog.zeit.de\/joerglau\/2007\/06\/19\/die-hitliste-der-schlimmsten-staaten_579","og_site_name":"J\u00f6rg Lau","article_published_time":"2007-06-19T15:31:14+00:00","og_image":[{"url":"https:\/\/blog.zeit.de\/joerglau\/files\/2007\/06\/openingmapLG-fs2007.jpg"}],"author":"J\u00f6rg Lau","twitter_card":"summary_large_image","twitter_misc":{"Geschrieben von":"J\u00f6rg Lau"},"schema":{"@context":"https:\/\/schema.org","@graph":[{"@type":"WebPage","@id":"https:\/\/blog.zeit.de\/joerglau\/2007\/06\/19\/die-hitliste-der-schlimmsten-staaten_579","url":"https:\/\/blog.zeit.de\/joerglau\/2007\/06\/19\/die-hitliste-der-schlimmsten-staaten_579","name":"Die Hitliste der schlimmsten Staaten - J\u00f6rg Lau","isPartOf":{"@id":"https:\/\/blog.zeit.de\/joerglau\/#website"},"datePublished":"2007-06-19T15:31:14+00:00","dateModified":"2007-06-19T15:31:14+00:00","author":{"@id":"https:\/\/blog.zeit.de\/joerglau\/#\/schema\/person\/55f0be9bfac24815791fbc852b042f57"},"breadcrumb":{"@id":"https:\/\/blog.zeit.de\/joerglau\/2007\/06\/19\/die-hitliste-der-schlimmsten-staaten_579#breadcrumb"},"inLanguage":"de","potentialAction":[{"@type":"ReadAction","target":["https:\/\/blog.zeit.de\/joerglau\/2007\/06\/19\/die-hitliste-der-schlimmsten-staaten_579"]}]},{"@type":"BreadcrumbList","@id":"https:\/\/blog.zeit.de\/joerglau\/2007\/06\/19\/die-hitliste-der-schlimmsten-staaten_579#breadcrumb","itemListElement":[{"@type":"ListItem","position":1,"name":"Startseite","item":"https:\/\/blog.zeit.de\/joerglau"},{"@type":"ListItem","position":2,"name":"Die Hitliste der schlimmsten Staaten"}]},{"@type":"WebSite","@id":"https:\/\/blog.zeit.de\/joerglau\/#website","url":"https:\/\/blog.zeit.de\/joerglau\/","name":"J\u00f6rg Lau","description":"Ein Blog \u00fcber Religion und Politik","potentialAction":[{"@type":"SearchAction","target":{"@type":"EntryPoint","urlTemplate":"https:\/\/blog.zeit.de\/joerglau\/?s={search_term_string}"},"query-input":"required name=search_term_string"}],"inLanguage":"de"},{"@type":"Person","@id":"https:\/\/blog.zeit.de\/joerglau\/#\/schema\/person\/55f0be9bfac24815791fbc852b042f57","name":"J\u00f6rg Lau","image":{"@type":"ImageObject","inLanguage":"de","@id":"https:\/\/blog.zeit.de\/joerglau\/#\/schema\/person\/image\/","url":"https:\/\/secure.gravatar.com\/avatar\/a5fe39bf4f5335b8bac36eefa0b41467221b1598bfea5f05159a0199e391eed0?s=96&d=mm&r=g","contentUrl":"https:\/\/secure.gravatar.com\/avatar\/a5fe39bf4f5335b8bac36eefa0b41467221b1598bfea5f05159a0199e391eed0?s=96&d=mm&r=g","caption":"J\u00f6rg Lau"},"url":"https:\/\/blog.zeit.de\/joerglau\/author\/joerg-lau"}]}},"jetpack_featured_media_url":"","jetpack_sharing_enabled":true,"jetpack_shortlink":"https:\/\/wp.me\/pG02W-9l","_links":{"self":[{"href":"https:\/\/blog.zeit.de\/joerglau\/wp-json\/wp\/v2\/posts\/579","targetHints":{"allow":["GET"]}}],"collection":[{"href":"https:\/\/blog.zeit.de\/joerglau\/wp-json\/wp\/v2\/posts"}],"about":[{"href":"https:\/\/blog.zeit.de\/joerglau\/wp-json\/wp\/v2\/types\/post"}],"author":[{"embeddable":true,"href":"https:\/\/blog.zeit.de\/joerglau\/wp-json\/wp\/v2\/users\/54"}],"replies":[{"embeddable":true,"href":"https:\/\/blog.zeit.de\/joerglau\/wp-json\/wp\/v2\/comments?post=579"}],"version-history":[{"count":0,"href":"https:\/\/blog.zeit.de\/joerglau\/wp-json\/wp\/v2\/posts\/579\/revisions"}],"wp:attachment":[{"href":"https:\/\/blog.zeit.de\/joerglau\/wp-json\/wp\/v2\/media?parent=579"}],"wp:term":[{"taxonomy":"category","embeddable":true,"href":"https:\/\/blog.zeit.de\/joerglau\/wp-json\/wp\/v2\/categories?post=579"},{"taxonomy":"post_tag","embeddable":true,"href":"https:\/\/blog.zeit.de\/joerglau\/wp-json\/wp\/v2\/tags?post=579"}],"curies":[{"name":"wp","href":"https:\/\/api.w.org\/{rel}","templated":true}]}}