{"id":583,"date":"2007-06-21T13:15:32","date_gmt":"2007-06-21T11:15:32","guid":{"rendered":"http:\/\/blog.zeit.de\/joerglau\/2007\/06\/21\/wird-bush-mit-den-muslimbrudern-reden_583"},"modified":"2007-06-21T13:15:32","modified_gmt":"2007-06-21T11:15:32","slug":"wird-bush-mit-den-muslimbrudern-reden","status":"publish","type":"post","link":"https:\/\/blog.zeit.de\/joerglau\/2007\/06\/21\/wird-bush-mit-den-muslimbrudern-reden_583","title":{"rendered":"Wird Bush mit den Muslimbr\u00fcdern reden?"},"content":{"rendered":"<p>Wer schon einmal die hervorragend gestaltete und immer wieder mit interessanten Beitr\u00e4gen aufwartende (englische) <a href=\"http:\/\/www.ikhwanweb.com\/Home.asp?zPage=Systems&#038;System=PressR&#038;Press=Show&#038;Lang=E&#038;ID=7522\">Website der Muslimbr\u00fcder<\/a> angeschaut hat, der weiss, wie die politische Zukunft \u00c4gyptens aussehen wird.<br \/>\nW\u00e4hrend das Mubarak-Regime <a href=\"https:\/\/blog.zeit.de\/joerglau\/2007\/05\/23\/kritiker-der-elche-bocke-als-gartner-etc_509\">Blogger einsperrt<\/a> wegen Frevel an Gott und dem Pr\u00e4sidenten,  bloggt die Br\u00fcderschaft selbst, setzt sich f\u00fcr politische Gefangene ein (darunter 500 der Br\u00fcder), protestiert gegen Militr\u00e4tribunale (auch davon sind ihre Mitglieder bedroht) uhnd setzt sich f\u00fcr die Freilassung des BBC-Reporters Alan Johnston ein, der in Gaza von Islamisten gefangen gehalten wird.<br \/>\nHeute pr\u00e4sentieren die &#8222;Ikhwan&#8220; auf ihrer Website einen offenbar wohl informierten Artikel aus der New York Sun (<a href=\"http:\/\/www.nysun.com\/article\/56899\">hier der Original-Link<\/a>) von Eli Lake, der davon berichtet, dass Bush die Er\u00f6ffnung von Gespr\u00e4chen mit den Muslimbr\u00fcdern erw\u00e4gt.<br \/>\nVor zwei Tagen habe ein Gespr\u00e4ch im State Department stattgefunden, bei dem die Kontaktaufnahme mit den &#8222;moderaten Muslimbr\u00fcdern&#8220; Thema sein sollte.<br \/>\nEingeladen war auch Robert Leiken, der k\u00fcrzlich in  <a href=\"http:\/\/www.foreignaffairs.org\/20070301faessay86208\/robert-s-leiken-steven-brooke\/the-moderate-muslim-brotherhood.html\">&#8222;Foreign Affairs&#8220; <\/a>einen sehr freundlichen Bericht \u00fcber die Muslimbr\u00fcder ver\u00f6ffentlicht hatte.<\/p>\n<p>K\u00f6nnte dies mit der Ratlosigkeit angesichts des Hamas-Durchmarsches in Gaza zu tun haben? Offenbar hat die westliche Strategie der Isolierung nicht funktioniert. Und auch durch die Saudis und die \u00c4gypter hat man ja offenbar keinen Zugriff mehr auf Hamas, wie der Mekka-Gipfel gezeigt hat, der jetzt mit F\u00fcssen getreten wird. Da man nun mit Hamas auf keinen Fall direkt reden kann, wird offenbar gepr\u00fcft, ob man \u00fcber die Bruderschaft da herankommt.<br \/>\nDas w\u00e4re ein folgenreicher Politikwechsel. <\/p>\n","protected":false},"excerpt":{"rendered":"<p>Wer schon einmal die hervorragend gestaltete und immer wieder mit interessanten Beitr\u00e4gen aufwartende (englische) Website der Muslimbr\u00fcder angeschaut hat, der weiss, wie die politische Zukunft \u00c4gyptens aussehen wird. W\u00e4hrend das Mubarak-Regime Blogger einsperrt wegen Frevel an Gott und dem Pr\u00e4sidenten, bloggt die Br\u00fcderschaft selbst, setzt sich f\u00fcr politische Gefangene ein (darunter 500 der Br\u00fcder), protestiert [&hellip;]<\/p>\n","protected":false},"author":54,"featured_media":0,"comment_status":"open","ping_status":"closed","sticky":false,"template":"","format":"standard","meta":{"jetpack_post_was_ever_published":false,"footnotes":""},"categories":[152,157,167],"tags":[],"class_list":["post-583","post","type-post","status-publish","format-standard","hentry","category-aussenpolitik","category-die-freunde-und-die-feinde-des-islams","category-islamismus-und-terror"],"yoast_head":"<!-- This site is optimized with the Yoast SEO plugin v21.0 - https:\/\/yoast.com\/wordpress\/plugins\/seo\/ -->\n<title>Wird Bush mit den Muslimbr\u00fcdern reden? - J\u00f6rg Lau<\/title>\n<meta name=\"robots\" content=\"index, follow, max-snippet:-1, max-image-preview:large, max-video-preview:-1\" \/>\n<link rel=\"canonical\" href=\"https:\/\/blog.zeit.de\/joerglau\/2007\/06\/21\/wird-bush-mit-den-muslimbrudern-reden_583\" \/>\n<meta property=\"og:locale\" content=\"de_DE\" \/>\n<meta property=\"og:type\" content=\"article\" \/>\n<meta property=\"og:title\" content=\"Wird Bush mit den Muslimbr\u00fcdern reden? - J\u00f6rg Lau\" \/>\n<meta property=\"og:description\" content=\"Wer schon einmal die hervorragend gestaltete und immer wieder mit interessanten Beitr\u00e4gen aufwartende (englische) Website der Muslimbr\u00fcder angeschaut hat, der weiss, wie die politische Zukunft \u00c4gyptens aussehen wird. W\u00e4hrend das Mubarak-Regime Blogger einsperrt wegen Frevel an Gott und dem Pr\u00e4sidenten, bloggt die Br\u00fcderschaft selbst, setzt sich f\u00fcr politische Gefangene ein (darunter 500 der Br\u00fcder), protestiert [&hellip;]\" \/>\n<meta property=\"og:url\" content=\"https:\/\/blog.zeit.de\/joerglau\/2007\/06\/21\/wird-bush-mit-den-muslimbrudern-reden_583\" \/>\n<meta property=\"og:site_name\" content=\"J\u00f6rg Lau\" \/>\n<meta property=\"article:published_time\" content=\"2007-06-21T11:15:32+00:00\" \/>\n<meta name=\"author\" content=\"J\u00f6rg Lau\" \/>\n<meta name=\"twitter:card\" content=\"summary_large_image\" \/>\n<meta name=\"twitter:label1\" content=\"Geschrieben von\" \/>\n\t<meta name=\"twitter:data1\" content=\"J\u00f6rg Lau\" \/>\n\t<meta name=\"twitter:label2\" content=\"Gesch\u00e4tzte Lesezeit\" \/>\n\t<meta name=\"twitter:data2\" content=\"1\u00a0Minute\" \/>\n<script type=\"application\/ld+json\" class=\"yoast-schema-graph\">{\"@context\":\"https:\/\/schema.org\",\"@graph\":[{\"@type\":\"WebPage\",\"@id\":\"https:\/\/blog.zeit.de\/joerglau\/2007\/06\/21\/wird-bush-mit-den-muslimbrudern-reden_583\",\"url\":\"https:\/\/blog.zeit.de\/joerglau\/2007\/06\/21\/wird-bush-mit-den-muslimbrudern-reden_583\",\"name\":\"Wird Bush mit den Muslimbr\u00fcdern reden? - J\u00f6rg Lau\",\"isPartOf\":{\"@id\":\"https:\/\/blog.zeit.de\/joerglau\/#website\"},\"datePublished\":\"2007-06-21T11:15:32+00:00\",\"dateModified\":\"2007-06-21T11:15:32+00:00\",\"author\":{\"@id\":\"https:\/\/blog.zeit.de\/joerglau\/#\/schema\/person\/55f0be9bfac24815791fbc852b042f57\"},\"breadcrumb\":{\"@id\":\"https:\/\/blog.zeit.de\/joerglau\/2007\/06\/21\/wird-bush-mit-den-muslimbrudern-reden_583#breadcrumb\"},\"inLanguage\":\"de\",\"potentialAction\":[{\"@type\":\"ReadAction\",\"target\":[\"https:\/\/blog.zeit.de\/joerglau\/2007\/06\/21\/wird-bush-mit-den-muslimbrudern-reden_583\"]}]},{\"@type\":\"BreadcrumbList\",\"@id\":\"https:\/\/blog.zeit.de\/joerglau\/2007\/06\/21\/wird-bush-mit-den-muslimbrudern-reden_583#breadcrumb\",\"itemListElement\":[{\"@type\":\"ListItem\",\"position\":1,\"name\":\"Startseite\",\"item\":\"https:\/\/blog.zeit.de\/joerglau\"},{\"@type\":\"ListItem\",\"position\":2,\"name\":\"Wird Bush mit den Muslimbr\u00fcdern reden?\"}]},{\"@type\":\"WebSite\",\"@id\":\"https:\/\/blog.zeit.de\/joerglau\/#website\",\"url\":\"https:\/\/blog.zeit.de\/joerglau\/\",\"name\":\"J\u00f6rg Lau\",\"description\":\"Ein Blog \u00fcber Religion und Politik\",\"potentialAction\":[{\"@type\":\"SearchAction\",\"target\":{\"@type\":\"EntryPoint\",\"urlTemplate\":\"https:\/\/blog.zeit.de\/joerglau\/?s={search_term_string}\"},\"query-input\":\"required name=search_term_string\"}],\"inLanguage\":\"de\"},{\"@type\":\"Person\",\"@id\":\"https:\/\/blog.zeit.de\/joerglau\/#\/schema\/person\/55f0be9bfac24815791fbc852b042f57\",\"name\":\"J\u00f6rg Lau\",\"image\":{\"@type\":\"ImageObject\",\"inLanguage\":\"de\",\"@id\":\"https:\/\/blog.zeit.de\/joerglau\/#\/schema\/person\/image\/\",\"url\":\"https:\/\/secure.gravatar.com\/avatar\/a5fe39bf4f5335b8bac36eefa0b41467221b1598bfea5f05159a0199e391eed0?s=96&d=mm&r=g\",\"contentUrl\":\"https:\/\/secure.gravatar.com\/avatar\/a5fe39bf4f5335b8bac36eefa0b41467221b1598bfea5f05159a0199e391eed0?s=96&d=mm&r=g\",\"caption\":\"J\u00f6rg Lau\"},\"url\":\"https:\/\/blog.zeit.de\/joerglau\/author\/joerg-lau\"}]}<\/script>\n<!-- \/ Yoast SEO plugin. -->","yoast_head_json":{"title":"Wird Bush mit den Muslimbr\u00fcdern reden? - J\u00f6rg Lau","robots":{"index":"index","follow":"follow","max-snippet":"max-snippet:-1","max-image-preview":"max-image-preview:large","max-video-preview":"max-video-preview:-1"},"canonical":"https:\/\/blog.zeit.de\/joerglau\/2007\/06\/21\/wird-bush-mit-den-muslimbrudern-reden_583","og_locale":"de_DE","og_type":"article","og_title":"Wird Bush mit den Muslimbr\u00fcdern reden? - J\u00f6rg Lau","og_description":"Wer schon einmal die hervorragend gestaltete und immer wieder mit interessanten Beitr\u00e4gen aufwartende (englische) Website der Muslimbr\u00fcder angeschaut hat, der weiss, wie die politische Zukunft \u00c4gyptens aussehen wird. W\u00e4hrend das Mubarak-Regime Blogger einsperrt wegen Frevel an Gott und dem Pr\u00e4sidenten, bloggt die Br\u00fcderschaft selbst, setzt sich f\u00fcr politische Gefangene ein (darunter 500 der Br\u00fcder), protestiert [&hellip;]","og_url":"https:\/\/blog.zeit.de\/joerglau\/2007\/06\/21\/wird-bush-mit-den-muslimbrudern-reden_583","og_site_name":"J\u00f6rg Lau","article_published_time":"2007-06-21T11:15:32+00:00","author":"J\u00f6rg Lau","twitter_card":"summary_large_image","twitter_misc":{"Geschrieben von":"J\u00f6rg Lau","Gesch\u00e4tzte Lesezeit":"1\u00a0Minute"},"schema":{"@context":"https:\/\/schema.org","@graph":[{"@type":"WebPage","@id":"https:\/\/blog.zeit.de\/joerglau\/2007\/06\/21\/wird-bush-mit-den-muslimbrudern-reden_583","url":"https:\/\/blog.zeit.de\/joerglau\/2007\/06\/21\/wird-bush-mit-den-muslimbrudern-reden_583","name":"Wird Bush mit den Muslimbr\u00fcdern reden? - J\u00f6rg Lau","isPartOf":{"@id":"https:\/\/blog.zeit.de\/joerglau\/#website"},"datePublished":"2007-06-21T11:15:32+00:00","dateModified":"2007-06-21T11:15:32+00:00","author":{"@id":"https:\/\/blog.zeit.de\/joerglau\/#\/schema\/person\/55f0be9bfac24815791fbc852b042f57"},"breadcrumb":{"@id":"https:\/\/blog.zeit.de\/joerglau\/2007\/06\/21\/wird-bush-mit-den-muslimbrudern-reden_583#breadcrumb"},"inLanguage":"de","potentialAction":[{"@type":"ReadAction","target":["https:\/\/blog.zeit.de\/joerglau\/2007\/06\/21\/wird-bush-mit-den-muslimbrudern-reden_583"]}]},{"@type":"BreadcrumbList","@id":"https:\/\/blog.zeit.de\/joerglau\/2007\/06\/21\/wird-bush-mit-den-muslimbrudern-reden_583#breadcrumb","itemListElement":[{"@type":"ListItem","position":1,"name":"Startseite","item":"https:\/\/blog.zeit.de\/joerglau"},{"@type":"ListItem","position":2,"name":"Wird Bush mit den Muslimbr\u00fcdern reden?"}]},{"@type":"WebSite","@id":"https:\/\/blog.zeit.de\/joerglau\/#website","url":"https:\/\/blog.zeit.de\/joerglau\/","name":"J\u00f6rg Lau","description":"Ein Blog \u00fcber Religion und Politik","potentialAction":[{"@type":"SearchAction","target":{"@type":"EntryPoint","urlTemplate":"https:\/\/blog.zeit.de\/joerglau\/?s={search_term_string}"},"query-input":"required name=search_term_string"}],"inLanguage":"de"},{"@type":"Person","@id":"https:\/\/blog.zeit.de\/joerglau\/#\/schema\/person\/55f0be9bfac24815791fbc852b042f57","name":"J\u00f6rg Lau","image":{"@type":"ImageObject","inLanguage":"de","@id":"https:\/\/blog.zeit.de\/joerglau\/#\/schema\/person\/image\/","url":"https:\/\/secure.gravatar.com\/avatar\/a5fe39bf4f5335b8bac36eefa0b41467221b1598bfea5f05159a0199e391eed0?s=96&d=mm&r=g","contentUrl":"https:\/\/secure.gravatar.com\/avatar\/a5fe39bf4f5335b8bac36eefa0b41467221b1598bfea5f05159a0199e391eed0?s=96&d=mm&r=g","caption":"J\u00f6rg Lau"},"url":"https:\/\/blog.zeit.de\/joerglau\/author\/joerg-lau"}]}},"jetpack_featured_media_url":"","jetpack_sharing_enabled":true,"jetpack_shortlink":"https:\/\/wp.me\/pG02W-9p","_links":{"self":[{"href":"https:\/\/blog.zeit.de\/joerglau\/wp-json\/wp\/v2\/posts\/583","targetHints":{"allow":["GET"]}}],"collection":[{"href":"https:\/\/blog.zeit.de\/joerglau\/wp-json\/wp\/v2\/posts"}],"about":[{"href":"https:\/\/blog.zeit.de\/joerglau\/wp-json\/wp\/v2\/types\/post"}],"author":[{"embeddable":true,"href":"https:\/\/blog.zeit.de\/joerglau\/wp-json\/wp\/v2\/users\/54"}],"replies":[{"embeddable":true,"href":"https:\/\/blog.zeit.de\/joerglau\/wp-json\/wp\/v2\/comments?post=583"}],"version-history":[{"count":0,"href":"https:\/\/blog.zeit.de\/joerglau\/wp-json\/wp\/v2\/posts\/583\/revisions"}],"wp:attachment":[{"href":"https:\/\/blog.zeit.de\/joerglau\/wp-json\/wp\/v2\/media?parent=583"}],"wp:term":[{"taxonomy":"category","embeddable":true,"href":"https:\/\/blog.zeit.de\/joerglau\/wp-json\/wp\/v2\/categories?post=583"},{"taxonomy":"post_tag","embeddable":true,"href":"https:\/\/blog.zeit.de\/joerglau\/wp-json\/wp\/v2\/tags?post=583"}],"curies":[{"name":"wp","href":"https:\/\/api.w.org\/{rel}","templated":true}]}}