{"id":5883,"date":"2013-02-07T12:24:14","date_gmt":"2013-02-07T11:24:14","guid":{"rendered":"http:\/\/blog.zeit.de\/joerglau\/?p=5883"},"modified":"2013-02-07T12:24:14","modified_gmt":"2013-02-07T11:24:14","slug":"warum-hisbollah-endlich-auf-die-eu-terrorliste-gesetzt-werden-muss","status":"publish","type":"post","link":"https:\/\/blog.zeit.de\/joerglau\/2013\/02\/07\/warum-hisbollah-endlich-auf-die-eu-terrorliste-gesetzt-werden-muss_5883","title":{"rendered":"Warum Hisbollah endlich auf die EU-Terrorliste gesetzt werden muss"},"content":{"rendered":"<p><em>Meine Analyse aus der ZEIT von heute:<\/em><\/p>\n<p>Erst war es nur ein Verdacht, als letztes Jahr im Juli sechs israelische Touristen und ein bulgarischer Busfahrer ermordet wurden: Dahinter steckt die libanesische Hisbollah, und hinter ihr wahrscheinlich der Iran.<\/p>\n<p>Jetzt ist die erste Vermutung best\u00e4tigt worden: Im Touristenort Burgas an der bulgarischen Schwarzmeerk\u00fcste haben zwei Hisbollah-Agenten das Attentat vorbereitet. Der Innenminister Tzvetan Tzvetanov hat das in Sofia verk\u00fcndet. Das wird Folgen haben \u2013 f\u00fcr die europ\u00e4ische Nahoststrategie und auch f\u00fcr die deutsche Antiterrorpolitik.<\/p>\n<p>Dass die libanesische Islamistengruppe in Europa Israelis umbringt, macht eine stillschweigende Abmachung hinf\u00e4llig. Sie ging so: Wir setzen euch nicht auf die Terrorliste. Ihr haltet euch daf\u00fcr in Europa zur\u00fcck.<\/p>\n<p>Hisbollah hatte zwar schon vorher au\u00dferhalb des heimischen Libanon Anschl\u00e4ge begangen: Zwei Mal wurden in den neunziger Jahren in Buenos Aires verheerende Attentate auf israelische beziehungsweise j\u00fcdische Einrichtungen ver\u00fcbt: \u00fcber 100 Tote und 500 Verletzte waren die Folge. Seither wuchs der Druck vonseiten der Israelis und der Amerikaner auf die Europ\u00e4er, Hisbollah auf die Liste der Terrororganisationen zu setzen. Deutschland, Frankreich und Spanien haben sich dem aber bisher immer widersetzt: mit dem Argument, Hisbollah habe eine doppelte Natur; als militante Gruppe einerseits, die man bek\u00e4mpfen m\u00fcsse, und als legitime Partei andererseits (im Libanon), mit der man reden und verhandeln k\u00f6nne.<\/p>\n<p>Das war nie ganz \u00fcberzeugend: Denn verhandeln kann man \u2013 siehe Hamas \u2013 auch mit verbotenen Organisationen (wenn auch nur heimlich). Und die Vorstellung, bei Hisbollah zwischen milit\u00e4rischem und friedlichem Fl\u00fcgel unterscheiden zu k\u00f6nnen, war naiv: Hisbollah verhielt sich hier nur darum ruhig, weil sie Deutschland als R\u00fcckzugsraum nutzen konnte \u2013 um Propaganda zu treiben und Spenden zu sammeln. Als gemeinn\u00fctzige Vereine getarnt (\u00bbWaisenkinderverein Libanon\u00ab), k\u00f6nnen Hisbollah-Gruppen hierzulande bis heute Geld eintreiben. Etwa tausend Aktivisten leben in Deutschland. Die Beh\u00f6rden beobachteten sie \u2013und lie\u00dfen sie gew\u00e4hren, weil sie vermeintlich keine Gefahr \u00bbf\u00fcr uns\u00ab darstellen. Diese Haltung stand merkw\u00fcrdig quer zum deutschen Bekenntnis, der Sicherheit Israels verpflichtet zu sein.<\/p>\n<p>Nach den Enth\u00fcllungen \u00fcber das Attentat von Burgas ist der faule Deal mit Hisbollah geplatzt. Eine Gruppe, die in Europa Menschen in die Luft sprengt, geh\u00f6rt auf die Liste der Terrororganisationen. Ausreden gibt es jetzt nicht mehr, und Deutschland wird das Mauern aufgeben m\u00fcssen.<\/p>\n<p>Und damit auch die bequeme Theorie \u00fcber die doppelte Natur von Hisbollah: Sie sei militante Gruppe und zugleich Wohlfahrtsorganisation und Partei, mit erheblichem Einfluss auf die libanesische Regierung. Um den fragilen Frieden des Libanons nicht zu gef\u00e4hrden, d\u00fcrfe man die Schiitenmiliz nicht in die Ecke treiben.<\/p>\n<p>Da hat sie sich nun selbst hinbef\u00f6rdert. Es geht bei all dem \u00fcbrigens nicht nur um Israel, die \u00bbzionistische Einheit\u00ab, der Hisbollah Vernichtung geschworen hat. Der Arabische Fr\u00fchling und seine regionalen Folgen haben l\u00e4ngst gezeigt, dass Hisbollah auch jenseits des Konflikts um Israel eine destruktive Kraft ist. Im syrischen B\u00fcrgerkrieg stellt Hisbollah sich ohne jede R\u00fccksicht auf die Seite von Baschar al-Assad. Sie unterst\u00fctzt seinen Krieg gegen das eigene Volk mit K\u00e4mpfern und Material, so wie Assad Hisbollah immer unter Waffen gehalten hat.<\/p>\n<p>Deutschland verurteilt Assads terroristische Methoden der Kriegsf\u00fchrung. Es wird nun auch Hisbollah \u00e4chten m\u00fcssen, die ihrem Paten zur Seite steht.<\/p>\n","protected":false},"excerpt":{"rendered":"<p>Meine Analyse aus der ZEIT von heute: Erst war es nur ein Verdacht, als letztes Jahr im Juli sechs israelische Touristen und ein bulgarischer Busfahrer ermordet wurden: Dahinter steckt die libanesische Hisbollah, und hinter ihr wahrscheinlich der Iran. Jetzt ist die erste Vermutung best\u00e4tigt worden: Im Touristenort Burgas an der bulgarischen Schwarzmeerk\u00fcste haben zwei Hisbollah-Agenten [&hellip;]<\/p>\n","protected":false},"author":54,"featured_media":0,"comment_status":"open","ping_status":"closed","sticky":false,"template":"","format":"standard","meta":{"jetpack_post_was_ever_published":false,"footnotes":""},"categories":[166,167,168],"tags":[25335,8629,25334,28875,1210],"class_list":["post-5883","post","type-post","status-publish","format-standard","hentry","category-iran","category-islamismus-und-terror","category-israel","tag-burgas","tag-eu","tag-hisbollah","tag-israel","tag-terror"],"yoast_head":"<!-- This site is optimized with the Yoast SEO plugin v21.0 - https:\/\/yoast.com\/wordpress\/plugins\/seo\/ -->\n<title>Warum Hisbollah endlich auf die EU-Terrorliste gesetzt werden muss - J\u00f6rg Lau<\/title>\n<meta name=\"robots\" content=\"index, follow, max-snippet:-1, max-image-preview:large, max-video-preview:-1\" \/>\n<link rel=\"canonical\" href=\"https:\/\/blog.zeit.de\/joerglau\/2013\/02\/07\/warum-hisbollah-endlich-auf-die-eu-terrorliste-gesetzt-werden-muss_5883\" \/>\n<meta property=\"og:locale\" content=\"de_DE\" \/>\n<meta property=\"og:type\" content=\"article\" \/>\n<meta property=\"og:title\" content=\"Warum Hisbollah endlich auf die EU-Terrorliste gesetzt werden muss - J\u00f6rg Lau\" \/>\n<meta property=\"og:description\" content=\"Meine Analyse aus der ZEIT von heute: Erst war es nur ein Verdacht, als letztes Jahr im Juli sechs israelische Touristen und ein bulgarischer Busfahrer ermordet wurden: Dahinter steckt die libanesische Hisbollah, und hinter ihr wahrscheinlich der Iran. Jetzt ist die erste Vermutung best\u00e4tigt worden: Im Touristenort Burgas an der bulgarischen Schwarzmeerk\u00fcste haben zwei Hisbollah-Agenten [&hellip;]\" \/>\n<meta property=\"og:url\" content=\"https:\/\/blog.zeit.de\/joerglau\/2013\/02\/07\/warum-hisbollah-endlich-auf-die-eu-terrorliste-gesetzt-werden-muss_5883\" \/>\n<meta property=\"og:site_name\" content=\"J\u00f6rg Lau\" \/>\n<meta property=\"article:published_time\" content=\"2013-02-07T11:24:14+00:00\" \/>\n<meta name=\"author\" content=\"J\u00f6rg Lau\" \/>\n<meta name=\"twitter:card\" content=\"summary_large_image\" \/>\n<meta name=\"twitter:label1\" content=\"Geschrieben von\" \/>\n\t<meta name=\"twitter:data1\" content=\"J\u00f6rg Lau\" \/>\n\t<meta name=\"twitter:label2\" content=\"Gesch\u00e4tzte Lesezeit\" \/>\n\t<meta name=\"twitter:data2\" content=\"3\u00a0Minuten\" \/>\n<script type=\"application\/ld+json\" class=\"yoast-schema-graph\">{\"@context\":\"https:\/\/schema.org\",\"@graph\":[{\"@type\":\"WebPage\",\"@id\":\"https:\/\/blog.zeit.de\/joerglau\/2013\/02\/07\/warum-hisbollah-endlich-auf-die-eu-terrorliste-gesetzt-werden-muss_5883\",\"url\":\"https:\/\/blog.zeit.de\/joerglau\/2013\/02\/07\/warum-hisbollah-endlich-auf-die-eu-terrorliste-gesetzt-werden-muss_5883\",\"name\":\"Warum Hisbollah endlich auf die EU-Terrorliste gesetzt werden muss - J\u00f6rg Lau\",\"isPartOf\":{\"@id\":\"https:\/\/blog.zeit.de\/joerglau\/#website\"},\"datePublished\":\"2013-02-07T11:24:14+00:00\",\"dateModified\":\"2013-02-07T11:24:14+00:00\",\"author\":{\"@id\":\"https:\/\/blog.zeit.de\/joerglau\/#\/schema\/person\/55f0be9bfac24815791fbc852b042f57\"},\"breadcrumb\":{\"@id\":\"https:\/\/blog.zeit.de\/joerglau\/2013\/02\/07\/warum-hisbollah-endlich-auf-die-eu-terrorliste-gesetzt-werden-muss_5883#breadcrumb\"},\"inLanguage\":\"de\",\"potentialAction\":[{\"@type\":\"ReadAction\",\"target\":[\"https:\/\/blog.zeit.de\/joerglau\/2013\/02\/07\/warum-hisbollah-endlich-auf-die-eu-terrorliste-gesetzt-werden-muss_5883\"]}]},{\"@type\":\"BreadcrumbList\",\"@id\":\"https:\/\/blog.zeit.de\/joerglau\/2013\/02\/07\/warum-hisbollah-endlich-auf-die-eu-terrorliste-gesetzt-werden-muss_5883#breadcrumb\",\"itemListElement\":[{\"@type\":\"ListItem\",\"position\":1,\"name\":\"Startseite\",\"item\":\"https:\/\/blog.zeit.de\/joerglau\"},{\"@type\":\"ListItem\",\"position\":2,\"name\":\"Warum Hisbollah endlich auf die EU-Terrorliste gesetzt werden muss\"}]},{\"@type\":\"WebSite\",\"@id\":\"https:\/\/blog.zeit.de\/joerglau\/#website\",\"url\":\"https:\/\/blog.zeit.de\/joerglau\/\",\"name\":\"J\u00f6rg Lau\",\"description\":\"Ein Blog \u00fcber Religion und Politik\",\"potentialAction\":[{\"@type\":\"SearchAction\",\"target\":{\"@type\":\"EntryPoint\",\"urlTemplate\":\"https:\/\/blog.zeit.de\/joerglau\/?s={search_term_string}\"},\"query-input\":\"required name=search_term_string\"}],\"inLanguage\":\"de\"},{\"@type\":\"Person\",\"@id\":\"https:\/\/blog.zeit.de\/joerglau\/#\/schema\/person\/55f0be9bfac24815791fbc852b042f57\",\"name\":\"J\u00f6rg Lau\",\"image\":{\"@type\":\"ImageObject\",\"inLanguage\":\"de\",\"@id\":\"https:\/\/blog.zeit.de\/joerglau\/#\/schema\/person\/image\/\",\"url\":\"https:\/\/secure.gravatar.com\/avatar\/a5fe39bf4f5335b8bac36eefa0b41467221b1598bfea5f05159a0199e391eed0?s=96&d=mm&r=g\",\"contentUrl\":\"https:\/\/secure.gravatar.com\/avatar\/a5fe39bf4f5335b8bac36eefa0b41467221b1598bfea5f05159a0199e391eed0?s=96&d=mm&r=g\",\"caption\":\"J\u00f6rg Lau\"},\"url\":\"https:\/\/blog.zeit.de\/joerglau\/author\/joerg-lau\"}]}<\/script>\n<!-- \/ Yoast SEO plugin. -->","yoast_head_json":{"title":"Warum Hisbollah endlich auf die EU-Terrorliste gesetzt werden muss - J\u00f6rg Lau","robots":{"index":"index","follow":"follow","max-snippet":"max-snippet:-1","max-image-preview":"max-image-preview:large","max-video-preview":"max-video-preview:-1"},"canonical":"https:\/\/blog.zeit.de\/joerglau\/2013\/02\/07\/warum-hisbollah-endlich-auf-die-eu-terrorliste-gesetzt-werden-muss_5883","og_locale":"de_DE","og_type":"article","og_title":"Warum Hisbollah endlich auf die EU-Terrorliste gesetzt werden muss - J\u00f6rg Lau","og_description":"Meine Analyse aus der ZEIT von heute: Erst war es nur ein Verdacht, als letztes Jahr im Juli sechs israelische Touristen und ein bulgarischer Busfahrer ermordet wurden: Dahinter steckt die libanesische Hisbollah, und hinter ihr wahrscheinlich der Iran. Jetzt ist die erste Vermutung best\u00e4tigt worden: Im Touristenort Burgas an der bulgarischen Schwarzmeerk\u00fcste haben zwei Hisbollah-Agenten [&hellip;]","og_url":"https:\/\/blog.zeit.de\/joerglau\/2013\/02\/07\/warum-hisbollah-endlich-auf-die-eu-terrorliste-gesetzt-werden-muss_5883","og_site_name":"J\u00f6rg Lau","article_published_time":"2013-02-07T11:24:14+00:00","author":"J\u00f6rg Lau","twitter_card":"summary_large_image","twitter_misc":{"Geschrieben von":"J\u00f6rg Lau","Gesch\u00e4tzte Lesezeit":"3\u00a0Minuten"},"schema":{"@context":"https:\/\/schema.org","@graph":[{"@type":"WebPage","@id":"https:\/\/blog.zeit.de\/joerglau\/2013\/02\/07\/warum-hisbollah-endlich-auf-die-eu-terrorliste-gesetzt-werden-muss_5883","url":"https:\/\/blog.zeit.de\/joerglau\/2013\/02\/07\/warum-hisbollah-endlich-auf-die-eu-terrorliste-gesetzt-werden-muss_5883","name":"Warum Hisbollah endlich auf die EU-Terrorliste gesetzt werden muss - J\u00f6rg Lau","isPartOf":{"@id":"https:\/\/blog.zeit.de\/joerglau\/#website"},"datePublished":"2013-02-07T11:24:14+00:00","dateModified":"2013-02-07T11:24:14+00:00","author":{"@id":"https:\/\/blog.zeit.de\/joerglau\/#\/schema\/person\/55f0be9bfac24815791fbc852b042f57"},"breadcrumb":{"@id":"https:\/\/blog.zeit.de\/joerglau\/2013\/02\/07\/warum-hisbollah-endlich-auf-die-eu-terrorliste-gesetzt-werden-muss_5883#breadcrumb"},"inLanguage":"de","potentialAction":[{"@type":"ReadAction","target":["https:\/\/blog.zeit.de\/joerglau\/2013\/02\/07\/warum-hisbollah-endlich-auf-die-eu-terrorliste-gesetzt-werden-muss_5883"]}]},{"@type":"BreadcrumbList","@id":"https:\/\/blog.zeit.de\/joerglau\/2013\/02\/07\/warum-hisbollah-endlich-auf-die-eu-terrorliste-gesetzt-werden-muss_5883#breadcrumb","itemListElement":[{"@type":"ListItem","position":1,"name":"Startseite","item":"https:\/\/blog.zeit.de\/joerglau"},{"@type":"ListItem","position":2,"name":"Warum Hisbollah endlich auf die EU-Terrorliste gesetzt werden muss"}]},{"@type":"WebSite","@id":"https:\/\/blog.zeit.de\/joerglau\/#website","url":"https:\/\/blog.zeit.de\/joerglau\/","name":"J\u00f6rg Lau","description":"Ein Blog \u00fcber Religion und Politik","potentialAction":[{"@type":"SearchAction","target":{"@type":"EntryPoint","urlTemplate":"https:\/\/blog.zeit.de\/joerglau\/?s={search_term_string}"},"query-input":"required name=search_term_string"}],"inLanguage":"de"},{"@type":"Person","@id":"https:\/\/blog.zeit.de\/joerglau\/#\/schema\/person\/55f0be9bfac24815791fbc852b042f57","name":"J\u00f6rg Lau","image":{"@type":"ImageObject","inLanguage":"de","@id":"https:\/\/blog.zeit.de\/joerglau\/#\/schema\/person\/image\/","url":"https:\/\/secure.gravatar.com\/avatar\/a5fe39bf4f5335b8bac36eefa0b41467221b1598bfea5f05159a0199e391eed0?s=96&d=mm&r=g","contentUrl":"https:\/\/secure.gravatar.com\/avatar\/a5fe39bf4f5335b8bac36eefa0b41467221b1598bfea5f05159a0199e391eed0?s=96&d=mm&r=g","caption":"J\u00f6rg Lau"},"url":"https:\/\/blog.zeit.de\/joerglau\/author\/joerg-lau"}]}},"jetpack_featured_media_url":"","jetpack_sharing_enabled":true,"jetpack_shortlink":"https:\/\/wp.me\/pG02W-1wT","_links":{"self":[{"href":"https:\/\/blog.zeit.de\/joerglau\/wp-json\/wp\/v2\/posts\/5883","targetHints":{"allow":["GET"]}}],"collection":[{"href":"https:\/\/blog.zeit.de\/joerglau\/wp-json\/wp\/v2\/posts"}],"about":[{"href":"https:\/\/blog.zeit.de\/joerglau\/wp-json\/wp\/v2\/types\/post"}],"author":[{"embeddable":true,"href":"https:\/\/blog.zeit.de\/joerglau\/wp-json\/wp\/v2\/users\/54"}],"replies":[{"embeddable":true,"href":"https:\/\/blog.zeit.de\/joerglau\/wp-json\/wp\/v2\/comments?post=5883"}],"version-history":[{"count":2,"href":"https:\/\/blog.zeit.de\/joerglau\/wp-json\/wp\/v2\/posts\/5883\/revisions"}],"predecessor-version":[{"id":5885,"href":"https:\/\/blog.zeit.de\/joerglau\/wp-json\/wp\/v2\/posts\/5883\/revisions\/5885"}],"wp:attachment":[{"href":"https:\/\/blog.zeit.de\/joerglau\/wp-json\/wp\/v2\/media?parent=5883"}],"wp:term":[{"taxonomy":"category","embeddable":true,"href":"https:\/\/blog.zeit.de\/joerglau\/wp-json\/wp\/v2\/categories?post=5883"},{"taxonomy":"post_tag","embeddable":true,"href":"https:\/\/blog.zeit.de\/joerglau\/wp-json\/wp\/v2\/tags?post=5883"}],"curies":[{"name":"wp","href":"https:\/\/api.w.org\/{rel}","templated":true}]}}