{"id":599,"date":"2007-07-03T09:05:30","date_gmt":"2007-07-03T07:05:30","guid":{"rendered":"http:\/\/blog.zeit.de\/joerglau\/2007\/07\/03\/al-jazeeras-islamophobie_599"},"modified":"2007-07-03T09:05:30","modified_gmt":"2007-07-03T07:05:30","slug":"al-jazeeras-islamophobie","status":"publish","type":"post","link":"https:\/\/blog.zeit.de\/joerglau\/2007\/07\/03\/al-jazeeras-islamophobie_599","title":{"rendered":"Al-Jazeeras Islamophobie"},"content":{"rendered":"<p><object width=\"425\" height=\"350\"><param name=\"movie\" value=\"http:\/\/www.youtube.com\/v\/R7M3t5UVkGg\"><\/param><param name=\"wmode\" value=\"transparent\"><\/param><\/object><\/p>\n<p>Al-Jazeera English berichtet ausf\u00fchrlich \u00fcber die Vorg\u00e4nge in England. In dem Bericht sind nahezu ausschlie\u00dflich die \u00c4ngste der Glasgower Muslime Thema, es werde einen &#8222;Backlash&#8220; gegen sie geben.<br \/>\nIch m\u00f6chte nicht ausschlie\u00dfen, dass es zu moslemfeindlichen \u00c4ussserungen und Aktionen kommt. Allerdings sind bisher keine bekannt geworden.<br \/>\nDarum ist es ein Problem, wie dieser Sender mit dem Thema umgeht: Er stellt Muslime als (potentielle) Opfer der rassistischen Bev\u00f6lkerung und eines hysterischen Staatsapparates dar, nicht als Betroffene des Terrors, die als B\u00fcrger die Pflicht haben, diesen Angriff auch als einen gegen sie selbst zu empfinden und abzuwehren. Dieser Sender ist Gift f\u00fcr die muslimische Zivilgesellschaft. Er f\u00f6rdert die Opfer-Mentalit\u00e4t.<\/p>\n<p>In anderen Worten: Er stellt die Muslime genau so dar, wie Islamophobe sie sehen m\u00f6chten, als nicht ganz loyale B\u00fcrger, die sich ums Gemeinwohl nicht scheren, sondern nur ihre Sonderidentit\u00e4t pflegen und sich sich immer als Opfer pr\u00e4sentieren.<\/p>\n<p>Der Sprecher des Muslim Council of Britain, Inayat Bunglawala, hat im Interview nur eine einzige Sorge: Sch\u00e4rfere Sicherheitsgesetze verhindern. W\u00e4hrend gerade Hunderte einem qualvollen Tod durch islamistische M\u00f6chtegern-Terroristen entkommen sind, wirkt das doch ein wenig merkw\u00fcrdig (auch wenn man zu Recht gegen die m\u00f6glichen Gesetze &#8211; die allerdings noch niemand vorgeschlagen hat &#8211; sein mag).<\/p>\n<p>Wer solche Sprecher hat, braucht keine Feinde mehr.<\/p>\n","protected":false},"excerpt":{"rendered":"<p>Al-Jazeera English berichtet ausf\u00fchrlich \u00fcber die Vorg\u00e4nge in England. In dem Bericht sind nahezu ausschlie\u00dflich die \u00c4ngste der Glasgower Muslime Thema, es werde einen &#8222;Backlash&#8220; gegen sie geben. Ich m\u00f6chte nicht ausschlie\u00dfen, dass es zu moslemfeindlichen \u00c4ussserungen und Aktionen kommt. Allerdings sind bisher keine bekannt geworden. Darum ist es ein Problem, wie dieser Sender mit [&hellip;]<\/p>\n","protected":false},"author":54,"featured_media":0,"comment_status":"open","ping_status":"closed","sticky":false,"template":"","format":"standard","meta":{"jetpack_post_was_ever_published":false,"footnotes":""},"categories":[157,169],"tags":[],"class_list":["post-599","post","type-post","status-publish","format-standard","hentry","category-die-freunde-und-die-feinde-des-islams","category-medienkritik"],"yoast_head":"<!-- This site is optimized with the Yoast SEO plugin v21.0 - https:\/\/yoast.com\/wordpress\/plugins\/seo\/ -->\n<title>Al-Jazeeras Islamophobie - J\u00f6rg Lau<\/title>\n<meta name=\"robots\" content=\"index, follow, max-snippet:-1, max-image-preview:large, max-video-preview:-1\" \/>\n<link rel=\"canonical\" href=\"https:\/\/blog.zeit.de\/joerglau\/2007\/07\/03\/al-jazeeras-islamophobie_599\" \/>\n<meta property=\"og:locale\" content=\"de_DE\" \/>\n<meta property=\"og:type\" content=\"article\" \/>\n<meta property=\"og:title\" content=\"Al-Jazeeras Islamophobie - J\u00f6rg Lau\" \/>\n<meta property=\"og:description\" content=\"Al-Jazeera English berichtet ausf\u00fchrlich \u00fcber die Vorg\u00e4nge in England. In dem Bericht sind nahezu ausschlie\u00dflich die \u00c4ngste der Glasgower Muslime Thema, es werde einen &#8222;Backlash&#8220; gegen sie geben. Ich m\u00f6chte nicht ausschlie\u00dfen, dass es zu moslemfeindlichen \u00c4ussserungen und Aktionen kommt. Allerdings sind bisher keine bekannt geworden. Darum ist es ein Problem, wie dieser Sender mit [&hellip;]\" \/>\n<meta property=\"og:url\" content=\"https:\/\/blog.zeit.de\/joerglau\/2007\/07\/03\/al-jazeeras-islamophobie_599\" \/>\n<meta property=\"og:site_name\" content=\"J\u00f6rg Lau\" \/>\n<meta property=\"article:published_time\" content=\"2007-07-03T07:05:30+00:00\" \/>\n<meta name=\"author\" content=\"J\u00f6rg Lau\" \/>\n<meta name=\"twitter:card\" content=\"summary_large_image\" \/>\n<meta name=\"twitter:label1\" content=\"Geschrieben von\" \/>\n\t<meta name=\"twitter:data1\" content=\"J\u00f6rg Lau\" \/>\n\t<meta name=\"twitter:label2\" content=\"Gesch\u00e4tzte Lesezeit\" \/>\n\t<meta name=\"twitter:data2\" content=\"1\u00a0Minute\" \/>\n<script type=\"application\/ld+json\" class=\"yoast-schema-graph\">{\"@context\":\"https:\/\/schema.org\",\"@graph\":[{\"@type\":\"WebPage\",\"@id\":\"https:\/\/blog.zeit.de\/joerglau\/2007\/07\/03\/al-jazeeras-islamophobie_599\",\"url\":\"https:\/\/blog.zeit.de\/joerglau\/2007\/07\/03\/al-jazeeras-islamophobie_599\",\"name\":\"Al-Jazeeras Islamophobie - J\u00f6rg Lau\",\"isPartOf\":{\"@id\":\"https:\/\/blog.zeit.de\/joerglau\/#website\"},\"datePublished\":\"2007-07-03T07:05:30+00:00\",\"dateModified\":\"2007-07-03T07:05:30+00:00\",\"author\":{\"@id\":\"https:\/\/blog.zeit.de\/joerglau\/#\/schema\/person\/55f0be9bfac24815791fbc852b042f57\"},\"breadcrumb\":{\"@id\":\"https:\/\/blog.zeit.de\/joerglau\/2007\/07\/03\/al-jazeeras-islamophobie_599#breadcrumb\"},\"inLanguage\":\"de\",\"potentialAction\":[{\"@type\":\"ReadAction\",\"target\":[\"https:\/\/blog.zeit.de\/joerglau\/2007\/07\/03\/al-jazeeras-islamophobie_599\"]}]},{\"@type\":\"BreadcrumbList\",\"@id\":\"https:\/\/blog.zeit.de\/joerglau\/2007\/07\/03\/al-jazeeras-islamophobie_599#breadcrumb\",\"itemListElement\":[{\"@type\":\"ListItem\",\"position\":1,\"name\":\"Startseite\",\"item\":\"https:\/\/blog.zeit.de\/joerglau\"},{\"@type\":\"ListItem\",\"position\":2,\"name\":\"Al-Jazeeras Islamophobie\"}]},{\"@type\":\"WebSite\",\"@id\":\"https:\/\/blog.zeit.de\/joerglau\/#website\",\"url\":\"https:\/\/blog.zeit.de\/joerglau\/\",\"name\":\"J\u00f6rg Lau\",\"description\":\"Ein Blog \u00fcber Religion und Politik\",\"potentialAction\":[{\"@type\":\"SearchAction\",\"target\":{\"@type\":\"EntryPoint\",\"urlTemplate\":\"https:\/\/blog.zeit.de\/joerglau\/?s={search_term_string}\"},\"query-input\":\"required name=search_term_string\"}],\"inLanguage\":\"de\"},{\"@type\":\"Person\",\"@id\":\"https:\/\/blog.zeit.de\/joerglau\/#\/schema\/person\/55f0be9bfac24815791fbc852b042f57\",\"name\":\"J\u00f6rg Lau\",\"image\":{\"@type\":\"ImageObject\",\"inLanguage\":\"de\",\"@id\":\"https:\/\/blog.zeit.de\/joerglau\/#\/schema\/person\/image\/\",\"url\":\"https:\/\/secure.gravatar.com\/avatar\/a5fe39bf4f5335b8bac36eefa0b41467221b1598bfea5f05159a0199e391eed0?s=96&d=mm&r=g\",\"contentUrl\":\"https:\/\/secure.gravatar.com\/avatar\/a5fe39bf4f5335b8bac36eefa0b41467221b1598bfea5f05159a0199e391eed0?s=96&d=mm&r=g\",\"caption\":\"J\u00f6rg Lau\"},\"url\":\"https:\/\/blog.zeit.de\/joerglau\/author\/joerg-lau\"}]}<\/script>\n<!-- \/ Yoast SEO plugin. -->","yoast_head_json":{"title":"Al-Jazeeras Islamophobie - J\u00f6rg Lau","robots":{"index":"index","follow":"follow","max-snippet":"max-snippet:-1","max-image-preview":"max-image-preview:large","max-video-preview":"max-video-preview:-1"},"canonical":"https:\/\/blog.zeit.de\/joerglau\/2007\/07\/03\/al-jazeeras-islamophobie_599","og_locale":"de_DE","og_type":"article","og_title":"Al-Jazeeras Islamophobie - J\u00f6rg Lau","og_description":"Al-Jazeera English berichtet ausf\u00fchrlich \u00fcber die Vorg\u00e4nge in England. In dem Bericht sind nahezu ausschlie\u00dflich die \u00c4ngste der Glasgower Muslime Thema, es werde einen &#8222;Backlash&#8220; gegen sie geben. Ich m\u00f6chte nicht ausschlie\u00dfen, dass es zu moslemfeindlichen \u00c4ussserungen und Aktionen kommt. Allerdings sind bisher keine bekannt geworden. Darum ist es ein Problem, wie dieser Sender mit [&hellip;]","og_url":"https:\/\/blog.zeit.de\/joerglau\/2007\/07\/03\/al-jazeeras-islamophobie_599","og_site_name":"J\u00f6rg Lau","article_published_time":"2007-07-03T07:05:30+00:00","author":"J\u00f6rg Lau","twitter_card":"summary_large_image","twitter_misc":{"Geschrieben von":"J\u00f6rg Lau","Gesch\u00e4tzte Lesezeit":"1\u00a0Minute"},"schema":{"@context":"https:\/\/schema.org","@graph":[{"@type":"WebPage","@id":"https:\/\/blog.zeit.de\/joerglau\/2007\/07\/03\/al-jazeeras-islamophobie_599","url":"https:\/\/blog.zeit.de\/joerglau\/2007\/07\/03\/al-jazeeras-islamophobie_599","name":"Al-Jazeeras Islamophobie - J\u00f6rg Lau","isPartOf":{"@id":"https:\/\/blog.zeit.de\/joerglau\/#website"},"datePublished":"2007-07-03T07:05:30+00:00","dateModified":"2007-07-03T07:05:30+00:00","author":{"@id":"https:\/\/blog.zeit.de\/joerglau\/#\/schema\/person\/55f0be9bfac24815791fbc852b042f57"},"breadcrumb":{"@id":"https:\/\/blog.zeit.de\/joerglau\/2007\/07\/03\/al-jazeeras-islamophobie_599#breadcrumb"},"inLanguage":"de","potentialAction":[{"@type":"ReadAction","target":["https:\/\/blog.zeit.de\/joerglau\/2007\/07\/03\/al-jazeeras-islamophobie_599"]}]},{"@type":"BreadcrumbList","@id":"https:\/\/blog.zeit.de\/joerglau\/2007\/07\/03\/al-jazeeras-islamophobie_599#breadcrumb","itemListElement":[{"@type":"ListItem","position":1,"name":"Startseite","item":"https:\/\/blog.zeit.de\/joerglau"},{"@type":"ListItem","position":2,"name":"Al-Jazeeras Islamophobie"}]},{"@type":"WebSite","@id":"https:\/\/blog.zeit.de\/joerglau\/#website","url":"https:\/\/blog.zeit.de\/joerglau\/","name":"J\u00f6rg Lau","description":"Ein Blog \u00fcber Religion und Politik","potentialAction":[{"@type":"SearchAction","target":{"@type":"EntryPoint","urlTemplate":"https:\/\/blog.zeit.de\/joerglau\/?s={search_term_string}"},"query-input":"required name=search_term_string"}],"inLanguage":"de"},{"@type":"Person","@id":"https:\/\/blog.zeit.de\/joerglau\/#\/schema\/person\/55f0be9bfac24815791fbc852b042f57","name":"J\u00f6rg Lau","image":{"@type":"ImageObject","inLanguage":"de","@id":"https:\/\/blog.zeit.de\/joerglau\/#\/schema\/person\/image\/","url":"https:\/\/secure.gravatar.com\/avatar\/a5fe39bf4f5335b8bac36eefa0b41467221b1598bfea5f05159a0199e391eed0?s=96&d=mm&r=g","contentUrl":"https:\/\/secure.gravatar.com\/avatar\/a5fe39bf4f5335b8bac36eefa0b41467221b1598bfea5f05159a0199e391eed0?s=96&d=mm&r=g","caption":"J\u00f6rg Lau"},"url":"https:\/\/blog.zeit.de\/joerglau\/author\/joerg-lau"}]}},"jetpack_featured_media_url":"","jetpack_sharing_enabled":true,"jetpack_shortlink":"https:\/\/wp.me\/pG02W-9F","_links":{"self":[{"href":"https:\/\/blog.zeit.de\/joerglau\/wp-json\/wp\/v2\/posts\/599","targetHints":{"allow":["GET"]}}],"collection":[{"href":"https:\/\/blog.zeit.de\/joerglau\/wp-json\/wp\/v2\/posts"}],"about":[{"href":"https:\/\/blog.zeit.de\/joerglau\/wp-json\/wp\/v2\/types\/post"}],"author":[{"embeddable":true,"href":"https:\/\/blog.zeit.de\/joerglau\/wp-json\/wp\/v2\/users\/54"}],"replies":[{"embeddable":true,"href":"https:\/\/blog.zeit.de\/joerglau\/wp-json\/wp\/v2\/comments?post=599"}],"version-history":[{"count":0,"href":"https:\/\/blog.zeit.de\/joerglau\/wp-json\/wp\/v2\/posts\/599\/revisions"}],"wp:attachment":[{"href":"https:\/\/blog.zeit.de\/joerglau\/wp-json\/wp\/v2\/media?parent=599"}],"wp:term":[{"taxonomy":"category","embeddable":true,"href":"https:\/\/blog.zeit.de\/joerglau\/wp-json\/wp\/v2\/categories?post=599"},{"taxonomy":"post_tag","embeddable":true,"href":"https:\/\/blog.zeit.de\/joerglau\/wp-json\/wp\/v2\/tags?post=599"}],"curies":[{"name":"wp","href":"https:\/\/api.w.org\/{rel}","templated":true}]}}