{"id":602,"date":"2007-07-03T16:15:42","date_gmt":"2007-07-03T14:15:42","guid":{"rendered":"http:\/\/blog.zeit.de\/joerglau\/2007\/07\/03\/sayyid-qutb-der-ur-islamist-in-amerika_602"},"modified":"2007-07-03T16:15:42","modified_gmt":"2007-07-03T14:15:42","slug":"sayyid-qutb-der-ur-islamist-in-amerika","status":"publish","type":"post","link":"https:\/\/blog.zeit.de\/joerglau\/2007\/07\/03\/sayyid-qutb-der-ur-islamist-in-amerika_602","title":{"rendered":"Sayyid Qutb, der Ur-Islamist, in Amerika"},"content":{"rendered":"<p>\u00dcber diesen Mann m\u00fcssen wir hier einmal reden, wenn wir verstehen wollen, was die &#8222;Todes-Doktoren&#8220; antreibt, die London und Glasgow treffen wollten.<br \/>\nSayyid Qutb hat den modernen Islamismus geschaffen. Seine &#8222;Milestones&#8220; sind das kommunistische Manifest des Dschihads.<\/p>\n<p>Und in Greeley, Colorado, hat er sein Bild des Westens geformt, das bis heute die jungen Dschihadisten pr\u00e4gt. Ein exzellenter Artikel \u00fcber &#8222;Al-Kaidas Wurzeln in Colorado&#8220; <a href=\"http:\/\/www.5280.com\/issues\/2005\/0510\/feature.php?pageID=269\">hier<\/a>.<\/p>\n<p><object width=\"425\" height=\"350\"><param name=\"movie\" value=\"http:\/\/www.youtube.com\/v\/p6m9r8Ng9t4\"><\/param><param name=\"wmode\" value=\"transparent\"><\/param><\/object><\/p>\n<p>Der bessere TV-Beitrag scheint mir dieser hier zu sein. Er zieht interessante Parallelen zwischen der Kritik des islamisten Qutb an der westlichen Gesellschaft und der Vision von Leo Strauss, einem der geistigen \u00dcbervater des Neokonservatismus:<\/p>\n<p><object width=\"425\" height=\"350\"><param name=\"movie\" value=\"http:\/\/www.youtube.com\/v\/IAUDcmaJNWQ\"><\/param><param name=\"wmode\" value=\"transparent\"><\/param><\/object><\/p>\n","protected":false},"excerpt":{"rendered":"<p>\u00dcber diesen Mann m\u00fcssen wir hier einmal reden, wenn wir verstehen wollen, was die &#8222;Todes-Doktoren&#8220; antreibt, die London und Glasgow treffen wollten. Sayyid Qutb hat den modernen Islamismus geschaffen. Seine &#8222;Milestones&#8220; sind das kommunistische Manifest des Dschihads. Und in Greeley, Colorado, hat er sein Bild des Westens geformt, das bis heute die jungen Dschihadisten pr\u00e4gt. [&hellip;]<\/p>\n","protected":false},"author":54,"featured_media":0,"comment_status":"open","ping_status":"closed","sticky":false,"template":"","format":"standard","meta":{"jetpack_post_was_ever_published":false,"footnotes":""},"categories":[157,167],"tags":[],"class_list":["post-602","post","type-post","status-publish","format-standard","hentry","category-die-freunde-und-die-feinde-des-islams","category-islamismus-und-terror"],"yoast_head":"<!-- This site is optimized with the Yoast SEO plugin v21.0 - https:\/\/yoast.com\/wordpress\/plugins\/seo\/ -->\n<title>Sayyid Qutb, der Ur-Islamist, in Amerika - J\u00f6rg Lau<\/title>\n<meta name=\"robots\" content=\"index, follow, max-snippet:-1, max-image-preview:large, max-video-preview:-1\" \/>\n<link rel=\"canonical\" href=\"https:\/\/blog.zeit.de\/joerglau\/2007\/07\/03\/sayyid-qutb-der-ur-islamist-in-amerika_602\" \/>\n<meta property=\"og:locale\" content=\"de_DE\" \/>\n<meta property=\"og:type\" content=\"article\" \/>\n<meta property=\"og:title\" content=\"Sayyid Qutb, der Ur-Islamist, in Amerika - J\u00f6rg Lau\" \/>\n<meta property=\"og:description\" content=\"\u00dcber diesen Mann m\u00fcssen wir hier einmal reden, wenn wir verstehen wollen, was die &#8222;Todes-Doktoren&#8220; antreibt, die London und Glasgow treffen wollten. Sayyid Qutb hat den modernen Islamismus geschaffen. Seine &#8222;Milestones&#8220; sind das kommunistische Manifest des Dschihads. Und in Greeley, Colorado, hat er sein Bild des Westens geformt, das bis heute die jungen Dschihadisten pr\u00e4gt. [&hellip;]\" \/>\n<meta property=\"og:url\" content=\"https:\/\/blog.zeit.de\/joerglau\/2007\/07\/03\/sayyid-qutb-der-ur-islamist-in-amerika_602\" \/>\n<meta property=\"og:site_name\" content=\"J\u00f6rg Lau\" \/>\n<meta property=\"article:published_time\" content=\"2007-07-03T14:15:42+00:00\" \/>\n<meta name=\"author\" content=\"J\u00f6rg Lau\" \/>\n<meta name=\"twitter:card\" content=\"summary_large_image\" \/>\n<meta name=\"twitter:label1\" content=\"Geschrieben von\" \/>\n\t<meta name=\"twitter:data1\" content=\"J\u00f6rg Lau\" \/>\n\t<meta name=\"twitter:label2\" content=\"Gesch\u00e4tzte Lesezeit\" \/>\n\t<meta name=\"twitter:data2\" content=\"1\u00a0Minute\" \/>\n<script type=\"application\/ld+json\" class=\"yoast-schema-graph\">{\"@context\":\"https:\/\/schema.org\",\"@graph\":[{\"@type\":\"WebPage\",\"@id\":\"https:\/\/blog.zeit.de\/joerglau\/2007\/07\/03\/sayyid-qutb-der-ur-islamist-in-amerika_602\",\"url\":\"https:\/\/blog.zeit.de\/joerglau\/2007\/07\/03\/sayyid-qutb-der-ur-islamist-in-amerika_602\",\"name\":\"Sayyid Qutb, der Ur-Islamist, in Amerika - J\u00f6rg Lau\",\"isPartOf\":{\"@id\":\"https:\/\/blog.zeit.de\/joerglau\/#website\"},\"datePublished\":\"2007-07-03T14:15:42+00:00\",\"dateModified\":\"2007-07-03T14:15:42+00:00\",\"author\":{\"@id\":\"https:\/\/blog.zeit.de\/joerglau\/#\/schema\/person\/55f0be9bfac24815791fbc852b042f57\"},\"breadcrumb\":{\"@id\":\"https:\/\/blog.zeit.de\/joerglau\/2007\/07\/03\/sayyid-qutb-der-ur-islamist-in-amerika_602#breadcrumb\"},\"inLanguage\":\"de\",\"potentialAction\":[{\"@type\":\"ReadAction\",\"target\":[\"https:\/\/blog.zeit.de\/joerglau\/2007\/07\/03\/sayyid-qutb-der-ur-islamist-in-amerika_602\"]}]},{\"@type\":\"BreadcrumbList\",\"@id\":\"https:\/\/blog.zeit.de\/joerglau\/2007\/07\/03\/sayyid-qutb-der-ur-islamist-in-amerika_602#breadcrumb\",\"itemListElement\":[{\"@type\":\"ListItem\",\"position\":1,\"name\":\"Startseite\",\"item\":\"https:\/\/blog.zeit.de\/joerglau\"},{\"@type\":\"ListItem\",\"position\":2,\"name\":\"Sayyid Qutb, der Ur-Islamist, in Amerika\"}]},{\"@type\":\"WebSite\",\"@id\":\"https:\/\/blog.zeit.de\/joerglau\/#website\",\"url\":\"https:\/\/blog.zeit.de\/joerglau\/\",\"name\":\"J\u00f6rg Lau\",\"description\":\"Ein Blog \u00fcber Religion und Politik\",\"potentialAction\":[{\"@type\":\"SearchAction\",\"target\":{\"@type\":\"EntryPoint\",\"urlTemplate\":\"https:\/\/blog.zeit.de\/joerglau\/?s={search_term_string}\"},\"query-input\":\"required name=search_term_string\"}],\"inLanguage\":\"de\"},{\"@type\":\"Person\",\"@id\":\"https:\/\/blog.zeit.de\/joerglau\/#\/schema\/person\/55f0be9bfac24815791fbc852b042f57\",\"name\":\"J\u00f6rg Lau\",\"image\":{\"@type\":\"ImageObject\",\"inLanguage\":\"de\",\"@id\":\"https:\/\/blog.zeit.de\/joerglau\/#\/schema\/person\/image\/\",\"url\":\"https:\/\/secure.gravatar.com\/avatar\/a5fe39bf4f5335b8bac36eefa0b41467221b1598bfea5f05159a0199e391eed0?s=96&d=mm&r=g\",\"contentUrl\":\"https:\/\/secure.gravatar.com\/avatar\/a5fe39bf4f5335b8bac36eefa0b41467221b1598bfea5f05159a0199e391eed0?s=96&d=mm&r=g\",\"caption\":\"J\u00f6rg Lau\"},\"url\":\"https:\/\/blog.zeit.de\/joerglau\/author\/joerg-lau\"}]}<\/script>\n<!-- \/ Yoast SEO plugin. -->","yoast_head_json":{"title":"Sayyid Qutb, der Ur-Islamist, in Amerika - J\u00f6rg Lau","robots":{"index":"index","follow":"follow","max-snippet":"max-snippet:-1","max-image-preview":"max-image-preview:large","max-video-preview":"max-video-preview:-1"},"canonical":"https:\/\/blog.zeit.de\/joerglau\/2007\/07\/03\/sayyid-qutb-der-ur-islamist-in-amerika_602","og_locale":"de_DE","og_type":"article","og_title":"Sayyid Qutb, der Ur-Islamist, in Amerika - J\u00f6rg Lau","og_description":"\u00dcber diesen Mann m\u00fcssen wir hier einmal reden, wenn wir verstehen wollen, was die &#8222;Todes-Doktoren&#8220; antreibt, die London und Glasgow treffen wollten. Sayyid Qutb hat den modernen Islamismus geschaffen. Seine &#8222;Milestones&#8220; sind das kommunistische Manifest des Dschihads. Und in Greeley, Colorado, hat er sein Bild des Westens geformt, das bis heute die jungen Dschihadisten pr\u00e4gt. [&hellip;]","og_url":"https:\/\/blog.zeit.de\/joerglau\/2007\/07\/03\/sayyid-qutb-der-ur-islamist-in-amerika_602","og_site_name":"J\u00f6rg Lau","article_published_time":"2007-07-03T14:15:42+00:00","author":"J\u00f6rg Lau","twitter_card":"summary_large_image","twitter_misc":{"Geschrieben von":"J\u00f6rg Lau","Gesch\u00e4tzte Lesezeit":"1\u00a0Minute"},"schema":{"@context":"https:\/\/schema.org","@graph":[{"@type":"WebPage","@id":"https:\/\/blog.zeit.de\/joerglau\/2007\/07\/03\/sayyid-qutb-der-ur-islamist-in-amerika_602","url":"https:\/\/blog.zeit.de\/joerglau\/2007\/07\/03\/sayyid-qutb-der-ur-islamist-in-amerika_602","name":"Sayyid Qutb, der Ur-Islamist, in Amerika - J\u00f6rg Lau","isPartOf":{"@id":"https:\/\/blog.zeit.de\/joerglau\/#website"},"datePublished":"2007-07-03T14:15:42+00:00","dateModified":"2007-07-03T14:15:42+00:00","author":{"@id":"https:\/\/blog.zeit.de\/joerglau\/#\/schema\/person\/55f0be9bfac24815791fbc852b042f57"},"breadcrumb":{"@id":"https:\/\/blog.zeit.de\/joerglau\/2007\/07\/03\/sayyid-qutb-der-ur-islamist-in-amerika_602#breadcrumb"},"inLanguage":"de","potentialAction":[{"@type":"ReadAction","target":["https:\/\/blog.zeit.de\/joerglau\/2007\/07\/03\/sayyid-qutb-der-ur-islamist-in-amerika_602"]}]},{"@type":"BreadcrumbList","@id":"https:\/\/blog.zeit.de\/joerglau\/2007\/07\/03\/sayyid-qutb-der-ur-islamist-in-amerika_602#breadcrumb","itemListElement":[{"@type":"ListItem","position":1,"name":"Startseite","item":"https:\/\/blog.zeit.de\/joerglau"},{"@type":"ListItem","position":2,"name":"Sayyid Qutb, der Ur-Islamist, in Amerika"}]},{"@type":"WebSite","@id":"https:\/\/blog.zeit.de\/joerglau\/#website","url":"https:\/\/blog.zeit.de\/joerglau\/","name":"J\u00f6rg Lau","description":"Ein Blog \u00fcber Religion und Politik","potentialAction":[{"@type":"SearchAction","target":{"@type":"EntryPoint","urlTemplate":"https:\/\/blog.zeit.de\/joerglau\/?s={search_term_string}"},"query-input":"required name=search_term_string"}],"inLanguage":"de"},{"@type":"Person","@id":"https:\/\/blog.zeit.de\/joerglau\/#\/schema\/person\/55f0be9bfac24815791fbc852b042f57","name":"J\u00f6rg Lau","image":{"@type":"ImageObject","inLanguage":"de","@id":"https:\/\/blog.zeit.de\/joerglau\/#\/schema\/person\/image\/","url":"https:\/\/secure.gravatar.com\/avatar\/a5fe39bf4f5335b8bac36eefa0b41467221b1598bfea5f05159a0199e391eed0?s=96&d=mm&r=g","contentUrl":"https:\/\/secure.gravatar.com\/avatar\/a5fe39bf4f5335b8bac36eefa0b41467221b1598bfea5f05159a0199e391eed0?s=96&d=mm&r=g","caption":"J\u00f6rg Lau"},"url":"https:\/\/blog.zeit.de\/joerglau\/author\/joerg-lau"}]}},"jetpack_featured_media_url":"","jetpack_sharing_enabled":true,"jetpack_shortlink":"https:\/\/wp.me\/pG02W-9I","_links":{"self":[{"href":"https:\/\/blog.zeit.de\/joerglau\/wp-json\/wp\/v2\/posts\/602","targetHints":{"allow":["GET"]}}],"collection":[{"href":"https:\/\/blog.zeit.de\/joerglau\/wp-json\/wp\/v2\/posts"}],"about":[{"href":"https:\/\/blog.zeit.de\/joerglau\/wp-json\/wp\/v2\/types\/post"}],"author":[{"embeddable":true,"href":"https:\/\/blog.zeit.de\/joerglau\/wp-json\/wp\/v2\/users\/54"}],"replies":[{"embeddable":true,"href":"https:\/\/blog.zeit.de\/joerglau\/wp-json\/wp\/v2\/comments?post=602"}],"version-history":[{"count":0,"href":"https:\/\/blog.zeit.de\/joerglau\/wp-json\/wp\/v2\/posts\/602\/revisions"}],"wp:attachment":[{"href":"https:\/\/blog.zeit.de\/joerglau\/wp-json\/wp\/v2\/media?parent=602"}],"wp:term":[{"taxonomy":"category","embeddable":true,"href":"https:\/\/blog.zeit.de\/joerglau\/wp-json\/wp\/v2\/categories?post=602"},{"taxonomy":"post_tag","embeddable":true,"href":"https:\/\/blog.zeit.de\/joerglau\/wp-json\/wp\/v2\/tags?post=602"}],"curies":[{"name":"wp","href":"https:\/\/api.w.org\/{rel}","templated":true}]}}