{"id":6035,"date":"2013-06-19T15:55:13","date_gmt":"2013-06-19T13:55:13","guid":{"rendered":"http:\/\/blog.zeit.de\/joerglau\/?p=6035"},"modified":"2013-06-19T16:01:21","modified_gmt":"2013-06-19T14:01:21","slug":"was-der-herbst-bringt","status":"publish","type":"post","link":"https:\/\/blog.zeit.de\/joerglau\/2013\/06\/19\/was-der-herbst-bringt_6035","title":{"rendered":"Was der Herbst bringt"},"content":{"rendered":"<p>Den treuen regelm\u00e4\u00dfigen Besuchern dieses Blogs schulde ich eine Erkl\u00e4rung.<\/p>\n<p>Ich habe wenig posten und auch selten auf Kommentare reagieren k\u00f6nnen, weil ich zur Zeit viel unterwegs bin. Die letzten Tage zum Beispiel habe ich auf einer sehr interessanten Tagung in Tel Aviv verbracht (bin noch dort), mit deutschen und israelischen Experten der Region. Weil die Gespr\u00e4che nicht \u00f6ffentlich sind, kann ich daraus leider nicht berichten. Die Einsichten der Gespr\u00e4chspartner werden aber in die Meinungsbildung f\u00fcr k\u00fcnftige Berichte und Kommentare eingehen.<\/p>\n<p><em><a href=\"https:\/\/blog.zeit.de\/joerglau\/files\/2013\/06\/IMG_0109.jpg\"><img loading=\"lazy\" decoding=\"async\" class=\"alignnone  wp-image-6039\" alt=\"IMG_0109\" src=\"https:\/\/blog.zeit.de\/joerglau\/files\/2013\/06\/IMG_0109-1024x767.jpg\" width=\"574\" height=\"430\" srcset=\"https:\/\/blog.zeit.de\/joerglau\/files\/2013\/06\/IMG_0109-1024x767.jpg 1024w, https:\/\/blog.zeit.de\/joerglau\/files\/2013\/06\/IMG_0109-300x224.jpg 300w\" sizes=\"auto, (max-width: 574px) 100vw, 574px\" \/><\/a><\/em><\/p>\n<p><em>Tel Aviv, landeinw\u00e4rts<\/em><\/p>\n<p>Die Woche zuvor war ich in Warschau, auch dort bei einer Tagung mit Thinktankern und Diplomaten. Es ging um Deutschland, Russland, Europa und die &#8222;sicherheitspolitische Kakophonie&#8220; des Kontinents.<\/p>\n<p>Au\u00dferdem &#8211; und auch das hat meine Aufmerksamkeit in den letzten Wochen vom Bloggen abgezogen &#8211; wird sich f\u00fcr mich beruflich Entscheidendes ver\u00e4ndern. Ab dem kommenden Winter werde ich in Hamburg die Koordination der au\u00dfenpolitischen Berichterstattung der ZEIT \u00fcbernehmen.<\/p>\n<p>Die meisten Korrespondentenstellen werden neu besetzt, und ich werde die Freude haben, das neue Team zu koordinieren.<\/p>\n<p>Das ist eine herausfordernde neue Aufgabe, von der ich noch nicht wei\u00df, wie sehr sie meine Pr\u00e4senz hier betreffen wird. Ich habe aber vor, das Blog weiterzuf\u00fchren, wenn es irgend geht.<\/p>\n<p>Jetzt aber werde ich mich erst einmal f\u00fcr drei Wochen in den Urlaub verabschieden, denn das erste Halbjahr war sch\u00f6n und anstrengend, und ich brauche neue Ideen und Kraft. Dann kommt die Wahl, und danach geht es auf zu neuen Ufern.<\/p>\n<p>Ich w\u00fcnsche allen einen sch\u00f6nen Sommer, eine frische Brise, springende Fische und krachende Wellen!<\/p>\n<p><a href=\"https:\/\/blog.zeit.de\/joerglau\/files\/2013\/06\/IMG_0112.jpg\"><img loading=\"lazy\" decoding=\"async\" class=\"alignnone  wp-image-6037\" alt=\"IMG_0112\" src=\"https:\/\/blog.zeit.de\/joerglau\/files\/2013\/06\/IMG_0112-1024x768.jpg\" width=\"574\" height=\"430\" srcset=\"https:\/\/blog.zeit.de\/joerglau\/files\/2013\/06\/IMG_0112-1024x768.jpg 1024w, https:\/\/blog.zeit.de\/joerglau\/files\/2013\/06\/IMG_0112-300x225.jpg 300w\" sizes=\"auto, (max-width: 574px) 100vw, 574px\" \/><\/a><\/p>\n<p><em>Sonnenuntergang auf der Terasse des Herod&#8217;s Hotel, Tel Aviv<\/em><\/p>\n","protected":false},"excerpt":{"rendered":"<p>Den treuen regelm\u00e4\u00dfigen Besuchern dieses Blogs schulde ich eine Erkl\u00e4rung. Ich habe wenig posten und auch selten auf Kommentare reagieren k\u00f6nnen, weil ich zur Zeit viel unterwegs bin. Die letzten Tage zum Beispiel habe ich auf einer sehr interessanten Tagung in Tel Aviv verbracht (bin noch dort), mit deutschen und israelischen Experten der Region. Weil [&hellip;]<\/p>\n","protected":false},"author":54,"featured_media":0,"comment_status":"open","ping_status":"open","sticky":false,"template":"","format":"standard","meta":{"jetpack_post_was_ever_published":false,"footnotes":""},"categories":[152],"tags":[],"class_list":["post-6035","post","type-post","status-publish","format-standard","hentry","category-aussenpolitik"],"yoast_head":"<!-- This site is optimized with the Yoast SEO plugin v21.0 - https:\/\/yoast.com\/wordpress\/plugins\/seo\/ -->\n<title>Was der Herbst bringt - J\u00f6rg Lau<\/title>\n<meta name=\"robots\" content=\"index, follow, max-snippet:-1, max-image-preview:large, max-video-preview:-1\" \/>\n<link rel=\"canonical\" href=\"https:\/\/blog.zeit.de\/joerglau\/2013\/06\/19\/was-der-herbst-bringt_6035\" \/>\n<meta property=\"og:locale\" content=\"de_DE\" \/>\n<meta property=\"og:type\" content=\"article\" \/>\n<meta property=\"og:title\" content=\"Was der Herbst bringt - J\u00f6rg Lau\" \/>\n<meta property=\"og:description\" content=\"Den treuen regelm\u00e4\u00dfigen Besuchern dieses Blogs schulde ich eine Erkl\u00e4rung. Ich habe wenig posten und auch selten auf Kommentare reagieren k\u00f6nnen, weil ich zur Zeit viel unterwegs bin. Die letzten Tage zum Beispiel habe ich auf einer sehr interessanten Tagung in Tel Aviv verbracht (bin noch dort), mit deutschen und israelischen Experten der Region. Weil [&hellip;]\" \/>\n<meta property=\"og:url\" content=\"https:\/\/blog.zeit.de\/joerglau\/2013\/06\/19\/was-der-herbst-bringt_6035\" \/>\n<meta property=\"og:site_name\" content=\"J\u00f6rg Lau\" \/>\n<meta property=\"article:published_time\" content=\"2013-06-19T13:55:13+00:00\" \/>\n<meta property=\"article:modified_time\" content=\"2013-06-19T14:01:21+00:00\" \/>\n<meta property=\"og:image\" content=\"https:\/\/blog.zeit.de\/joerglau\/files\/2013\/06\/IMG_0109-1024x767.jpg\" \/>\n<meta name=\"author\" content=\"J\u00f6rg Lau\" \/>\n<meta name=\"twitter:card\" content=\"summary_large_image\" \/>\n<meta name=\"twitter:label1\" content=\"Geschrieben von\" \/>\n\t<meta name=\"twitter:data1\" content=\"J\u00f6rg Lau\" \/>\n\t<meta name=\"twitter:label2\" content=\"Gesch\u00e4tzte Lesezeit\" \/>\n\t<meta name=\"twitter:data2\" content=\"1\u00a0Minute\" \/>\n<script type=\"application\/ld+json\" class=\"yoast-schema-graph\">{\"@context\":\"https:\/\/schema.org\",\"@graph\":[{\"@type\":\"WebPage\",\"@id\":\"https:\/\/blog.zeit.de\/joerglau\/2013\/06\/19\/was-der-herbst-bringt_6035\",\"url\":\"https:\/\/blog.zeit.de\/joerglau\/2013\/06\/19\/was-der-herbst-bringt_6035\",\"name\":\"Was der Herbst bringt - J\u00f6rg Lau\",\"isPartOf\":{\"@id\":\"https:\/\/blog.zeit.de\/joerglau\/#website\"},\"datePublished\":\"2013-06-19T13:55:13+00:00\",\"dateModified\":\"2013-06-19T14:01:21+00:00\",\"author\":{\"@id\":\"https:\/\/blog.zeit.de\/joerglau\/#\/schema\/person\/55f0be9bfac24815791fbc852b042f57\"},\"breadcrumb\":{\"@id\":\"https:\/\/blog.zeit.de\/joerglau\/2013\/06\/19\/was-der-herbst-bringt_6035#breadcrumb\"},\"inLanguage\":\"de\",\"potentialAction\":[{\"@type\":\"ReadAction\",\"target\":[\"https:\/\/blog.zeit.de\/joerglau\/2013\/06\/19\/was-der-herbst-bringt_6035\"]}]},{\"@type\":\"BreadcrumbList\",\"@id\":\"https:\/\/blog.zeit.de\/joerglau\/2013\/06\/19\/was-der-herbst-bringt_6035#breadcrumb\",\"itemListElement\":[{\"@type\":\"ListItem\",\"position\":1,\"name\":\"Startseite\",\"item\":\"https:\/\/blog.zeit.de\/joerglau\"},{\"@type\":\"ListItem\",\"position\":2,\"name\":\"Was der Herbst bringt\"}]},{\"@type\":\"WebSite\",\"@id\":\"https:\/\/blog.zeit.de\/joerglau\/#website\",\"url\":\"https:\/\/blog.zeit.de\/joerglau\/\",\"name\":\"J\u00f6rg Lau\",\"description\":\"Ein Blog \u00fcber Religion und Politik\",\"potentialAction\":[{\"@type\":\"SearchAction\",\"target\":{\"@type\":\"EntryPoint\",\"urlTemplate\":\"https:\/\/blog.zeit.de\/joerglau\/?s={search_term_string}\"},\"query-input\":\"required name=search_term_string\"}],\"inLanguage\":\"de\"},{\"@type\":\"Person\",\"@id\":\"https:\/\/blog.zeit.de\/joerglau\/#\/schema\/person\/55f0be9bfac24815791fbc852b042f57\",\"name\":\"J\u00f6rg Lau\",\"image\":{\"@type\":\"ImageObject\",\"inLanguage\":\"de\",\"@id\":\"https:\/\/blog.zeit.de\/joerglau\/#\/schema\/person\/image\/\",\"url\":\"https:\/\/secure.gravatar.com\/avatar\/a5fe39bf4f5335b8bac36eefa0b41467221b1598bfea5f05159a0199e391eed0?s=96&d=mm&r=g\",\"contentUrl\":\"https:\/\/secure.gravatar.com\/avatar\/a5fe39bf4f5335b8bac36eefa0b41467221b1598bfea5f05159a0199e391eed0?s=96&d=mm&r=g\",\"caption\":\"J\u00f6rg Lau\"},\"url\":\"https:\/\/blog.zeit.de\/joerglau\/author\/joerg-lau\"}]}<\/script>\n<!-- \/ Yoast SEO plugin. -->","yoast_head_json":{"title":"Was der Herbst bringt - J\u00f6rg Lau","robots":{"index":"index","follow":"follow","max-snippet":"max-snippet:-1","max-image-preview":"max-image-preview:large","max-video-preview":"max-video-preview:-1"},"canonical":"https:\/\/blog.zeit.de\/joerglau\/2013\/06\/19\/was-der-herbst-bringt_6035","og_locale":"de_DE","og_type":"article","og_title":"Was der Herbst bringt - J\u00f6rg Lau","og_description":"Den treuen regelm\u00e4\u00dfigen Besuchern dieses Blogs schulde ich eine Erkl\u00e4rung. Ich habe wenig posten und auch selten auf Kommentare reagieren k\u00f6nnen, weil ich zur Zeit viel unterwegs bin. Die letzten Tage zum Beispiel habe ich auf einer sehr interessanten Tagung in Tel Aviv verbracht (bin noch dort), mit deutschen und israelischen Experten der Region. Weil [&hellip;]","og_url":"https:\/\/blog.zeit.de\/joerglau\/2013\/06\/19\/was-der-herbst-bringt_6035","og_site_name":"J\u00f6rg Lau","article_published_time":"2013-06-19T13:55:13+00:00","article_modified_time":"2013-06-19T14:01:21+00:00","og_image":[{"url":"https:\/\/blog.zeit.de\/joerglau\/files\/2013\/06\/IMG_0109-1024x767.jpg"}],"author":"J\u00f6rg Lau","twitter_card":"summary_large_image","twitter_misc":{"Geschrieben von":"J\u00f6rg Lau","Gesch\u00e4tzte Lesezeit":"1\u00a0Minute"},"schema":{"@context":"https:\/\/schema.org","@graph":[{"@type":"WebPage","@id":"https:\/\/blog.zeit.de\/joerglau\/2013\/06\/19\/was-der-herbst-bringt_6035","url":"https:\/\/blog.zeit.de\/joerglau\/2013\/06\/19\/was-der-herbst-bringt_6035","name":"Was der Herbst bringt - J\u00f6rg Lau","isPartOf":{"@id":"https:\/\/blog.zeit.de\/joerglau\/#website"},"datePublished":"2013-06-19T13:55:13+00:00","dateModified":"2013-06-19T14:01:21+00:00","author":{"@id":"https:\/\/blog.zeit.de\/joerglau\/#\/schema\/person\/55f0be9bfac24815791fbc852b042f57"},"breadcrumb":{"@id":"https:\/\/blog.zeit.de\/joerglau\/2013\/06\/19\/was-der-herbst-bringt_6035#breadcrumb"},"inLanguage":"de","potentialAction":[{"@type":"ReadAction","target":["https:\/\/blog.zeit.de\/joerglau\/2013\/06\/19\/was-der-herbst-bringt_6035"]}]},{"@type":"BreadcrumbList","@id":"https:\/\/blog.zeit.de\/joerglau\/2013\/06\/19\/was-der-herbst-bringt_6035#breadcrumb","itemListElement":[{"@type":"ListItem","position":1,"name":"Startseite","item":"https:\/\/blog.zeit.de\/joerglau"},{"@type":"ListItem","position":2,"name":"Was der Herbst bringt"}]},{"@type":"WebSite","@id":"https:\/\/blog.zeit.de\/joerglau\/#website","url":"https:\/\/blog.zeit.de\/joerglau\/","name":"J\u00f6rg Lau","description":"Ein Blog \u00fcber Religion und Politik","potentialAction":[{"@type":"SearchAction","target":{"@type":"EntryPoint","urlTemplate":"https:\/\/blog.zeit.de\/joerglau\/?s={search_term_string}"},"query-input":"required name=search_term_string"}],"inLanguage":"de"},{"@type":"Person","@id":"https:\/\/blog.zeit.de\/joerglau\/#\/schema\/person\/55f0be9bfac24815791fbc852b042f57","name":"J\u00f6rg Lau","image":{"@type":"ImageObject","inLanguage":"de","@id":"https:\/\/blog.zeit.de\/joerglau\/#\/schema\/person\/image\/","url":"https:\/\/secure.gravatar.com\/avatar\/a5fe39bf4f5335b8bac36eefa0b41467221b1598bfea5f05159a0199e391eed0?s=96&d=mm&r=g","contentUrl":"https:\/\/secure.gravatar.com\/avatar\/a5fe39bf4f5335b8bac36eefa0b41467221b1598bfea5f05159a0199e391eed0?s=96&d=mm&r=g","caption":"J\u00f6rg Lau"},"url":"https:\/\/blog.zeit.de\/joerglau\/author\/joerg-lau"}]}},"jetpack_featured_media_url":"","jetpack_sharing_enabled":true,"jetpack_shortlink":"https:\/\/wp.me\/pG02W-1zl","_links":{"self":[{"href":"https:\/\/blog.zeit.de\/joerglau\/wp-json\/wp\/v2\/posts\/6035","targetHints":{"allow":["GET"]}}],"collection":[{"href":"https:\/\/blog.zeit.de\/joerglau\/wp-json\/wp\/v2\/posts"}],"about":[{"href":"https:\/\/blog.zeit.de\/joerglau\/wp-json\/wp\/v2\/types\/post"}],"author":[{"embeddable":true,"href":"https:\/\/blog.zeit.de\/joerglau\/wp-json\/wp\/v2\/users\/54"}],"replies":[{"embeddable":true,"href":"https:\/\/blog.zeit.de\/joerglau\/wp-json\/wp\/v2\/comments?post=6035"}],"version-history":[{"count":4,"href":"https:\/\/blog.zeit.de\/joerglau\/wp-json\/wp\/v2\/posts\/6035\/revisions"}],"predecessor-version":[{"id":6038,"href":"https:\/\/blog.zeit.de\/joerglau\/wp-json\/wp\/v2\/posts\/6035\/revisions\/6038"}],"wp:attachment":[{"href":"https:\/\/blog.zeit.de\/joerglau\/wp-json\/wp\/v2\/media?parent=6035"}],"wp:term":[{"taxonomy":"category","embeddable":true,"href":"https:\/\/blog.zeit.de\/joerglau\/wp-json\/wp\/v2\/categories?post=6035"},{"taxonomy":"post_tag","embeddable":true,"href":"https:\/\/blog.zeit.de\/joerglau\/wp-json\/wp\/v2\/tags?post=6035"}],"curies":[{"name":"wp","href":"https:\/\/api.w.org\/{rel}","templated":true}]}}