{"id":604,"date":"2007-07-04T10:34:23","date_gmt":"2007-07-04T08:34:23","guid":{"rendered":"http:\/\/blog.zeit.de\/joerglau\/2007\/07\/04\/britische-konservative-setzen-auf-multikulti_604"},"modified":"2007-07-04T10:34:23","modified_gmt":"2007-07-04T08:34:23","slug":"britische-konservative-setzen-auf-multikulti","status":"publish","type":"post","link":"https:\/\/blog.zeit.de\/joerglau\/2007\/07\/04\/britische-konservative-setzen-auf-multikulti_604","title":{"rendered":"Britische Konservative setzen auf Multikulti"},"content":{"rendered":"<p><img decoding=\"async\" id=\"image603\" src=\"https:\/\/blog.zeit.de\/joerglau\/files\/2007\/07\/warsi.jpg\" alt=\"warsi.jpg\" \/><br \/>\n<em>Sayeeda Warsi k\u00f6nnte bald britische Integrationsministerin sein<\/em><\/p>\n<p>Der Vorsitzende der britischen Konservativen, David Cameron, hat <strong>Sayeeda Warsi<\/strong> in seine Schattenkabinett berufen. Die 36j\u00e4hrige soll &#8222;Communities Secretary&#8220; werden &#8211; Integrationsministerin. Sie w\u00e4re damit die erste muslimische Ministerin in einer britischen Regierung, sollte Cameron die wahl gegen Brwon gewinnen (wonach es im Moment gerade nicht aussieht, aber was sind Umfragen wert).<\/p>\n<p>Nach Sarkozy, der mehrere Frauen muslimischer Herkunft in die Regierung holte, darunter Rashida Dati und j\u00fcngst auch Fadela Amara, die Gr\u00fcnderin der Frauenrechtsorganisation  &#8222;<a href=\"http:\/\/www.niputesnisoumises.com\/\">Ni Putes Ni Soumises<\/a>&#8220; (weder Huren noch Unterworfene), wollen auch die britischen Konservativen den Kampf um die Migranten-W\u00e4hler und das Thema Integration aufnehmen. Frau Warsi hat sich entschieden gegen Zwangsheiraten engagiert, die sie als unislamisch brandmarkt.<br \/>\nAttraktive junge Frauen mit &#8222;Migrationshintergrund&#8220; (kann bitte jemand ein neues Wort erfinden!), die Multikulturalismus und Leitkultur miteinander verbinden: Gut so! Warum schl\u00e4ft die CDU? Wo ist die law-and-order-T\u00fcrkin, die f\u00fcr die Konservativen hierzulande die Integrationsdebatte f\u00fchrt?<\/p>\n<p>Kommt Europa doch weiter? Vielleicht ist der Multikulturalismus ja doch nicht gescheitert, wie wir allzu schnell immer wieder sagen?<\/p>\n<p>Ein paar Ausz\u00fcge aus einem Artikel vonn Sayeeda Warsi, den sie anl\u00e4\u00dflich der zeitgleichen Gerichtsverfahren gegen den Nazi Richard Griffin und den Islamisten Abu Hamza verfasste:<\/p>\n<blockquote><p>But the choice is not between a single mono-culture and wholesale separatism. We are forging a multicultural society that with each new generation redefines the terms of acceptance.<\/p>\n<p>Perhaps I could use my own life as an example.<\/p>\n<p>My parents were immigrants &#8211; they arrived in the 1960s, they worked in factories. Perhaps in their minds they were only visitors. I am a proud second-generation British Muslim, born and brought up in Yorkshire, as is my daughter, who incidentally attends a faith school &#8211; a Christian one &#8211; and receives her Islamic teaching at a madrassa in the evenings.<\/p>\n<p>My definition of integration is different to that of my parents, and I presume different to what my daughter will define in her generation.<\/p>\n<p>I was born in Britain, it is my home , it\u2019s the only place I\u2019ve ever known. I\u2019m a Yorkshire woman, I am British, and I am a Muslim. I see no contradiction, but there are still a small minority who do as I found out when I stood as a Conservative candidate in my home town.<\/p>\n<p>Most people I encountered on the doorstep took me at face value. But I also met two extremes. Some were typified by the white man who shouted \u2018F*** off Paki\u2019, and encouraged me to \u2018go home\u2019. Others, mostly male, first-generation Muslims, questioned whether it was proper for me, as a Muslim woman, to enter public life, despite the fact that many of them had probably voted for a white female MP for the last fifteen years.<\/p>\n<p>Yet throughout history, Muslims across the world have successfully assimilated into the differing cultures of the countries where they have settled, until there is no longer a dividing line between their national identity and their religious one. There is no reason why that should not be the case in Britain.<\/p>\n<p>The Muslim community in Britain is no longer a Diaspora but a settled British Muslim community and should identify itself as that. Let me say it again (for it cannot be said too often): Yes one can be both British and a Muslim.<\/p>\n<p>&#8230;<\/p>\n<p>Yes, we need to continue the debate about integration. And we need to have that debate in a healthy, robust way &#8211; not sweeping it under the carpet or &#8211; equally dangerous &#8211; allowing it to take over our entire identity in the way that it has with some Muslim groups.<\/p>\n<p>But the onus of integration is not just on ethnic minorities; it is on all of us to accept differences, respect each other and embrace diversity.<\/p><\/blockquote>\n","protected":false},"excerpt":{"rendered":"<p>Sayeeda Warsi k\u00f6nnte bald britische Integrationsministerin sein Der Vorsitzende der britischen Konservativen, David Cameron, hat Sayeeda Warsi in seine Schattenkabinett berufen. Die 36j\u00e4hrige soll &#8222;Communities Secretary&#8220; werden &#8211; Integrationsministerin. Sie w\u00e4re damit die erste muslimische Ministerin in einer britischen Regierung, sollte Cameron die wahl gegen Brwon gewinnen (wonach es im Moment gerade nicht aussieht, aber [&hellip;]<\/p>\n","protected":false},"author":54,"featured_media":0,"comment_status":"open","ping_status":"closed","sticky":false,"template":"","format":"standard","meta":{"jetpack_post_was_ever_published":false,"footnotes":""},"categories":[157,164],"tags":[],"class_list":["post-604","post","type-post","status-publish","format-standard","hentry","category-die-freunde-und-die-feinde-des-islams","category-integration-und-frauenrechte"],"yoast_head":"<!-- This site is optimized with the Yoast SEO plugin v21.0 - https:\/\/yoast.com\/wordpress\/plugins\/seo\/ -->\n<title>Britische Konservative setzen auf Multikulti - J\u00f6rg Lau<\/title>\n<meta name=\"robots\" content=\"index, follow, max-snippet:-1, max-image-preview:large, max-video-preview:-1\" \/>\n<link rel=\"canonical\" href=\"https:\/\/blog.zeit.de\/joerglau\/2007\/07\/04\/britische-konservative-setzen-auf-multikulti_604\" \/>\n<meta property=\"og:locale\" content=\"de_DE\" \/>\n<meta property=\"og:type\" content=\"article\" \/>\n<meta property=\"og:title\" content=\"Britische Konservative setzen auf Multikulti - J\u00f6rg Lau\" \/>\n<meta property=\"og:description\" content=\"Sayeeda Warsi k\u00f6nnte bald britische Integrationsministerin sein Der Vorsitzende der britischen Konservativen, David Cameron, hat Sayeeda Warsi in seine Schattenkabinett berufen. Die 36j\u00e4hrige soll &#8222;Communities Secretary&#8220; werden &#8211; Integrationsministerin. Sie w\u00e4re damit die erste muslimische Ministerin in einer britischen Regierung, sollte Cameron die wahl gegen Brwon gewinnen (wonach es im Moment gerade nicht aussieht, aber [&hellip;]\" \/>\n<meta property=\"og:url\" content=\"https:\/\/blog.zeit.de\/joerglau\/2007\/07\/04\/britische-konservative-setzen-auf-multikulti_604\" \/>\n<meta property=\"og:site_name\" content=\"J\u00f6rg Lau\" \/>\n<meta property=\"article:published_time\" content=\"2007-07-04T08:34:23+00:00\" \/>\n<meta property=\"og:image\" content=\"https:\/\/blog.zeit.de\/joerglau\/files\/2007\/07\/warsi.jpg\" \/>\n<meta name=\"author\" content=\"J\u00f6rg Lau\" \/>\n<meta name=\"twitter:card\" content=\"summary_large_image\" \/>\n<meta name=\"twitter:label1\" content=\"Geschrieben von\" \/>\n\t<meta name=\"twitter:data1\" content=\"J\u00f6rg Lau\" \/>\n\t<meta name=\"twitter:label2\" content=\"Gesch\u00e4tzte Lesezeit\" \/>\n\t<meta name=\"twitter:data2\" content=\"3\u00a0Minuten\" \/>\n<script type=\"application\/ld+json\" class=\"yoast-schema-graph\">{\"@context\":\"https:\/\/schema.org\",\"@graph\":[{\"@type\":\"WebPage\",\"@id\":\"https:\/\/blog.zeit.de\/joerglau\/2007\/07\/04\/britische-konservative-setzen-auf-multikulti_604\",\"url\":\"https:\/\/blog.zeit.de\/joerglau\/2007\/07\/04\/britische-konservative-setzen-auf-multikulti_604\",\"name\":\"Britische Konservative setzen auf Multikulti - J\u00f6rg Lau\",\"isPartOf\":{\"@id\":\"https:\/\/blog.zeit.de\/joerglau\/#website\"},\"datePublished\":\"2007-07-04T08:34:23+00:00\",\"dateModified\":\"2007-07-04T08:34:23+00:00\",\"author\":{\"@id\":\"https:\/\/blog.zeit.de\/joerglau\/#\/schema\/person\/55f0be9bfac24815791fbc852b042f57\"},\"breadcrumb\":{\"@id\":\"https:\/\/blog.zeit.de\/joerglau\/2007\/07\/04\/britische-konservative-setzen-auf-multikulti_604#breadcrumb\"},\"inLanguage\":\"de\",\"potentialAction\":[{\"@type\":\"ReadAction\",\"target\":[\"https:\/\/blog.zeit.de\/joerglau\/2007\/07\/04\/britische-konservative-setzen-auf-multikulti_604\"]}]},{\"@type\":\"BreadcrumbList\",\"@id\":\"https:\/\/blog.zeit.de\/joerglau\/2007\/07\/04\/britische-konservative-setzen-auf-multikulti_604#breadcrumb\",\"itemListElement\":[{\"@type\":\"ListItem\",\"position\":1,\"name\":\"Startseite\",\"item\":\"https:\/\/blog.zeit.de\/joerglau\"},{\"@type\":\"ListItem\",\"position\":2,\"name\":\"Britische Konservative setzen auf Multikulti\"}]},{\"@type\":\"WebSite\",\"@id\":\"https:\/\/blog.zeit.de\/joerglau\/#website\",\"url\":\"https:\/\/blog.zeit.de\/joerglau\/\",\"name\":\"J\u00f6rg Lau\",\"description\":\"Ein Blog \u00fcber Religion und Politik\",\"potentialAction\":[{\"@type\":\"SearchAction\",\"target\":{\"@type\":\"EntryPoint\",\"urlTemplate\":\"https:\/\/blog.zeit.de\/joerglau\/?s={search_term_string}\"},\"query-input\":\"required name=search_term_string\"}],\"inLanguage\":\"de\"},{\"@type\":\"Person\",\"@id\":\"https:\/\/blog.zeit.de\/joerglau\/#\/schema\/person\/55f0be9bfac24815791fbc852b042f57\",\"name\":\"J\u00f6rg Lau\",\"image\":{\"@type\":\"ImageObject\",\"inLanguage\":\"de\",\"@id\":\"https:\/\/blog.zeit.de\/joerglau\/#\/schema\/person\/image\/\",\"url\":\"https:\/\/secure.gravatar.com\/avatar\/a5fe39bf4f5335b8bac36eefa0b41467221b1598bfea5f05159a0199e391eed0?s=96&d=mm&r=g\",\"contentUrl\":\"https:\/\/secure.gravatar.com\/avatar\/a5fe39bf4f5335b8bac36eefa0b41467221b1598bfea5f05159a0199e391eed0?s=96&d=mm&r=g\",\"caption\":\"J\u00f6rg Lau\"},\"url\":\"https:\/\/blog.zeit.de\/joerglau\/author\/joerg-lau\"}]}<\/script>\n<!-- \/ Yoast SEO plugin. -->","yoast_head_json":{"title":"Britische Konservative setzen auf Multikulti - J\u00f6rg Lau","robots":{"index":"index","follow":"follow","max-snippet":"max-snippet:-1","max-image-preview":"max-image-preview:large","max-video-preview":"max-video-preview:-1"},"canonical":"https:\/\/blog.zeit.de\/joerglau\/2007\/07\/04\/britische-konservative-setzen-auf-multikulti_604","og_locale":"de_DE","og_type":"article","og_title":"Britische Konservative setzen auf Multikulti - J\u00f6rg Lau","og_description":"Sayeeda Warsi k\u00f6nnte bald britische Integrationsministerin sein Der Vorsitzende der britischen Konservativen, David Cameron, hat Sayeeda Warsi in seine Schattenkabinett berufen. Die 36j\u00e4hrige soll &#8222;Communities Secretary&#8220; werden &#8211; Integrationsministerin. Sie w\u00e4re damit die erste muslimische Ministerin in einer britischen Regierung, sollte Cameron die wahl gegen Brwon gewinnen (wonach es im Moment gerade nicht aussieht, aber [&hellip;]","og_url":"https:\/\/blog.zeit.de\/joerglau\/2007\/07\/04\/britische-konservative-setzen-auf-multikulti_604","og_site_name":"J\u00f6rg Lau","article_published_time":"2007-07-04T08:34:23+00:00","og_image":[{"url":"https:\/\/blog.zeit.de\/joerglau\/files\/2007\/07\/warsi.jpg"}],"author":"J\u00f6rg Lau","twitter_card":"summary_large_image","twitter_misc":{"Geschrieben von":"J\u00f6rg Lau","Gesch\u00e4tzte Lesezeit":"3\u00a0Minuten"},"schema":{"@context":"https:\/\/schema.org","@graph":[{"@type":"WebPage","@id":"https:\/\/blog.zeit.de\/joerglau\/2007\/07\/04\/britische-konservative-setzen-auf-multikulti_604","url":"https:\/\/blog.zeit.de\/joerglau\/2007\/07\/04\/britische-konservative-setzen-auf-multikulti_604","name":"Britische Konservative setzen auf Multikulti - J\u00f6rg Lau","isPartOf":{"@id":"https:\/\/blog.zeit.de\/joerglau\/#website"},"datePublished":"2007-07-04T08:34:23+00:00","dateModified":"2007-07-04T08:34:23+00:00","author":{"@id":"https:\/\/blog.zeit.de\/joerglau\/#\/schema\/person\/55f0be9bfac24815791fbc852b042f57"},"breadcrumb":{"@id":"https:\/\/blog.zeit.de\/joerglau\/2007\/07\/04\/britische-konservative-setzen-auf-multikulti_604#breadcrumb"},"inLanguage":"de","potentialAction":[{"@type":"ReadAction","target":["https:\/\/blog.zeit.de\/joerglau\/2007\/07\/04\/britische-konservative-setzen-auf-multikulti_604"]}]},{"@type":"BreadcrumbList","@id":"https:\/\/blog.zeit.de\/joerglau\/2007\/07\/04\/britische-konservative-setzen-auf-multikulti_604#breadcrumb","itemListElement":[{"@type":"ListItem","position":1,"name":"Startseite","item":"https:\/\/blog.zeit.de\/joerglau"},{"@type":"ListItem","position":2,"name":"Britische Konservative setzen auf Multikulti"}]},{"@type":"WebSite","@id":"https:\/\/blog.zeit.de\/joerglau\/#website","url":"https:\/\/blog.zeit.de\/joerglau\/","name":"J\u00f6rg Lau","description":"Ein Blog \u00fcber Religion und Politik","potentialAction":[{"@type":"SearchAction","target":{"@type":"EntryPoint","urlTemplate":"https:\/\/blog.zeit.de\/joerglau\/?s={search_term_string}"},"query-input":"required name=search_term_string"}],"inLanguage":"de"},{"@type":"Person","@id":"https:\/\/blog.zeit.de\/joerglau\/#\/schema\/person\/55f0be9bfac24815791fbc852b042f57","name":"J\u00f6rg Lau","image":{"@type":"ImageObject","inLanguage":"de","@id":"https:\/\/blog.zeit.de\/joerglau\/#\/schema\/person\/image\/","url":"https:\/\/secure.gravatar.com\/avatar\/a5fe39bf4f5335b8bac36eefa0b41467221b1598bfea5f05159a0199e391eed0?s=96&d=mm&r=g","contentUrl":"https:\/\/secure.gravatar.com\/avatar\/a5fe39bf4f5335b8bac36eefa0b41467221b1598bfea5f05159a0199e391eed0?s=96&d=mm&r=g","caption":"J\u00f6rg Lau"},"url":"https:\/\/blog.zeit.de\/joerglau\/author\/joerg-lau"}]}},"jetpack_featured_media_url":"","jetpack_sharing_enabled":true,"jetpack_shortlink":"https:\/\/wp.me\/pG02W-9K","_links":{"self":[{"href":"https:\/\/blog.zeit.de\/joerglau\/wp-json\/wp\/v2\/posts\/604","targetHints":{"allow":["GET"]}}],"collection":[{"href":"https:\/\/blog.zeit.de\/joerglau\/wp-json\/wp\/v2\/posts"}],"about":[{"href":"https:\/\/blog.zeit.de\/joerglau\/wp-json\/wp\/v2\/types\/post"}],"author":[{"embeddable":true,"href":"https:\/\/blog.zeit.de\/joerglau\/wp-json\/wp\/v2\/users\/54"}],"replies":[{"embeddable":true,"href":"https:\/\/blog.zeit.de\/joerglau\/wp-json\/wp\/v2\/comments?post=604"}],"version-history":[{"count":0,"href":"https:\/\/blog.zeit.de\/joerglau\/wp-json\/wp\/v2\/posts\/604\/revisions"}],"wp:attachment":[{"href":"https:\/\/blog.zeit.de\/joerglau\/wp-json\/wp\/v2\/media?parent=604"}],"wp:term":[{"taxonomy":"category","embeddable":true,"href":"https:\/\/blog.zeit.de\/joerglau\/wp-json\/wp\/v2\/categories?post=604"},{"taxonomy":"post_tag","embeddable":true,"href":"https:\/\/blog.zeit.de\/joerglau\/wp-json\/wp\/v2\/tags?post=604"}],"curies":[{"name":"wp","href":"https:\/\/api.w.org\/{rel}","templated":true}]}}