{"id":609,"date":"2007-07-06T00:25:41","date_gmt":"2007-07-05T22:25:41","guid":{"rendered":"http:\/\/blog.zeit.de\/joerglau\/2007\/07\/06\/in-der-roten-moschee_609"},"modified":"2007-07-06T00:25:41","modified_gmt":"2007-07-05T22:25:41","slug":"in-der-roten-moschee","status":"publish","type":"post","link":"https:\/\/blog.zeit.de\/joerglau\/2007\/07\/06\/in-der-roten-moschee_609","title":{"rendered":"In der Roten Moschee"},"content":{"rendered":"<p>Heute wird diese <a href=\"http:\/\/news.bbc.co.uk\/1\/hi\/world\/south_asia\/6503477.stm\">Moschee<\/a> in Islamabad wahrscheinlich vom Milit\u00e4r gest\u00fcrmt. Ein australisches TV-Team hat vor wenigen Wochen einen Einblick bekommen und mit den beiden Br\u00fcdern gesprochen, die dort Dschihadis ausbilden. Der eine der beiden wurde gestern in Frauenkleidern festgenommen, als er die Moschee verlie\u00df. Sein Bruder harrt mit einigen Anh\u00e4ngern aus und m\u00f6chte offenbar zum M\u00e4rtyrer werden.<\/p>\n<p><object width=\"425\" height=\"350\"><param name=\"movie\" value=\"http:\/\/www.youtube.com\/v\/5T-ymf4iFvA\"><\/param><param name=\"wmode\" value=\"transparent\"><\/param><\/object><\/p>\n","protected":false},"excerpt":{"rendered":"<p>Heute wird diese Moschee in Islamabad wahrscheinlich vom Milit\u00e4r gest\u00fcrmt. Ein australisches TV-Team hat vor wenigen Wochen einen Einblick bekommen und mit den beiden Br\u00fcdern gesprochen, die dort Dschihadis ausbilden. Der eine der beiden wurde gestern in Frauenkleidern festgenommen, als er die Moschee verlie\u00df. Sein Bruder harrt mit einigen Anh\u00e4ngern aus und m\u00f6chte offenbar zum [&hellip;]<\/p>\n","protected":false},"author":54,"featured_media":0,"comment_status":"open","ping_status":"closed","sticky":false,"template":"","format":"standard","meta":{"jetpack_post_was_ever_published":false,"footnotes":""},"categories":[157,167],"tags":[],"class_list":["post-609","post","type-post","status-publish","format-standard","hentry","category-die-freunde-und-die-feinde-des-islams","category-islamismus-und-terror"],"yoast_head":"<!-- This site is optimized with the Yoast SEO plugin v21.0 - https:\/\/yoast.com\/wordpress\/plugins\/seo\/ -->\n<title>In der Roten Moschee - J\u00f6rg Lau<\/title>\n<meta name=\"robots\" content=\"index, follow, max-snippet:-1, max-image-preview:large, max-video-preview:-1\" \/>\n<link rel=\"canonical\" href=\"https:\/\/blog.zeit.de\/joerglau\/2007\/07\/06\/in-der-roten-moschee_609\" \/>\n<meta property=\"og:locale\" content=\"de_DE\" \/>\n<meta property=\"og:type\" content=\"article\" \/>\n<meta property=\"og:title\" content=\"In der Roten Moschee - J\u00f6rg Lau\" \/>\n<meta property=\"og:description\" content=\"Heute wird diese Moschee in Islamabad wahrscheinlich vom Milit\u00e4r gest\u00fcrmt. Ein australisches TV-Team hat vor wenigen Wochen einen Einblick bekommen und mit den beiden Br\u00fcdern gesprochen, die dort Dschihadis ausbilden. Der eine der beiden wurde gestern in Frauenkleidern festgenommen, als er die Moschee verlie\u00df. Sein Bruder harrt mit einigen Anh\u00e4ngern aus und m\u00f6chte offenbar zum [&hellip;]\" \/>\n<meta property=\"og:url\" content=\"https:\/\/blog.zeit.de\/joerglau\/2007\/07\/06\/in-der-roten-moschee_609\" \/>\n<meta property=\"og:site_name\" content=\"J\u00f6rg Lau\" \/>\n<meta property=\"article:published_time\" content=\"2007-07-05T22:25:41+00:00\" \/>\n<meta name=\"author\" content=\"J\u00f6rg Lau\" \/>\n<meta name=\"twitter:card\" content=\"summary_large_image\" \/>\n<meta name=\"twitter:label1\" content=\"Geschrieben von\" \/>\n\t<meta name=\"twitter:data1\" content=\"J\u00f6rg Lau\" \/>\n<script type=\"application\/ld+json\" class=\"yoast-schema-graph\">{\"@context\":\"https:\/\/schema.org\",\"@graph\":[{\"@type\":\"WebPage\",\"@id\":\"https:\/\/blog.zeit.de\/joerglau\/2007\/07\/06\/in-der-roten-moschee_609\",\"url\":\"https:\/\/blog.zeit.de\/joerglau\/2007\/07\/06\/in-der-roten-moschee_609\",\"name\":\"In der Roten Moschee - J\u00f6rg Lau\",\"isPartOf\":{\"@id\":\"https:\/\/blog.zeit.de\/joerglau\/#website\"},\"datePublished\":\"2007-07-05T22:25:41+00:00\",\"dateModified\":\"2007-07-05T22:25:41+00:00\",\"author\":{\"@id\":\"https:\/\/blog.zeit.de\/joerglau\/#\/schema\/person\/55f0be9bfac24815791fbc852b042f57\"},\"breadcrumb\":{\"@id\":\"https:\/\/blog.zeit.de\/joerglau\/2007\/07\/06\/in-der-roten-moschee_609#breadcrumb\"},\"inLanguage\":\"de\",\"potentialAction\":[{\"@type\":\"ReadAction\",\"target\":[\"https:\/\/blog.zeit.de\/joerglau\/2007\/07\/06\/in-der-roten-moschee_609\"]}]},{\"@type\":\"BreadcrumbList\",\"@id\":\"https:\/\/blog.zeit.de\/joerglau\/2007\/07\/06\/in-der-roten-moschee_609#breadcrumb\",\"itemListElement\":[{\"@type\":\"ListItem\",\"position\":1,\"name\":\"Startseite\",\"item\":\"https:\/\/blog.zeit.de\/joerglau\"},{\"@type\":\"ListItem\",\"position\":2,\"name\":\"In der Roten Moschee\"}]},{\"@type\":\"WebSite\",\"@id\":\"https:\/\/blog.zeit.de\/joerglau\/#website\",\"url\":\"https:\/\/blog.zeit.de\/joerglau\/\",\"name\":\"J\u00f6rg Lau\",\"description\":\"Ein Blog \u00fcber Religion und Politik\",\"potentialAction\":[{\"@type\":\"SearchAction\",\"target\":{\"@type\":\"EntryPoint\",\"urlTemplate\":\"https:\/\/blog.zeit.de\/joerglau\/?s={search_term_string}\"},\"query-input\":\"required name=search_term_string\"}],\"inLanguage\":\"de\"},{\"@type\":\"Person\",\"@id\":\"https:\/\/blog.zeit.de\/joerglau\/#\/schema\/person\/55f0be9bfac24815791fbc852b042f57\",\"name\":\"J\u00f6rg Lau\",\"image\":{\"@type\":\"ImageObject\",\"inLanguage\":\"de\",\"@id\":\"https:\/\/blog.zeit.de\/joerglau\/#\/schema\/person\/image\/\",\"url\":\"https:\/\/secure.gravatar.com\/avatar\/a5fe39bf4f5335b8bac36eefa0b41467221b1598bfea5f05159a0199e391eed0?s=96&d=mm&r=g\",\"contentUrl\":\"https:\/\/secure.gravatar.com\/avatar\/a5fe39bf4f5335b8bac36eefa0b41467221b1598bfea5f05159a0199e391eed0?s=96&d=mm&r=g\",\"caption\":\"J\u00f6rg Lau\"},\"url\":\"https:\/\/blog.zeit.de\/joerglau\/author\/joerg-lau\"}]}<\/script>\n<!-- \/ Yoast SEO plugin. -->","yoast_head_json":{"title":"In der Roten Moschee - J\u00f6rg Lau","robots":{"index":"index","follow":"follow","max-snippet":"max-snippet:-1","max-image-preview":"max-image-preview:large","max-video-preview":"max-video-preview:-1"},"canonical":"https:\/\/blog.zeit.de\/joerglau\/2007\/07\/06\/in-der-roten-moschee_609","og_locale":"de_DE","og_type":"article","og_title":"In der Roten Moschee - J\u00f6rg Lau","og_description":"Heute wird diese Moschee in Islamabad wahrscheinlich vom Milit\u00e4r gest\u00fcrmt. Ein australisches TV-Team hat vor wenigen Wochen einen Einblick bekommen und mit den beiden Br\u00fcdern gesprochen, die dort Dschihadis ausbilden. Der eine der beiden wurde gestern in Frauenkleidern festgenommen, als er die Moschee verlie\u00df. Sein Bruder harrt mit einigen Anh\u00e4ngern aus und m\u00f6chte offenbar zum [&hellip;]","og_url":"https:\/\/blog.zeit.de\/joerglau\/2007\/07\/06\/in-der-roten-moschee_609","og_site_name":"J\u00f6rg Lau","article_published_time":"2007-07-05T22:25:41+00:00","author":"J\u00f6rg Lau","twitter_card":"summary_large_image","twitter_misc":{"Geschrieben von":"J\u00f6rg Lau"},"schema":{"@context":"https:\/\/schema.org","@graph":[{"@type":"WebPage","@id":"https:\/\/blog.zeit.de\/joerglau\/2007\/07\/06\/in-der-roten-moschee_609","url":"https:\/\/blog.zeit.de\/joerglau\/2007\/07\/06\/in-der-roten-moschee_609","name":"In der Roten Moschee - J\u00f6rg Lau","isPartOf":{"@id":"https:\/\/blog.zeit.de\/joerglau\/#website"},"datePublished":"2007-07-05T22:25:41+00:00","dateModified":"2007-07-05T22:25:41+00:00","author":{"@id":"https:\/\/blog.zeit.de\/joerglau\/#\/schema\/person\/55f0be9bfac24815791fbc852b042f57"},"breadcrumb":{"@id":"https:\/\/blog.zeit.de\/joerglau\/2007\/07\/06\/in-der-roten-moschee_609#breadcrumb"},"inLanguage":"de","potentialAction":[{"@type":"ReadAction","target":["https:\/\/blog.zeit.de\/joerglau\/2007\/07\/06\/in-der-roten-moschee_609"]}]},{"@type":"BreadcrumbList","@id":"https:\/\/blog.zeit.de\/joerglau\/2007\/07\/06\/in-der-roten-moschee_609#breadcrumb","itemListElement":[{"@type":"ListItem","position":1,"name":"Startseite","item":"https:\/\/blog.zeit.de\/joerglau"},{"@type":"ListItem","position":2,"name":"In der Roten Moschee"}]},{"@type":"WebSite","@id":"https:\/\/blog.zeit.de\/joerglau\/#website","url":"https:\/\/blog.zeit.de\/joerglau\/","name":"J\u00f6rg Lau","description":"Ein Blog \u00fcber Religion und Politik","potentialAction":[{"@type":"SearchAction","target":{"@type":"EntryPoint","urlTemplate":"https:\/\/blog.zeit.de\/joerglau\/?s={search_term_string}"},"query-input":"required name=search_term_string"}],"inLanguage":"de"},{"@type":"Person","@id":"https:\/\/blog.zeit.de\/joerglau\/#\/schema\/person\/55f0be9bfac24815791fbc852b042f57","name":"J\u00f6rg Lau","image":{"@type":"ImageObject","inLanguage":"de","@id":"https:\/\/blog.zeit.de\/joerglau\/#\/schema\/person\/image\/","url":"https:\/\/secure.gravatar.com\/avatar\/a5fe39bf4f5335b8bac36eefa0b41467221b1598bfea5f05159a0199e391eed0?s=96&d=mm&r=g","contentUrl":"https:\/\/secure.gravatar.com\/avatar\/a5fe39bf4f5335b8bac36eefa0b41467221b1598bfea5f05159a0199e391eed0?s=96&d=mm&r=g","caption":"J\u00f6rg Lau"},"url":"https:\/\/blog.zeit.de\/joerglau\/author\/joerg-lau"}]}},"jetpack_featured_media_url":"","jetpack_sharing_enabled":true,"jetpack_shortlink":"https:\/\/wp.me\/pG02W-9P","_links":{"self":[{"href":"https:\/\/blog.zeit.de\/joerglau\/wp-json\/wp\/v2\/posts\/609","targetHints":{"allow":["GET"]}}],"collection":[{"href":"https:\/\/blog.zeit.de\/joerglau\/wp-json\/wp\/v2\/posts"}],"about":[{"href":"https:\/\/blog.zeit.de\/joerglau\/wp-json\/wp\/v2\/types\/post"}],"author":[{"embeddable":true,"href":"https:\/\/blog.zeit.de\/joerglau\/wp-json\/wp\/v2\/users\/54"}],"replies":[{"embeddable":true,"href":"https:\/\/blog.zeit.de\/joerglau\/wp-json\/wp\/v2\/comments?post=609"}],"version-history":[{"count":0,"href":"https:\/\/blog.zeit.de\/joerglau\/wp-json\/wp\/v2\/posts\/609\/revisions"}],"wp:attachment":[{"href":"https:\/\/blog.zeit.de\/joerglau\/wp-json\/wp\/v2\/media?parent=609"}],"wp:term":[{"taxonomy":"category","embeddable":true,"href":"https:\/\/blog.zeit.de\/joerglau\/wp-json\/wp\/v2\/categories?post=609"},{"taxonomy":"post_tag","embeddable":true,"href":"https:\/\/blog.zeit.de\/joerglau\/wp-json\/wp\/v2\/tags?post=609"}],"curies":[{"name":"wp","href":"https:\/\/api.w.org\/{rel}","templated":true}]}}