{"id":6131,"date":"2015-12-07T18:18:07","date_gmt":"2015-12-07T17:18:07","guid":{"rendered":"http:\/\/blog.zeit.de\/joerglau\/?p=6131"},"modified":"2015-12-16T13:56:38","modified_gmt":"2015-12-16T12:56:38","slug":"er-ist-wieder-da","status":"publish","type":"post","link":"https:\/\/blog.zeit.de\/joerglau\/2015\/12\/07\/er-ist-wieder-da_6131","title":{"rendered":"Er ist wieder da"},"content":{"rendered":"<p>Na gut. 5.000+ Kommentare unter einem nahezu zwei Jahre alten Blogpost, das gibt mir denn doch zu denken. Irgendwie geht es hier immer noch weiter,\u00a0auch in meiner Abwesenheit. Selbst nachdem das\u00a0Blog von den ZEIT Online-Kollegen l\u00e4ngst schon wegen Inaktivit\u00e4t von der Website\u00a0genommen wurde. Es gibt offenbar Redebedarf unter den Verbliebenen. Ich habe ihn eigentlich auch.<\/p>\n<p>Ich will versuchen, die Aktivit\u00e4t hier wieder aufzunehmen, wenn auch sicher nicht in der Frequenz, die mir fr\u00fcher mal m\u00f6glich war, bevor ich mich der Koordination unserer au\u00dfenpolitischen Berichterstattung verschrieb. Ich habe gewusst, dass der Job hart werden w\u00fcrde, aber mit einer solchen Ballung von Krisen, die sich wechselseitig verst\u00e4rken, war nicht zu rechnen.<!--more--><\/p>\n<p>Ich bin von Woche zu Woche erstaunt, dass immer noch etwas mehr geht. Das vorige Jahr war schon schlimm &#8211; mit der Ukrainekrise, der Krim-Besetzung und der Eskalation in Syrien.<\/p>\n<p>Aber dieses nun Gottseidank zu Ende gehende Jahr schl\u00e4gt dann doch vorerst so manches\u00a0Dagewesene.<\/p>\n<p><span style=\"font-weight: 400;\">Kaum war ich im Januar wieder am Scheibtisch, kam Charlie Hebdo, die f\u00fcrchterliche Haft f\u00fcr unsere chinesische Mitarbeiterin Zhang Miao, dann die Wahl in Griechenland, die Eurokrise, Pegida-M\u00e4rsche, die Eskalation in der Ostukraine, das Minsker Abkommen, Hunderte Tote im Mittelmeer, das Referendum in Athen, die Eroberungen des IS, der Atom-Deal mit Iran, die abermalige Eskalation des syrischen Krieges, in der T\u00fcrkei der R\u00fcckweg ins Autorit\u00e4re und der Krieg gegen die Kurden, und schlie\u00dflich der Massenexodus der Syrer, Iraner, Afghanen und Pakistaner ins gelobte Deutschland. Paris wurde von einer Bande von <a href=\"https:\/\/www.youtube.com\/watch?v=glxh9ZgP7kc\">&#8222;gigantic fucking arseholes&#8220;<\/a> (John Oliver) \u00fcberfallen, Helmut Schmidt starb<\/span><span style=\"font-weight: 400;\">, Deutschland trat\u00a0ein bisschen in den Syrienkrieg ein, und dann errang Marine Le Pen einen ebenso erwartbaren wie schockierenden Sieg bei den Regionalwahlen in Frankreich. Und wir sind noch nicht fertig mit dem Jahr&#8230;<\/span><\/p>\n<p>Mich treibt das alles um, genau wie viele Leser und Kommentatoren hier. Ich habe ein paar Ideen dazu, viele Unsicherheiten. Es ist eine atemberaubende Zeit.<\/p>\n<p>Vor einigen Wochen hat sich einer der aktivsten Nutzer dieses Blogs mir eine w\u00fctende Mail geschrieben.<\/p>\n<blockquote><p>Hallo Herr Lau,<\/p>\n<p>Ihre Zeitung interessierte sich vor einigen Monaten einmal daf\u00fcr, woher eigentlich das gesunkene Ansehen der Presse im allgemeinen und das Wort \u201eL\u00fcgenpresse\u201c im besonderen herkommt. Die gefundene Antwort lautete AFAIR, die Presse schriebe eben nicht, woran die Leute eh schon glaubten und ansonsten sei es schlichte Uninformiertheit der Gegner\/Skeptiker.<\/p>\n<p>Vielleicht sind Sie ja an der \u00dcberlegung interessiert, woran es auch liegen k\u00f6nnte. Bitte sehen Sie mir nach, wenn ich zur Klarstellung grob verk\u00fcrze:<\/p>\n<p>Die ZEIT August 2015:<br \/>\nZuwanderung ist grossartig, Deutschland braucht viel mehr davon, da kommen lauter hochqualifizierte Leute und wenn wir Grenzen aufmachen, kommen nie mehr als ein paar hunderttausend, alle andere ist Panikmache und kommt nur von rechtsextremistischen Scharfmachern. Ausserdem kommen da eh nur Syrer und das sind Kriegsfl\u00fcchtlinge!<\/p>\n<p>Die ZEIT Oktober 2015:<br \/>\nNa gut, Zuwanderung ist nicht v\u00f6llig unproblematisch, aber 1 Million pro Jahr geht nat\u00fcrlich immer, wir schaffen das locker und wer jetzt 5 Millionen sagt, ist ein Panikmacher und vermutlich ein Rechtsextremist. Na ja, es kommen auch ein paar, sorry, ganz viele andere als Syrer, aber irgendwie ist ja jeder Fl\u00fcchtling.<\/p>\n<p>(&#8230;)<\/p>\n<p>Wenn sich die Presse als Propagandist f\u00fcr (beliebiges einsetzen) einspannen l\u00e4sst, die \u201ePanikmache\u201c sich nur Wochen sp\u00e4ter als Realit\u00e4t herausstellt, alle Bef\u00fcrchtungen aber schon wieder als Panikmache denunziert werden \u2013 von wem will der Journalismus eigentlich noch ernst genommen werden? Von denkenden und informierten Leuten eher weniger \u2013 und genau so sieht das inzwischen auch der Grossteil meiner (vollst\u00e4ndig akademisch vorgebildeten) Berufsbekannten.<\/p>\n<p>Es ist nicht so, als w\u00e4re das Ergebnis f\u00fcr mich pers\u00f6nlich noch interessant, das ZEIT Abo ist bereits gek\u00fcndigt. Ich dachte nur, ich lasse es mal jemanden bei der ZEIT in leitender Position wissen, warum der Journalismus sich mit zunehmender Geschwindigkeit unglaubw\u00fcrdig macht.\u00a0(&#8230;)<\/p>\n<p>Mit freundlichen Gr\u00fcssen und den besten W\u00fcnschen f\u00fcr Ihre berufliche Zukunft,<\/p>\n<p>(&#8230;)<\/p><\/blockquote>\n<p>Ich vermute, dass es nicht viel Sinn hat, hier mit Belegen dagegenzuhalten.<\/p>\n<p>Wir haben schon im Fr\u00fchjahr, als die ganz gro\u00dfe Welle noch nicht da war, eine Sonderausgabe zu den Fl\u00fcchtlingen gemacht, in der Begrenzungsfreunde und Grenz\u00f6ffner gegeneinander argumentierten. Wir haben unsere Zweifel immer wieder zum Thema gemacht. Wir haben kontrovers diskutiert. Es sind verschiedene, sehr skeptische Artikel in der Zeitung erschienen. Selbst Thilo Sarrazin kam zu Wort (ich h\u00e4tte darauf verzichten k\u00f6nnen, nicht sehr erhellend).<\/p>\n<p>Fast alle hier in der Redaktion haben sich in den Monaten bewegt. Es gibt bei uns kaum (noch) maximalistische Positionierungen. Einigerma\u00dfen wohlwollende Leser m\u00fcssten das erkennen k\u00f6nnen. (Tun sie auch, es geht uns wirtschaftlich sehr gut, wir leiden keineswegs unter Vertrauensverlust, wenn die \u00f6konomische Lage des Verlags ein Indiz ist.) Vielleicht sollten wir Zweifel, Korrekturen, Gegenmeinungen\u00a0transparenter machen?<\/p>\n<p>Es sind au\u00dfergew\u00f6hnliche Zeiten.Die Wahrheit ist, dass wir hier alle miteinander ringen und auch jeder mit sich selbst\u00a0selber zu k\u00e4mpfen hat. \u00a0Nur ein paar Beispiele:<\/p>\n<p>Ich bin &#8211; selber Fl\u00fcchtlingskind &#8211; daf\u00fcr, so viele Kriegsfl\u00fcchtlinge aufzunehmen wie irgend m\u00f6glich. Gleichzeitig halte ich es f\u00fcr sehr gef\u00e4hrlich, wenn ein Staat oder ein Staatenbund die Kontrolle \u00fcber seine Grenzen aufgibt.<\/p>\n<p>Ich finde es richtig, einen Deal mit der T\u00fcrkei \u00fcber den Schutz der europ\u00e4ischen Grenzen zu machen, f\u00fcrchte aber, dass der Erdogan helfen wird, seine Pr\u00e4sidialdiktatur auszubauen.<\/p>\n<p>Ich m\u00f6chte erleben, dass der IS vernichtet wird. Zugleich f\u00fcrchte ich, dass Deutschland sich mit dem sp\u00e4ten Kriegseintritt in eine de facto Allianz mit Putin und Assad begibt &#8211; und dass der Westen\u00a0ebenso planlos wie schon in Afghanistan, Irak und Libyen wieder ins n\u00e4chste Desaster schlittert.<\/p>\n<p>Ich habe das Atomabkommen mit dem Iran bef\u00fcrwortet, muss aber zur Kenntnis nehmen, dass das Land sich seither zunehmend tyrannisch gegen\u00fcber den verbliebenen Oppositionskr\u00e4ften und ungesch\u00fctzten Minderheiten verh\u00e4lt.<\/p>\n<p>Ich hoffe, dass die islamistische Diktatur in Saudiarabien endlich unter Druck ger\u00e4t und f\u00fcrchte doch einen weiteren Staatszusammenbruch in Nahost.<\/p>\n<p>Und so weiter.<\/p>\n<p>Wenn Sie Lust haben, solche Dinge hier in Zukunft wieder mit mir zu debattieren, freue ich mich!<\/p>\n<p>&nbsp;<\/p>\n<p>&nbsp;<\/p>\n<p>&nbsp;<\/p>\n<p>&nbsp;<\/p>\n<p>&nbsp;<\/p>\n","protected":false},"excerpt":{"rendered":"<p>Na gut. 5.000+ Kommentare unter einem nahezu zwei Jahre alten Blogpost, das gibt mir denn doch zu denken. Irgendwie geht es hier immer noch weiter,\u00a0auch in meiner Abwesenheit. Selbst nachdem das\u00a0Blog von den ZEIT Online-Kollegen l\u00e4ngst schon wegen Inaktivit\u00e4t von der Website\u00a0genommen wurde. Es gibt offenbar Redebedarf unter den Verbliebenen. Ich habe ihn eigentlich auch. [&hellip;]<\/p>\n","protected":false},"author":54,"featured_media":0,"comment_status":"open","ping_status":"closed","sticky":false,"template":"","format":"standard","meta":{"jetpack_post_was_ever_published":false,"footnotes":""},"categories":[1],"tags":[],"class_list":["post-6131","post","type-post","status-publish","format-standard","hentry","category-allgemein"],"yoast_head":"<!-- This site is optimized with the Yoast SEO plugin v21.0 - https:\/\/yoast.com\/wordpress\/plugins\/seo\/ -->\n<title>Er ist wieder da - J\u00f6rg Lau<\/title>\n<meta name=\"robots\" content=\"index, follow, max-snippet:-1, max-image-preview:large, max-video-preview:-1\" \/>\n<link rel=\"canonical\" href=\"https:\/\/blog.zeit.de\/joerglau\/2015\/12\/07\/er-ist-wieder-da_6131\" \/>\n<meta property=\"og:locale\" content=\"de_DE\" \/>\n<meta property=\"og:type\" content=\"article\" \/>\n<meta property=\"og:title\" content=\"Er ist wieder da - J\u00f6rg Lau\" \/>\n<meta property=\"og:description\" content=\"Na gut. 5.000+ Kommentare unter einem nahezu zwei Jahre alten Blogpost, das gibt mir denn doch zu denken. Irgendwie geht es hier immer noch weiter,\u00a0auch in meiner Abwesenheit. Selbst nachdem das\u00a0Blog von den ZEIT Online-Kollegen l\u00e4ngst schon wegen Inaktivit\u00e4t von der Website\u00a0genommen wurde. Es gibt offenbar Redebedarf unter den Verbliebenen. Ich habe ihn eigentlich auch. [&hellip;]\" \/>\n<meta property=\"og:url\" content=\"https:\/\/blog.zeit.de\/joerglau\/2015\/12\/07\/er-ist-wieder-da_6131\" \/>\n<meta property=\"og:site_name\" content=\"J\u00f6rg Lau\" \/>\n<meta property=\"article:published_time\" content=\"2015-12-07T17:18:07+00:00\" \/>\n<meta property=\"article:modified_time\" content=\"2015-12-16T12:56:38+00:00\" \/>\n<meta name=\"author\" content=\"J\u00f6rg Lau\" \/>\n<meta name=\"twitter:card\" content=\"summary_large_image\" \/>\n<meta name=\"twitter:label1\" content=\"Geschrieben von\" \/>\n\t<meta name=\"twitter:data1\" content=\"J\u00f6rg Lau\" \/>\n\t<meta name=\"twitter:label2\" content=\"Gesch\u00e4tzte Lesezeit\" \/>\n\t<meta name=\"twitter:data2\" content=\"5\u00a0Minuten\" \/>\n<script type=\"application\/ld+json\" class=\"yoast-schema-graph\">{\"@context\":\"https:\/\/schema.org\",\"@graph\":[{\"@type\":\"WebPage\",\"@id\":\"https:\/\/blog.zeit.de\/joerglau\/2015\/12\/07\/er-ist-wieder-da_6131\",\"url\":\"https:\/\/blog.zeit.de\/joerglau\/2015\/12\/07\/er-ist-wieder-da_6131\",\"name\":\"Er ist wieder da - J\u00f6rg Lau\",\"isPartOf\":{\"@id\":\"https:\/\/blog.zeit.de\/joerglau\/#website\"},\"datePublished\":\"2015-12-07T17:18:07+00:00\",\"dateModified\":\"2015-12-16T12:56:38+00:00\",\"author\":{\"@id\":\"https:\/\/blog.zeit.de\/joerglau\/#\/schema\/person\/55f0be9bfac24815791fbc852b042f57\"},\"breadcrumb\":{\"@id\":\"https:\/\/blog.zeit.de\/joerglau\/2015\/12\/07\/er-ist-wieder-da_6131#breadcrumb\"},\"inLanguage\":\"de\",\"potentialAction\":[{\"@type\":\"ReadAction\",\"target\":[\"https:\/\/blog.zeit.de\/joerglau\/2015\/12\/07\/er-ist-wieder-da_6131\"]}]},{\"@type\":\"BreadcrumbList\",\"@id\":\"https:\/\/blog.zeit.de\/joerglau\/2015\/12\/07\/er-ist-wieder-da_6131#breadcrumb\",\"itemListElement\":[{\"@type\":\"ListItem\",\"position\":1,\"name\":\"Startseite\",\"item\":\"https:\/\/blog.zeit.de\/joerglau\"},{\"@type\":\"ListItem\",\"position\":2,\"name\":\"Er ist wieder da\"}]},{\"@type\":\"WebSite\",\"@id\":\"https:\/\/blog.zeit.de\/joerglau\/#website\",\"url\":\"https:\/\/blog.zeit.de\/joerglau\/\",\"name\":\"J\u00f6rg Lau\",\"description\":\"Ein Blog \u00fcber Religion und Politik\",\"potentialAction\":[{\"@type\":\"SearchAction\",\"target\":{\"@type\":\"EntryPoint\",\"urlTemplate\":\"https:\/\/blog.zeit.de\/joerglau\/?s={search_term_string}\"},\"query-input\":\"required name=search_term_string\"}],\"inLanguage\":\"de\"},{\"@type\":\"Person\",\"@id\":\"https:\/\/blog.zeit.de\/joerglau\/#\/schema\/person\/55f0be9bfac24815791fbc852b042f57\",\"name\":\"J\u00f6rg Lau\",\"image\":{\"@type\":\"ImageObject\",\"inLanguage\":\"de\",\"@id\":\"https:\/\/blog.zeit.de\/joerglau\/#\/schema\/person\/image\/\",\"url\":\"https:\/\/secure.gravatar.com\/avatar\/a5fe39bf4f5335b8bac36eefa0b41467221b1598bfea5f05159a0199e391eed0?s=96&d=mm&r=g\",\"contentUrl\":\"https:\/\/secure.gravatar.com\/avatar\/a5fe39bf4f5335b8bac36eefa0b41467221b1598bfea5f05159a0199e391eed0?s=96&d=mm&r=g\",\"caption\":\"J\u00f6rg Lau\"},\"url\":\"https:\/\/blog.zeit.de\/joerglau\/author\/joerg-lau\"}]}<\/script>\n<!-- \/ Yoast SEO plugin. -->","yoast_head_json":{"title":"Er ist wieder da - J\u00f6rg Lau","robots":{"index":"index","follow":"follow","max-snippet":"max-snippet:-1","max-image-preview":"max-image-preview:large","max-video-preview":"max-video-preview:-1"},"canonical":"https:\/\/blog.zeit.de\/joerglau\/2015\/12\/07\/er-ist-wieder-da_6131","og_locale":"de_DE","og_type":"article","og_title":"Er ist wieder da - J\u00f6rg Lau","og_description":"Na gut. 5.000+ Kommentare unter einem nahezu zwei Jahre alten Blogpost, das gibt mir denn doch zu denken. Irgendwie geht es hier immer noch weiter,\u00a0auch in meiner Abwesenheit. Selbst nachdem das\u00a0Blog von den ZEIT Online-Kollegen l\u00e4ngst schon wegen Inaktivit\u00e4t von der Website\u00a0genommen wurde. Es gibt offenbar Redebedarf unter den Verbliebenen. Ich habe ihn eigentlich auch. [&hellip;]","og_url":"https:\/\/blog.zeit.de\/joerglau\/2015\/12\/07\/er-ist-wieder-da_6131","og_site_name":"J\u00f6rg Lau","article_published_time":"2015-12-07T17:18:07+00:00","article_modified_time":"2015-12-16T12:56:38+00:00","author":"J\u00f6rg Lau","twitter_card":"summary_large_image","twitter_misc":{"Geschrieben von":"J\u00f6rg Lau","Gesch\u00e4tzte Lesezeit":"5\u00a0Minuten"},"schema":{"@context":"https:\/\/schema.org","@graph":[{"@type":"WebPage","@id":"https:\/\/blog.zeit.de\/joerglau\/2015\/12\/07\/er-ist-wieder-da_6131","url":"https:\/\/blog.zeit.de\/joerglau\/2015\/12\/07\/er-ist-wieder-da_6131","name":"Er ist wieder da - J\u00f6rg Lau","isPartOf":{"@id":"https:\/\/blog.zeit.de\/joerglau\/#website"},"datePublished":"2015-12-07T17:18:07+00:00","dateModified":"2015-12-16T12:56:38+00:00","author":{"@id":"https:\/\/blog.zeit.de\/joerglau\/#\/schema\/person\/55f0be9bfac24815791fbc852b042f57"},"breadcrumb":{"@id":"https:\/\/blog.zeit.de\/joerglau\/2015\/12\/07\/er-ist-wieder-da_6131#breadcrumb"},"inLanguage":"de","potentialAction":[{"@type":"ReadAction","target":["https:\/\/blog.zeit.de\/joerglau\/2015\/12\/07\/er-ist-wieder-da_6131"]}]},{"@type":"BreadcrumbList","@id":"https:\/\/blog.zeit.de\/joerglau\/2015\/12\/07\/er-ist-wieder-da_6131#breadcrumb","itemListElement":[{"@type":"ListItem","position":1,"name":"Startseite","item":"https:\/\/blog.zeit.de\/joerglau"},{"@type":"ListItem","position":2,"name":"Er ist wieder da"}]},{"@type":"WebSite","@id":"https:\/\/blog.zeit.de\/joerglau\/#website","url":"https:\/\/blog.zeit.de\/joerglau\/","name":"J\u00f6rg Lau","description":"Ein Blog \u00fcber Religion und Politik","potentialAction":[{"@type":"SearchAction","target":{"@type":"EntryPoint","urlTemplate":"https:\/\/blog.zeit.de\/joerglau\/?s={search_term_string}"},"query-input":"required name=search_term_string"}],"inLanguage":"de"},{"@type":"Person","@id":"https:\/\/blog.zeit.de\/joerglau\/#\/schema\/person\/55f0be9bfac24815791fbc852b042f57","name":"J\u00f6rg Lau","image":{"@type":"ImageObject","inLanguage":"de","@id":"https:\/\/blog.zeit.de\/joerglau\/#\/schema\/person\/image\/","url":"https:\/\/secure.gravatar.com\/avatar\/a5fe39bf4f5335b8bac36eefa0b41467221b1598bfea5f05159a0199e391eed0?s=96&d=mm&r=g","contentUrl":"https:\/\/secure.gravatar.com\/avatar\/a5fe39bf4f5335b8bac36eefa0b41467221b1598bfea5f05159a0199e391eed0?s=96&d=mm&r=g","caption":"J\u00f6rg Lau"},"url":"https:\/\/blog.zeit.de\/joerglau\/author\/joerg-lau"}]}},"jetpack_featured_media_url":"","jetpack_sharing_enabled":true,"jetpack_shortlink":"https:\/\/wp.me\/pG02W-1AT","_links":{"self":[{"href":"https:\/\/blog.zeit.de\/joerglau\/wp-json\/wp\/v2\/posts\/6131","targetHints":{"allow":["GET"]}}],"collection":[{"href":"https:\/\/blog.zeit.de\/joerglau\/wp-json\/wp\/v2\/posts"}],"about":[{"href":"https:\/\/blog.zeit.de\/joerglau\/wp-json\/wp\/v2\/types\/post"}],"author":[{"embeddable":true,"href":"https:\/\/blog.zeit.de\/joerglau\/wp-json\/wp\/v2\/users\/54"}],"replies":[{"embeddable":true,"href":"https:\/\/blog.zeit.de\/joerglau\/wp-json\/wp\/v2\/comments?post=6131"}],"version-history":[{"count":5,"href":"https:\/\/blog.zeit.de\/joerglau\/wp-json\/wp\/v2\/posts\/6131\/revisions"}],"predecessor-version":[{"id":6146,"href":"https:\/\/blog.zeit.de\/joerglau\/wp-json\/wp\/v2\/posts\/6131\/revisions\/6146"}],"wp:attachment":[{"href":"https:\/\/blog.zeit.de\/joerglau\/wp-json\/wp\/v2\/media?parent=6131"}],"wp:term":[{"taxonomy":"category","embeddable":true,"href":"https:\/\/blog.zeit.de\/joerglau\/wp-json\/wp\/v2\/categories?post=6131"},{"taxonomy":"post_tag","embeddable":true,"href":"https:\/\/blog.zeit.de\/joerglau\/wp-json\/wp\/v2\/tags?post=6131"}],"curies":[{"name":"wp","href":"https:\/\/api.w.org\/{rel}","templated":true}]}}