{"id":6149,"date":"2015-12-16T18:40:38","date_gmt":"2015-12-16T17:40:38","guid":{"rendered":"http:\/\/blog.zeit.de\/joerglau\/?p=6149"},"modified":"2015-12-18T20:36:07","modified_gmt":"2015-12-18T19:36:07","slug":"wohin-lau-gehort","status":"publish","type":"post","link":"https:\/\/blog.zeit.de\/joerglau\/2015\/12\/16\/wohin-lau-gehort_6149","title":{"rendered":"Wohin Lau geh\u00f6rt"},"content":{"rendered":"<p><img loading=\"lazy\" decoding=\"async\" class=\"  aligncenter wp-image-6151\" src=\"https:\/\/blog.zeit.de\/joerglau\/files\/2015\/12\/IMG_1176-e1450282176143.jpg\" alt=\"Wohin Sven Lau geh\u00f6rt\" width=\"362\" height=\"484\" \/><\/p>\n<p>Schreck am Morgen bei der Zeitungslekt\u00fcre.<\/p>\n<p>Dann Erleichterung. Es wurde wirklich Zeit, dass man ihm das Handwerk legt, diesem merkw\u00fcrdigen Namensvetter Sven Lau (nicht verwandt!). Er wurde am Dienstag wegen Terrorverdachts verhaftet.<!--more--><\/p>\n<p>Ich hatte ihn 2011 in M\u00f6nchengladbach besucht, wo seine Salafistentruppe &#8222;Einladung zum Paradies&#8220; die Stadt in Schrecken versetzte. (Einladung zum Paradies \u2013 welch ein Name! Wer k\u00f6nnte da Nein sagen?)<\/p>\n<p>Salafismus \u2013 davon wusste damals nur eine kleine Gruppe von Experten. In den Verfassungsschutzberichten nahmen die Salafis immer gr\u00f6\u00dferen Raum ein. Ich recherchierte das Thema an verschiedenen Orten in Deutschland und blieb dann in M\u00f6nchengladbach h\u00e4ngen, in der Stadt meiner jugendlichen linksrheinischen Fu\u00dfballtr\u00e4ume (Die Fohlen).<\/p>\n<p>Damals begannen die Sicherheitsdienste auf die Salafisten zu schauen. Dass die mit der Terrormiliz IS und dem Syrienkrieg ein Bet\u00e4tigungsfeld bekommen w\u00fcrden, auf dem man nicht nur B\u00fcrgerschreck spielen, sondern im Ernst f\u00fcr das Kalifat schie\u00dfen konnte, war damals nicht abzusehen.<\/p>\n<p>Abzusehen war allerdings damals schon, dass Sven Lau alias Abu Adam zum bewaffneten Kampf eine gezielt zweideutige Haltung pflegte. Ich fragte ihn, was er einem jungen Mann sagen w\u00fcrde, dem es nicht reiche, im Rheinland nach dem (vermeintlichen) Vorbild des Propheten und seiner Gef\u00e4hrten Bart und Pumphosen zu tragen. Was sagen Sie jemandem, der zum Beispiel nach Afghanistan gehen will und dort Dschihad machen? Sven Lau schaute mich taxierend an und antwortete, da ma\u00dfe er sich kein Urteil an, das m\u00fcssten &#8222;die Gelehrten entscheiden&#8220;. In anderen Worten: Er w\u00fcrde nicht davon abraten. Aber er war auch schlau genug, sich gegen\u00fcber mir als Pressevertreter keine Bl\u00f6\u00dfe zu geben.<\/p>\n<p>Das fand ich damals schon bezeichnend f\u00fcr die skrupellose Menschenf\u00e4ngerei dieser Truppe. Viele der Jungs (Salafismus ist ein klares Jungs-Programm, was Groupies nat\u00fcrlich nicht ausschlie\u00dft; und auch nicht Dischihad-Streberinnen wie Tashfeen Malik in San Bernardino) sind ehemalige Kleinkriminelle, herumstromernde Verlierertypen, Entwurzelte. Viele sind Konvertiten wie Lau und sein Freund und Mentor Pierre Vogel. Ich habe noch mehrere biodeutsche Salafis kennengelernt. Mein Eindruck war, dass die Attraktion des Salafismus in der Mischung aus Sektenstruktur, Erl\u00f6sungsversprechen und Selbsterm\u00e4chtigung (bis zur Gewalterlaubnis, ja zum Gewaltgebot) lag, nicht un\u00e4hnlich dem Linksterror der Siebziger und dem Rechtsterror des NSU. Radical Chic mit einem frommen Twist.<\/p>\n<p>Allerdings, und das macht die Sache leider SEHR viel explosiver: Mit der Scheinlegitimation einer 1.437 Jahre alten Weltreligion, und nun eben im Gleichschritt mit einer Bewegung, die ein Territorium, Geld, Waffen, Tausende Rekruten und eine Welt voller Feinde zu bieten hat. Man kann beim IS jetzt gegen Assad, Obama, Putin, Merkel, Hollande, Salman Ibn Abd al-Aziz, Ajatollah Chamenei und viele andere k\u00e4mpfen. Das ist doch mal ein Angebot.<\/p>\n<p>Leuchtet mir ein, dass Sven Lau da nicht abseits stehen konnte. Das ist etwas anderes, als rheinische Nachbarn zu nerven mit seinem albernen Fusselbart. Die Nachbarn kannten ihn ja noch alle von der Feuerwehr, bei der er mal gearbeitet hatte, bevor er den Islam entdeckte.<\/p>\n<p>Man wirft ihm nun vor, Syrienk\u00e4mpfern Geld \u00fcberbracht und Nachtsichtger\u00e4te besorgt zu haben. Er soll auch Freiwillige angeworben haben. Es soll Aufnahmen von ihm geben, auf denen er mit Gewehr auf einem Panzer post, offenbar in Syrien.<\/p>\n<p>Damals in M\u00f6nchengladbach wollte er ein riesiges islamisches Zentrum errichten. Die B\u00fcrger, die sich dagegen verwehrten, r\u00fcckte er in die rechte Ecke. Das war Chuzpe! Zum Gl\u00fcck haben sich die M\u00f6nchengladbacher damals nicht kleinkriegen lassen. Sie konnten verhindern, dass Lau und Konsorten sich in M\u00f6nchengladbach festsetzten. Mysteri\u00f6serweise brachen damals immer wieder Feuer aus. Lau machte die &#8222;islamfeindlichen&#8220; Gegner seiner Initiative verantwortlich. Die Polizei verd\u00e4chtigte ihn, es kam zu einem Verfahren, doch es gab zu wenig Beweise f\u00fcr eine Verurteilung.<\/p>\n<p>Das alles ist im Licht des Weltenbrandes, in dem nun auch Leute wie Sven Lau alias Abu Adam mitz\u00fcndeln, Kinderkram.<\/p>\n<p>Ich habe mich damals schon gefragt, was es ist, das den Feuerwehrmann zum Brandstifter mindestens im \u00fcbertragenen Sinn hat werden lassen. Soziale Gr\u00fcnde (wie sie ja bei der Erkl\u00e4rung der Banlieue-Radikalisierung immer angef\u00fchrt werden) scheiden aus. Ebenso Stigmatisierung. Im Gegenteil: Sven will ja Abu Adam sein, er will das Stigma des Radikalen durch die Fu\u00dfg\u00e4ngerzone spazieren f\u00fchren. Er ist gerne der Mann, den alle hassen (Shariah Police).<\/p>\n<p>Ich habe mich bei den Nachrichten von meinem Namensvetter an einen Satz erinnert, den ich bei Fran\u00e7ois Furet gelesen habe, in seinem Buch <em>Das Ende der Illusion<\/em>. Es handelt vom Kommunismus im 20. Jahrhundert.<\/p>\n<p>Furet spricht da von einem\u00a0&#8222;Charakteristikum der modernen Demokratie, das sicherlich einzigartig in der Weltgeschichte ist: die unbegrenzete F\u00e4higkeit, Menschen hervorzubringen, die das hergebrachte soziale\u00a0und politische System verabscheuen, in das sie hineingeboren sind; die die Luft hassen, die sie atmen, obwohl sie die Grundlage ihres Lebens ist.&#8220;<\/p>\n<p><em>(Mit Dank an den Kommentator Paul Arneim (s.u., #5) f\u00fcr das korrekte Zitat)<\/em><\/p>\n","protected":false},"excerpt":{"rendered":"<p>Schreck am Morgen bei der Zeitungslekt\u00fcre. Dann Erleichterung. Es wurde wirklich Zeit, dass man ihm das Handwerk legt, diesem merkw\u00fcrdigen Namensvetter Sven Lau (nicht verwandt!). Er wurde am Dienstag wegen Terrorverdachts verhaftet.<\/p>\n","protected":false},"author":54,"featured_media":0,"comment_status":"open","ping_status":"closed","sticky":false,"template":"","format":"standard","meta":{"jetpack_post_was_ever_published":false,"footnotes":""},"categories":[1],"tags":[],"class_list":["post-6149","post","type-post","status-publish","format-standard","hentry","category-allgemein"],"yoast_head":"<!-- This site is optimized with the Yoast SEO plugin v21.0 - https:\/\/yoast.com\/wordpress\/plugins\/seo\/ -->\n<title>Wohin Sven Lau geh\u00f6rt<\/title>\n<meta name=\"description\" content=\"Fr\u00fcher war Sven Lau bei der freiwilligen Feuerwehr, nun sitzt er in Haft wegen Terrorverdachts. Der Grund f\u00fcr die Radikalisierung ist kaum nachvollziehbar.\" \/>\n<meta name=\"robots\" content=\"index, follow, max-snippet:-1, max-image-preview:large, max-video-preview:-1\" \/>\n<link rel=\"canonical\" href=\"https:\/\/blog.zeit.de\/joerglau\/2015\/12\/16\/wohin-lau-gehort_6149\" \/>\n<meta property=\"og:locale\" content=\"de_DE\" \/>\n<meta property=\"og:type\" content=\"article\" \/>\n<meta property=\"og:title\" content=\"Wohin Sven Lau geh\u00f6rt\" \/>\n<meta property=\"og:description\" content=\"Fr\u00fcher war Sven Lau bei der freiwilligen Feuerwehr, nun sitzt er in Haft wegen Terrorverdachts. Der Grund f\u00fcr die Radikalisierung ist kaum nachvollziehbar.\" \/>\n<meta property=\"og:url\" content=\"https:\/\/blog.zeit.de\/joerglau\/2015\/12\/16\/wohin-lau-gehort_6149\" \/>\n<meta property=\"og:site_name\" content=\"J\u00f6rg Lau\" \/>\n<meta property=\"article:published_time\" content=\"2015-12-16T17:40:38+00:00\" \/>\n<meta property=\"article:modified_time\" content=\"2015-12-18T19:36:07+00:00\" \/>\n<meta property=\"og:image\" content=\"https:\/\/blog.zeit.de\/joerglau\/files\/2015\/12\/IMG_1176-e1450282176143.jpg\" \/>\n<meta name=\"author\" content=\"J\u00f6rg Lau\" \/>\n<meta name=\"twitter:card\" content=\"summary_large_image\" \/>\n<meta name=\"twitter:label1\" content=\"Geschrieben von\" \/>\n\t<meta name=\"twitter:data1\" content=\"J\u00f6rg Lau\" \/>\n\t<meta name=\"twitter:label2\" content=\"Gesch\u00e4tzte Lesezeit\" \/>\n\t<meta name=\"twitter:data2\" content=\"4\u00a0Minuten\" \/>\n<script type=\"application\/ld+json\" class=\"yoast-schema-graph\">{\"@context\":\"https:\/\/schema.org\",\"@graph\":[{\"@type\":\"WebPage\",\"@id\":\"https:\/\/blog.zeit.de\/joerglau\/2015\/12\/16\/wohin-lau-gehort_6149\",\"url\":\"https:\/\/blog.zeit.de\/joerglau\/2015\/12\/16\/wohin-lau-gehort_6149\",\"name\":\"Wohin Sven Lau geh\u00f6rt\",\"isPartOf\":{\"@id\":\"https:\/\/blog.zeit.de\/joerglau\/#website\"},\"datePublished\":\"2015-12-16T17:40:38+00:00\",\"dateModified\":\"2015-12-18T19:36:07+00:00\",\"author\":{\"@id\":\"https:\/\/blog.zeit.de\/joerglau\/#\/schema\/person\/55f0be9bfac24815791fbc852b042f57\"},\"description\":\"Fr\u00fcher war Sven Lau bei der freiwilligen Feuerwehr, nun sitzt er in Haft wegen Terrorverdachts. Der Grund f\u00fcr die Radikalisierung ist kaum nachvollziehbar.\",\"breadcrumb\":{\"@id\":\"https:\/\/blog.zeit.de\/joerglau\/2015\/12\/16\/wohin-lau-gehort_6149#breadcrumb\"},\"inLanguage\":\"de\",\"potentialAction\":[{\"@type\":\"ReadAction\",\"target\":[\"https:\/\/blog.zeit.de\/joerglau\/2015\/12\/16\/wohin-lau-gehort_6149\"]}]},{\"@type\":\"BreadcrumbList\",\"@id\":\"https:\/\/blog.zeit.de\/joerglau\/2015\/12\/16\/wohin-lau-gehort_6149#breadcrumb\",\"itemListElement\":[{\"@type\":\"ListItem\",\"position\":1,\"name\":\"Startseite\",\"item\":\"https:\/\/blog.zeit.de\/joerglau\"},{\"@type\":\"ListItem\",\"position\":2,\"name\":\"Wohin Lau geh\u00f6rt\"}]},{\"@type\":\"WebSite\",\"@id\":\"https:\/\/blog.zeit.de\/joerglau\/#website\",\"url\":\"https:\/\/blog.zeit.de\/joerglau\/\",\"name\":\"J\u00f6rg Lau\",\"description\":\"Ein Blog \u00fcber Religion und Politik\",\"potentialAction\":[{\"@type\":\"SearchAction\",\"target\":{\"@type\":\"EntryPoint\",\"urlTemplate\":\"https:\/\/blog.zeit.de\/joerglau\/?s={search_term_string}\"},\"query-input\":\"required name=search_term_string\"}],\"inLanguage\":\"de\"},{\"@type\":\"Person\",\"@id\":\"https:\/\/blog.zeit.de\/joerglau\/#\/schema\/person\/55f0be9bfac24815791fbc852b042f57\",\"name\":\"J\u00f6rg Lau\",\"image\":{\"@type\":\"ImageObject\",\"inLanguage\":\"de\",\"@id\":\"https:\/\/blog.zeit.de\/joerglau\/#\/schema\/person\/image\/\",\"url\":\"https:\/\/secure.gravatar.com\/avatar\/a5fe39bf4f5335b8bac36eefa0b41467221b1598bfea5f05159a0199e391eed0?s=96&d=mm&r=g\",\"contentUrl\":\"https:\/\/secure.gravatar.com\/avatar\/a5fe39bf4f5335b8bac36eefa0b41467221b1598bfea5f05159a0199e391eed0?s=96&d=mm&r=g\",\"caption\":\"J\u00f6rg Lau\"},\"url\":\"https:\/\/blog.zeit.de\/joerglau\/author\/joerg-lau\"}]}<\/script>\n<!-- \/ Yoast SEO plugin. -->","yoast_head_json":{"title":"Wohin Sven Lau geh\u00f6rt","description":"Fr\u00fcher war Sven Lau bei der freiwilligen Feuerwehr, nun sitzt er in Haft wegen Terrorverdachts. Der Grund f\u00fcr die Radikalisierung ist kaum nachvollziehbar.","robots":{"index":"index","follow":"follow","max-snippet":"max-snippet:-1","max-image-preview":"max-image-preview:large","max-video-preview":"max-video-preview:-1"},"canonical":"https:\/\/blog.zeit.de\/joerglau\/2015\/12\/16\/wohin-lau-gehort_6149","og_locale":"de_DE","og_type":"article","og_title":"Wohin Sven Lau geh\u00f6rt","og_description":"Fr\u00fcher war Sven Lau bei der freiwilligen Feuerwehr, nun sitzt er in Haft wegen Terrorverdachts. Der Grund f\u00fcr die Radikalisierung ist kaum nachvollziehbar.","og_url":"https:\/\/blog.zeit.de\/joerglau\/2015\/12\/16\/wohin-lau-gehort_6149","og_site_name":"J\u00f6rg Lau","article_published_time":"2015-12-16T17:40:38+00:00","article_modified_time":"2015-12-18T19:36:07+00:00","og_image":[{"url":"https:\/\/blog.zeit.de\/joerglau\/files\/2015\/12\/IMG_1176-e1450282176143.jpg"}],"author":"J\u00f6rg Lau","twitter_card":"summary_large_image","twitter_misc":{"Geschrieben von":"J\u00f6rg Lau","Gesch\u00e4tzte Lesezeit":"4\u00a0Minuten"},"schema":{"@context":"https:\/\/schema.org","@graph":[{"@type":"WebPage","@id":"https:\/\/blog.zeit.de\/joerglau\/2015\/12\/16\/wohin-lau-gehort_6149","url":"https:\/\/blog.zeit.de\/joerglau\/2015\/12\/16\/wohin-lau-gehort_6149","name":"Wohin Sven Lau geh\u00f6rt","isPartOf":{"@id":"https:\/\/blog.zeit.de\/joerglau\/#website"},"datePublished":"2015-12-16T17:40:38+00:00","dateModified":"2015-12-18T19:36:07+00:00","author":{"@id":"https:\/\/blog.zeit.de\/joerglau\/#\/schema\/person\/55f0be9bfac24815791fbc852b042f57"},"description":"Fr\u00fcher war Sven Lau bei der freiwilligen Feuerwehr, nun sitzt er in Haft wegen Terrorverdachts. Der Grund f\u00fcr die Radikalisierung ist kaum nachvollziehbar.","breadcrumb":{"@id":"https:\/\/blog.zeit.de\/joerglau\/2015\/12\/16\/wohin-lau-gehort_6149#breadcrumb"},"inLanguage":"de","potentialAction":[{"@type":"ReadAction","target":["https:\/\/blog.zeit.de\/joerglau\/2015\/12\/16\/wohin-lau-gehort_6149"]}]},{"@type":"BreadcrumbList","@id":"https:\/\/blog.zeit.de\/joerglau\/2015\/12\/16\/wohin-lau-gehort_6149#breadcrumb","itemListElement":[{"@type":"ListItem","position":1,"name":"Startseite","item":"https:\/\/blog.zeit.de\/joerglau"},{"@type":"ListItem","position":2,"name":"Wohin Lau geh\u00f6rt"}]},{"@type":"WebSite","@id":"https:\/\/blog.zeit.de\/joerglau\/#website","url":"https:\/\/blog.zeit.de\/joerglau\/","name":"J\u00f6rg Lau","description":"Ein Blog \u00fcber Religion und Politik","potentialAction":[{"@type":"SearchAction","target":{"@type":"EntryPoint","urlTemplate":"https:\/\/blog.zeit.de\/joerglau\/?s={search_term_string}"},"query-input":"required name=search_term_string"}],"inLanguage":"de"},{"@type":"Person","@id":"https:\/\/blog.zeit.de\/joerglau\/#\/schema\/person\/55f0be9bfac24815791fbc852b042f57","name":"J\u00f6rg Lau","image":{"@type":"ImageObject","inLanguage":"de","@id":"https:\/\/blog.zeit.de\/joerglau\/#\/schema\/person\/image\/","url":"https:\/\/secure.gravatar.com\/avatar\/a5fe39bf4f5335b8bac36eefa0b41467221b1598bfea5f05159a0199e391eed0?s=96&d=mm&r=g","contentUrl":"https:\/\/secure.gravatar.com\/avatar\/a5fe39bf4f5335b8bac36eefa0b41467221b1598bfea5f05159a0199e391eed0?s=96&d=mm&r=g","caption":"J\u00f6rg Lau"},"url":"https:\/\/blog.zeit.de\/joerglau\/author\/joerg-lau"}]}},"jetpack_featured_media_url":"","jetpack_sharing_enabled":true,"jetpack_shortlink":"https:\/\/wp.me\/pG02W-1Bb","_links":{"self":[{"href":"https:\/\/blog.zeit.de\/joerglau\/wp-json\/wp\/v2\/posts\/6149","targetHints":{"allow":["GET"]}}],"collection":[{"href":"https:\/\/blog.zeit.de\/joerglau\/wp-json\/wp\/v2\/posts"}],"about":[{"href":"https:\/\/blog.zeit.de\/joerglau\/wp-json\/wp\/v2\/types\/post"}],"author":[{"embeddable":true,"href":"https:\/\/blog.zeit.de\/joerglau\/wp-json\/wp\/v2\/users\/54"}],"replies":[{"embeddable":true,"href":"https:\/\/blog.zeit.de\/joerglau\/wp-json\/wp\/v2\/comments?post=6149"}],"version-history":[{"count":12,"href":"https:\/\/blog.zeit.de\/joerglau\/wp-json\/wp\/v2\/posts\/6149\/revisions"}],"predecessor-version":[{"id":6188,"href":"https:\/\/blog.zeit.de\/joerglau\/wp-json\/wp\/v2\/posts\/6149\/revisions\/6188"}],"wp:attachment":[{"href":"https:\/\/blog.zeit.de\/joerglau\/wp-json\/wp\/v2\/media?parent=6149"}],"wp:term":[{"taxonomy":"category","embeddable":true,"href":"https:\/\/blog.zeit.de\/joerglau\/wp-json\/wp\/v2\/categories?post=6149"},{"taxonomy":"post_tag","embeddable":true,"href":"https:\/\/blog.zeit.de\/joerglau\/wp-json\/wp\/v2\/tags?post=6149"}],"curies":[{"name":"wp","href":"https:\/\/api.w.org\/{rel}","templated":true}]}}