{"id":618,"date":"2007-07-09T14:56:08","date_gmt":"2007-07-09T12:56:08","guid":{"rendered":"http:\/\/blog.zeit.de\/joerglau\/2007\/07\/09\/sufismus-als-alternative-zum-politischen-islamismus_618"},"modified":"2007-07-09T14:56:08","modified_gmt":"2007-07-09T12:56:08","slug":"sufismus-als-alternative-zum-politischen-islamismus","status":"publish","type":"post","link":"https:\/\/blog.zeit.de\/joerglau\/2007\/07\/09\/sufismus-als-alternative-zum-politischen-islamismus_618","title":{"rendered":"Sufismus als Alternative zum politischen Islamismus"},"content":{"rendered":"<p>Interessanter Beitrag aus der <a href=\"http:\/\/addafication.com\/2007\/07\/09\/sufism-is-the-answer\/#more-269\">Herald Tribune<\/a>: Statt zu versuchen, &#8222;hearts and minds&#8220; der Muslime zu gewinnen (Gordon Brown) oder an einen &#8222;progressiven&#8220; oder &#8222;moderaten&#8220; Islam zu appelieren (Tony Blair), der kaum Anh\u00e4nger hat, sollten wir lieber auf einen traditionellen Islam sufistischer Pr\u00e4gung setzen, der die Unerkennbarkeit Gottes und seiner Ratschl\u00fcsse betont.<\/p>\n<p>Zitat aus dem Text von Philip Blond und Adrian Pabst:<\/p>\n<blockquote><p>Crucially, current policies are not working because they fail to address the real cause of radicalization and fanaticism. Contemporary Islamic violence is religious in nature. Its origin lies in Islamic scripture and the destruction of the traditional medieval schools that dictated its interpretation.<\/p><\/blockquote>\n<p>Und:<\/p>\n<blockquote><p>Such a recognition (der Transzendenz Gottes und seines Willens, wie im Sufismus \u00fcblich, J.L.) deprives Islamic fundamentalism of its primary motivating principle &#8211; that it knows the will of God and is therefore justified in enforcing it upon the earth.<\/p>\n<p>A renewal of Sufism could help Islam to broaden its understanding of authority beyond rulers and the ulama to include civil society. This would also restore the consensus of the community (ijma). And thereby empower Muslim society to challenge the fundamentalist assertions of its heretical preachers with reasoned belief.<\/p>\n<p>Given that we are losing the battle of hearts and minds, we would be well advised to chart a different path. By encouraging an Islamic renaissance and reviving traditions that the fundamentalists have so violently suppressed, Muslim youth might be diverted from their present course.<\/p><\/blockquote>\n<p>Stellt sich nur die Frage: Was k\u00f6nnen wir dazu tun, dass diese &#8222;Islamic Renaissance&#8220; Wirklichkeit wird? Da m\u00fcssen die Muslime schon selber ran, f\u00fcrchte ich.<\/p>\n<p>Und ausserdem stellt sich die Frage, ob die Gegen\u00fcberstellung der erstarrten Orthodoxie  und der geistlich beweglichen Sufis nicht eine westliche Projektion ist: &#8222;Die Annahme, einem rigiden, unduldsamen &#8218;Gesetzesislam&#8216; stehe eine &#8218;tolerante&#8216; sufische Str\u00f6mung entgegen, geh\u00f6rt zu den Fiktionen der europ\u00e4ischen Islamschw\u00e4rmerei und wird durch die historischen Fakten tausendfach widerlegt.&#8220; (Tilman Nagel)<\/p>\n<p>Dank an <a href=\"http:\/\/addafication.com\/\">Addafication<\/a>.<\/p>\n","protected":false},"excerpt":{"rendered":"<p>Interessanter Beitrag aus der Herald Tribune: Statt zu versuchen, &#8222;hearts and minds&#8220; der Muslime zu gewinnen (Gordon Brown) oder an einen &#8222;progressiven&#8220; oder &#8222;moderaten&#8220; Islam zu appelieren (Tony Blair), der kaum Anh\u00e4nger hat, sollten wir lieber auf einen traditionellen Islam sufistischer Pr\u00e4gung setzen, der die Unerkennbarkeit Gottes und seiner Ratschl\u00fcsse betont. Zitat aus dem Text [&hellip;]<\/p>\n","protected":false},"author":54,"featured_media":0,"comment_status":"open","ping_status":"closed","sticky":false,"template":"","format":"standard","meta":{"jetpack_post_was_ever_published":false,"footnotes":""},"categories":[155,157],"tags":[],"class_list":["post-618","post","type-post","status-publish","format-standard","hentry","category-debatte","category-die-freunde-und-die-feinde-des-islams"],"yoast_head":"<!-- This site is optimized with the Yoast SEO plugin v21.0 - https:\/\/yoast.com\/wordpress\/plugins\/seo\/ -->\n<title>Sufismus als Alternative zum politischen Islamismus - J\u00f6rg Lau<\/title>\n<meta name=\"robots\" content=\"index, follow, max-snippet:-1, max-image-preview:large, max-video-preview:-1\" \/>\n<link rel=\"canonical\" href=\"https:\/\/blog.zeit.de\/joerglau\/2007\/07\/09\/sufismus-als-alternative-zum-politischen-islamismus_618\" \/>\n<meta property=\"og:locale\" content=\"de_DE\" \/>\n<meta property=\"og:type\" content=\"article\" \/>\n<meta property=\"og:title\" content=\"Sufismus als Alternative zum politischen Islamismus - J\u00f6rg Lau\" \/>\n<meta property=\"og:description\" content=\"Interessanter Beitrag aus der Herald Tribune: Statt zu versuchen, &#8222;hearts and minds&#8220; der Muslime zu gewinnen (Gordon Brown) oder an einen &#8222;progressiven&#8220; oder &#8222;moderaten&#8220; Islam zu appelieren (Tony Blair), der kaum Anh\u00e4nger hat, sollten wir lieber auf einen traditionellen Islam sufistischer Pr\u00e4gung setzen, der die Unerkennbarkeit Gottes und seiner Ratschl\u00fcsse betont. Zitat aus dem Text [&hellip;]\" \/>\n<meta property=\"og:url\" content=\"https:\/\/blog.zeit.de\/joerglau\/2007\/07\/09\/sufismus-als-alternative-zum-politischen-islamismus_618\" \/>\n<meta property=\"og:site_name\" content=\"J\u00f6rg Lau\" \/>\n<meta property=\"article:published_time\" content=\"2007-07-09T12:56:08+00:00\" \/>\n<meta name=\"author\" content=\"J\u00f6rg Lau\" \/>\n<meta name=\"twitter:card\" content=\"summary_large_image\" \/>\n<meta name=\"twitter:label1\" content=\"Geschrieben von\" \/>\n\t<meta name=\"twitter:data1\" content=\"J\u00f6rg Lau\" \/>\n\t<meta name=\"twitter:label2\" content=\"Gesch\u00e4tzte Lesezeit\" \/>\n\t<meta name=\"twitter:data2\" content=\"2\u00a0Minuten\" \/>\n<script type=\"application\/ld+json\" class=\"yoast-schema-graph\">{\"@context\":\"https:\/\/schema.org\",\"@graph\":[{\"@type\":\"WebPage\",\"@id\":\"https:\/\/blog.zeit.de\/joerglau\/2007\/07\/09\/sufismus-als-alternative-zum-politischen-islamismus_618\",\"url\":\"https:\/\/blog.zeit.de\/joerglau\/2007\/07\/09\/sufismus-als-alternative-zum-politischen-islamismus_618\",\"name\":\"Sufismus als Alternative zum politischen Islamismus - J\u00f6rg Lau\",\"isPartOf\":{\"@id\":\"https:\/\/blog.zeit.de\/joerglau\/#website\"},\"datePublished\":\"2007-07-09T12:56:08+00:00\",\"dateModified\":\"2007-07-09T12:56:08+00:00\",\"author\":{\"@id\":\"https:\/\/blog.zeit.de\/joerglau\/#\/schema\/person\/55f0be9bfac24815791fbc852b042f57\"},\"breadcrumb\":{\"@id\":\"https:\/\/blog.zeit.de\/joerglau\/2007\/07\/09\/sufismus-als-alternative-zum-politischen-islamismus_618#breadcrumb\"},\"inLanguage\":\"de\",\"potentialAction\":[{\"@type\":\"ReadAction\",\"target\":[\"https:\/\/blog.zeit.de\/joerglau\/2007\/07\/09\/sufismus-als-alternative-zum-politischen-islamismus_618\"]}]},{\"@type\":\"BreadcrumbList\",\"@id\":\"https:\/\/blog.zeit.de\/joerglau\/2007\/07\/09\/sufismus-als-alternative-zum-politischen-islamismus_618#breadcrumb\",\"itemListElement\":[{\"@type\":\"ListItem\",\"position\":1,\"name\":\"Startseite\",\"item\":\"https:\/\/blog.zeit.de\/joerglau\"},{\"@type\":\"ListItem\",\"position\":2,\"name\":\"Sufismus als Alternative zum politischen Islamismus\"}]},{\"@type\":\"WebSite\",\"@id\":\"https:\/\/blog.zeit.de\/joerglau\/#website\",\"url\":\"https:\/\/blog.zeit.de\/joerglau\/\",\"name\":\"J\u00f6rg Lau\",\"description\":\"Ein Blog \u00fcber Religion und Politik\",\"potentialAction\":[{\"@type\":\"SearchAction\",\"target\":{\"@type\":\"EntryPoint\",\"urlTemplate\":\"https:\/\/blog.zeit.de\/joerglau\/?s={search_term_string}\"},\"query-input\":\"required name=search_term_string\"}],\"inLanguage\":\"de\"},{\"@type\":\"Person\",\"@id\":\"https:\/\/blog.zeit.de\/joerglau\/#\/schema\/person\/55f0be9bfac24815791fbc852b042f57\",\"name\":\"J\u00f6rg Lau\",\"image\":{\"@type\":\"ImageObject\",\"inLanguage\":\"de\",\"@id\":\"https:\/\/blog.zeit.de\/joerglau\/#\/schema\/person\/image\/\",\"url\":\"https:\/\/secure.gravatar.com\/avatar\/a5fe39bf4f5335b8bac36eefa0b41467221b1598bfea5f05159a0199e391eed0?s=96&d=mm&r=g\",\"contentUrl\":\"https:\/\/secure.gravatar.com\/avatar\/a5fe39bf4f5335b8bac36eefa0b41467221b1598bfea5f05159a0199e391eed0?s=96&d=mm&r=g\",\"caption\":\"J\u00f6rg Lau\"},\"url\":\"https:\/\/blog.zeit.de\/joerglau\/author\/joerg-lau\"}]}<\/script>\n<!-- \/ Yoast SEO plugin. -->","yoast_head_json":{"title":"Sufismus als Alternative zum politischen Islamismus - J\u00f6rg Lau","robots":{"index":"index","follow":"follow","max-snippet":"max-snippet:-1","max-image-preview":"max-image-preview:large","max-video-preview":"max-video-preview:-1"},"canonical":"https:\/\/blog.zeit.de\/joerglau\/2007\/07\/09\/sufismus-als-alternative-zum-politischen-islamismus_618","og_locale":"de_DE","og_type":"article","og_title":"Sufismus als Alternative zum politischen Islamismus - J\u00f6rg Lau","og_description":"Interessanter Beitrag aus der Herald Tribune: Statt zu versuchen, &#8222;hearts and minds&#8220; der Muslime zu gewinnen (Gordon Brown) oder an einen &#8222;progressiven&#8220; oder &#8222;moderaten&#8220; Islam zu appelieren (Tony Blair), der kaum Anh\u00e4nger hat, sollten wir lieber auf einen traditionellen Islam sufistischer Pr\u00e4gung setzen, der die Unerkennbarkeit Gottes und seiner Ratschl\u00fcsse betont. Zitat aus dem Text [&hellip;]","og_url":"https:\/\/blog.zeit.de\/joerglau\/2007\/07\/09\/sufismus-als-alternative-zum-politischen-islamismus_618","og_site_name":"J\u00f6rg Lau","article_published_time":"2007-07-09T12:56:08+00:00","author":"J\u00f6rg Lau","twitter_card":"summary_large_image","twitter_misc":{"Geschrieben von":"J\u00f6rg Lau","Gesch\u00e4tzte Lesezeit":"2\u00a0Minuten"},"schema":{"@context":"https:\/\/schema.org","@graph":[{"@type":"WebPage","@id":"https:\/\/blog.zeit.de\/joerglau\/2007\/07\/09\/sufismus-als-alternative-zum-politischen-islamismus_618","url":"https:\/\/blog.zeit.de\/joerglau\/2007\/07\/09\/sufismus-als-alternative-zum-politischen-islamismus_618","name":"Sufismus als Alternative zum politischen Islamismus - J\u00f6rg Lau","isPartOf":{"@id":"https:\/\/blog.zeit.de\/joerglau\/#website"},"datePublished":"2007-07-09T12:56:08+00:00","dateModified":"2007-07-09T12:56:08+00:00","author":{"@id":"https:\/\/blog.zeit.de\/joerglau\/#\/schema\/person\/55f0be9bfac24815791fbc852b042f57"},"breadcrumb":{"@id":"https:\/\/blog.zeit.de\/joerglau\/2007\/07\/09\/sufismus-als-alternative-zum-politischen-islamismus_618#breadcrumb"},"inLanguage":"de","potentialAction":[{"@type":"ReadAction","target":["https:\/\/blog.zeit.de\/joerglau\/2007\/07\/09\/sufismus-als-alternative-zum-politischen-islamismus_618"]}]},{"@type":"BreadcrumbList","@id":"https:\/\/blog.zeit.de\/joerglau\/2007\/07\/09\/sufismus-als-alternative-zum-politischen-islamismus_618#breadcrumb","itemListElement":[{"@type":"ListItem","position":1,"name":"Startseite","item":"https:\/\/blog.zeit.de\/joerglau"},{"@type":"ListItem","position":2,"name":"Sufismus als Alternative zum politischen Islamismus"}]},{"@type":"WebSite","@id":"https:\/\/blog.zeit.de\/joerglau\/#website","url":"https:\/\/blog.zeit.de\/joerglau\/","name":"J\u00f6rg Lau","description":"Ein Blog \u00fcber Religion und Politik","potentialAction":[{"@type":"SearchAction","target":{"@type":"EntryPoint","urlTemplate":"https:\/\/blog.zeit.de\/joerglau\/?s={search_term_string}"},"query-input":"required name=search_term_string"}],"inLanguage":"de"},{"@type":"Person","@id":"https:\/\/blog.zeit.de\/joerglau\/#\/schema\/person\/55f0be9bfac24815791fbc852b042f57","name":"J\u00f6rg Lau","image":{"@type":"ImageObject","inLanguage":"de","@id":"https:\/\/blog.zeit.de\/joerglau\/#\/schema\/person\/image\/","url":"https:\/\/secure.gravatar.com\/avatar\/a5fe39bf4f5335b8bac36eefa0b41467221b1598bfea5f05159a0199e391eed0?s=96&d=mm&r=g","contentUrl":"https:\/\/secure.gravatar.com\/avatar\/a5fe39bf4f5335b8bac36eefa0b41467221b1598bfea5f05159a0199e391eed0?s=96&d=mm&r=g","caption":"J\u00f6rg Lau"},"url":"https:\/\/blog.zeit.de\/joerglau\/author\/joerg-lau"}]}},"jetpack_featured_media_url":"","jetpack_sharing_enabled":true,"jetpack_shortlink":"https:\/\/wp.me\/pG02W-9Y","_links":{"self":[{"href":"https:\/\/blog.zeit.de\/joerglau\/wp-json\/wp\/v2\/posts\/618","targetHints":{"allow":["GET"]}}],"collection":[{"href":"https:\/\/blog.zeit.de\/joerglau\/wp-json\/wp\/v2\/posts"}],"about":[{"href":"https:\/\/blog.zeit.de\/joerglau\/wp-json\/wp\/v2\/types\/post"}],"author":[{"embeddable":true,"href":"https:\/\/blog.zeit.de\/joerglau\/wp-json\/wp\/v2\/users\/54"}],"replies":[{"embeddable":true,"href":"https:\/\/blog.zeit.de\/joerglau\/wp-json\/wp\/v2\/comments?post=618"}],"version-history":[{"count":0,"href":"https:\/\/blog.zeit.de\/joerglau\/wp-json\/wp\/v2\/posts\/618\/revisions"}],"wp:attachment":[{"href":"https:\/\/blog.zeit.de\/joerglau\/wp-json\/wp\/v2\/media?parent=618"}],"wp:term":[{"taxonomy":"category","embeddable":true,"href":"https:\/\/blog.zeit.de\/joerglau\/wp-json\/wp\/v2\/categories?post=618"},{"taxonomy":"post_tag","embeddable":true,"href":"https:\/\/blog.zeit.de\/joerglau\/wp-json\/wp\/v2\/tags?post=618"}],"curies":[{"name":"wp","href":"https:\/\/api.w.org\/{rel}","templated":true}]}}