{"id":624,"date":"2007-07-10T10:32:08","date_gmt":"2007-07-10T08:32:08","guid":{"rendered":"http:\/\/blog.zeit.de\/joerglau\/2007\/07\/10\/das-letzte-interview-mit-dem-scheich-der-roten-moschee_624"},"modified":"2007-07-10T10:32:08","modified_gmt":"2007-07-10T08:32:08","slug":"das-letzte-interview-mit-dem-scheich-der-roten-moschee","status":"publish","type":"post","link":"https:\/\/blog.zeit.de\/joerglau\/2007\/07\/10\/das-letzte-interview-mit-dem-scheich-der-roten-moschee_624","title":{"rendered":"Das letzte Interview mit dem Scheich der Roten Moschee"},"content":{"rendered":"<p>Die panarabische Tageszeitung <a href=\"http:\/\/www.asharq-e.com\/\">Asharq Alawsat<\/a> ver\u00f6ffentlicht ein letztes Interview mit Maulana Abdulaziz, dem Anf\u00fchrer der Roten Moschee in Islamabad. Es wurde gef\u00fchrt kurz bevor Abdulaziz erfolglos versuchte, die Moschee unter einer Burka zu verlassen. Er wurde von pakistanischen Sicherhieitskr\u00e4ften verhaftet. Sein Bruder blieb mit den restlichen Studenten in der Moschee zur\u00fcck. In der Nacht auf heute hat die pakistanische Armee mit der <a href=\"http:\/\/www.zeit.de\/news\/artikel\/2007\/07\/10\/2336135.xml\">Erst\u00fcrmung<\/a> der Moschee begonnen.<br \/>\nAusz\u00fcge:<\/p>\n<p>(Asharq Al-Awsat) Many believe that your actions are similar to those of the Taliban in Afghanistan?<\/p>\n<p>(Abdulaziz) As a matter of fact, our movement is led by the youths of the country. Similar activities are taking place in other parts of the Muslim world. In Indonesia, for instance, the youths have imposed implementation of the Islamic Shariaa on 53 provinces, where they have banned music and dancing. This is why the world is saying that this movement is similar to Taliban.<\/p>\n<p><img decoding=\"async\" id=\"image623\" src=\"https:\/\/blog.zeit.de\/joerglau\/files\/2007\/07\/AZZI.jpg\" alt=\"AZZI.jpg\" \/><br \/>\nMaulana Abdulaziz<\/p>\n<p>(Asharq Al-Awsat) Do you have relations with Taliban?<\/p>\n<p>(Abdulaziz) <strong>We love the Taliban<\/strong>; it launched its movement to achieve a noble goal and brought about peace and harmony to Afghan society.<\/p>\n<p>(Asharq Al-Awsat) Do you have any relations with Al-Qaeda?<\/p>\n<p>(Abdulaziz) We are not in contact with Al-Qaeda, but it is an organization that is propagating the message of jihad, and <strong>it is a positive thing to have links to Jihad<\/strong>.<\/p>\n<p>&#8230;<\/p>\n<p>(Asharq Al-Awsat) What in your view are the reasons for the government&#8217;s failure to take any measures against you? There is an impression that you enjoy the support of a wing within the ruling group, including intelligences agencies?<\/p>\n<p>(Abdulaziz) We receive no support from anyone, but many members of the police force and administration tell us that our activities are sound. When we launched our movement against the demolition of mosques in Islamabad, a great many policemen contacted us to convey their support. We also receive secret messages of support from others. Given this situation, the government feels concerned. It is not prepared to take any measures against us because many officials threatened to resign. No one is using us. We have examples from history, for instance, <strong>Moses first appeared in the land of the pharaohs<\/strong>. So I believe that God employs religious science students for a good purpose.<\/p>\n<p>(Asharq Al-Awsat) You do not deny relations linking you to major figures in the government?<\/p>\n<p>(Abdulaziz) We have no relationships with influential figures in the government. But the relatives of <strong>some of our students are themselves influential figures in the government<\/strong>, and they conveyed messages saying that our activities are good.<\/p>\n<p>(Asharq Al-Awsat) Where do most of your students come from?<\/p>\n<p>(Abdulaziz) More than 70 percent of our students come from the tribal areas and from the northwestern province where we have wide support. The people there say that they will launch a military campaign if the [religious] schools come under attack by the government.<\/p>\n<p>(Asharq Al-Awsat) Is there a possibility for some sort of dialogue with the government?<\/p>\n<p>(Abdulaziz) We are ready for dialogue with the government but are not prepared to recant[our beliefs]. We are ready to enter <strong>a dialogue with the government on ways of implementing the Islamic Shariaa<\/strong> and to discuss procedures for the application of Shariaa. However, if the government wants to use the dialogue to change our position, there will be no dialogue.<\/p>\n<p>(Asharq Al-Awsat) Is it true that you do not allow anyone to take your photo?<\/p>\n<p>(Abdulaziz) <strong>Taking photos is not allowed in Islam<\/strong>, so I do not allow anyone to take a photo of me.<\/p>\n<p>(Asharq Al-Awsat) Are you going to launch a campaign against photography too?<\/p>\n<p>(Abdulaziz) We will discuss this issue when we fully implement the Islamic Shariaa in the country. For the time being, we focus on issues that are deemed to be clear sins and are definitely proscribed in Islam.<\/p>\n<p>(Asharq Al-Awsat) How would you react should the police act against you? You recently said that you would retaliate with suicidal attacks?<\/p>\n<p>(Abdulaziz) I advised our students against using violence for fear that the police may launch an operation against the school and use clubs against the students. However, if violence is used against us, <strong>we will consider carrying out suicidal attacks<\/strong>.<\/p>\n<p>Komplettes <a href=\"http:\/\/www.asharq-e.com\/news.asp?section=3&#038;id=9516\">Interview hier<\/a>.<\/p>\n","protected":false},"excerpt":{"rendered":"<p>Die panarabische Tageszeitung Asharq Alawsat ver\u00f6ffentlicht ein letztes Interview mit Maulana Abdulaziz, dem Anf\u00fchrer der Roten Moschee in Islamabad. Es wurde gef\u00fchrt kurz bevor Abdulaziz erfolglos versuchte, die Moschee unter einer Burka zu verlassen. Er wurde von pakistanischen Sicherhieitskr\u00e4ften verhaftet. Sein Bruder blieb mit den restlichen Studenten in der Moschee zur\u00fcck. In der Nacht auf [&hellip;]<\/p>\n","protected":false},"author":54,"featured_media":0,"comment_status":"open","ping_status":"closed","sticky":false,"template":"","format":"standard","meta":{"jetpack_post_was_ever_published":false,"footnotes":""},"categories":[167],"tags":[],"class_list":["post-624","post","type-post","status-publish","format-standard","hentry","category-islamismus-und-terror"],"yoast_head":"<!-- This site is optimized with the Yoast SEO plugin v21.0 - https:\/\/yoast.com\/wordpress\/plugins\/seo\/ -->\n<title>Das letzte Interview mit dem Scheich der Roten Moschee - J\u00f6rg Lau<\/title>\n<meta name=\"robots\" content=\"index, follow, max-snippet:-1, max-image-preview:large, max-video-preview:-1\" \/>\n<link rel=\"canonical\" href=\"https:\/\/blog.zeit.de\/joerglau\/2007\/07\/10\/das-letzte-interview-mit-dem-scheich-der-roten-moschee_624\" \/>\n<meta property=\"og:locale\" content=\"de_DE\" \/>\n<meta property=\"og:type\" content=\"article\" \/>\n<meta property=\"og:title\" content=\"Das letzte Interview mit dem Scheich der Roten Moschee - J\u00f6rg Lau\" \/>\n<meta property=\"og:description\" content=\"Die panarabische Tageszeitung Asharq Alawsat ver\u00f6ffentlicht ein letztes Interview mit Maulana Abdulaziz, dem Anf\u00fchrer der Roten Moschee in Islamabad. Es wurde gef\u00fchrt kurz bevor Abdulaziz erfolglos versuchte, die Moschee unter einer Burka zu verlassen. Er wurde von pakistanischen Sicherhieitskr\u00e4ften verhaftet. Sein Bruder blieb mit den restlichen Studenten in der Moschee zur\u00fcck. In der Nacht auf [&hellip;]\" \/>\n<meta property=\"og:url\" content=\"https:\/\/blog.zeit.de\/joerglau\/2007\/07\/10\/das-letzte-interview-mit-dem-scheich-der-roten-moschee_624\" \/>\n<meta property=\"og:site_name\" content=\"J\u00f6rg Lau\" \/>\n<meta property=\"article:published_time\" content=\"2007-07-10T08:32:08+00:00\" \/>\n<meta property=\"og:image\" content=\"https:\/\/blog.zeit.de\/joerglau\/files\/2007\/07\/AZZI.jpg\" \/>\n<meta name=\"author\" content=\"J\u00f6rg Lau\" \/>\n<meta name=\"twitter:card\" content=\"summary_large_image\" \/>\n<meta name=\"twitter:label1\" content=\"Geschrieben von\" \/>\n\t<meta name=\"twitter:data1\" content=\"J\u00f6rg Lau\" \/>\n\t<meta name=\"twitter:label2\" content=\"Gesch\u00e4tzte Lesezeit\" \/>\n\t<meta name=\"twitter:data2\" content=\"4\u00a0Minuten\" \/>\n<script type=\"application\/ld+json\" class=\"yoast-schema-graph\">{\"@context\":\"https:\/\/schema.org\",\"@graph\":[{\"@type\":\"WebPage\",\"@id\":\"https:\/\/blog.zeit.de\/joerglau\/2007\/07\/10\/das-letzte-interview-mit-dem-scheich-der-roten-moschee_624\",\"url\":\"https:\/\/blog.zeit.de\/joerglau\/2007\/07\/10\/das-letzte-interview-mit-dem-scheich-der-roten-moschee_624\",\"name\":\"Das letzte Interview mit dem Scheich der Roten Moschee - J\u00f6rg Lau\",\"isPartOf\":{\"@id\":\"https:\/\/blog.zeit.de\/joerglau\/#website\"},\"datePublished\":\"2007-07-10T08:32:08+00:00\",\"dateModified\":\"2007-07-10T08:32:08+00:00\",\"author\":{\"@id\":\"https:\/\/blog.zeit.de\/joerglau\/#\/schema\/person\/55f0be9bfac24815791fbc852b042f57\"},\"breadcrumb\":{\"@id\":\"https:\/\/blog.zeit.de\/joerglau\/2007\/07\/10\/das-letzte-interview-mit-dem-scheich-der-roten-moschee_624#breadcrumb\"},\"inLanguage\":\"de\",\"potentialAction\":[{\"@type\":\"ReadAction\",\"target\":[\"https:\/\/blog.zeit.de\/joerglau\/2007\/07\/10\/das-letzte-interview-mit-dem-scheich-der-roten-moschee_624\"]}]},{\"@type\":\"BreadcrumbList\",\"@id\":\"https:\/\/blog.zeit.de\/joerglau\/2007\/07\/10\/das-letzte-interview-mit-dem-scheich-der-roten-moschee_624#breadcrumb\",\"itemListElement\":[{\"@type\":\"ListItem\",\"position\":1,\"name\":\"Startseite\",\"item\":\"https:\/\/blog.zeit.de\/joerglau\"},{\"@type\":\"ListItem\",\"position\":2,\"name\":\"Das letzte Interview mit dem Scheich der Roten Moschee\"}]},{\"@type\":\"WebSite\",\"@id\":\"https:\/\/blog.zeit.de\/joerglau\/#website\",\"url\":\"https:\/\/blog.zeit.de\/joerglau\/\",\"name\":\"J\u00f6rg Lau\",\"description\":\"Ein Blog \u00fcber Religion und Politik\",\"potentialAction\":[{\"@type\":\"SearchAction\",\"target\":{\"@type\":\"EntryPoint\",\"urlTemplate\":\"https:\/\/blog.zeit.de\/joerglau\/?s={search_term_string}\"},\"query-input\":\"required name=search_term_string\"}],\"inLanguage\":\"de\"},{\"@type\":\"Person\",\"@id\":\"https:\/\/blog.zeit.de\/joerglau\/#\/schema\/person\/55f0be9bfac24815791fbc852b042f57\",\"name\":\"J\u00f6rg Lau\",\"image\":{\"@type\":\"ImageObject\",\"inLanguage\":\"de\",\"@id\":\"https:\/\/blog.zeit.de\/joerglau\/#\/schema\/person\/image\/\",\"url\":\"https:\/\/secure.gravatar.com\/avatar\/a5fe39bf4f5335b8bac36eefa0b41467221b1598bfea5f05159a0199e391eed0?s=96&d=mm&r=g\",\"contentUrl\":\"https:\/\/secure.gravatar.com\/avatar\/a5fe39bf4f5335b8bac36eefa0b41467221b1598bfea5f05159a0199e391eed0?s=96&d=mm&r=g\",\"caption\":\"J\u00f6rg Lau\"},\"url\":\"https:\/\/blog.zeit.de\/joerglau\/author\/joerg-lau\"}]}<\/script>\n<!-- \/ Yoast SEO plugin. -->","yoast_head_json":{"title":"Das letzte Interview mit dem Scheich der Roten Moschee - J\u00f6rg Lau","robots":{"index":"index","follow":"follow","max-snippet":"max-snippet:-1","max-image-preview":"max-image-preview:large","max-video-preview":"max-video-preview:-1"},"canonical":"https:\/\/blog.zeit.de\/joerglau\/2007\/07\/10\/das-letzte-interview-mit-dem-scheich-der-roten-moschee_624","og_locale":"de_DE","og_type":"article","og_title":"Das letzte Interview mit dem Scheich der Roten Moschee - J\u00f6rg Lau","og_description":"Die panarabische Tageszeitung Asharq Alawsat ver\u00f6ffentlicht ein letztes Interview mit Maulana Abdulaziz, dem Anf\u00fchrer der Roten Moschee in Islamabad. Es wurde gef\u00fchrt kurz bevor Abdulaziz erfolglos versuchte, die Moschee unter einer Burka zu verlassen. Er wurde von pakistanischen Sicherhieitskr\u00e4ften verhaftet. Sein Bruder blieb mit den restlichen Studenten in der Moschee zur\u00fcck. In der Nacht auf [&hellip;]","og_url":"https:\/\/blog.zeit.de\/joerglau\/2007\/07\/10\/das-letzte-interview-mit-dem-scheich-der-roten-moschee_624","og_site_name":"J\u00f6rg Lau","article_published_time":"2007-07-10T08:32:08+00:00","og_image":[{"url":"https:\/\/blog.zeit.de\/joerglau\/files\/2007\/07\/AZZI.jpg"}],"author":"J\u00f6rg Lau","twitter_card":"summary_large_image","twitter_misc":{"Geschrieben von":"J\u00f6rg Lau","Gesch\u00e4tzte Lesezeit":"4\u00a0Minuten"},"schema":{"@context":"https:\/\/schema.org","@graph":[{"@type":"WebPage","@id":"https:\/\/blog.zeit.de\/joerglau\/2007\/07\/10\/das-letzte-interview-mit-dem-scheich-der-roten-moschee_624","url":"https:\/\/blog.zeit.de\/joerglau\/2007\/07\/10\/das-letzte-interview-mit-dem-scheich-der-roten-moschee_624","name":"Das letzte Interview mit dem Scheich der Roten Moschee - J\u00f6rg Lau","isPartOf":{"@id":"https:\/\/blog.zeit.de\/joerglau\/#website"},"datePublished":"2007-07-10T08:32:08+00:00","dateModified":"2007-07-10T08:32:08+00:00","author":{"@id":"https:\/\/blog.zeit.de\/joerglau\/#\/schema\/person\/55f0be9bfac24815791fbc852b042f57"},"breadcrumb":{"@id":"https:\/\/blog.zeit.de\/joerglau\/2007\/07\/10\/das-letzte-interview-mit-dem-scheich-der-roten-moschee_624#breadcrumb"},"inLanguage":"de","potentialAction":[{"@type":"ReadAction","target":["https:\/\/blog.zeit.de\/joerglau\/2007\/07\/10\/das-letzte-interview-mit-dem-scheich-der-roten-moschee_624"]}]},{"@type":"BreadcrumbList","@id":"https:\/\/blog.zeit.de\/joerglau\/2007\/07\/10\/das-letzte-interview-mit-dem-scheich-der-roten-moschee_624#breadcrumb","itemListElement":[{"@type":"ListItem","position":1,"name":"Startseite","item":"https:\/\/blog.zeit.de\/joerglau"},{"@type":"ListItem","position":2,"name":"Das letzte Interview mit dem Scheich der Roten Moschee"}]},{"@type":"WebSite","@id":"https:\/\/blog.zeit.de\/joerglau\/#website","url":"https:\/\/blog.zeit.de\/joerglau\/","name":"J\u00f6rg Lau","description":"Ein Blog \u00fcber Religion und Politik","potentialAction":[{"@type":"SearchAction","target":{"@type":"EntryPoint","urlTemplate":"https:\/\/blog.zeit.de\/joerglau\/?s={search_term_string}"},"query-input":"required name=search_term_string"}],"inLanguage":"de"},{"@type":"Person","@id":"https:\/\/blog.zeit.de\/joerglau\/#\/schema\/person\/55f0be9bfac24815791fbc852b042f57","name":"J\u00f6rg Lau","image":{"@type":"ImageObject","inLanguage":"de","@id":"https:\/\/blog.zeit.de\/joerglau\/#\/schema\/person\/image\/","url":"https:\/\/secure.gravatar.com\/avatar\/a5fe39bf4f5335b8bac36eefa0b41467221b1598bfea5f05159a0199e391eed0?s=96&d=mm&r=g","contentUrl":"https:\/\/secure.gravatar.com\/avatar\/a5fe39bf4f5335b8bac36eefa0b41467221b1598bfea5f05159a0199e391eed0?s=96&d=mm&r=g","caption":"J\u00f6rg Lau"},"url":"https:\/\/blog.zeit.de\/joerglau\/author\/joerg-lau"}]}},"jetpack_featured_media_url":"","jetpack_sharing_enabled":true,"jetpack_shortlink":"https:\/\/wp.me\/pG02W-a4","_links":{"self":[{"href":"https:\/\/blog.zeit.de\/joerglau\/wp-json\/wp\/v2\/posts\/624","targetHints":{"allow":["GET"]}}],"collection":[{"href":"https:\/\/blog.zeit.de\/joerglau\/wp-json\/wp\/v2\/posts"}],"about":[{"href":"https:\/\/blog.zeit.de\/joerglau\/wp-json\/wp\/v2\/types\/post"}],"author":[{"embeddable":true,"href":"https:\/\/blog.zeit.de\/joerglau\/wp-json\/wp\/v2\/users\/54"}],"replies":[{"embeddable":true,"href":"https:\/\/blog.zeit.de\/joerglau\/wp-json\/wp\/v2\/comments?post=624"}],"version-history":[{"count":0,"href":"https:\/\/blog.zeit.de\/joerglau\/wp-json\/wp\/v2\/posts\/624\/revisions"}],"wp:attachment":[{"href":"https:\/\/blog.zeit.de\/joerglau\/wp-json\/wp\/v2\/media?parent=624"}],"wp:term":[{"taxonomy":"category","embeddable":true,"href":"https:\/\/blog.zeit.de\/joerglau\/wp-json\/wp\/v2\/categories?post=624"},{"taxonomy":"post_tag","embeddable":true,"href":"https:\/\/blog.zeit.de\/joerglau\/wp-json\/wp\/v2\/tags?post=624"}],"curies":[{"name":"wp","href":"https:\/\/api.w.org\/{rel}","templated":true}]}}