{"id":646,"date":"2007-08-01T00:07:11","date_gmt":"2007-07-31T22:07:11","guid":{"rendered":"http:\/\/blog.zeit.de\/joerglau\/2007\/08\/01\/dschihad-das-musical-ist-da_646"},"modified":"2007-08-01T00:07:11","modified_gmt":"2007-07-31T22:07:11","slug":"dschihad-das-musical-ist-da","status":"publish","type":"post","link":"https:\/\/blog.zeit.de\/joerglau\/2007\/08\/01\/dschihad-das-musical-ist-da_646","title":{"rendered":"Dschihad &#8211; das Musical ist da!"},"content":{"rendered":"<p>Beim Edinburgher Fringe Festival wird heute das lange erwartete erste <a href=\"http:\/\/www.jihad-the-musical.com\/about\/\">Dschihad-Musical<\/a> uraufgef\u00fchrt. Komplett mit singenden und tanzenden Dschihadis in <strong>rosa<\/strong> Burkas.<br \/>\nDer Hitsong der Produktion ist &#8222;I wanna be like Osama&#8220;. Sehen Sie selbst:<\/p>\n<p><object width=\"425\" height=\"350\"><param name=\"movie\" value=\"http:\/\/www.youtube.com\/v\/eeDDb5VYwbY\"><\/param><param name=\"wmode\" value=\"transparent\"><\/param><\/object><\/p>\n<p><a href=\"http:\/\/www.islamonline.net\/servlet\/Satellite?c=Article_C&#038;cid=1184649440978&#038;pagename=Zone-English-News\/NWELayout\">Islamonline<\/a> hat grosse Bedenken, dass durch solch ein St\u00fcck &#8222;Islamophobie&#8220; gef\u00f6rdert werden k\u00f6nnte. Mir scheint, dass die echten Dschihadisten diesen Job im Moment ziemlich gut selber erledigen. Sie brauchen keine Hilfe von Satirikern dazu.<\/p>\n<p><img decoding=\"async\" id=\"image645\" src=\"https:\/\/blog.zeit.de\/joerglau\/files\/2007\/08\/poster_animated.jpg\" alt=\"poster_animated.jpg\" \/><\/p>\n","protected":false},"excerpt":{"rendered":"<p>Beim Edinburgher Fringe Festival wird heute das lange erwartete erste Dschihad-Musical uraufgef\u00fchrt. Komplett mit singenden und tanzenden Dschihadis in rosa Burkas. Der Hitsong der Produktion ist &#8222;I wanna be like Osama&#8220;. Sehen Sie selbst: Islamonline hat grosse Bedenken, dass durch solch ein St\u00fcck &#8222;Islamophobie&#8220; gef\u00f6rdert werden k\u00f6nnte. Mir scheint, dass die echten Dschihadisten diesen Job [&hellip;]<\/p>\n","protected":false},"author":54,"featured_media":0,"comment_status":"open","ping_status":"closed","sticky":false,"template":"","format":"standard","meta":{"jetpack_post_was_ever_published":false,"footnotes":""},"categories":[154,167],"tags":[],"class_list":["post-646","post","type-post","status-publish","format-standard","hentry","category-curiosa","category-islamismus-und-terror"],"yoast_head":"<!-- This site is optimized with the Yoast SEO plugin v21.0 - https:\/\/yoast.com\/wordpress\/plugins\/seo\/ -->\n<title>Dschihad - das Musical ist da! - J\u00f6rg Lau<\/title>\n<meta name=\"robots\" content=\"index, follow, max-snippet:-1, max-image-preview:large, max-video-preview:-1\" \/>\n<link rel=\"canonical\" href=\"https:\/\/blog.zeit.de\/joerglau\/2007\/08\/01\/dschihad-das-musical-ist-da_646\" \/>\n<meta property=\"og:locale\" content=\"de_DE\" \/>\n<meta property=\"og:type\" content=\"article\" \/>\n<meta property=\"og:title\" content=\"Dschihad - das Musical ist da! - J\u00f6rg Lau\" \/>\n<meta property=\"og:description\" content=\"Beim Edinburgher Fringe Festival wird heute das lange erwartete erste Dschihad-Musical uraufgef\u00fchrt. Komplett mit singenden und tanzenden Dschihadis in rosa Burkas. Der Hitsong der Produktion ist &#8222;I wanna be like Osama&#8220;. Sehen Sie selbst: Islamonline hat grosse Bedenken, dass durch solch ein St\u00fcck &#8222;Islamophobie&#8220; gef\u00f6rdert werden k\u00f6nnte. Mir scheint, dass die echten Dschihadisten diesen Job [&hellip;]\" \/>\n<meta property=\"og:url\" content=\"https:\/\/blog.zeit.de\/joerglau\/2007\/08\/01\/dschihad-das-musical-ist-da_646\" \/>\n<meta property=\"og:site_name\" content=\"J\u00f6rg Lau\" \/>\n<meta property=\"article:published_time\" content=\"2007-07-31T22:07:11+00:00\" \/>\n<meta property=\"og:image\" content=\"https:\/\/blog.zeit.de\/joerglau\/files\/2007\/08\/poster_animated.jpg\" \/>\n<meta name=\"author\" content=\"J\u00f6rg Lau\" \/>\n<meta name=\"twitter:card\" content=\"summary_large_image\" \/>\n<meta name=\"twitter:label1\" content=\"Geschrieben von\" \/>\n\t<meta name=\"twitter:data1\" content=\"J\u00f6rg Lau\" \/>\n<script type=\"application\/ld+json\" class=\"yoast-schema-graph\">{\"@context\":\"https:\/\/schema.org\",\"@graph\":[{\"@type\":\"WebPage\",\"@id\":\"https:\/\/blog.zeit.de\/joerglau\/2007\/08\/01\/dschihad-das-musical-ist-da_646\",\"url\":\"https:\/\/blog.zeit.de\/joerglau\/2007\/08\/01\/dschihad-das-musical-ist-da_646\",\"name\":\"Dschihad - das Musical ist da! - J\u00f6rg Lau\",\"isPartOf\":{\"@id\":\"https:\/\/blog.zeit.de\/joerglau\/#website\"},\"datePublished\":\"2007-07-31T22:07:11+00:00\",\"dateModified\":\"2007-07-31T22:07:11+00:00\",\"author\":{\"@id\":\"https:\/\/blog.zeit.de\/joerglau\/#\/schema\/person\/55f0be9bfac24815791fbc852b042f57\"},\"breadcrumb\":{\"@id\":\"https:\/\/blog.zeit.de\/joerglau\/2007\/08\/01\/dschihad-das-musical-ist-da_646#breadcrumb\"},\"inLanguage\":\"de\",\"potentialAction\":[{\"@type\":\"ReadAction\",\"target\":[\"https:\/\/blog.zeit.de\/joerglau\/2007\/08\/01\/dschihad-das-musical-ist-da_646\"]}]},{\"@type\":\"BreadcrumbList\",\"@id\":\"https:\/\/blog.zeit.de\/joerglau\/2007\/08\/01\/dschihad-das-musical-ist-da_646#breadcrumb\",\"itemListElement\":[{\"@type\":\"ListItem\",\"position\":1,\"name\":\"Startseite\",\"item\":\"https:\/\/blog.zeit.de\/joerglau\"},{\"@type\":\"ListItem\",\"position\":2,\"name\":\"Dschihad &#8211; das Musical ist da!\"}]},{\"@type\":\"WebSite\",\"@id\":\"https:\/\/blog.zeit.de\/joerglau\/#website\",\"url\":\"https:\/\/blog.zeit.de\/joerglau\/\",\"name\":\"J\u00f6rg Lau\",\"description\":\"Ein Blog \u00fcber Religion und Politik\",\"potentialAction\":[{\"@type\":\"SearchAction\",\"target\":{\"@type\":\"EntryPoint\",\"urlTemplate\":\"https:\/\/blog.zeit.de\/joerglau\/?s={search_term_string}\"},\"query-input\":\"required name=search_term_string\"}],\"inLanguage\":\"de\"},{\"@type\":\"Person\",\"@id\":\"https:\/\/blog.zeit.de\/joerglau\/#\/schema\/person\/55f0be9bfac24815791fbc852b042f57\",\"name\":\"J\u00f6rg Lau\",\"image\":{\"@type\":\"ImageObject\",\"inLanguage\":\"de\",\"@id\":\"https:\/\/blog.zeit.de\/joerglau\/#\/schema\/person\/image\/\",\"url\":\"https:\/\/secure.gravatar.com\/avatar\/a5fe39bf4f5335b8bac36eefa0b41467221b1598bfea5f05159a0199e391eed0?s=96&d=mm&r=g\",\"contentUrl\":\"https:\/\/secure.gravatar.com\/avatar\/a5fe39bf4f5335b8bac36eefa0b41467221b1598bfea5f05159a0199e391eed0?s=96&d=mm&r=g\",\"caption\":\"J\u00f6rg Lau\"},\"url\":\"https:\/\/blog.zeit.de\/joerglau\/author\/joerg-lau\"}]}<\/script>\n<!-- \/ Yoast SEO plugin. -->","yoast_head_json":{"title":"Dschihad - das Musical ist da! - J\u00f6rg Lau","robots":{"index":"index","follow":"follow","max-snippet":"max-snippet:-1","max-image-preview":"max-image-preview:large","max-video-preview":"max-video-preview:-1"},"canonical":"https:\/\/blog.zeit.de\/joerglau\/2007\/08\/01\/dschihad-das-musical-ist-da_646","og_locale":"de_DE","og_type":"article","og_title":"Dschihad - das Musical ist da! - J\u00f6rg Lau","og_description":"Beim Edinburgher Fringe Festival wird heute das lange erwartete erste Dschihad-Musical uraufgef\u00fchrt. Komplett mit singenden und tanzenden Dschihadis in rosa Burkas. Der Hitsong der Produktion ist &#8222;I wanna be like Osama&#8220;. Sehen Sie selbst: Islamonline hat grosse Bedenken, dass durch solch ein St\u00fcck &#8222;Islamophobie&#8220; gef\u00f6rdert werden k\u00f6nnte. Mir scheint, dass die echten Dschihadisten diesen Job [&hellip;]","og_url":"https:\/\/blog.zeit.de\/joerglau\/2007\/08\/01\/dschihad-das-musical-ist-da_646","og_site_name":"J\u00f6rg Lau","article_published_time":"2007-07-31T22:07:11+00:00","og_image":[{"url":"https:\/\/blog.zeit.de\/joerglau\/files\/2007\/08\/poster_animated.jpg"}],"author":"J\u00f6rg Lau","twitter_card":"summary_large_image","twitter_misc":{"Geschrieben von":"J\u00f6rg Lau"},"schema":{"@context":"https:\/\/schema.org","@graph":[{"@type":"WebPage","@id":"https:\/\/blog.zeit.de\/joerglau\/2007\/08\/01\/dschihad-das-musical-ist-da_646","url":"https:\/\/blog.zeit.de\/joerglau\/2007\/08\/01\/dschihad-das-musical-ist-da_646","name":"Dschihad - das Musical ist da! - J\u00f6rg Lau","isPartOf":{"@id":"https:\/\/blog.zeit.de\/joerglau\/#website"},"datePublished":"2007-07-31T22:07:11+00:00","dateModified":"2007-07-31T22:07:11+00:00","author":{"@id":"https:\/\/blog.zeit.de\/joerglau\/#\/schema\/person\/55f0be9bfac24815791fbc852b042f57"},"breadcrumb":{"@id":"https:\/\/blog.zeit.de\/joerglau\/2007\/08\/01\/dschihad-das-musical-ist-da_646#breadcrumb"},"inLanguage":"de","potentialAction":[{"@type":"ReadAction","target":["https:\/\/blog.zeit.de\/joerglau\/2007\/08\/01\/dschihad-das-musical-ist-da_646"]}]},{"@type":"BreadcrumbList","@id":"https:\/\/blog.zeit.de\/joerglau\/2007\/08\/01\/dschihad-das-musical-ist-da_646#breadcrumb","itemListElement":[{"@type":"ListItem","position":1,"name":"Startseite","item":"https:\/\/blog.zeit.de\/joerglau"},{"@type":"ListItem","position":2,"name":"Dschihad &#8211; das Musical ist da!"}]},{"@type":"WebSite","@id":"https:\/\/blog.zeit.de\/joerglau\/#website","url":"https:\/\/blog.zeit.de\/joerglau\/","name":"J\u00f6rg Lau","description":"Ein Blog \u00fcber Religion und Politik","potentialAction":[{"@type":"SearchAction","target":{"@type":"EntryPoint","urlTemplate":"https:\/\/blog.zeit.de\/joerglau\/?s={search_term_string}"},"query-input":"required name=search_term_string"}],"inLanguage":"de"},{"@type":"Person","@id":"https:\/\/blog.zeit.de\/joerglau\/#\/schema\/person\/55f0be9bfac24815791fbc852b042f57","name":"J\u00f6rg Lau","image":{"@type":"ImageObject","inLanguage":"de","@id":"https:\/\/blog.zeit.de\/joerglau\/#\/schema\/person\/image\/","url":"https:\/\/secure.gravatar.com\/avatar\/a5fe39bf4f5335b8bac36eefa0b41467221b1598bfea5f05159a0199e391eed0?s=96&d=mm&r=g","contentUrl":"https:\/\/secure.gravatar.com\/avatar\/a5fe39bf4f5335b8bac36eefa0b41467221b1598bfea5f05159a0199e391eed0?s=96&d=mm&r=g","caption":"J\u00f6rg Lau"},"url":"https:\/\/blog.zeit.de\/joerglau\/author\/joerg-lau"}]}},"jetpack_featured_media_url":"","jetpack_sharing_enabled":true,"jetpack_shortlink":"https:\/\/wp.me\/pG02W-aq","_links":{"self":[{"href":"https:\/\/blog.zeit.de\/joerglau\/wp-json\/wp\/v2\/posts\/646","targetHints":{"allow":["GET"]}}],"collection":[{"href":"https:\/\/blog.zeit.de\/joerglau\/wp-json\/wp\/v2\/posts"}],"about":[{"href":"https:\/\/blog.zeit.de\/joerglau\/wp-json\/wp\/v2\/types\/post"}],"author":[{"embeddable":true,"href":"https:\/\/blog.zeit.de\/joerglau\/wp-json\/wp\/v2\/users\/54"}],"replies":[{"embeddable":true,"href":"https:\/\/blog.zeit.de\/joerglau\/wp-json\/wp\/v2\/comments?post=646"}],"version-history":[{"count":0,"href":"https:\/\/blog.zeit.de\/joerglau\/wp-json\/wp\/v2\/posts\/646\/revisions"}],"wp:attachment":[{"href":"https:\/\/blog.zeit.de\/joerglau\/wp-json\/wp\/v2\/media?parent=646"}],"wp:term":[{"taxonomy":"category","embeddable":true,"href":"https:\/\/blog.zeit.de\/joerglau\/wp-json\/wp\/v2\/categories?post=646"},{"taxonomy":"post_tag","embeddable":true,"href":"https:\/\/blog.zeit.de\/joerglau\/wp-json\/wp\/v2\/tags?post=646"}],"curies":[{"name":"wp","href":"https:\/\/api.w.org\/{rel}","templated":true}]}}