{"id":690,"date":"2007-08-27T12:36:36","date_gmt":"2007-08-27T10:36:36","guid":{"rendered":"http:\/\/blog.zeit.de\/joerglau\/2007\/08\/27\/haider-moscheen-und-minarette-verbieten_690"},"modified":"2007-08-27T12:36:36","modified_gmt":"2007-08-27T10:36:36","slug":"haider-moscheen-und-minarette-verbieten","status":"publish","type":"post","link":"https:\/\/blog.zeit.de\/joerglau\/2007\/08\/27\/haider-moscheen-und-minarette-verbieten_690","title":{"rendered":"Haider: Moscheen und Minarette verbieten"},"content":{"rendered":"<p>Der Landeshauptmann von K\u00e4rnten, J\u00f6rg Haider, hat am Sonntag angek\u00fcndigt, er werde ein Bauverbot f\u00fcr Moscheen und Minarette erlassen.<br \/>\nKann er das denn?<br \/>\nJa, er kann, und zwar \u00fcber das Baurecht.<br \/>\nHaider will im Gemeindeplanungsgesetz festlegen, dass solche Bauten eine &#8222;St\u00f6rung des Ortsbildes&#8220; seien. So solle einem &#8222;Krieg der Kulturen&#8220; vorgebeugt und &#8222;radikalislamischen Tendenzen&#8220; gewehrt werden.<br \/>\nNat\u00fcrlich will Haider das Gesetz dann gerne auf ganz \u00d6sterreich ausgeweitet sehen.<br \/>\nK\u00e4rnten soll &#8222;zum europ\u00e4ischen Vorreiter im Kampf gegen den radikalen Islamismus und dem Schutz unserer westlich gepr\u00e4gten Leitkultur&#8220; werden.<br \/>\nNa klar!<br \/>\nUnd nat\u00fcrlich ist es super sinnvoll, diesen Kampf in K\u00e4rnten zu beginnen, im S\u00fcden der Alpenrepublik, in einem Bundesland mit ca 11.000 Muslimen (etwa so viel wie in einer einzigen Kreuzberger Strasse also, weniger als 2 % der K\u00e4rntner Bev\u00f6lkerung, allerdings verteilt auf 9 Tausend Quadratkilometer), in einer Provinz, die mit radikalen Muslimen bisher \u00fcberhaupt keine Probleme hat.<br \/>\nEs gibt zwar auch \u00fcberhaupt keine Bauantr\u00e4ge f\u00fcr Moscheen mit Minarett. Aber das ist ja das Tolle, das Vision\u00e4re an der Haider-Inititative: Wehret den Anf\u00e4ngen, noch bevor sie anfangen!<\/p>\n<p>In Spittal, <a href=\"http:\/\/kaernten.orf.at\/stories\/217207\/\">wird berichtet<\/a>, haben Muslime ein bestehendes Geb\u00e4ude gekauft, in dem sie einen Gebetsraum errichten wollen. Der B\u00fcrgermeister sieht es gelassen: Es gebe bereits Gebetsr\u00e4ume in Spittal, sagt der Gerhard K\u00f6fer (SP\u00d6), die &#8222;gut funktionieren&#8220;. &#8222;Gut funktionieren&#8220;! Es w\u00e4re doch gelacht, wenn sich daraus nicht ein z\u00fcnftiger kleiner Kulturkampf machen liesse!<\/p>\n","protected":false},"excerpt":{"rendered":"<p>Der Landeshauptmann von K\u00e4rnten, J\u00f6rg Haider, hat am Sonntag angek\u00fcndigt, er werde ein Bauverbot f\u00fcr Moscheen und Minarette erlassen. Kann er das denn? Ja, er kann, und zwar \u00fcber das Baurecht. Haider will im Gemeindeplanungsgesetz festlegen, dass solche Bauten eine &#8222;St\u00f6rung des Ortsbildes&#8220; seien. So solle einem &#8222;Krieg der Kulturen&#8220; vorgebeugt und &#8222;radikalislamischen Tendenzen&#8220; gewehrt [&hellip;]<\/p>\n","protected":false},"author":54,"featured_media":0,"comment_status":"open","ping_status":"closed","sticky":false,"template":"","format":"standard","meta":{"jetpack_post_was_ever_published":false,"footnotes":""},"categories":[157],"tags":[],"class_list":["post-690","post","type-post","status-publish","format-standard","hentry","category-die-freunde-und-die-feinde-des-islams"],"yoast_head":"<!-- This site is optimized with the Yoast SEO plugin v21.0 - https:\/\/yoast.com\/wordpress\/plugins\/seo\/ -->\n<title>Haider: Moscheen und Minarette verbieten - J\u00f6rg Lau<\/title>\n<meta name=\"robots\" content=\"index, follow, max-snippet:-1, max-image-preview:large, max-video-preview:-1\" \/>\n<link rel=\"canonical\" href=\"https:\/\/blog.zeit.de\/joerglau\/2007\/08\/27\/haider-moscheen-und-minarette-verbieten_690\" \/>\n<meta property=\"og:locale\" content=\"de_DE\" \/>\n<meta property=\"og:type\" content=\"article\" \/>\n<meta property=\"og:title\" content=\"Haider: Moscheen und Minarette verbieten - J\u00f6rg Lau\" \/>\n<meta property=\"og:description\" content=\"Der Landeshauptmann von K\u00e4rnten, J\u00f6rg Haider, hat am Sonntag angek\u00fcndigt, er werde ein Bauverbot f\u00fcr Moscheen und Minarette erlassen. Kann er das denn? Ja, er kann, und zwar \u00fcber das Baurecht. Haider will im Gemeindeplanungsgesetz festlegen, dass solche Bauten eine &#8222;St\u00f6rung des Ortsbildes&#8220; seien. So solle einem &#8222;Krieg der Kulturen&#8220; vorgebeugt und &#8222;radikalislamischen Tendenzen&#8220; gewehrt [&hellip;]\" \/>\n<meta property=\"og:url\" content=\"https:\/\/blog.zeit.de\/joerglau\/2007\/08\/27\/haider-moscheen-und-minarette-verbieten_690\" \/>\n<meta property=\"og:site_name\" content=\"J\u00f6rg Lau\" \/>\n<meta property=\"article:published_time\" content=\"2007-08-27T10:36:36+00:00\" \/>\n<meta name=\"author\" content=\"J\u00f6rg Lau\" \/>\n<meta name=\"twitter:card\" content=\"summary_large_image\" \/>\n<meta name=\"twitter:label1\" content=\"Geschrieben von\" \/>\n\t<meta name=\"twitter:data1\" content=\"J\u00f6rg Lau\" \/>\n\t<meta name=\"twitter:label2\" content=\"Gesch\u00e4tzte Lesezeit\" \/>\n\t<meta name=\"twitter:data2\" content=\"1\u00a0Minute\" \/>\n<script type=\"application\/ld+json\" class=\"yoast-schema-graph\">{\"@context\":\"https:\/\/schema.org\",\"@graph\":[{\"@type\":\"WebPage\",\"@id\":\"https:\/\/blog.zeit.de\/joerglau\/2007\/08\/27\/haider-moscheen-und-minarette-verbieten_690\",\"url\":\"https:\/\/blog.zeit.de\/joerglau\/2007\/08\/27\/haider-moscheen-und-minarette-verbieten_690\",\"name\":\"Haider: Moscheen und Minarette verbieten - J\u00f6rg Lau\",\"isPartOf\":{\"@id\":\"https:\/\/blog.zeit.de\/joerglau\/#website\"},\"datePublished\":\"2007-08-27T10:36:36+00:00\",\"dateModified\":\"2007-08-27T10:36:36+00:00\",\"author\":{\"@id\":\"https:\/\/blog.zeit.de\/joerglau\/#\/schema\/person\/55f0be9bfac24815791fbc852b042f57\"},\"breadcrumb\":{\"@id\":\"https:\/\/blog.zeit.de\/joerglau\/2007\/08\/27\/haider-moscheen-und-minarette-verbieten_690#breadcrumb\"},\"inLanguage\":\"de\",\"potentialAction\":[{\"@type\":\"ReadAction\",\"target\":[\"https:\/\/blog.zeit.de\/joerglau\/2007\/08\/27\/haider-moscheen-und-minarette-verbieten_690\"]}]},{\"@type\":\"BreadcrumbList\",\"@id\":\"https:\/\/blog.zeit.de\/joerglau\/2007\/08\/27\/haider-moscheen-und-minarette-verbieten_690#breadcrumb\",\"itemListElement\":[{\"@type\":\"ListItem\",\"position\":1,\"name\":\"Startseite\",\"item\":\"https:\/\/blog.zeit.de\/joerglau\"},{\"@type\":\"ListItem\",\"position\":2,\"name\":\"Haider: Moscheen und Minarette verbieten\"}]},{\"@type\":\"WebSite\",\"@id\":\"https:\/\/blog.zeit.de\/joerglau\/#website\",\"url\":\"https:\/\/blog.zeit.de\/joerglau\/\",\"name\":\"J\u00f6rg Lau\",\"description\":\"Ein Blog \u00fcber Religion und Politik\",\"potentialAction\":[{\"@type\":\"SearchAction\",\"target\":{\"@type\":\"EntryPoint\",\"urlTemplate\":\"https:\/\/blog.zeit.de\/joerglau\/?s={search_term_string}\"},\"query-input\":\"required name=search_term_string\"}],\"inLanguage\":\"de\"},{\"@type\":\"Person\",\"@id\":\"https:\/\/blog.zeit.de\/joerglau\/#\/schema\/person\/55f0be9bfac24815791fbc852b042f57\",\"name\":\"J\u00f6rg Lau\",\"image\":{\"@type\":\"ImageObject\",\"inLanguage\":\"de\",\"@id\":\"https:\/\/blog.zeit.de\/joerglau\/#\/schema\/person\/image\/\",\"url\":\"https:\/\/secure.gravatar.com\/avatar\/a5fe39bf4f5335b8bac36eefa0b41467221b1598bfea5f05159a0199e391eed0?s=96&d=mm&r=g\",\"contentUrl\":\"https:\/\/secure.gravatar.com\/avatar\/a5fe39bf4f5335b8bac36eefa0b41467221b1598bfea5f05159a0199e391eed0?s=96&d=mm&r=g\",\"caption\":\"J\u00f6rg Lau\"},\"url\":\"https:\/\/blog.zeit.de\/joerglau\/author\/joerg-lau\"}]}<\/script>\n<!-- \/ Yoast SEO plugin. -->","yoast_head_json":{"title":"Haider: Moscheen und Minarette verbieten - J\u00f6rg Lau","robots":{"index":"index","follow":"follow","max-snippet":"max-snippet:-1","max-image-preview":"max-image-preview:large","max-video-preview":"max-video-preview:-1"},"canonical":"https:\/\/blog.zeit.de\/joerglau\/2007\/08\/27\/haider-moscheen-und-minarette-verbieten_690","og_locale":"de_DE","og_type":"article","og_title":"Haider: Moscheen und Minarette verbieten - J\u00f6rg Lau","og_description":"Der Landeshauptmann von K\u00e4rnten, J\u00f6rg Haider, hat am Sonntag angek\u00fcndigt, er werde ein Bauverbot f\u00fcr Moscheen und Minarette erlassen. Kann er das denn? Ja, er kann, und zwar \u00fcber das Baurecht. Haider will im Gemeindeplanungsgesetz festlegen, dass solche Bauten eine &#8222;St\u00f6rung des Ortsbildes&#8220; seien. So solle einem &#8222;Krieg der Kulturen&#8220; vorgebeugt und &#8222;radikalislamischen Tendenzen&#8220; gewehrt [&hellip;]","og_url":"https:\/\/blog.zeit.de\/joerglau\/2007\/08\/27\/haider-moscheen-und-minarette-verbieten_690","og_site_name":"J\u00f6rg Lau","article_published_time":"2007-08-27T10:36:36+00:00","author":"J\u00f6rg Lau","twitter_card":"summary_large_image","twitter_misc":{"Geschrieben von":"J\u00f6rg Lau","Gesch\u00e4tzte Lesezeit":"1\u00a0Minute"},"schema":{"@context":"https:\/\/schema.org","@graph":[{"@type":"WebPage","@id":"https:\/\/blog.zeit.de\/joerglau\/2007\/08\/27\/haider-moscheen-und-minarette-verbieten_690","url":"https:\/\/blog.zeit.de\/joerglau\/2007\/08\/27\/haider-moscheen-und-minarette-verbieten_690","name":"Haider: Moscheen und Minarette verbieten - J\u00f6rg Lau","isPartOf":{"@id":"https:\/\/blog.zeit.de\/joerglau\/#website"},"datePublished":"2007-08-27T10:36:36+00:00","dateModified":"2007-08-27T10:36:36+00:00","author":{"@id":"https:\/\/blog.zeit.de\/joerglau\/#\/schema\/person\/55f0be9bfac24815791fbc852b042f57"},"breadcrumb":{"@id":"https:\/\/blog.zeit.de\/joerglau\/2007\/08\/27\/haider-moscheen-und-minarette-verbieten_690#breadcrumb"},"inLanguage":"de","potentialAction":[{"@type":"ReadAction","target":["https:\/\/blog.zeit.de\/joerglau\/2007\/08\/27\/haider-moscheen-und-minarette-verbieten_690"]}]},{"@type":"BreadcrumbList","@id":"https:\/\/blog.zeit.de\/joerglau\/2007\/08\/27\/haider-moscheen-und-minarette-verbieten_690#breadcrumb","itemListElement":[{"@type":"ListItem","position":1,"name":"Startseite","item":"https:\/\/blog.zeit.de\/joerglau"},{"@type":"ListItem","position":2,"name":"Haider: Moscheen und Minarette verbieten"}]},{"@type":"WebSite","@id":"https:\/\/blog.zeit.de\/joerglau\/#website","url":"https:\/\/blog.zeit.de\/joerglau\/","name":"J\u00f6rg Lau","description":"Ein Blog \u00fcber Religion und Politik","potentialAction":[{"@type":"SearchAction","target":{"@type":"EntryPoint","urlTemplate":"https:\/\/blog.zeit.de\/joerglau\/?s={search_term_string}"},"query-input":"required name=search_term_string"}],"inLanguage":"de"},{"@type":"Person","@id":"https:\/\/blog.zeit.de\/joerglau\/#\/schema\/person\/55f0be9bfac24815791fbc852b042f57","name":"J\u00f6rg Lau","image":{"@type":"ImageObject","inLanguage":"de","@id":"https:\/\/blog.zeit.de\/joerglau\/#\/schema\/person\/image\/","url":"https:\/\/secure.gravatar.com\/avatar\/a5fe39bf4f5335b8bac36eefa0b41467221b1598bfea5f05159a0199e391eed0?s=96&d=mm&r=g","contentUrl":"https:\/\/secure.gravatar.com\/avatar\/a5fe39bf4f5335b8bac36eefa0b41467221b1598bfea5f05159a0199e391eed0?s=96&d=mm&r=g","caption":"J\u00f6rg Lau"},"url":"https:\/\/blog.zeit.de\/joerglau\/author\/joerg-lau"}]}},"jetpack_featured_media_url":"","jetpack_sharing_enabled":true,"jetpack_shortlink":"https:\/\/wp.me\/pG02W-b8","_links":{"self":[{"href":"https:\/\/blog.zeit.de\/joerglau\/wp-json\/wp\/v2\/posts\/690","targetHints":{"allow":["GET"]}}],"collection":[{"href":"https:\/\/blog.zeit.de\/joerglau\/wp-json\/wp\/v2\/posts"}],"about":[{"href":"https:\/\/blog.zeit.de\/joerglau\/wp-json\/wp\/v2\/types\/post"}],"author":[{"embeddable":true,"href":"https:\/\/blog.zeit.de\/joerglau\/wp-json\/wp\/v2\/users\/54"}],"replies":[{"embeddable":true,"href":"https:\/\/blog.zeit.de\/joerglau\/wp-json\/wp\/v2\/comments?post=690"}],"version-history":[{"count":0,"href":"https:\/\/blog.zeit.de\/joerglau\/wp-json\/wp\/v2\/posts\/690\/revisions"}],"wp:attachment":[{"href":"https:\/\/blog.zeit.de\/joerglau\/wp-json\/wp\/v2\/media?parent=690"}],"wp:term":[{"taxonomy":"category","embeddable":true,"href":"https:\/\/blog.zeit.de\/joerglau\/wp-json\/wp\/v2\/categories?post=690"},{"taxonomy":"post_tag","embeddable":true,"href":"https:\/\/blog.zeit.de\/joerglau\/wp-json\/wp\/v2\/tags?post=690"}],"curies":[{"name":"wp","href":"https:\/\/api.w.org\/{rel}","templated":true}]}}