{"id":711,"date":"2007-09-03T16:08:54","date_gmt":"2007-09-03T14:08:54","guid":{"rendered":"http:\/\/blog.zeit.de\/joerglau\/2007\/09\/03\/koranverbot-ist-falsch-wie-mussen-islam-von-islamismus-unterscheiden_711"},"modified":"2007-09-03T16:08:54","modified_gmt":"2007-09-03T14:08:54","slug":"koranverbot-ist-falsch-wie-mussen-islam-von-islamismus-unterscheiden","status":"publish","type":"post","link":"https:\/\/blog.zeit.de\/joerglau\/2007\/09\/03\/koranverbot-ist-falsch-wie-mussen-islam-von-islamismus-unterscheiden_711","title":{"rendered":"Ein Koranverbot ist falsch, wir m\u00fcssen Islam von Islamismus unterscheiden"},"content":{"rendered":"<p>Der Gottseibeiuns der Islam-Debatte, der fr\u00fcheste und sch\u00e4rfste Mahner und Warner gegen den Islamismus, der Amerikaner <a href=\"http:\/\/www.danielpipes.org\/\">Daniel Pipes<\/a>, hat in der <a href=\"http:\/\/debatte.welt.de\/kommentare\/35228\/nicht+der+islam+der+islamismus+ist+der+feind\">Welt (online)<\/a> einen ziemlich vern\u00fcnftigen Kommentar zur Frage des Koranverbots geschrieben &#8211; und zur darunterliegenden: ob es sinnvoll ist, zwischen Islam und Islamismus zu unterscheiden.<\/p>\n<p><img decoding=\"async\" id=\"image710\" src=\"https:\/\/blog.zeit.de\/joerglau\/files\/2007\/09\/Pipes_Daniel.jpg\" alt=\"Pipes_Daniel.jpg\" \/><br \/>\n<em>Daniel Pipes<\/em><\/p>\n<p>Kernzitat:<\/p>\n<blockquote><p>Meine Sicht? Ich verstehe das auf Sicherheitsdenken gr\u00fcndende Dr\u00e4ngen, den Koran, den Islam und die Muslime auszuschlie\u00dfen, aber diese Bem\u00fchungen sind zu weit gefasst, weil sie mit den anst\u00f6\u00dfigen Passagen die inspierenden verwerfen, Reformer mit Extremisten, Freunde mit Feinden. Sie ignorieren dar\u00fcber hinaus die M\u00f6glichkeit positiver Ver\u00e4nderung.<\/p>\n<p>Es w\u00e4re praktischer und konzentrierter die Bedrohung durch Jihad und Scharia zu reduzieren, indem man islamistische Interpretationen des Koran verbietet, genauso wie den Islamismus und die Islamisten. Vergleichbare F\u00e4lle gibt es. Ein saudisch gesponserter Koran wurde aus Schul-B\u00fcchereien entfernt. Prediger sind wegen ihrer Interpretation des Koran ins Gef\u00e4ngnis geschickt worden. Extreme Varianten des Islam werden strafrechtlich verfolgt. Organisationen sind verboten worden. Politiker haben die Islamisten aufgerufen, das Land zu verlassen.<\/p>\n<p>Nicht der Islam ist der Feind, der Islamismus ist es. Tolerieren wir den moderaten Islam, aber merzen wir seine radikalen Versionen aus.<\/p><\/blockquote>\n","protected":false},"excerpt":{"rendered":"<p>Der Gottseibeiuns der Islam-Debatte, der fr\u00fcheste und sch\u00e4rfste Mahner und Warner gegen den Islamismus, der Amerikaner Daniel Pipes, hat in der Welt (online) einen ziemlich vern\u00fcnftigen Kommentar zur Frage des Koranverbots geschrieben &#8211; und zur darunterliegenden: ob es sinnvoll ist, zwischen Islam und Islamismus zu unterscheiden. Daniel Pipes Kernzitat: Meine Sicht? Ich verstehe das auf [&hellip;]<\/p>\n","protected":false},"author":54,"featured_media":0,"comment_status":"open","ping_status":"closed","sticky":false,"template":"","format":"standard","meta":{"jetpack_post_was_ever_published":false,"footnotes":""},"categories":[157],"tags":[],"class_list":["post-711","post","type-post","status-publish","format-standard","hentry","category-die-freunde-und-die-feinde-des-islams"],"yoast_head":"<!-- This site is optimized with the Yoast SEO plugin v21.0 - https:\/\/yoast.com\/wordpress\/plugins\/seo\/ -->\n<title>Ein Koranverbot ist falsch, wir m\u00fcssen Islam von Islamismus unterscheiden - J\u00f6rg Lau<\/title>\n<meta name=\"robots\" content=\"index, follow, max-snippet:-1, max-image-preview:large, max-video-preview:-1\" \/>\n<link rel=\"canonical\" href=\"https:\/\/blog.zeit.de\/joerglau\/2007\/09\/03\/koranverbot-ist-falsch-wie-mussen-islam-von-islamismus-unterscheiden_711\" \/>\n<meta property=\"og:locale\" content=\"de_DE\" \/>\n<meta property=\"og:type\" content=\"article\" \/>\n<meta property=\"og:title\" content=\"Ein Koranverbot ist falsch, wir m\u00fcssen Islam von Islamismus unterscheiden - J\u00f6rg Lau\" \/>\n<meta property=\"og:description\" content=\"Der Gottseibeiuns der Islam-Debatte, der fr\u00fcheste und sch\u00e4rfste Mahner und Warner gegen den Islamismus, der Amerikaner Daniel Pipes, hat in der Welt (online) einen ziemlich vern\u00fcnftigen Kommentar zur Frage des Koranverbots geschrieben &#8211; und zur darunterliegenden: ob es sinnvoll ist, zwischen Islam und Islamismus zu unterscheiden. Daniel Pipes Kernzitat: Meine Sicht? Ich verstehe das auf [&hellip;]\" \/>\n<meta property=\"og:url\" content=\"https:\/\/blog.zeit.de\/joerglau\/2007\/09\/03\/koranverbot-ist-falsch-wie-mussen-islam-von-islamismus-unterscheiden_711\" \/>\n<meta property=\"og:site_name\" content=\"J\u00f6rg Lau\" \/>\n<meta property=\"article:published_time\" content=\"2007-09-03T14:08:54+00:00\" \/>\n<meta property=\"og:image\" content=\"https:\/\/blog.zeit.de\/joerglau\/files\/2007\/09\/Pipes_Daniel.jpg\" \/>\n<meta name=\"author\" content=\"J\u00f6rg Lau\" \/>\n<meta name=\"twitter:card\" content=\"summary_large_image\" \/>\n<meta name=\"twitter:label1\" content=\"Geschrieben von\" \/>\n\t<meta name=\"twitter:data1\" content=\"J\u00f6rg Lau\" \/>\n\t<meta name=\"twitter:label2\" content=\"Gesch\u00e4tzte Lesezeit\" \/>\n\t<meta name=\"twitter:data2\" content=\"1\u00a0Minute\" \/>\n<script type=\"application\/ld+json\" class=\"yoast-schema-graph\">{\"@context\":\"https:\/\/schema.org\",\"@graph\":[{\"@type\":\"WebPage\",\"@id\":\"https:\/\/blog.zeit.de\/joerglau\/2007\/09\/03\/koranverbot-ist-falsch-wie-mussen-islam-von-islamismus-unterscheiden_711\",\"url\":\"https:\/\/blog.zeit.de\/joerglau\/2007\/09\/03\/koranverbot-ist-falsch-wie-mussen-islam-von-islamismus-unterscheiden_711\",\"name\":\"Ein Koranverbot ist falsch, wir m\u00fcssen Islam von Islamismus unterscheiden - J\u00f6rg Lau\",\"isPartOf\":{\"@id\":\"https:\/\/blog.zeit.de\/joerglau\/#website\"},\"datePublished\":\"2007-09-03T14:08:54+00:00\",\"dateModified\":\"2007-09-03T14:08:54+00:00\",\"author\":{\"@id\":\"https:\/\/blog.zeit.de\/joerglau\/#\/schema\/person\/55f0be9bfac24815791fbc852b042f57\"},\"breadcrumb\":{\"@id\":\"https:\/\/blog.zeit.de\/joerglau\/2007\/09\/03\/koranverbot-ist-falsch-wie-mussen-islam-von-islamismus-unterscheiden_711#breadcrumb\"},\"inLanguage\":\"de\",\"potentialAction\":[{\"@type\":\"ReadAction\",\"target\":[\"https:\/\/blog.zeit.de\/joerglau\/2007\/09\/03\/koranverbot-ist-falsch-wie-mussen-islam-von-islamismus-unterscheiden_711\"]}]},{\"@type\":\"BreadcrumbList\",\"@id\":\"https:\/\/blog.zeit.de\/joerglau\/2007\/09\/03\/koranverbot-ist-falsch-wie-mussen-islam-von-islamismus-unterscheiden_711#breadcrumb\",\"itemListElement\":[{\"@type\":\"ListItem\",\"position\":1,\"name\":\"Startseite\",\"item\":\"https:\/\/blog.zeit.de\/joerglau\"},{\"@type\":\"ListItem\",\"position\":2,\"name\":\"Ein Koranverbot ist falsch, wir m\u00fcssen Islam von Islamismus unterscheiden\"}]},{\"@type\":\"WebSite\",\"@id\":\"https:\/\/blog.zeit.de\/joerglau\/#website\",\"url\":\"https:\/\/blog.zeit.de\/joerglau\/\",\"name\":\"J\u00f6rg Lau\",\"description\":\"Ein Blog \u00fcber Religion und Politik\",\"potentialAction\":[{\"@type\":\"SearchAction\",\"target\":{\"@type\":\"EntryPoint\",\"urlTemplate\":\"https:\/\/blog.zeit.de\/joerglau\/?s={search_term_string}\"},\"query-input\":\"required name=search_term_string\"}],\"inLanguage\":\"de\"},{\"@type\":\"Person\",\"@id\":\"https:\/\/blog.zeit.de\/joerglau\/#\/schema\/person\/55f0be9bfac24815791fbc852b042f57\",\"name\":\"J\u00f6rg Lau\",\"image\":{\"@type\":\"ImageObject\",\"inLanguage\":\"de\",\"@id\":\"https:\/\/blog.zeit.de\/joerglau\/#\/schema\/person\/image\/\",\"url\":\"https:\/\/secure.gravatar.com\/avatar\/a5fe39bf4f5335b8bac36eefa0b41467221b1598bfea5f05159a0199e391eed0?s=96&d=mm&r=g\",\"contentUrl\":\"https:\/\/secure.gravatar.com\/avatar\/a5fe39bf4f5335b8bac36eefa0b41467221b1598bfea5f05159a0199e391eed0?s=96&d=mm&r=g\",\"caption\":\"J\u00f6rg Lau\"},\"url\":\"https:\/\/blog.zeit.de\/joerglau\/author\/joerg-lau\"}]}<\/script>\n<!-- \/ Yoast SEO plugin. -->","yoast_head_json":{"title":"Ein Koranverbot ist falsch, wir m\u00fcssen Islam von Islamismus unterscheiden - J\u00f6rg Lau","robots":{"index":"index","follow":"follow","max-snippet":"max-snippet:-1","max-image-preview":"max-image-preview:large","max-video-preview":"max-video-preview:-1"},"canonical":"https:\/\/blog.zeit.de\/joerglau\/2007\/09\/03\/koranverbot-ist-falsch-wie-mussen-islam-von-islamismus-unterscheiden_711","og_locale":"de_DE","og_type":"article","og_title":"Ein Koranverbot ist falsch, wir m\u00fcssen Islam von Islamismus unterscheiden - J\u00f6rg Lau","og_description":"Der Gottseibeiuns der Islam-Debatte, der fr\u00fcheste und sch\u00e4rfste Mahner und Warner gegen den Islamismus, der Amerikaner Daniel Pipes, hat in der Welt (online) einen ziemlich vern\u00fcnftigen Kommentar zur Frage des Koranverbots geschrieben &#8211; und zur darunterliegenden: ob es sinnvoll ist, zwischen Islam und Islamismus zu unterscheiden. Daniel Pipes Kernzitat: Meine Sicht? Ich verstehe das auf [&hellip;]","og_url":"https:\/\/blog.zeit.de\/joerglau\/2007\/09\/03\/koranverbot-ist-falsch-wie-mussen-islam-von-islamismus-unterscheiden_711","og_site_name":"J\u00f6rg Lau","article_published_time":"2007-09-03T14:08:54+00:00","og_image":[{"url":"https:\/\/blog.zeit.de\/joerglau\/files\/2007\/09\/Pipes_Daniel.jpg"}],"author":"J\u00f6rg Lau","twitter_card":"summary_large_image","twitter_misc":{"Geschrieben von":"J\u00f6rg Lau","Gesch\u00e4tzte Lesezeit":"1\u00a0Minute"},"schema":{"@context":"https:\/\/schema.org","@graph":[{"@type":"WebPage","@id":"https:\/\/blog.zeit.de\/joerglau\/2007\/09\/03\/koranverbot-ist-falsch-wie-mussen-islam-von-islamismus-unterscheiden_711","url":"https:\/\/blog.zeit.de\/joerglau\/2007\/09\/03\/koranverbot-ist-falsch-wie-mussen-islam-von-islamismus-unterscheiden_711","name":"Ein Koranverbot ist falsch, wir m\u00fcssen Islam von Islamismus unterscheiden - J\u00f6rg Lau","isPartOf":{"@id":"https:\/\/blog.zeit.de\/joerglau\/#website"},"datePublished":"2007-09-03T14:08:54+00:00","dateModified":"2007-09-03T14:08:54+00:00","author":{"@id":"https:\/\/blog.zeit.de\/joerglau\/#\/schema\/person\/55f0be9bfac24815791fbc852b042f57"},"breadcrumb":{"@id":"https:\/\/blog.zeit.de\/joerglau\/2007\/09\/03\/koranverbot-ist-falsch-wie-mussen-islam-von-islamismus-unterscheiden_711#breadcrumb"},"inLanguage":"de","potentialAction":[{"@type":"ReadAction","target":["https:\/\/blog.zeit.de\/joerglau\/2007\/09\/03\/koranverbot-ist-falsch-wie-mussen-islam-von-islamismus-unterscheiden_711"]}]},{"@type":"BreadcrumbList","@id":"https:\/\/blog.zeit.de\/joerglau\/2007\/09\/03\/koranverbot-ist-falsch-wie-mussen-islam-von-islamismus-unterscheiden_711#breadcrumb","itemListElement":[{"@type":"ListItem","position":1,"name":"Startseite","item":"https:\/\/blog.zeit.de\/joerglau"},{"@type":"ListItem","position":2,"name":"Ein Koranverbot ist falsch, wir m\u00fcssen Islam von Islamismus unterscheiden"}]},{"@type":"WebSite","@id":"https:\/\/blog.zeit.de\/joerglau\/#website","url":"https:\/\/blog.zeit.de\/joerglau\/","name":"J\u00f6rg Lau","description":"Ein Blog \u00fcber Religion und Politik","potentialAction":[{"@type":"SearchAction","target":{"@type":"EntryPoint","urlTemplate":"https:\/\/blog.zeit.de\/joerglau\/?s={search_term_string}"},"query-input":"required name=search_term_string"}],"inLanguage":"de"},{"@type":"Person","@id":"https:\/\/blog.zeit.de\/joerglau\/#\/schema\/person\/55f0be9bfac24815791fbc852b042f57","name":"J\u00f6rg Lau","image":{"@type":"ImageObject","inLanguage":"de","@id":"https:\/\/blog.zeit.de\/joerglau\/#\/schema\/person\/image\/","url":"https:\/\/secure.gravatar.com\/avatar\/a5fe39bf4f5335b8bac36eefa0b41467221b1598bfea5f05159a0199e391eed0?s=96&d=mm&r=g","contentUrl":"https:\/\/secure.gravatar.com\/avatar\/a5fe39bf4f5335b8bac36eefa0b41467221b1598bfea5f05159a0199e391eed0?s=96&d=mm&r=g","caption":"J\u00f6rg Lau"},"url":"https:\/\/blog.zeit.de\/joerglau\/author\/joerg-lau"}]}},"jetpack_featured_media_url":"","jetpack_sharing_enabled":true,"jetpack_shortlink":"https:\/\/wp.me\/pG02W-bt","_links":{"self":[{"href":"https:\/\/blog.zeit.de\/joerglau\/wp-json\/wp\/v2\/posts\/711","targetHints":{"allow":["GET"]}}],"collection":[{"href":"https:\/\/blog.zeit.de\/joerglau\/wp-json\/wp\/v2\/posts"}],"about":[{"href":"https:\/\/blog.zeit.de\/joerglau\/wp-json\/wp\/v2\/types\/post"}],"author":[{"embeddable":true,"href":"https:\/\/blog.zeit.de\/joerglau\/wp-json\/wp\/v2\/users\/54"}],"replies":[{"embeddable":true,"href":"https:\/\/blog.zeit.de\/joerglau\/wp-json\/wp\/v2\/comments?post=711"}],"version-history":[{"count":0,"href":"https:\/\/blog.zeit.de\/joerglau\/wp-json\/wp\/v2\/posts\/711\/revisions"}],"wp:attachment":[{"href":"https:\/\/blog.zeit.de\/joerglau\/wp-json\/wp\/v2\/media?parent=711"}],"wp:term":[{"taxonomy":"category","embeddable":true,"href":"https:\/\/blog.zeit.de\/joerglau\/wp-json\/wp\/v2\/categories?post=711"},{"taxonomy":"post_tag","embeddable":true,"href":"https:\/\/blog.zeit.de\/joerglau\/wp-json\/wp\/v2\/tags?post=711"}],"curies":[{"name":"wp","href":"https:\/\/api.w.org\/{rel}","templated":true}]}}