{"id":719,"date":"2007-09-07T15:24:24","date_gmt":"2007-09-07T13:24:24","guid":{"rendered":"http:\/\/blog.zeit.de\/joerglau\/2007\/09\/07\/die-muslime-und-der-dekadente-westen_719"},"modified":"2007-09-07T15:24:24","modified_gmt":"2007-09-07T13:24:24","slug":"die-muslime-und-der-dekadente-westen","status":"publish","type":"post","link":"https:\/\/blog.zeit.de\/joerglau\/2007\/09\/07\/die-muslime-und-der-dekadente-westen_719","title":{"rendered":"Die Muslime und der dekadente Westen"},"content":{"rendered":"<p><em>Morgen erscheint in der Wochenendausgabe der taz (magazin) ein umfangreicher Text von mir, der durch die abgewendeten Terroranschl\u00e4ge zus\u00e4tzliche Aktualit\u00e4t bekommt. Auszug:<\/em><\/p>\n<p>Die Urszene der modernen islamischen Kritik am Westen spielt in einer Kirche im Mittleren Westen, genauer gesagt in Greeley, Colorado. Ein \u00e4gytischer Beamter namens Sayyid Qutb war vom Bildungsministerium Ende 1948 ans dortige State College geschickt worden, um das amerikanische Bildungswesen zu studieren. In seinen Briefen und Artikeln beschrieb er die amerikanische Kleinstadtgesellschaft. Eine bis heute in der islamischen Welt ber\u00fchmte Episode betrifft ein Tanzvergn\u00fcgen in einer der zahlreichen Kirchen von Greeley.<\/p>\n<p>Nach dem Abendgottesdienst, so Qutb, dreht der Pastor die Lichter im Pfarrheim herunter und legt eine Aufnahme von &#8222;Baby, it&#8217;s cold outside&#8220; auf, um auch die letzten Mauerbl\u00fcmchen auf die die Tanzdiele zu locken: &#8222;Der Tanzsaal bebte zu den T\u00f6nen des Grammophons und war voller sich verf\u00fchrerisch verschlingender Beine&#8220;, schrieb Qutb. &#8222;Arme umfassten H\u00fcften, Lippen trafen auf Lippen, Brust schmiegte sich an Brust, und die Atmosph\u00e4re war voller Leidenschaft.&#8220;<\/p>\n<p>Greeley mit seinen getrimmten Vorg\u00e4rten erscheint bei Qutb zwar als &#8222;so sch\u00f6n, dass man denken k\u00f6nnte, man sei im Paradies&#8220;. Metaphysisch aber sind die Mittelwestler obdachlos: &#8222;Das wichtigste f\u00fcr diese Leute ist die Gartenpflege, die sie betreiben wie ein H\u00e4ndler seinen Laden in Ordnung h\u00e4lt oder ein Fabrikbesitzer seine Fabrik. Es steckt kein Sch\u00f6nheitssinn oder k\u00fcnstlerischer Geschmack hinter dieser Aktivit\u00e4t. Es ist die Maschinerie der Organisation und des Ordnens, aller Spiritualit\u00e4t und aller \u00e4sthetischen Freuden beraubt.&#8220; Ein andermal schreibt er: &#8222;\u00dcberall wird gel\u00e4chelt und \u00fcberall gibt es fun, und an jeder Ecke Umarmungen und K\u00fcsschen. Doch niemals sieht man echte Zufriedenheit auf den Gesichtern.&#8220;<\/p>\n<p>In einem Ton, der nicht von ungef\u00e4hr an die zeitgleich entstehenden Beobachtungen eines anderen ungl\u00fccklichen Intellektuellen erinnert &#8211; Adornos &#8222;Minima Moralia&#8220; -, zeichnet Qutb Amerika als zugleich enthemmt und freudlos, materiell reich und innerlich verarmt, aufgew\u00fchlt und geistig flach, demokratisch und doch konformistisch. Qutb, der 1966 von Nasser hingerichtet wurde, war einer der einflussreichsten Intellektuellen des letzten Jahrhunderts. Nach seiner R\u00fcckkehr wurde er zum Chefideologen der Muslimbruderschaft. Sein Werk &#8222;Meilensteine&#8220; wurde das Manifest des Islamismus, in dem der Kampf gegen den Westen und seinen Einfluss in der islamischen Welt beschworen wird. Bis heute muss es jeder junge Dschihadist mit geistigem Anspruch lesen. Und weil Qutbs Bild des Westens ma\u00dfgeblich in Colorado geformt wurde, ist es nicht nur ein Bonmot, von Al-Kaidas Wurzeln in Greeley zu sprechen. Qutb war ein Besucher auf Zeit, der nur sechs Monate blieb und nie wieder eine Fu\u00df auf westlichen Boden setzte. Das Bild des dekadenten Westens hat heute auch unter jenen Zuspruch, die l\u00e4ngst keine G\u00e4ste mehr sind und doch Fremde bleiben.<\/p>\n<p>Zu Beginn dieses Jahres wurden die Ergebnisse einer ersten umfassenden Umfrage unter britischen Muslimen bekannt. Sie zeigen eine tiefe Ambivalenz gegen\u00fcber dem Westen, die sich durch moralisierende Kulturkritik Luft verschafft. Die jungen Muslime haben den Eindruck, in einem dekadenten Land zu leben, dessen Freiheiten einen zu hohen Preis fordern und dessen Sitten zusehends verfallen. Wohlgemerkt: Nicht die \u00c4lteren beklagen hier wie \u00fcblich die Dekadenz der Gesellschaft im Licht einer intakten Vorzeit. Es sind die Jungen, die die Gegenwart verw\u00fcnschen.<\/p>\n<p>Das ist etwas Neues in der Geschichte der Migration: Statt den Traum der Eltern von Aufstieg und Anerkennung umzusetzen, wendet sich die zweite und dritte Generation moralisch indigniert von der Mehrheit ab und kultiviert \u00dcberlegenheitsgef\u00fchle. Statt den Kampf um Anerkennung mit der etablierten Mehrheit auf zunehmen, entziehen sie der Mehrheitsgesellschaft ihrerseits die Anerkennung im Zeichen religi\u00f6ser Gegenidentit\u00e4ten. Wie sollen die europ\u00e4ischen Gesellschaften damit umgehen, dass ein erheblicher &#8211; und wachsender &#8211; Teil der Einwanderer und ihrer Nachkommen sie als dekadent ablehnt und das Heil darin sieht, sich<br \/>\nvon ihnen abzukapseln? Dies trifft nicht nur die britische Gesellschaft ins Mark und f\u00fchrt europaweit zu Ressentiments gegen\u00fcber islamischen Einwanderern.<\/p>\n<p>Es ist kaum noch zu vermitteln, dass der islamische Fremde am Beginn der Moderne eine positiv besetzte Figur war. Am Anfang der europ\u00e4ischen Kulturkritik stand die Selbstrelativierung durch den Muslim.<br \/>\n Montesquieus &#8222;Persische Briefe&#8220; begr\u00fcnden ein Muster westlicher Selbstkritik&#8230;.<\/p>\n<p><em>Morgen mehr an einem Kiosk Ihres Vertrauens. (Und sp\u00e4ter dann auch hier an dieser Stelle.) <\/em><\/p>\n","protected":false},"excerpt":{"rendered":"<p>Morgen erscheint in der Wochenendausgabe der taz (magazin) ein umfangreicher Text von mir, der durch die abgewendeten Terroranschl\u00e4ge zus\u00e4tzliche Aktualit\u00e4t bekommt. Auszug: Die Urszene der modernen islamischen Kritik am Westen spielt in einer Kirche im Mittleren Westen, genauer gesagt in Greeley, Colorado. Ein \u00e4gytischer Beamter namens Sayyid Qutb war vom Bildungsministerium Ende 1948 ans dortige [&hellip;]<\/p>\n","protected":false},"author":54,"featured_media":0,"comment_status":"open","ping_status":"closed","sticky":false,"template":"","format":"standard","meta":{"jetpack_post_was_ever_published":false,"footnotes":""},"categories":[157,163],"tags":[],"class_list":["post-719","post","type-post","status-publish","format-standard","hentry","category-die-freunde-und-die-feinde-des-islams","category-integration"],"yoast_head":"<!-- This site is optimized with the Yoast SEO plugin v21.0 - https:\/\/yoast.com\/wordpress\/plugins\/seo\/ -->\n<title>Die Muslime und der dekadente Westen - J\u00f6rg Lau<\/title>\n<meta name=\"robots\" content=\"index, follow, max-snippet:-1, max-image-preview:large, max-video-preview:-1\" \/>\n<link rel=\"canonical\" href=\"https:\/\/blog.zeit.de\/joerglau\/2007\/09\/07\/die-muslime-und-der-dekadente-westen_719\" \/>\n<meta property=\"og:locale\" content=\"de_DE\" \/>\n<meta property=\"og:type\" content=\"article\" \/>\n<meta property=\"og:title\" content=\"Die Muslime und der dekadente Westen - J\u00f6rg Lau\" \/>\n<meta property=\"og:description\" content=\"Morgen erscheint in der Wochenendausgabe der taz (magazin) ein umfangreicher Text von mir, der durch die abgewendeten Terroranschl\u00e4ge zus\u00e4tzliche Aktualit\u00e4t bekommt. Auszug: Die Urszene der modernen islamischen Kritik am Westen spielt in einer Kirche im Mittleren Westen, genauer gesagt in Greeley, Colorado. Ein \u00e4gytischer Beamter namens Sayyid Qutb war vom Bildungsministerium Ende 1948 ans dortige [&hellip;]\" \/>\n<meta property=\"og:url\" content=\"https:\/\/blog.zeit.de\/joerglau\/2007\/09\/07\/die-muslime-und-der-dekadente-westen_719\" \/>\n<meta property=\"og:site_name\" content=\"J\u00f6rg Lau\" \/>\n<meta property=\"article:published_time\" content=\"2007-09-07T13:24:24+00:00\" \/>\n<meta name=\"author\" content=\"J\u00f6rg Lau\" \/>\n<meta name=\"twitter:card\" content=\"summary_large_image\" \/>\n<meta name=\"twitter:label1\" content=\"Geschrieben von\" \/>\n\t<meta name=\"twitter:data1\" content=\"J\u00f6rg Lau\" \/>\n\t<meta name=\"twitter:label2\" content=\"Gesch\u00e4tzte Lesezeit\" \/>\n\t<meta name=\"twitter:data2\" content=\"4\u00a0Minuten\" \/>\n<script type=\"application\/ld+json\" class=\"yoast-schema-graph\">{\"@context\":\"https:\/\/schema.org\",\"@graph\":[{\"@type\":\"WebPage\",\"@id\":\"https:\/\/blog.zeit.de\/joerglau\/2007\/09\/07\/die-muslime-und-der-dekadente-westen_719\",\"url\":\"https:\/\/blog.zeit.de\/joerglau\/2007\/09\/07\/die-muslime-und-der-dekadente-westen_719\",\"name\":\"Die Muslime und der dekadente Westen - J\u00f6rg Lau\",\"isPartOf\":{\"@id\":\"https:\/\/blog.zeit.de\/joerglau\/#website\"},\"datePublished\":\"2007-09-07T13:24:24+00:00\",\"dateModified\":\"2007-09-07T13:24:24+00:00\",\"author\":{\"@id\":\"https:\/\/blog.zeit.de\/joerglau\/#\/schema\/person\/55f0be9bfac24815791fbc852b042f57\"},\"breadcrumb\":{\"@id\":\"https:\/\/blog.zeit.de\/joerglau\/2007\/09\/07\/die-muslime-und-der-dekadente-westen_719#breadcrumb\"},\"inLanguage\":\"de\",\"potentialAction\":[{\"@type\":\"ReadAction\",\"target\":[\"https:\/\/blog.zeit.de\/joerglau\/2007\/09\/07\/die-muslime-und-der-dekadente-westen_719\"]}]},{\"@type\":\"BreadcrumbList\",\"@id\":\"https:\/\/blog.zeit.de\/joerglau\/2007\/09\/07\/die-muslime-und-der-dekadente-westen_719#breadcrumb\",\"itemListElement\":[{\"@type\":\"ListItem\",\"position\":1,\"name\":\"Startseite\",\"item\":\"https:\/\/blog.zeit.de\/joerglau\"},{\"@type\":\"ListItem\",\"position\":2,\"name\":\"Die Muslime und der dekadente Westen\"}]},{\"@type\":\"WebSite\",\"@id\":\"https:\/\/blog.zeit.de\/joerglau\/#website\",\"url\":\"https:\/\/blog.zeit.de\/joerglau\/\",\"name\":\"J\u00f6rg Lau\",\"description\":\"Ein Blog \u00fcber Religion und Politik\",\"potentialAction\":[{\"@type\":\"SearchAction\",\"target\":{\"@type\":\"EntryPoint\",\"urlTemplate\":\"https:\/\/blog.zeit.de\/joerglau\/?s={search_term_string}\"},\"query-input\":\"required name=search_term_string\"}],\"inLanguage\":\"de\"},{\"@type\":\"Person\",\"@id\":\"https:\/\/blog.zeit.de\/joerglau\/#\/schema\/person\/55f0be9bfac24815791fbc852b042f57\",\"name\":\"J\u00f6rg Lau\",\"image\":{\"@type\":\"ImageObject\",\"inLanguage\":\"de\",\"@id\":\"https:\/\/blog.zeit.de\/joerglau\/#\/schema\/person\/image\/\",\"url\":\"https:\/\/secure.gravatar.com\/avatar\/a5fe39bf4f5335b8bac36eefa0b41467221b1598bfea5f05159a0199e391eed0?s=96&d=mm&r=g\",\"contentUrl\":\"https:\/\/secure.gravatar.com\/avatar\/a5fe39bf4f5335b8bac36eefa0b41467221b1598bfea5f05159a0199e391eed0?s=96&d=mm&r=g\",\"caption\":\"J\u00f6rg Lau\"},\"url\":\"https:\/\/blog.zeit.de\/joerglau\/author\/joerg-lau\"}]}<\/script>\n<!-- \/ Yoast SEO plugin. -->","yoast_head_json":{"title":"Die Muslime und der dekadente Westen - J\u00f6rg Lau","robots":{"index":"index","follow":"follow","max-snippet":"max-snippet:-1","max-image-preview":"max-image-preview:large","max-video-preview":"max-video-preview:-1"},"canonical":"https:\/\/blog.zeit.de\/joerglau\/2007\/09\/07\/die-muslime-und-der-dekadente-westen_719","og_locale":"de_DE","og_type":"article","og_title":"Die Muslime und der dekadente Westen - J\u00f6rg Lau","og_description":"Morgen erscheint in der Wochenendausgabe der taz (magazin) ein umfangreicher Text von mir, der durch die abgewendeten Terroranschl\u00e4ge zus\u00e4tzliche Aktualit\u00e4t bekommt. Auszug: Die Urszene der modernen islamischen Kritik am Westen spielt in einer Kirche im Mittleren Westen, genauer gesagt in Greeley, Colorado. Ein \u00e4gytischer Beamter namens Sayyid Qutb war vom Bildungsministerium Ende 1948 ans dortige [&hellip;]","og_url":"https:\/\/blog.zeit.de\/joerglau\/2007\/09\/07\/die-muslime-und-der-dekadente-westen_719","og_site_name":"J\u00f6rg Lau","article_published_time":"2007-09-07T13:24:24+00:00","author":"J\u00f6rg Lau","twitter_card":"summary_large_image","twitter_misc":{"Geschrieben von":"J\u00f6rg Lau","Gesch\u00e4tzte Lesezeit":"4\u00a0Minuten"},"schema":{"@context":"https:\/\/schema.org","@graph":[{"@type":"WebPage","@id":"https:\/\/blog.zeit.de\/joerglau\/2007\/09\/07\/die-muslime-und-der-dekadente-westen_719","url":"https:\/\/blog.zeit.de\/joerglau\/2007\/09\/07\/die-muslime-und-der-dekadente-westen_719","name":"Die Muslime und der dekadente Westen - J\u00f6rg Lau","isPartOf":{"@id":"https:\/\/blog.zeit.de\/joerglau\/#website"},"datePublished":"2007-09-07T13:24:24+00:00","dateModified":"2007-09-07T13:24:24+00:00","author":{"@id":"https:\/\/blog.zeit.de\/joerglau\/#\/schema\/person\/55f0be9bfac24815791fbc852b042f57"},"breadcrumb":{"@id":"https:\/\/blog.zeit.de\/joerglau\/2007\/09\/07\/die-muslime-und-der-dekadente-westen_719#breadcrumb"},"inLanguage":"de","potentialAction":[{"@type":"ReadAction","target":["https:\/\/blog.zeit.de\/joerglau\/2007\/09\/07\/die-muslime-und-der-dekadente-westen_719"]}]},{"@type":"BreadcrumbList","@id":"https:\/\/blog.zeit.de\/joerglau\/2007\/09\/07\/die-muslime-und-der-dekadente-westen_719#breadcrumb","itemListElement":[{"@type":"ListItem","position":1,"name":"Startseite","item":"https:\/\/blog.zeit.de\/joerglau"},{"@type":"ListItem","position":2,"name":"Die Muslime und der dekadente Westen"}]},{"@type":"WebSite","@id":"https:\/\/blog.zeit.de\/joerglau\/#website","url":"https:\/\/blog.zeit.de\/joerglau\/","name":"J\u00f6rg Lau","description":"Ein Blog \u00fcber Religion und Politik","potentialAction":[{"@type":"SearchAction","target":{"@type":"EntryPoint","urlTemplate":"https:\/\/blog.zeit.de\/joerglau\/?s={search_term_string}"},"query-input":"required name=search_term_string"}],"inLanguage":"de"},{"@type":"Person","@id":"https:\/\/blog.zeit.de\/joerglau\/#\/schema\/person\/55f0be9bfac24815791fbc852b042f57","name":"J\u00f6rg Lau","image":{"@type":"ImageObject","inLanguage":"de","@id":"https:\/\/blog.zeit.de\/joerglau\/#\/schema\/person\/image\/","url":"https:\/\/secure.gravatar.com\/avatar\/a5fe39bf4f5335b8bac36eefa0b41467221b1598bfea5f05159a0199e391eed0?s=96&d=mm&r=g","contentUrl":"https:\/\/secure.gravatar.com\/avatar\/a5fe39bf4f5335b8bac36eefa0b41467221b1598bfea5f05159a0199e391eed0?s=96&d=mm&r=g","caption":"J\u00f6rg Lau"},"url":"https:\/\/blog.zeit.de\/joerglau\/author\/joerg-lau"}]}},"jetpack_featured_media_url":"","jetpack_sharing_enabled":true,"jetpack_shortlink":"https:\/\/wp.me\/pG02W-bB","_links":{"self":[{"href":"https:\/\/blog.zeit.de\/joerglau\/wp-json\/wp\/v2\/posts\/719","targetHints":{"allow":["GET"]}}],"collection":[{"href":"https:\/\/blog.zeit.de\/joerglau\/wp-json\/wp\/v2\/posts"}],"about":[{"href":"https:\/\/blog.zeit.de\/joerglau\/wp-json\/wp\/v2\/types\/post"}],"author":[{"embeddable":true,"href":"https:\/\/blog.zeit.de\/joerglau\/wp-json\/wp\/v2\/users\/54"}],"replies":[{"embeddable":true,"href":"https:\/\/blog.zeit.de\/joerglau\/wp-json\/wp\/v2\/comments?post=719"}],"version-history":[{"count":0,"href":"https:\/\/blog.zeit.de\/joerglau\/wp-json\/wp\/v2\/posts\/719\/revisions"}],"wp:attachment":[{"href":"https:\/\/blog.zeit.de\/joerglau\/wp-json\/wp\/v2\/media?parent=719"}],"wp:term":[{"taxonomy":"category","embeddable":true,"href":"https:\/\/blog.zeit.de\/joerglau\/wp-json\/wp\/v2\/categories?post=719"},{"taxonomy":"post_tag","embeddable":true,"href":"https:\/\/blog.zeit.de\/joerglau\/wp-json\/wp\/v2\/tags?post=719"}],"curies":[{"name":"wp","href":"https:\/\/api.w.org\/{rel}","templated":true}]}}