{"id":726,"date":"2007-09-10T16:28:24","date_gmt":"2007-09-10T14:28:24","guid":{"rendered":"http:\/\/blog.zeit.de\/joerglau\/2007\/09\/10\/was-ist-ein-moderater-muslim_726"},"modified":"2007-09-10T16:28:24","modified_gmt":"2007-09-10T14:28:24","slug":"was-ist-ein-moderater-muslim","status":"publish","type":"post","link":"https:\/\/blog.zeit.de\/joerglau\/2007\/09\/10\/was-ist-ein-moderater-muslim_726","title":{"rendered":"Was ist ein moderater Muslim?"},"content":{"rendered":"<p>Die verhinderten Anschl\u00e4ge haben wieder einmal zu Appellen gef\u00fchrt, die moderaten Muslime sollten sich von radikalen Islamisten distanzieren, mehr noch: Sie sollten diese zur Anzeige bringen.<br \/>\nDas Neue und Erfreuliche: Nicht bloss von Aussen, sondern auch aus den Reihen der Islamverb\u00e4nde kamen solche Forderungen. Es sei &#8222;B\u00fcrger- und Muslimpflicht&#8220;, Extremismus zu melden, sagte Aiman Mazyek vom Zentralrat der Muslime.<br \/>\nAber was ist eigentlich ein moderater Muslim? Auf Kopft\u00fccher, Nikabs, Miswaks und Dschilbabs als Unterscheidungsmittel ist dabei kein Verlass, wie wir seit letzter Woche wissen. Der Dschihad spricht Deutsch, hat lange Haare und h\u00f6rt auf den Namen Fritz, wenn es der Konspiration n\u00fctzt.<br \/>\nIch kenne keine bessere Checkliste als die (zu erg\u00e4nzende) Frageliste von Daniel Pipes:<\/p>\n<p>Useful questions might include:<\/p>\n<p>    * Violence: Do you condone or condemn the Palestinians, Chechens, and Kashmiris who give up their lives to kill enemy civilians? Will you condemn by name as terrorist groups such organizations as Abu Sayyaf, Al-Gama&#8217;a al-Islamiyya, Groupe Islamique Arm\u00e9e, Hamas, Harakat ul-Mujahidin, Hizbullah, Islamic Jihad, Jaish-e-Mohammed, Lashkar-e-Tayyiba, and al-Qaida?<br \/>\n    * Modernity: Should Muslim women have equal rights with men (for example, in inheritance shares or court testimony)? Is jihad, meaning a form of warfare, acceptable in today&#8217;s world? Do you accept the validity of other religions? Do Muslims have anything to learn from the West?<br \/>\n    * Secularism: Should non-Muslims enjoy completely equal civil rights with Muslims? May Muslims convert to other religions? May Muslim women marry non-Muslim men? Do you accept the laws of a majority non-Muslim government and unreservedly pledge allegiance to that government? Should the state impose religious observance, such as banning food service during Ramadan? When Islamic customs conflict with secular laws (e.g., covering the face for drivers&#8216; license pictures), which should give way?<br \/>\n    * Islamic pluralism: Are Sufis and Shi&#8217;ites fully legitimate Muslims? Do you see Muslims who disagree with you as having fallen into unbelief? Is takfir (condemning fellow Muslims with whom one has disagreements as unbelievers) an acceptable practice?<br \/>\n    * Self-criticism: Do you accept the legitimacy of scholarly inquiry into the origins of Islam? Who was responsible for the 9\/11 suicide hijackings?<br \/>\n    * Defense against militant Islam: Do you accept enhanced security measures to fight militant Islam, even if this means extra scrutiny of yourself (for example, at airline security)? Do you agree that institutions accused of funding terrorism should be shut down, or do you see this a symptom of bias?<br \/>\n    * Goals in the West: Do you accept that Western countries are majority-Christian and secular or do you seek to transform them into majority-Muslim countries ruled by Islamic law?<\/p>\n<p><a href=\"http:\/\/www.danielpipes.org\/article\/1322\">Hier<\/a> auf Deutsch und in anderen Sprachen.<\/p>\n","protected":false},"excerpt":{"rendered":"<p>Die verhinderten Anschl\u00e4ge haben wieder einmal zu Appellen gef\u00fchrt, die moderaten Muslime sollten sich von radikalen Islamisten distanzieren, mehr noch: Sie sollten diese zur Anzeige bringen. Das Neue und Erfreuliche: Nicht bloss von Aussen, sondern auch aus den Reihen der Islamverb\u00e4nde kamen solche Forderungen. Es sei &#8222;B\u00fcrger- und Muslimpflicht&#8220;, Extremismus zu melden, sagte Aiman Mazyek [&hellip;]<\/p>\n","protected":false},"author":54,"featured_media":0,"comment_status":"open","ping_status":"closed","sticky":false,"template":"","format":"standard","meta":{"jetpack_post_was_ever_published":false,"footnotes":""},"categories":[157,167],"tags":[],"class_list":["post-726","post","type-post","status-publish","format-standard","hentry","category-die-freunde-und-die-feinde-des-islams","category-islamismus-und-terror"],"yoast_head":"<!-- This site is optimized with the Yoast SEO plugin v21.0 - https:\/\/yoast.com\/wordpress\/plugins\/seo\/ -->\n<title>Was ist ein moderater Muslim? - J\u00f6rg Lau<\/title>\n<meta name=\"robots\" content=\"index, follow, max-snippet:-1, max-image-preview:large, max-video-preview:-1\" \/>\n<link rel=\"canonical\" href=\"https:\/\/blog.zeit.de\/joerglau\/2007\/09\/10\/was-ist-ein-moderater-muslim_726\" \/>\n<meta property=\"og:locale\" content=\"de_DE\" \/>\n<meta property=\"og:type\" content=\"article\" \/>\n<meta property=\"og:title\" content=\"Was ist ein moderater Muslim? - J\u00f6rg Lau\" \/>\n<meta property=\"og:description\" content=\"Die verhinderten Anschl\u00e4ge haben wieder einmal zu Appellen gef\u00fchrt, die moderaten Muslime sollten sich von radikalen Islamisten distanzieren, mehr noch: Sie sollten diese zur Anzeige bringen. Das Neue und Erfreuliche: Nicht bloss von Aussen, sondern auch aus den Reihen der Islamverb\u00e4nde kamen solche Forderungen. Es sei &#8222;B\u00fcrger- und Muslimpflicht&#8220;, Extremismus zu melden, sagte Aiman Mazyek [&hellip;]\" \/>\n<meta property=\"og:url\" content=\"https:\/\/blog.zeit.de\/joerglau\/2007\/09\/10\/was-ist-ein-moderater-muslim_726\" \/>\n<meta property=\"og:site_name\" content=\"J\u00f6rg Lau\" \/>\n<meta property=\"article:published_time\" content=\"2007-09-10T14:28:24+00:00\" \/>\n<meta name=\"author\" content=\"J\u00f6rg Lau\" \/>\n<meta name=\"twitter:card\" content=\"summary_large_image\" \/>\n<meta name=\"twitter:label1\" content=\"Geschrieben von\" \/>\n\t<meta name=\"twitter:data1\" content=\"J\u00f6rg Lau\" \/>\n\t<meta name=\"twitter:label2\" content=\"Gesch\u00e4tzte Lesezeit\" \/>\n\t<meta name=\"twitter:data2\" content=\"2\u00a0Minuten\" \/>\n<script type=\"application\/ld+json\" class=\"yoast-schema-graph\">{\"@context\":\"https:\/\/schema.org\",\"@graph\":[{\"@type\":\"WebPage\",\"@id\":\"https:\/\/blog.zeit.de\/joerglau\/2007\/09\/10\/was-ist-ein-moderater-muslim_726\",\"url\":\"https:\/\/blog.zeit.de\/joerglau\/2007\/09\/10\/was-ist-ein-moderater-muslim_726\",\"name\":\"Was ist ein moderater Muslim? - J\u00f6rg Lau\",\"isPartOf\":{\"@id\":\"https:\/\/blog.zeit.de\/joerglau\/#website\"},\"datePublished\":\"2007-09-10T14:28:24+00:00\",\"dateModified\":\"2007-09-10T14:28:24+00:00\",\"author\":{\"@id\":\"https:\/\/blog.zeit.de\/joerglau\/#\/schema\/person\/55f0be9bfac24815791fbc852b042f57\"},\"breadcrumb\":{\"@id\":\"https:\/\/blog.zeit.de\/joerglau\/2007\/09\/10\/was-ist-ein-moderater-muslim_726#breadcrumb\"},\"inLanguage\":\"de\",\"potentialAction\":[{\"@type\":\"ReadAction\",\"target\":[\"https:\/\/blog.zeit.de\/joerglau\/2007\/09\/10\/was-ist-ein-moderater-muslim_726\"]}]},{\"@type\":\"BreadcrumbList\",\"@id\":\"https:\/\/blog.zeit.de\/joerglau\/2007\/09\/10\/was-ist-ein-moderater-muslim_726#breadcrumb\",\"itemListElement\":[{\"@type\":\"ListItem\",\"position\":1,\"name\":\"Startseite\",\"item\":\"https:\/\/blog.zeit.de\/joerglau\"},{\"@type\":\"ListItem\",\"position\":2,\"name\":\"Was ist ein moderater Muslim?\"}]},{\"@type\":\"WebSite\",\"@id\":\"https:\/\/blog.zeit.de\/joerglau\/#website\",\"url\":\"https:\/\/blog.zeit.de\/joerglau\/\",\"name\":\"J\u00f6rg Lau\",\"description\":\"Ein Blog \u00fcber Religion und Politik\",\"potentialAction\":[{\"@type\":\"SearchAction\",\"target\":{\"@type\":\"EntryPoint\",\"urlTemplate\":\"https:\/\/blog.zeit.de\/joerglau\/?s={search_term_string}\"},\"query-input\":\"required name=search_term_string\"}],\"inLanguage\":\"de\"},{\"@type\":\"Person\",\"@id\":\"https:\/\/blog.zeit.de\/joerglau\/#\/schema\/person\/55f0be9bfac24815791fbc852b042f57\",\"name\":\"J\u00f6rg Lau\",\"image\":{\"@type\":\"ImageObject\",\"inLanguage\":\"de\",\"@id\":\"https:\/\/blog.zeit.de\/joerglau\/#\/schema\/person\/image\/\",\"url\":\"https:\/\/secure.gravatar.com\/avatar\/a5fe39bf4f5335b8bac36eefa0b41467221b1598bfea5f05159a0199e391eed0?s=96&d=mm&r=g\",\"contentUrl\":\"https:\/\/secure.gravatar.com\/avatar\/a5fe39bf4f5335b8bac36eefa0b41467221b1598bfea5f05159a0199e391eed0?s=96&d=mm&r=g\",\"caption\":\"J\u00f6rg Lau\"},\"url\":\"https:\/\/blog.zeit.de\/joerglau\/author\/joerg-lau\"}]}<\/script>\n<!-- \/ Yoast SEO plugin. -->","yoast_head_json":{"title":"Was ist ein moderater Muslim? - J\u00f6rg Lau","robots":{"index":"index","follow":"follow","max-snippet":"max-snippet:-1","max-image-preview":"max-image-preview:large","max-video-preview":"max-video-preview:-1"},"canonical":"https:\/\/blog.zeit.de\/joerglau\/2007\/09\/10\/was-ist-ein-moderater-muslim_726","og_locale":"de_DE","og_type":"article","og_title":"Was ist ein moderater Muslim? - J\u00f6rg Lau","og_description":"Die verhinderten Anschl\u00e4ge haben wieder einmal zu Appellen gef\u00fchrt, die moderaten Muslime sollten sich von radikalen Islamisten distanzieren, mehr noch: Sie sollten diese zur Anzeige bringen. Das Neue und Erfreuliche: Nicht bloss von Aussen, sondern auch aus den Reihen der Islamverb\u00e4nde kamen solche Forderungen. Es sei &#8222;B\u00fcrger- und Muslimpflicht&#8220;, Extremismus zu melden, sagte Aiman Mazyek [&hellip;]","og_url":"https:\/\/blog.zeit.de\/joerglau\/2007\/09\/10\/was-ist-ein-moderater-muslim_726","og_site_name":"J\u00f6rg Lau","article_published_time":"2007-09-10T14:28:24+00:00","author":"J\u00f6rg Lau","twitter_card":"summary_large_image","twitter_misc":{"Geschrieben von":"J\u00f6rg Lau","Gesch\u00e4tzte Lesezeit":"2\u00a0Minuten"},"schema":{"@context":"https:\/\/schema.org","@graph":[{"@type":"WebPage","@id":"https:\/\/blog.zeit.de\/joerglau\/2007\/09\/10\/was-ist-ein-moderater-muslim_726","url":"https:\/\/blog.zeit.de\/joerglau\/2007\/09\/10\/was-ist-ein-moderater-muslim_726","name":"Was ist ein moderater Muslim? - J\u00f6rg Lau","isPartOf":{"@id":"https:\/\/blog.zeit.de\/joerglau\/#website"},"datePublished":"2007-09-10T14:28:24+00:00","dateModified":"2007-09-10T14:28:24+00:00","author":{"@id":"https:\/\/blog.zeit.de\/joerglau\/#\/schema\/person\/55f0be9bfac24815791fbc852b042f57"},"breadcrumb":{"@id":"https:\/\/blog.zeit.de\/joerglau\/2007\/09\/10\/was-ist-ein-moderater-muslim_726#breadcrumb"},"inLanguage":"de","potentialAction":[{"@type":"ReadAction","target":["https:\/\/blog.zeit.de\/joerglau\/2007\/09\/10\/was-ist-ein-moderater-muslim_726"]}]},{"@type":"BreadcrumbList","@id":"https:\/\/blog.zeit.de\/joerglau\/2007\/09\/10\/was-ist-ein-moderater-muslim_726#breadcrumb","itemListElement":[{"@type":"ListItem","position":1,"name":"Startseite","item":"https:\/\/blog.zeit.de\/joerglau"},{"@type":"ListItem","position":2,"name":"Was ist ein moderater Muslim?"}]},{"@type":"WebSite","@id":"https:\/\/blog.zeit.de\/joerglau\/#website","url":"https:\/\/blog.zeit.de\/joerglau\/","name":"J\u00f6rg Lau","description":"Ein Blog \u00fcber Religion und Politik","potentialAction":[{"@type":"SearchAction","target":{"@type":"EntryPoint","urlTemplate":"https:\/\/blog.zeit.de\/joerglau\/?s={search_term_string}"},"query-input":"required name=search_term_string"}],"inLanguage":"de"},{"@type":"Person","@id":"https:\/\/blog.zeit.de\/joerglau\/#\/schema\/person\/55f0be9bfac24815791fbc852b042f57","name":"J\u00f6rg Lau","image":{"@type":"ImageObject","inLanguage":"de","@id":"https:\/\/blog.zeit.de\/joerglau\/#\/schema\/person\/image\/","url":"https:\/\/secure.gravatar.com\/avatar\/a5fe39bf4f5335b8bac36eefa0b41467221b1598bfea5f05159a0199e391eed0?s=96&d=mm&r=g","contentUrl":"https:\/\/secure.gravatar.com\/avatar\/a5fe39bf4f5335b8bac36eefa0b41467221b1598bfea5f05159a0199e391eed0?s=96&d=mm&r=g","caption":"J\u00f6rg Lau"},"url":"https:\/\/blog.zeit.de\/joerglau\/author\/joerg-lau"}]}},"jetpack_featured_media_url":"","jetpack_sharing_enabled":true,"jetpack_shortlink":"https:\/\/wp.me\/pG02W-bI","_links":{"self":[{"href":"https:\/\/blog.zeit.de\/joerglau\/wp-json\/wp\/v2\/posts\/726","targetHints":{"allow":["GET"]}}],"collection":[{"href":"https:\/\/blog.zeit.de\/joerglau\/wp-json\/wp\/v2\/posts"}],"about":[{"href":"https:\/\/blog.zeit.de\/joerglau\/wp-json\/wp\/v2\/types\/post"}],"author":[{"embeddable":true,"href":"https:\/\/blog.zeit.de\/joerglau\/wp-json\/wp\/v2\/users\/54"}],"replies":[{"embeddable":true,"href":"https:\/\/blog.zeit.de\/joerglau\/wp-json\/wp\/v2\/comments?post=726"}],"version-history":[{"count":0,"href":"https:\/\/blog.zeit.de\/joerglau\/wp-json\/wp\/v2\/posts\/726\/revisions"}],"wp:attachment":[{"href":"https:\/\/blog.zeit.de\/joerglau\/wp-json\/wp\/v2\/media?parent=726"}],"wp:term":[{"taxonomy":"category","embeddable":true,"href":"https:\/\/blog.zeit.de\/joerglau\/wp-json\/wp\/v2\/categories?post=726"},{"taxonomy":"post_tag","embeddable":true,"href":"https:\/\/blog.zeit.de\/joerglau\/wp-json\/wp\/v2\/tags?post=726"}],"curies":[{"name":"wp","href":"https:\/\/api.w.org\/{rel}","templated":true}]}}