{"id":728,"date":"2007-09-10T16:58:35","date_gmt":"2007-09-10T14:58:35","guid":{"rendered":"http:\/\/blog.zeit.de\/joerglau\/2007\/09\/10\/amerikanischer-scheich-wer-den-holocaust-leugnet-untergrabt-den-islam_728"},"modified":"2007-09-10T16:58:35","modified_gmt":"2007-09-10T14:58:35","slug":"amerikanischer-scheich-wer-den-holocaust-leugnet-untergrabt-den-islam","status":"publish","type":"post","link":"https:\/\/blog.zeit.de\/joerglau\/2007\/09\/10\/amerikanischer-scheich-wer-den-holocaust-leugnet-untergrabt-den-islam_728","title":{"rendered":"Amerikanischer Scheich: Wer den Holocaust leugnet, untergr\u00e4bt den Islam"},"content":{"rendered":"<p>In der j\u00fcdischen Zeitschrift Tikkun schreibt Scheich Hamza Yusuf:<\/p>\n<blockquote><p>I have personally met many Holocaust survivors and their children. I have seen tattoos. I have also heard firsthand accounts of the horrific events. The numbers and details of such events may be legitimate areas of research and inquiry for scholars, but questioning whether the events took place at all undermines the epistemological basis of our collective knowledge. Muslims, of all people, should be conscious of this as their religion is predicated on the same epistemological premises as many major events in history, such as the Holocaust.<br \/>\n<img decoding=\"async\" id=\"image727\" src=\"https:\/\/blog.zeit.de\/joerglau\/files\/2007\/09\/hamza.jpg\" alt=\"hamza.jpg\" \/><br \/>\n<em>Hamza Yusuf (alias Mark Hanson)<\/em> Foto: Zaytuna Institute<\/p>\n<p>To deny such things is to undermine Islam as an historical event. That a \u201cconference\u201d examining the historicity of the Holocaust should take place in a Muslim country hosted by a Muslim head of state is particularly tragic and, in my estimation, undermines the historicity of the faith of the people of that state.<\/p>\n<p>In our inherent contradictions as humans, and in order to validate our own pain, we deny the pain of others. But it is in acknowledging the pain of others that we achieve fully our humanity. <\/p><\/blockquote>\n<p>Ganzer Text <a href=\"http:\/\/www.zaytuna.org\/articleDetails.asp?articleID=118\">hier<\/a>.<\/p>\n","protected":false},"excerpt":{"rendered":"<p>In der j\u00fcdischen Zeitschrift Tikkun schreibt Scheich Hamza Yusuf: I have personally met many Holocaust survivors and their children. I have seen tattoos. I have also heard firsthand accounts of the horrific events. The numbers and details of such events may be legitimate areas of research and inquiry for scholars, but questioning whether the events [&hellip;]<\/p>\n","protected":false},"author":54,"featured_media":0,"comment_status":"open","ping_status":"closed","sticky":false,"template":"","format":"standard","meta":{"jetpack_post_was_ever_published":false,"footnotes":""},"categories":[157,170],"tags":[],"class_list":["post-728","post","type-post","status-publish","format-standard","hentry","category-die-freunde-und-die-feinde-des-islams","category-menschenrechte"],"yoast_head":"<!-- This site is optimized with the Yoast SEO plugin v21.0 - https:\/\/yoast.com\/wordpress\/plugins\/seo\/ -->\n<title>Amerikanischer Scheich: Wer den Holocaust leugnet, untergr\u00e4bt den Islam - J\u00f6rg Lau<\/title>\n<meta name=\"robots\" content=\"index, follow, max-snippet:-1, max-image-preview:large, max-video-preview:-1\" \/>\n<link rel=\"canonical\" href=\"https:\/\/blog.zeit.de\/joerglau\/2007\/09\/10\/amerikanischer-scheich-wer-den-holocaust-leugnet-untergrabt-den-islam_728\" \/>\n<meta property=\"og:locale\" content=\"de_DE\" \/>\n<meta property=\"og:type\" content=\"article\" \/>\n<meta property=\"og:title\" content=\"Amerikanischer Scheich: Wer den Holocaust leugnet, untergr\u00e4bt den Islam - J\u00f6rg Lau\" \/>\n<meta property=\"og:description\" content=\"In der j\u00fcdischen Zeitschrift Tikkun schreibt Scheich Hamza Yusuf: I have personally met many Holocaust survivors and their children. I have seen tattoos. I have also heard firsthand accounts of the horrific events. The numbers and details of such events may be legitimate areas of research and inquiry for scholars, but questioning whether the events [&hellip;]\" \/>\n<meta property=\"og:url\" content=\"https:\/\/blog.zeit.de\/joerglau\/2007\/09\/10\/amerikanischer-scheich-wer-den-holocaust-leugnet-untergrabt-den-islam_728\" \/>\n<meta property=\"og:site_name\" content=\"J\u00f6rg Lau\" \/>\n<meta property=\"article:published_time\" content=\"2007-09-10T14:58:35+00:00\" \/>\n<meta property=\"og:image\" content=\"https:\/\/blog.zeit.de\/joerglau\/files\/2007\/09\/hamza.jpg\" \/>\n<meta name=\"author\" content=\"J\u00f6rg Lau\" \/>\n<meta name=\"twitter:card\" content=\"summary_large_image\" \/>\n<meta name=\"twitter:label1\" content=\"Geschrieben von\" \/>\n\t<meta name=\"twitter:data1\" content=\"J\u00f6rg Lau\" \/>\n\t<meta name=\"twitter:label2\" content=\"Gesch\u00e4tzte Lesezeit\" \/>\n\t<meta name=\"twitter:data2\" content=\"1\u00a0Minute\" \/>\n<script type=\"application\/ld+json\" class=\"yoast-schema-graph\">{\"@context\":\"https:\/\/schema.org\",\"@graph\":[{\"@type\":\"WebPage\",\"@id\":\"https:\/\/blog.zeit.de\/joerglau\/2007\/09\/10\/amerikanischer-scheich-wer-den-holocaust-leugnet-untergrabt-den-islam_728\",\"url\":\"https:\/\/blog.zeit.de\/joerglau\/2007\/09\/10\/amerikanischer-scheich-wer-den-holocaust-leugnet-untergrabt-den-islam_728\",\"name\":\"Amerikanischer Scheich: Wer den Holocaust leugnet, untergr\u00e4bt den Islam - J\u00f6rg Lau\",\"isPartOf\":{\"@id\":\"https:\/\/blog.zeit.de\/joerglau\/#website\"},\"datePublished\":\"2007-09-10T14:58:35+00:00\",\"dateModified\":\"2007-09-10T14:58:35+00:00\",\"author\":{\"@id\":\"https:\/\/blog.zeit.de\/joerglau\/#\/schema\/person\/55f0be9bfac24815791fbc852b042f57\"},\"breadcrumb\":{\"@id\":\"https:\/\/blog.zeit.de\/joerglau\/2007\/09\/10\/amerikanischer-scheich-wer-den-holocaust-leugnet-untergrabt-den-islam_728#breadcrumb\"},\"inLanguage\":\"de\",\"potentialAction\":[{\"@type\":\"ReadAction\",\"target\":[\"https:\/\/blog.zeit.de\/joerglau\/2007\/09\/10\/amerikanischer-scheich-wer-den-holocaust-leugnet-untergrabt-den-islam_728\"]}]},{\"@type\":\"BreadcrumbList\",\"@id\":\"https:\/\/blog.zeit.de\/joerglau\/2007\/09\/10\/amerikanischer-scheich-wer-den-holocaust-leugnet-untergrabt-den-islam_728#breadcrumb\",\"itemListElement\":[{\"@type\":\"ListItem\",\"position\":1,\"name\":\"Startseite\",\"item\":\"https:\/\/blog.zeit.de\/joerglau\"},{\"@type\":\"ListItem\",\"position\":2,\"name\":\"Amerikanischer Scheich: Wer den Holocaust leugnet, untergr\u00e4bt den Islam\"}]},{\"@type\":\"WebSite\",\"@id\":\"https:\/\/blog.zeit.de\/joerglau\/#website\",\"url\":\"https:\/\/blog.zeit.de\/joerglau\/\",\"name\":\"J\u00f6rg Lau\",\"description\":\"Ein Blog \u00fcber Religion und Politik\",\"potentialAction\":[{\"@type\":\"SearchAction\",\"target\":{\"@type\":\"EntryPoint\",\"urlTemplate\":\"https:\/\/blog.zeit.de\/joerglau\/?s={search_term_string}\"},\"query-input\":\"required name=search_term_string\"}],\"inLanguage\":\"de\"},{\"@type\":\"Person\",\"@id\":\"https:\/\/blog.zeit.de\/joerglau\/#\/schema\/person\/55f0be9bfac24815791fbc852b042f57\",\"name\":\"J\u00f6rg Lau\",\"image\":{\"@type\":\"ImageObject\",\"inLanguage\":\"de\",\"@id\":\"https:\/\/blog.zeit.de\/joerglau\/#\/schema\/person\/image\/\",\"url\":\"https:\/\/secure.gravatar.com\/avatar\/a5fe39bf4f5335b8bac36eefa0b41467221b1598bfea5f05159a0199e391eed0?s=96&d=mm&r=g\",\"contentUrl\":\"https:\/\/secure.gravatar.com\/avatar\/a5fe39bf4f5335b8bac36eefa0b41467221b1598bfea5f05159a0199e391eed0?s=96&d=mm&r=g\",\"caption\":\"J\u00f6rg Lau\"},\"url\":\"https:\/\/blog.zeit.de\/joerglau\/author\/joerg-lau\"}]}<\/script>\n<!-- \/ Yoast SEO plugin. -->","yoast_head_json":{"title":"Amerikanischer Scheich: Wer den Holocaust leugnet, untergr\u00e4bt den Islam - J\u00f6rg Lau","robots":{"index":"index","follow":"follow","max-snippet":"max-snippet:-1","max-image-preview":"max-image-preview:large","max-video-preview":"max-video-preview:-1"},"canonical":"https:\/\/blog.zeit.de\/joerglau\/2007\/09\/10\/amerikanischer-scheich-wer-den-holocaust-leugnet-untergrabt-den-islam_728","og_locale":"de_DE","og_type":"article","og_title":"Amerikanischer Scheich: Wer den Holocaust leugnet, untergr\u00e4bt den Islam - J\u00f6rg Lau","og_description":"In der j\u00fcdischen Zeitschrift Tikkun schreibt Scheich Hamza Yusuf: I have personally met many Holocaust survivors and their children. I have seen tattoos. I have also heard firsthand accounts of the horrific events. The numbers and details of such events may be legitimate areas of research and inquiry for scholars, but questioning whether the events [&hellip;]","og_url":"https:\/\/blog.zeit.de\/joerglau\/2007\/09\/10\/amerikanischer-scheich-wer-den-holocaust-leugnet-untergrabt-den-islam_728","og_site_name":"J\u00f6rg Lau","article_published_time":"2007-09-10T14:58:35+00:00","og_image":[{"url":"https:\/\/blog.zeit.de\/joerglau\/files\/2007\/09\/hamza.jpg"}],"author":"J\u00f6rg Lau","twitter_card":"summary_large_image","twitter_misc":{"Geschrieben von":"J\u00f6rg Lau","Gesch\u00e4tzte Lesezeit":"1\u00a0Minute"},"schema":{"@context":"https:\/\/schema.org","@graph":[{"@type":"WebPage","@id":"https:\/\/blog.zeit.de\/joerglau\/2007\/09\/10\/amerikanischer-scheich-wer-den-holocaust-leugnet-untergrabt-den-islam_728","url":"https:\/\/blog.zeit.de\/joerglau\/2007\/09\/10\/amerikanischer-scheich-wer-den-holocaust-leugnet-untergrabt-den-islam_728","name":"Amerikanischer Scheich: Wer den Holocaust leugnet, untergr\u00e4bt den Islam - J\u00f6rg Lau","isPartOf":{"@id":"https:\/\/blog.zeit.de\/joerglau\/#website"},"datePublished":"2007-09-10T14:58:35+00:00","dateModified":"2007-09-10T14:58:35+00:00","author":{"@id":"https:\/\/blog.zeit.de\/joerglau\/#\/schema\/person\/55f0be9bfac24815791fbc852b042f57"},"breadcrumb":{"@id":"https:\/\/blog.zeit.de\/joerglau\/2007\/09\/10\/amerikanischer-scheich-wer-den-holocaust-leugnet-untergrabt-den-islam_728#breadcrumb"},"inLanguage":"de","potentialAction":[{"@type":"ReadAction","target":["https:\/\/blog.zeit.de\/joerglau\/2007\/09\/10\/amerikanischer-scheich-wer-den-holocaust-leugnet-untergrabt-den-islam_728"]}]},{"@type":"BreadcrumbList","@id":"https:\/\/blog.zeit.de\/joerglau\/2007\/09\/10\/amerikanischer-scheich-wer-den-holocaust-leugnet-untergrabt-den-islam_728#breadcrumb","itemListElement":[{"@type":"ListItem","position":1,"name":"Startseite","item":"https:\/\/blog.zeit.de\/joerglau"},{"@type":"ListItem","position":2,"name":"Amerikanischer Scheich: Wer den Holocaust leugnet, untergr\u00e4bt den Islam"}]},{"@type":"WebSite","@id":"https:\/\/blog.zeit.de\/joerglau\/#website","url":"https:\/\/blog.zeit.de\/joerglau\/","name":"J\u00f6rg Lau","description":"Ein Blog \u00fcber Religion und Politik","potentialAction":[{"@type":"SearchAction","target":{"@type":"EntryPoint","urlTemplate":"https:\/\/blog.zeit.de\/joerglau\/?s={search_term_string}"},"query-input":"required name=search_term_string"}],"inLanguage":"de"},{"@type":"Person","@id":"https:\/\/blog.zeit.de\/joerglau\/#\/schema\/person\/55f0be9bfac24815791fbc852b042f57","name":"J\u00f6rg Lau","image":{"@type":"ImageObject","inLanguage":"de","@id":"https:\/\/blog.zeit.de\/joerglau\/#\/schema\/person\/image\/","url":"https:\/\/secure.gravatar.com\/avatar\/a5fe39bf4f5335b8bac36eefa0b41467221b1598bfea5f05159a0199e391eed0?s=96&d=mm&r=g","contentUrl":"https:\/\/secure.gravatar.com\/avatar\/a5fe39bf4f5335b8bac36eefa0b41467221b1598bfea5f05159a0199e391eed0?s=96&d=mm&r=g","caption":"J\u00f6rg Lau"},"url":"https:\/\/blog.zeit.de\/joerglau\/author\/joerg-lau"}]}},"jetpack_featured_media_url":"","jetpack_sharing_enabled":true,"jetpack_shortlink":"https:\/\/wp.me\/pG02W-bK","_links":{"self":[{"href":"https:\/\/blog.zeit.de\/joerglau\/wp-json\/wp\/v2\/posts\/728","targetHints":{"allow":["GET"]}}],"collection":[{"href":"https:\/\/blog.zeit.de\/joerglau\/wp-json\/wp\/v2\/posts"}],"about":[{"href":"https:\/\/blog.zeit.de\/joerglau\/wp-json\/wp\/v2\/types\/post"}],"author":[{"embeddable":true,"href":"https:\/\/blog.zeit.de\/joerglau\/wp-json\/wp\/v2\/users\/54"}],"replies":[{"embeddable":true,"href":"https:\/\/blog.zeit.de\/joerglau\/wp-json\/wp\/v2\/comments?post=728"}],"version-history":[{"count":0,"href":"https:\/\/blog.zeit.de\/joerglau\/wp-json\/wp\/v2\/posts\/728\/revisions"}],"wp:attachment":[{"href":"https:\/\/blog.zeit.de\/joerglau\/wp-json\/wp\/v2\/media?parent=728"}],"wp:term":[{"taxonomy":"category","embeddable":true,"href":"https:\/\/blog.zeit.de\/joerglau\/wp-json\/wp\/v2\/categories?post=728"},{"taxonomy":"post_tag","embeddable":true,"href":"https:\/\/blog.zeit.de\/joerglau\/wp-json\/wp\/v2\/tags?post=728"}],"curies":[{"name":"wp","href":"https:\/\/api.w.org\/{rel}","templated":true}]}}