{"id":732,"date":"2007-09-10T22:03:33","date_gmt":"2007-09-10T20:03:33","guid":{"rendered":"http:\/\/blog.zeit.de\/joerglau\/2007\/09\/10\/syrien-als-zuflucht_732"},"modified":"2007-09-10T22:03:33","modified_gmt":"2007-09-10T20:03:33","slug":"syrien-als-zuflucht","status":"publish","type":"post","link":"https:\/\/blog.zeit.de\/joerglau\/2007\/09\/10\/syrien-als-zuflucht_732","title":{"rendered":"Syrien als Zuflucht?"},"content":{"rendered":"<p>Syrien ist eines der L\u00e4nder, die von den USA als Schurkenstaaten &#8211; Unterst\u00fctzer des internationalen Terrorismus, Feinde der liberalen Demokratie &#8211; betrachtet werden. Was sagt es \u00fcber das Ausma\u00df des Desasters im Irak, dass t\u00e4glich 2000 Iraker aus dem vermeintlich &#8222;befreiten&#8220; Land in die totalit\u00e4re Herrschaft des Assad-Regimes fliehen?<\/p>\n<p>Dies sagt Erika Feller vom UN-Fl\u00fcchtlingskomissariat gegen\u00fcber <a href=\"http:\/\/www.aawsat.com\/english\/news.asp?section=1&#038;id=10161\">Asharq-Alawsat<\/a>:<\/p>\n<blockquote><p><span class=\"txtmn\">&#8222;Approximately 2,000 Iraqis cross the border into Syria every day in search of a safe haven. So far, more than two million Iraqis have left Iraq and I think Iraqis will continue to leave because of the hard circumstances, turmoil, violence and religious persecution. I do not think anyone living in such circumstances can stay in Iraq. I was in Syria and saw the enormous numbers of Iraqis who have left Iraq. The number of Iraqis in Jordan and Lebanon may have stabilized, but not in Syria. It is difficult to determine the figures because we do no know where these Iraqis are staying.&#8220;<\/span><\/p><\/blockquote>\n","protected":false},"excerpt":{"rendered":"<p>Syrien ist eines der L\u00e4nder, die von den USA als Schurkenstaaten &#8211; Unterst\u00fctzer des internationalen Terrorismus, Feinde der liberalen Demokratie &#8211; betrachtet werden. Was sagt es \u00fcber das Ausma\u00df des Desasters im Irak, dass t\u00e4glich 2000 Iraker aus dem vermeintlich &#8222;befreiten&#8220; Land in die totalit\u00e4re Herrschaft des Assad-Regimes fliehen? Dies sagt Erika Feller vom UN-Fl\u00fcchtlingskomissariat [&hellip;]<\/p>\n","protected":false},"author":54,"featured_media":0,"comment_status":"open","ping_status":"closed","sticky":false,"template":"","format":"standard","meta":{"jetpack_post_was_ever_published":false,"footnotes":""},"categories":[152,165],"tags":[],"class_list":["post-732","post","type-post","status-publish","format-standard","hentry","category-aussenpolitik","category-irak"],"yoast_head":"<!-- This site is optimized with the Yoast SEO plugin v21.0 - https:\/\/yoast.com\/wordpress\/plugins\/seo\/ -->\n<title>Syrien als Zuflucht? - J\u00f6rg Lau<\/title>\n<meta name=\"robots\" content=\"index, follow, max-snippet:-1, max-image-preview:large, max-video-preview:-1\" \/>\n<link rel=\"canonical\" href=\"https:\/\/blog.zeit.de\/joerglau\/2007\/09\/10\/syrien-als-zuflucht_732\" \/>\n<meta property=\"og:locale\" content=\"de_DE\" \/>\n<meta property=\"og:type\" content=\"article\" \/>\n<meta property=\"og:title\" content=\"Syrien als Zuflucht? - J\u00f6rg Lau\" \/>\n<meta property=\"og:description\" content=\"Syrien ist eines der L\u00e4nder, die von den USA als Schurkenstaaten &#8211; Unterst\u00fctzer des internationalen Terrorismus, Feinde der liberalen Demokratie &#8211; betrachtet werden. Was sagt es \u00fcber das Ausma\u00df des Desasters im Irak, dass t\u00e4glich 2000 Iraker aus dem vermeintlich &#8222;befreiten&#8220; Land in die totalit\u00e4re Herrschaft des Assad-Regimes fliehen? Dies sagt Erika Feller vom UN-Fl\u00fcchtlingskomissariat [&hellip;]\" \/>\n<meta property=\"og:url\" content=\"https:\/\/blog.zeit.de\/joerglau\/2007\/09\/10\/syrien-als-zuflucht_732\" \/>\n<meta property=\"og:site_name\" content=\"J\u00f6rg Lau\" \/>\n<meta property=\"article:published_time\" content=\"2007-09-10T20:03:33+00:00\" \/>\n<meta name=\"author\" content=\"J\u00f6rg Lau\" \/>\n<meta name=\"twitter:card\" content=\"summary_large_image\" \/>\n<meta name=\"twitter:label1\" content=\"Geschrieben von\" \/>\n\t<meta name=\"twitter:data1\" content=\"J\u00f6rg Lau\" \/>\n\t<meta name=\"twitter:label2\" content=\"Gesch\u00e4tzte Lesezeit\" \/>\n\t<meta name=\"twitter:data2\" content=\"1\u00a0Minute\" \/>\n<script type=\"application\/ld+json\" class=\"yoast-schema-graph\">{\"@context\":\"https:\/\/schema.org\",\"@graph\":[{\"@type\":\"WebPage\",\"@id\":\"https:\/\/blog.zeit.de\/joerglau\/2007\/09\/10\/syrien-als-zuflucht_732\",\"url\":\"https:\/\/blog.zeit.de\/joerglau\/2007\/09\/10\/syrien-als-zuflucht_732\",\"name\":\"Syrien als Zuflucht? - J\u00f6rg Lau\",\"isPartOf\":{\"@id\":\"https:\/\/blog.zeit.de\/joerglau\/#website\"},\"datePublished\":\"2007-09-10T20:03:33+00:00\",\"dateModified\":\"2007-09-10T20:03:33+00:00\",\"author\":{\"@id\":\"https:\/\/blog.zeit.de\/joerglau\/#\/schema\/person\/55f0be9bfac24815791fbc852b042f57\"},\"breadcrumb\":{\"@id\":\"https:\/\/blog.zeit.de\/joerglau\/2007\/09\/10\/syrien-als-zuflucht_732#breadcrumb\"},\"inLanguage\":\"de\",\"potentialAction\":[{\"@type\":\"ReadAction\",\"target\":[\"https:\/\/blog.zeit.de\/joerglau\/2007\/09\/10\/syrien-als-zuflucht_732\"]}]},{\"@type\":\"BreadcrumbList\",\"@id\":\"https:\/\/blog.zeit.de\/joerglau\/2007\/09\/10\/syrien-als-zuflucht_732#breadcrumb\",\"itemListElement\":[{\"@type\":\"ListItem\",\"position\":1,\"name\":\"Startseite\",\"item\":\"https:\/\/blog.zeit.de\/joerglau\"},{\"@type\":\"ListItem\",\"position\":2,\"name\":\"Syrien als Zuflucht?\"}]},{\"@type\":\"WebSite\",\"@id\":\"https:\/\/blog.zeit.de\/joerglau\/#website\",\"url\":\"https:\/\/blog.zeit.de\/joerglau\/\",\"name\":\"J\u00f6rg Lau\",\"description\":\"Ein Blog \u00fcber Religion und Politik\",\"potentialAction\":[{\"@type\":\"SearchAction\",\"target\":{\"@type\":\"EntryPoint\",\"urlTemplate\":\"https:\/\/blog.zeit.de\/joerglau\/?s={search_term_string}\"},\"query-input\":\"required name=search_term_string\"}],\"inLanguage\":\"de\"},{\"@type\":\"Person\",\"@id\":\"https:\/\/blog.zeit.de\/joerglau\/#\/schema\/person\/55f0be9bfac24815791fbc852b042f57\",\"name\":\"J\u00f6rg Lau\",\"image\":{\"@type\":\"ImageObject\",\"inLanguage\":\"de\",\"@id\":\"https:\/\/blog.zeit.de\/joerglau\/#\/schema\/person\/image\/\",\"url\":\"https:\/\/secure.gravatar.com\/avatar\/a5fe39bf4f5335b8bac36eefa0b41467221b1598bfea5f05159a0199e391eed0?s=96&d=mm&r=g\",\"contentUrl\":\"https:\/\/secure.gravatar.com\/avatar\/a5fe39bf4f5335b8bac36eefa0b41467221b1598bfea5f05159a0199e391eed0?s=96&d=mm&r=g\",\"caption\":\"J\u00f6rg Lau\"},\"url\":\"https:\/\/blog.zeit.de\/joerglau\/author\/joerg-lau\"}]}<\/script>\n<!-- \/ Yoast SEO plugin. -->","yoast_head_json":{"title":"Syrien als Zuflucht? - J\u00f6rg Lau","robots":{"index":"index","follow":"follow","max-snippet":"max-snippet:-1","max-image-preview":"max-image-preview:large","max-video-preview":"max-video-preview:-1"},"canonical":"https:\/\/blog.zeit.de\/joerglau\/2007\/09\/10\/syrien-als-zuflucht_732","og_locale":"de_DE","og_type":"article","og_title":"Syrien als Zuflucht? - J\u00f6rg Lau","og_description":"Syrien ist eines der L\u00e4nder, die von den USA als Schurkenstaaten &#8211; Unterst\u00fctzer des internationalen Terrorismus, Feinde der liberalen Demokratie &#8211; betrachtet werden. Was sagt es \u00fcber das Ausma\u00df des Desasters im Irak, dass t\u00e4glich 2000 Iraker aus dem vermeintlich &#8222;befreiten&#8220; Land in die totalit\u00e4re Herrschaft des Assad-Regimes fliehen? Dies sagt Erika Feller vom UN-Fl\u00fcchtlingskomissariat [&hellip;]","og_url":"https:\/\/blog.zeit.de\/joerglau\/2007\/09\/10\/syrien-als-zuflucht_732","og_site_name":"J\u00f6rg Lau","article_published_time":"2007-09-10T20:03:33+00:00","author":"J\u00f6rg Lau","twitter_card":"summary_large_image","twitter_misc":{"Geschrieben von":"J\u00f6rg Lau","Gesch\u00e4tzte Lesezeit":"1\u00a0Minute"},"schema":{"@context":"https:\/\/schema.org","@graph":[{"@type":"WebPage","@id":"https:\/\/blog.zeit.de\/joerglau\/2007\/09\/10\/syrien-als-zuflucht_732","url":"https:\/\/blog.zeit.de\/joerglau\/2007\/09\/10\/syrien-als-zuflucht_732","name":"Syrien als Zuflucht? - J\u00f6rg Lau","isPartOf":{"@id":"https:\/\/blog.zeit.de\/joerglau\/#website"},"datePublished":"2007-09-10T20:03:33+00:00","dateModified":"2007-09-10T20:03:33+00:00","author":{"@id":"https:\/\/blog.zeit.de\/joerglau\/#\/schema\/person\/55f0be9bfac24815791fbc852b042f57"},"breadcrumb":{"@id":"https:\/\/blog.zeit.de\/joerglau\/2007\/09\/10\/syrien-als-zuflucht_732#breadcrumb"},"inLanguage":"de","potentialAction":[{"@type":"ReadAction","target":["https:\/\/blog.zeit.de\/joerglau\/2007\/09\/10\/syrien-als-zuflucht_732"]}]},{"@type":"BreadcrumbList","@id":"https:\/\/blog.zeit.de\/joerglau\/2007\/09\/10\/syrien-als-zuflucht_732#breadcrumb","itemListElement":[{"@type":"ListItem","position":1,"name":"Startseite","item":"https:\/\/blog.zeit.de\/joerglau"},{"@type":"ListItem","position":2,"name":"Syrien als Zuflucht?"}]},{"@type":"WebSite","@id":"https:\/\/blog.zeit.de\/joerglau\/#website","url":"https:\/\/blog.zeit.de\/joerglau\/","name":"J\u00f6rg Lau","description":"Ein Blog \u00fcber Religion und Politik","potentialAction":[{"@type":"SearchAction","target":{"@type":"EntryPoint","urlTemplate":"https:\/\/blog.zeit.de\/joerglau\/?s={search_term_string}"},"query-input":"required name=search_term_string"}],"inLanguage":"de"},{"@type":"Person","@id":"https:\/\/blog.zeit.de\/joerglau\/#\/schema\/person\/55f0be9bfac24815791fbc852b042f57","name":"J\u00f6rg Lau","image":{"@type":"ImageObject","inLanguage":"de","@id":"https:\/\/blog.zeit.de\/joerglau\/#\/schema\/person\/image\/","url":"https:\/\/secure.gravatar.com\/avatar\/a5fe39bf4f5335b8bac36eefa0b41467221b1598bfea5f05159a0199e391eed0?s=96&d=mm&r=g","contentUrl":"https:\/\/secure.gravatar.com\/avatar\/a5fe39bf4f5335b8bac36eefa0b41467221b1598bfea5f05159a0199e391eed0?s=96&d=mm&r=g","caption":"J\u00f6rg Lau"},"url":"https:\/\/blog.zeit.de\/joerglau\/author\/joerg-lau"}]}},"jetpack_featured_media_url":"","jetpack_sharing_enabled":true,"jetpack_shortlink":"https:\/\/wp.me\/pG02W-bO","_links":{"self":[{"href":"https:\/\/blog.zeit.de\/joerglau\/wp-json\/wp\/v2\/posts\/732","targetHints":{"allow":["GET"]}}],"collection":[{"href":"https:\/\/blog.zeit.de\/joerglau\/wp-json\/wp\/v2\/posts"}],"about":[{"href":"https:\/\/blog.zeit.de\/joerglau\/wp-json\/wp\/v2\/types\/post"}],"author":[{"embeddable":true,"href":"https:\/\/blog.zeit.de\/joerglau\/wp-json\/wp\/v2\/users\/54"}],"replies":[{"embeddable":true,"href":"https:\/\/blog.zeit.de\/joerglau\/wp-json\/wp\/v2\/comments?post=732"}],"version-history":[{"count":0,"href":"https:\/\/blog.zeit.de\/joerglau\/wp-json\/wp\/v2\/posts\/732\/revisions"}],"wp:attachment":[{"href":"https:\/\/blog.zeit.de\/joerglau\/wp-json\/wp\/v2\/media?parent=732"}],"wp:term":[{"taxonomy":"category","embeddable":true,"href":"https:\/\/blog.zeit.de\/joerglau\/wp-json\/wp\/v2\/categories?post=732"},{"taxonomy":"post_tag","embeddable":true,"href":"https:\/\/blog.zeit.de\/joerglau\/wp-json\/wp\/v2\/tags?post=732"}],"curies":[{"name":"wp","href":"https:\/\/api.w.org\/{rel}","templated":true}]}}