{"id":751,"date":"2007-09-14T10:59:10","date_gmt":"2007-09-14T08:59:10","guid":{"rendered":"http:\/\/blog.zeit.de\/joerglau\/2007\/09\/14\/saudischer-journalist-bin-laden-soll-uber-seine-eigenen-verbrechen-rechenschaft-geben_751"},"modified":"2007-09-14T10:59:10","modified_gmt":"2007-09-14T08:59:10","slug":"saudischer-journalist-bin-laden-soll-uber-seine-eigenen-verbrechen-rechenschaft-geben","status":"publish","type":"post","link":"https:\/\/blog.zeit.de\/joerglau\/2007\/09\/14\/saudischer-journalist-bin-laden-soll-uber-seine-eigenen-verbrechen-rechenschaft-geben_751","title":{"rendered":"Saudischer Journalist: Bin Laden soll \u00fcber seine eigenen Verbrechen Rechenschaft geben"},"content":{"rendered":"<p>Der Meinungsredakteur der arabischen Tageszeitung <a href=\"http:\/\/www.asharqalawsat.com\/english\/news.asp?section=2&#038;id=10194\">Asharq Alawsat<\/a> l\u00e4sst seine Wut \u00fcber Bin Ladens neue Rede und \u00fcber die klammheimlichen Unterst\u00fctzer des Terrorpropheten freien Lauf. Bin Laden hat die Amerikaner in seiner Rede des Massenmordes im Irak angeklagt. Mshari Al-Zaydi kontert:<\/p>\n<blockquote>\n<p>We want the leader of Al Qaeda and his supporters &#8211; and there are many varying between secret admirers to declared admirers and fans and those who only half-declare their support &#8211; we ask of him and them to speak about Al Qaeda\u2019s crimes in Iraq and how they have contributed to the death and destruction!<\/p>\n<p><img decoding=\"async\" id=\"image750\" src=\"https:\/\/blog.zeit.de\/joerglau\/files\/2007\/09\/mashari.gif\" alt=\"mashari.gif\" \/><br \/>\n<em><br \/>\nMshari Al-Zaydi<\/em> Foto: Asharq Alawsat<\/p>\n<p>Here are a few questions for you Mr. Osama Bin Laden: Has Al Qaeda contributed to the rise of murders and has it endorsed death and destruction in Iraq? Have its bombs, explosive devices planted in cars and suicide bombers played a part in increasing the death toll in Iraq? Have victims not fallen in Iraq as a result of your followers strapping themselves up with explosives belts and detonating them to kill innocent people?<\/p>\n<p>You are not in a position to preach or speak or play the hero in the story of murder in Iraq. We sincerely would like to believe your grief and compassion for the dead in Iraq, but the daily realities prevent us from doing so.<\/p>\n<p>&#8230;<\/p>\n<p>Whoever believes that the threat posed by Osama, Al Qaeda and fundamentalism (with all the danger entailed in terms of ideology) has subsided or diminished in any way is deluded, if I may say so.<\/p>\n<p>All that has happened since the September 11 attacks in 2001 was a case of bowing down in the face of the American storm, while disregarding the internal criticism among the Arab and Muslim communities until things \u2018pass\u2019. Since then, no changes and nothing new has been proposed and no one cares.<br \/>\n&#8230;<\/p>\n<p>Even the \u2018streetwise\u2019 singer Shaaban Abdel Rahim thinks Osama Bin Laden is right and regards him as a hero. He sings:<\/p>\n<p>I commend Bin Laden for the tower he bombed<\/p>\n<p>We want another attack to make the Arabs happy.<\/p>\n<p>This is what Shaaban hopes for, on behalf of the Arabs, a second strike to make them happy. Perhaps that is what Bin Laden is planning for with his new youthful image, to bring everyone back to their youth!<\/p>\n<\/blockquote>\n","protected":false},"excerpt":{"rendered":"<p>Der Meinungsredakteur der arabischen Tageszeitung Asharq Alawsat l\u00e4sst seine Wut \u00fcber Bin Ladens neue Rede und \u00fcber die klammheimlichen Unterst\u00fctzer des Terrorpropheten freien Lauf. Bin Laden hat die Amerikaner in seiner Rede des Massenmordes im Irak angeklagt. Mshari Al-Zaydi kontert: We want the leader of Al Qaeda and his supporters &#8211; and there are many [&hellip;]<\/p>\n","protected":false},"author":54,"featured_media":0,"comment_status":"open","ping_status":"closed","sticky":false,"template":"","format":"standard","meta":{"jetpack_post_was_ever_published":false,"footnotes":""},"categories":[165,167],"tags":[],"class_list":["post-751","post","type-post","status-publish","format-standard","hentry","category-irak","category-islamismus-und-terror"],"yoast_head":"<!-- This site is optimized with the Yoast SEO plugin v21.0 - https:\/\/yoast.com\/wordpress\/plugins\/seo\/ -->\n<title>Saudischer Journalist: Bin Laden soll \u00fcber seine eigenen Verbrechen Rechenschaft geben - J\u00f6rg Lau<\/title>\n<meta name=\"robots\" content=\"index, follow, max-snippet:-1, max-image-preview:large, max-video-preview:-1\" \/>\n<link rel=\"canonical\" href=\"https:\/\/blog.zeit.de\/joerglau\/2007\/09\/14\/saudischer-journalist-bin-laden-soll-uber-seine-eigenen-verbrechen-rechenschaft-geben_751\" \/>\n<meta property=\"og:locale\" content=\"de_DE\" \/>\n<meta property=\"og:type\" content=\"article\" \/>\n<meta property=\"og:title\" content=\"Saudischer Journalist: Bin Laden soll \u00fcber seine eigenen Verbrechen Rechenschaft geben - J\u00f6rg Lau\" \/>\n<meta property=\"og:description\" content=\"Der Meinungsredakteur der arabischen Tageszeitung Asharq Alawsat l\u00e4sst seine Wut \u00fcber Bin Ladens neue Rede und \u00fcber die klammheimlichen Unterst\u00fctzer des Terrorpropheten freien Lauf. Bin Laden hat die Amerikaner in seiner Rede des Massenmordes im Irak angeklagt. Mshari Al-Zaydi kontert: We want the leader of Al Qaeda and his supporters &#8211; and there are many [&hellip;]\" \/>\n<meta property=\"og:url\" content=\"https:\/\/blog.zeit.de\/joerglau\/2007\/09\/14\/saudischer-journalist-bin-laden-soll-uber-seine-eigenen-verbrechen-rechenschaft-geben_751\" \/>\n<meta property=\"og:site_name\" content=\"J\u00f6rg Lau\" \/>\n<meta property=\"article:published_time\" content=\"2007-09-14T08:59:10+00:00\" \/>\n<meta property=\"og:image\" content=\"https:\/\/blog.zeit.de\/joerglau\/files\/2007\/09\/mashari.gif\" \/>\n<meta name=\"author\" content=\"J\u00f6rg Lau\" \/>\n<meta name=\"twitter:card\" content=\"summary_large_image\" \/>\n<meta name=\"twitter:label1\" content=\"Geschrieben von\" \/>\n\t<meta name=\"twitter:data1\" content=\"J\u00f6rg Lau\" \/>\n\t<meta name=\"twitter:label2\" content=\"Gesch\u00e4tzte Lesezeit\" \/>\n\t<meta name=\"twitter:data2\" content=\"2\u00a0Minuten\" \/>\n<script type=\"application\/ld+json\" class=\"yoast-schema-graph\">{\"@context\":\"https:\/\/schema.org\",\"@graph\":[{\"@type\":\"WebPage\",\"@id\":\"https:\/\/blog.zeit.de\/joerglau\/2007\/09\/14\/saudischer-journalist-bin-laden-soll-uber-seine-eigenen-verbrechen-rechenschaft-geben_751\",\"url\":\"https:\/\/blog.zeit.de\/joerglau\/2007\/09\/14\/saudischer-journalist-bin-laden-soll-uber-seine-eigenen-verbrechen-rechenschaft-geben_751\",\"name\":\"Saudischer Journalist: Bin Laden soll \u00fcber seine eigenen Verbrechen Rechenschaft geben - J\u00f6rg Lau\",\"isPartOf\":{\"@id\":\"https:\/\/blog.zeit.de\/joerglau\/#website\"},\"datePublished\":\"2007-09-14T08:59:10+00:00\",\"dateModified\":\"2007-09-14T08:59:10+00:00\",\"author\":{\"@id\":\"https:\/\/blog.zeit.de\/joerglau\/#\/schema\/person\/55f0be9bfac24815791fbc852b042f57\"},\"breadcrumb\":{\"@id\":\"https:\/\/blog.zeit.de\/joerglau\/2007\/09\/14\/saudischer-journalist-bin-laden-soll-uber-seine-eigenen-verbrechen-rechenschaft-geben_751#breadcrumb\"},\"inLanguage\":\"de\",\"potentialAction\":[{\"@type\":\"ReadAction\",\"target\":[\"https:\/\/blog.zeit.de\/joerglau\/2007\/09\/14\/saudischer-journalist-bin-laden-soll-uber-seine-eigenen-verbrechen-rechenschaft-geben_751\"]}]},{\"@type\":\"BreadcrumbList\",\"@id\":\"https:\/\/blog.zeit.de\/joerglau\/2007\/09\/14\/saudischer-journalist-bin-laden-soll-uber-seine-eigenen-verbrechen-rechenschaft-geben_751#breadcrumb\",\"itemListElement\":[{\"@type\":\"ListItem\",\"position\":1,\"name\":\"Startseite\",\"item\":\"https:\/\/blog.zeit.de\/joerglau\"},{\"@type\":\"ListItem\",\"position\":2,\"name\":\"Saudischer Journalist: Bin Laden soll \u00fcber seine eigenen Verbrechen Rechenschaft geben\"}]},{\"@type\":\"WebSite\",\"@id\":\"https:\/\/blog.zeit.de\/joerglau\/#website\",\"url\":\"https:\/\/blog.zeit.de\/joerglau\/\",\"name\":\"J\u00f6rg Lau\",\"description\":\"Ein Blog \u00fcber Religion und Politik\",\"potentialAction\":[{\"@type\":\"SearchAction\",\"target\":{\"@type\":\"EntryPoint\",\"urlTemplate\":\"https:\/\/blog.zeit.de\/joerglau\/?s={search_term_string}\"},\"query-input\":\"required name=search_term_string\"}],\"inLanguage\":\"de\"},{\"@type\":\"Person\",\"@id\":\"https:\/\/blog.zeit.de\/joerglau\/#\/schema\/person\/55f0be9bfac24815791fbc852b042f57\",\"name\":\"J\u00f6rg Lau\",\"image\":{\"@type\":\"ImageObject\",\"inLanguage\":\"de\",\"@id\":\"https:\/\/blog.zeit.de\/joerglau\/#\/schema\/person\/image\/\",\"url\":\"https:\/\/secure.gravatar.com\/avatar\/a5fe39bf4f5335b8bac36eefa0b41467221b1598bfea5f05159a0199e391eed0?s=96&d=mm&r=g\",\"contentUrl\":\"https:\/\/secure.gravatar.com\/avatar\/a5fe39bf4f5335b8bac36eefa0b41467221b1598bfea5f05159a0199e391eed0?s=96&d=mm&r=g\",\"caption\":\"J\u00f6rg Lau\"},\"url\":\"https:\/\/blog.zeit.de\/joerglau\/author\/joerg-lau\"}]}<\/script>\n<!-- \/ Yoast SEO plugin. -->","yoast_head_json":{"title":"Saudischer Journalist: Bin Laden soll \u00fcber seine eigenen Verbrechen Rechenschaft geben - J\u00f6rg Lau","robots":{"index":"index","follow":"follow","max-snippet":"max-snippet:-1","max-image-preview":"max-image-preview:large","max-video-preview":"max-video-preview:-1"},"canonical":"https:\/\/blog.zeit.de\/joerglau\/2007\/09\/14\/saudischer-journalist-bin-laden-soll-uber-seine-eigenen-verbrechen-rechenschaft-geben_751","og_locale":"de_DE","og_type":"article","og_title":"Saudischer Journalist: Bin Laden soll \u00fcber seine eigenen Verbrechen Rechenschaft geben - J\u00f6rg Lau","og_description":"Der Meinungsredakteur der arabischen Tageszeitung Asharq Alawsat l\u00e4sst seine Wut \u00fcber Bin Ladens neue Rede und \u00fcber die klammheimlichen Unterst\u00fctzer des Terrorpropheten freien Lauf. Bin Laden hat die Amerikaner in seiner Rede des Massenmordes im Irak angeklagt. Mshari Al-Zaydi kontert: We want the leader of Al Qaeda and his supporters &#8211; and there are many [&hellip;]","og_url":"https:\/\/blog.zeit.de\/joerglau\/2007\/09\/14\/saudischer-journalist-bin-laden-soll-uber-seine-eigenen-verbrechen-rechenschaft-geben_751","og_site_name":"J\u00f6rg Lau","article_published_time":"2007-09-14T08:59:10+00:00","og_image":[{"url":"https:\/\/blog.zeit.de\/joerglau\/files\/2007\/09\/mashari.gif"}],"author":"J\u00f6rg Lau","twitter_card":"summary_large_image","twitter_misc":{"Geschrieben von":"J\u00f6rg Lau","Gesch\u00e4tzte Lesezeit":"2\u00a0Minuten"},"schema":{"@context":"https:\/\/schema.org","@graph":[{"@type":"WebPage","@id":"https:\/\/blog.zeit.de\/joerglau\/2007\/09\/14\/saudischer-journalist-bin-laden-soll-uber-seine-eigenen-verbrechen-rechenschaft-geben_751","url":"https:\/\/blog.zeit.de\/joerglau\/2007\/09\/14\/saudischer-journalist-bin-laden-soll-uber-seine-eigenen-verbrechen-rechenschaft-geben_751","name":"Saudischer Journalist: Bin Laden soll \u00fcber seine eigenen Verbrechen Rechenschaft geben - J\u00f6rg Lau","isPartOf":{"@id":"https:\/\/blog.zeit.de\/joerglau\/#website"},"datePublished":"2007-09-14T08:59:10+00:00","dateModified":"2007-09-14T08:59:10+00:00","author":{"@id":"https:\/\/blog.zeit.de\/joerglau\/#\/schema\/person\/55f0be9bfac24815791fbc852b042f57"},"breadcrumb":{"@id":"https:\/\/blog.zeit.de\/joerglau\/2007\/09\/14\/saudischer-journalist-bin-laden-soll-uber-seine-eigenen-verbrechen-rechenschaft-geben_751#breadcrumb"},"inLanguage":"de","potentialAction":[{"@type":"ReadAction","target":["https:\/\/blog.zeit.de\/joerglau\/2007\/09\/14\/saudischer-journalist-bin-laden-soll-uber-seine-eigenen-verbrechen-rechenschaft-geben_751"]}]},{"@type":"BreadcrumbList","@id":"https:\/\/blog.zeit.de\/joerglau\/2007\/09\/14\/saudischer-journalist-bin-laden-soll-uber-seine-eigenen-verbrechen-rechenschaft-geben_751#breadcrumb","itemListElement":[{"@type":"ListItem","position":1,"name":"Startseite","item":"https:\/\/blog.zeit.de\/joerglau"},{"@type":"ListItem","position":2,"name":"Saudischer Journalist: Bin Laden soll \u00fcber seine eigenen Verbrechen Rechenschaft geben"}]},{"@type":"WebSite","@id":"https:\/\/blog.zeit.de\/joerglau\/#website","url":"https:\/\/blog.zeit.de\/joerglau\/","name":"J\u00f6rg Lau","description":"Ein Blog \u00fcber Religion und Politik","potentialAction":[{"@type":"SearchAction","target":{"@type":"EntryPoint","urlTemplate":"https:\/\/blog.zeit.de\/joerglau\/?s={search_term_string}"},"query-input":"required name=search_term_string"}],"inLanguage":"de"},{"@type":"Person","@id":"https:\/\/blog.zeit.de\/joerglau\/#\/schema\/person\/55f0be9bfac24815791fbc852b042f57","name":"J\u00f6rg Lau","image":{"@type":"ImageObject","inLanguage":"de","@id":"https:\/\/blog.zeit.de\/joerglau\/#\/schema\/person\/image\/","url":"https:\/\/secure.gravatar.com\/avatar\/a5fe39bf4f5335b8bac36eefa0b41467221b1598bfea5f05159a0199e391eed0?s=96&d=mm&r=g","contentUrl":"https:\/\/secure.gravatar.com\/avatar\/a5fe39bf4f5335b8bac36eefa0b41467221b1598bfea5f05159a0199e391eed0?s=96&d=mm&r=g","caption":"J\u00f6rg Lau"},"url":"https:\/\/blog.zeit.de\/joerglau\/author\/joerg-lau"}]}},"jetpack_featured_media_url":"","jetpack_sharing_enabled":true,"jetpack_shortlink":"https:\/\/wp.me\/pG02W-c7","_links":{"self":[{"href":"https:\/\/blog.zeit.de\/joerglau\/wp-json\/wp\/v2\/posts\/751","targetHints":{"allow":["GET"]}}],"collection":[{"href":"https:\/\/blog.zeit.de\/joerglau\/wp-json\/wp\/v2\/posts"}],"about":[{"href":"https:\/\/blog.zeit.de\/joerglau\/wp-json\/wp\/v2\/types\/post"}],"author":[{"embeddable":true,"href":"https:\/\/blog.zeit.de\/joerglau\/wp-json\/wp\/v2\/users\/54"}],"replies":[{"embeddable":true,"href":"https:\/\/blog.zeit.de\/joerglau\/wp-json\/wp\/v2\/comments?post=751"}],"version-history":[{"count":0,"href":"https:\/\/blog.zeit.de\/joerglau\/wp-json\/wp\/v2\/posts\/751\/revisions"}],"wp:attachment":[{"href":"https:\/\/blog.zeit.de\/joerglau\/wp-json\/wp\/v2\/media?parent=751"}],"wp:term":[{"taxonomy":"category","embeddable":true,"href":"https:\/\/blog.zeit.de\/joerglau\/wp-json\/wp\/v2\/categories?post=751"},{"taxonomy":"post_tag","embeddable":true,"href":"https:\/\/blog.zeit.de\/joerglau\/wp-json\/wp\/v2\/tags?post=751"}],"curies":[{"name":"wp","href":"https:\/\/api.w.org\/{rel}","templated":true}]}}